{"id":14643,"date":"2021-12-08T22:01:00","date_gmt":"2021-12-08T21:01:00","guid":{"rendered":"https:\/\/wncri.org\/fr\/?p=14643"},"modified":"2021-12-09T22:03:19","modified_gmt":"2021-12-09T21:03:19","slug":"une-militante-syndicale-est-convoquee-pour-purger-sa-peine-en-prison","status":"publish","type":"post","link":"https:\/\/wncri.org\/fr\/2021\/12\/08\/une-militante-syndicale-est-convoquee-pour-purger-sa-peine-en-prison\/","title":{"rendered":"Une militante syndicale est convoqu\u00e9e pour purger sa peine en prison."},"content":{"rendered":"\n<p>CNRI Femmes &#8211; Le Bureau d&#8217;ex\u00e9cution des peines du 33e district du Tribunal public et r\u00e9volutionnaire de T\u00e9h\u00e9ran a convoqu\u00e9 Mme Parvine Mohammadi, une militante syndicale, pour qu&#8217;elle se pr\u00e9sente et purge sa peine d&#8217;un an de prison.<\/p>\n\n\n\n<p>Le Syndicat libre des travailleurs iraniens a annonc\u00e9 la nouvelle le 7 d\u00e9cembre 2021.<\/p>\n\n\n\n<p>Mme Mohammadi est tenue de se pr\u00e9senter \u00e0 cette section dans les cinq jours pour purger sa peine.<\/p>\n\n\n\n<p><a href=\"https:\/\/ipa.united4iran.org\/en\/prisoner\/4772\/\" target=\"_blank\" rel=\"noreferrer noopener\">Parvine Mohammadi,<\/a> une militante syndicale, est accus\u00e9e de diffuser de la &#8220;propagande contre l&#8217;\u00c9tat&#8221; pour avoir parl\u00e9 de revendications \u00e0 un rassemblement de retrait\u00e9s et avoir donn\u00e9 une interview sur l&#8217;incendie du b\u00e2timent Plasco.<\/p>\n\n\n\n<p>Parvine Mohammadi a d\u00e9j\u00e0 \u00e9t\u00e9 arr\u00eat\u00e9e et condamn\u00e9e pour ses activit\u00e9s pacifiques de d\u00e9fense des droits des travailleurs.<\/p>\n\n\n\n<p>Parvine Mohammadi, la vice-pr\u00e9sidente du Syndicat libre des travailleurs iraniens, a \u00e9t\u00e9 <a href=\"https:\/\/wncri.org\/fr\/2019\/01\/30\/arrestation-de-parvine-mohammadi-de-la-direction-du-syndicat-libre-des-travailleurs-d-iran\/\" target=\"_blank\" rel=\"noreferrer noopener\">arr\u00eat\u00e9e<\/a> le 29 janvier 2019 et emprisonn\u00e9e \u00e0 la prison d&#8217;Evine jusqu&#8217;en mars, date \u00e0 laquelle elle a \u00e9t\u00e9 lib\u00e9r\u00e9e sous caution.<\/p>\n\n\n\n<p>Elle a \u00e9t\u00e9 de nouveau arr\u00eat\u00e9e par les forces de <a href=\"https:\/\/wncri.org\/fr\/2019\/06\/12\/des-militantes-syndicales-toujours-en-prison-depuis-40-jours-en-iran\/\" target=\"_blank\" rel=\"noreferrer noopener\">s\u00e9curit\u00e9 lors d&#8217;une c\u00e9r\u00e9monie \u00e0 l&#8217;occasion de la Journ\u00e9e internationale du travail<\/a> qui s&#8217;est tenue dans le parc Jahan Nama situ\u00e9 sur l&#8217;autoroute T\u00e9h\u00e9ran-Karaj le 26 avril 2019, et condamn\u00e9e \u00e0 un an de prison pour &#8220;propagande contre l&#8217;\u00c9tat.&#8221; Le 7 d\u00e9cembre 2019, elle a \u00e9t\u00e9 emmen\u00e9e \u00e0 la <a href=\"https:\/\/wncri.org\/fr\/2019\/12\/17\/la-syndicaliste-parvine-mohammadi-en-danger-dans-une-prison-en-iran\/\" target=\"_blank\" rel=\"noreferrer noopener\">prison de Kachoui \u00e0 Karadj<\/a> pour purger sa peine parmi les prisonniers de droit commun. Elle a \u00e9t\u00e9 lib\u00e9r\u00e9e en avril 2020.<\/p>\n\n\n\n<p>Mme Mohammadi a publi\u00e9 plusieurs lettres ouvertes d\u00e9non\u00e7ant les politiques du r\u00e9gime iranien contre les int\u00e9r\u00eats des travailleurs iraniens.<\/p>\n\n\n\n<p>Dans une <a href=\"https:\/\/wncri.org\/fr\/2018\/12\/23\/une-representante-des-travailleurs-denonce-le-pouvoir-en-place-pour-les-arrestations-des-siderurgistes\/\" target=\"_blank\" rel=\"noreferrer noopener\">lettre ouverte<\/a> de janvier 2019, elle a \u00e9crit : &#8221; Honte aux dirigeants qui ont r\u00e9pondu par des arrestations et des emprisonnements aux 38 jours de cris des travailleurs de l&#8217;acier d&#8217;Ahwaz qui r\u00e9clamaient leurs droits. Ces travailleurs ont cri\u00e9 leur douleur tous les jours dans les rues. Leur gorge est devenue si douloureuse qu&#8217;ils ont pleur\u00e9 pour leurs droits.&#8221;<\/p>\n","protected":false},"excerpt":{"rendered":"<p>CNRI Femmes &#8211; Le Bureau d&#8217;ex\u00e9cution des peines du 33e district du Tribunal public et r\u00e9volutionnaire de T\u00e9h\u00e9ran a convoqu\u00e9 Mme Parvine Mohammadi, une militante syndicale, pour qu&#8217;elle se pr\u00e9sente et purge sa peine d&#8217;un an de prison. Le Syndicat libre des travailleurs iraniens a annonc\u00e9 la nouvelle le 7 d\u00e9cembre 2021. Mme Mohammadi est [&hellip;]<\/p>\n","protected":false},"author":4,"featured_media":14640,"comment_status":"closed","ping_status":"closed","sticky":false,"template":"","format":"standard","meta":{"jnews-multi-image_gallery":[],"jnews_single_post":{"subtitle":"","format":"standard","video":"","gallery":"","source_name":"","source_url":"","via_name":"","via_url":"","override_template":"0","override":[{"template":"1","single_blog_custom":"","parallax":"1","fullscreen":"1","layout":"right-sidebar","sidebar":"default-sidebar","second_sidebar":"default-sidebar","sticky_sidebar":"1","share_position":"top","share_float_style":"share-monocrhome","show_share_counter":"1","show_view_counter":"1","show_featured":"1","show_post_meta":"1","show_post_author":"1","show_post_author_image":"1","show_post_date":"1","post_date_format":"default","post_date_format_custom":"Y\/m\/d","show_post_category":"1","show_post_reading_time":"0","post_reading_time_wpm":"300","show_zoom_button":"0","zoom_button_out_step":"2","zoom_button_in_step":"3","show_post_tag":"1","show_prev_next_post":"1","show_popup_post":"1","number_popup_post":"1","show_author_box":"0","show_post_related":"0","show_inline_post_related":"0"}],"override_image_size":"0","image_override":[{"single_post_thumbnail_size":"crop-500","single_post_gallery_size":"crop-500"}],"trending_post":"0","trending_post_position":"meta","trending_post_label":"Trending","sponsored_post":"0","sponsored_post_label":"Sponsored by","sponsored_post_name":"","sponsored_post_url":"","sponsored_post_logo_enable":"0","sponsored_post_logo":"","sponsored_post_desc":"","disable_ad":"0"},"jnews_primary_category":{"id":""},"jnews_social_meta":[],"jnews_override_counter":{"override_view_counter":"0","view_counter_number":"0","override_share_counter":"0","share_counter_number":"0","override_like_counter":"0","like_counter_number":"0","override_dislike_counter":"0","dislike_counter_number":"0"},"footnotes":""},"categories":[3],"tags":[370,376],"class_list":["post-14643","post","type-post","status-publish","format-standard","has-post-thumbnail","hentry","category-infos-des-femmes","tag-prisonnieres","tag-violence-contre-les-femmes"],"_links":{"self":[{"href":"https:\/\/wncri.org\/fr\/wp-json\/wp\/v2\/posts\/14643","targetHints":{"allow":["GET"]}}],"collection":[{"href":"https:\/\/wncri.org\/fr\/wp-json\/wp\/v2\/posts"}],"about":[{"href":"https:\/\/wncri.org\/fr\/wp-json\/wp\/v2\/types\/post"}],"author":[{"embeddable":true,"href":"https:\/\/wncri.org\/fr\/wp-json\/wp\/v2\/users\/4"}],"replies":[{"embeddable":true,"href":"https:\/\/wncri.org\/fr\/wp-json\/wp\/v2\/comments?post=14643"}],"version-history":[{"count":0,"href":"https:\/\/wncri.org\/fr\/wp-json\/wp\/v2\/posts\/14643\/revisions"}],"wp:featuredmedia":[{"embeddable":true,"href":"https:\/\/wncri.org\/fr\/wp-json\/wp\/v2\/media\/14640"}],"wp:attachment":[{"href":"https:\/\/wncri.org\/fr\/wp-json\/wp\/v2\/media?parent=14643"}],"wp:term":[{"taxonomy":"category","embeddable":true,"href":"https:\/\/wncri.org\/fr\/wp-json\/wp\/v2\/categories?post=14643"},{"taxonomy":"post_tag","embeddable":true,"href":"https:\/\/wncri.org\/fr\/wp-json\/wp\/v2\/tags?post=14643"}],"curies":[{"name":"wp","href":"https:\/\/api.w.org\/{rel}","templated":true}]}}