{"id":14639,"date":"2021-12-06T21:58:00","date_gmt":"2021-12-06T20:58:00","guid":{"rendered":"https:\/\/wncri.org\/fr\/?p=14639"},"modified":"2021-12-09T22:00:30","modified_gmt":"2021-12-09T21:00:30","slug":"la-cour-dappel-de-teheran-condamne-une-militante-etudiante-a-cinq-ans-de-prison","status":"publish","type":"post","link":"https:\/\/wncri.org\/fr\/2021\/12\/06\/la-cour-dappel-de-teheran-condamne-une-militante-etudiante-a-cinq-ans-de-prison\/","title":{"rendered":"La cour d\u2019appel de T\u00e9h\u00e9ran condamne une militante \u00e9tudiante \u00e0 cinq ans de prison"},"content":{"rendered":"\n<p>CNRI Femmes &#8211; La 36e branche de la Cour de r\u00e9vision de la province de T\u00e9h\u00e9ran a confirm\u00e9 la condamnation \u00e0 cinq ans de prison d&#8217;une militante \u00e9tudiante et ancienne prisonni\u00e8re politique, Leila Hosseinzadeh.<\/p>\n\n\n\n<p>La 28e chambre du tribunal r\u00e9volutionnaire de T\u00e9h\u00e9ran avait auparavant condamn\u00e9 Leila Hosseinzadeh \u00e0 <a href=\"https:\/\/wncri.org\/2021\/02\/23\/student-activist-leila-hosseinzadeh\/\" target=\"_blank\" rel=\"noreferrer noopener\">cinq ans de prison<\/a>. Le tribunal lui a en outre interdit toute activit\u00e9 sur les m\u00e9dias sociaux pendant deux ans.<\/p>\n\n\n\n<p>Amir Raisian, l&#8217;avocat de cette militante \u00e9tudiante, a \u00e9crit sur son compte Twitter que son verdict \u00e9tait contraire aux articles de la loi sur les sanctions du r\u00e9gime cl\u00e9rical.<\/p>\n\n\n\n<p>Leila Hosseinzadeh avait organis\u00e9 un petit rassemblement d&#8217;\u00e9tudiants devant l&#8217;universit\u00e9 de technologie Sharif de T\u00e9h\u00e9ran pour c\u00e9l\u00e9brer l&#8217;anniversaire de Mohammad Sharifi Moghaddam, un \u00e9tudiant derviche emprisonn\u00e9. Elle a \u00e9t\u00e9 inculp\u00e9e de &#8221; rassemblement et de conspiration contre la s\u00e9curit\u00e9 nationale &#8221; pour avoir organis\u00e9 cette c\u00e9l\u00e9bration et y avoir chant\u00e9.<\/p>\n\n\n\n<p>Leila Hosseinzadeh a \u00e9t\u00e9 mise en examen pour ces accusations en septembre 2019 dans la 2e branche d&#8217;inspection du tribunal d&#8217;Evine qui si\u00e8ge dans la sinistre prison.<\/p>\n\n\n\n<p>Leila Hosseinzadeh, 30 ans, a \u00e9t\u00e9 arr\u00eat\u00e9e lors des manifestations de janvier 2018. Elle a \u00e9t\u00e9 lib\u00e9r\u00e9e sous caution au bout de 16 jours. La 26e branche du tribunal r\u00e9volutionnaire de T\u00e9h\u00e9ran l&#8217;a <a href=\"https:\/\/wncri.org\/fr\/2018\/03\/10\/iran-l-etudiante-leila-hosseinzadeh-condamnee-a-six-ans-de-prison\/\" target=\"_blank\" rel=\"noreferrer noopener\">condamn\u00e9e \u00e0 6 ans de prison<\/a> et lui a interdit de voyager \u00e0 l&#8217;\u00e9tranger pour &#8220;rassemblement et conspiration contre la s\u00e9curit\u00e9 nationale&#8221; et &#8220;propagande contre l&#8217;\u00c9tat.&#8221;<\/p>\n\n\n\n<p>La 36e branche du tribunal de r\u00e9vision de la province de T\u00e9h\u00e9ran a commu\u00e9 la peine en <a href=\"https:\/\/wncri.org\/fr\/2019\/06\/25\/leila-hosseinzadeh-etudiante-a-luniversite-de-teheran-condamnee-a-35-ans-de-prison\/\" target=\"_blank\" rel=\"noreferrer noopener\">3 ans et six mois de prison<\/a> et une interdiction de voyager de deux ans le 24 juin 2019.<\/p>\n\n\n\n<p>Sur cette peine, seuls 2 ans et demi ont \u00e9t\u00e9 appliqu\u00e9s sur la base de la loi sur les sanctions du r\u00e9gime cl\u00e9rical.<\/p>\n\n\n\n<p>Une fois de plus, les forces de s\u00e9curit\u00e9 ont arr\u00eat\u00e9 Leila Hosseinzadeh \u00e0 son domicile le 28 juillet 2019. Ils l&#8217;ont d\u00e9tenue dans une maison s\u00e9curis\u00e9e des services de renseignement des gardiens de la r\u00e9volution pendant dix jours. Par la suite, ils l&#8217;ont emmen\u00e9e dans le <a href=\"https:\/\/wncri.org\/fr\/2019\/07\/29\/leila-hosseinzadeh-militante-etudiante-a-teheran-emprisonnee-en-iran\/\" target=\"_blank\" rel=\"noreferrer noopener\">quartier des femmes de la prison d&#8217;Evin<\/a>e pour y purger sa peine de deux ans et demi.<\/p>\n\n\n\n<p>La militante \u00e9tudiante Leila Hosseinzadeh a b\u00e9n\u00e9fici\u00e9 d&#8217;un cong\u00e9 m\u00e9dical le 11 mars 2021, et a \u00e9t\u00e9 finalement lib\u00e9r\u00e9e pour ne pas pouvoir supporter physiquement la d\u00e9tention.<\/p>\n","protected":false},"excerpt":{"rendered":"<p>CNRI Femmes &#8211; La 36e branche de la Cour de r\u00e9vision de la province de T\u00e9h\u00e9ran a confirm\u00e9 la condamnation \u00e0 cinq ans de prison d&#8217;une militante \u00e9tudiante et ancienne prisonni\u00e8re politique, Leila Hosseinzadeh. La 28e chambre du tribunal r\u00e9volutionnaire de T\u00e9h\u00e9ran avait auparavant condamn\u00e9 Leila Hosseinzadeh \u00e0 cinq ans de prison. Le tribunal lui [&hellip;]<\/p>\n","protected":false},"author":4,"featured_media":14641,"comment_status":"closed","ping_status":"closed","sticky":false,"template":"","format":"standard","meta":{"jnews-multi-image_gallery":[],"jnews_single_post":{"subtitle":"","format":"standard","video":"","gallery":"","source_name":"","source_url":"","via_name":"","via_url":"","override_template":"0","override":[{"template":"1","single_blog_custom":"","parallax":"1","fullscreen":"1","layout":"right-sidebar","sidebar":"default-sidebar","second_sidebar":"default-sidebar","sticky_sidebar":"1","share_position":"top","share_float_style":"share-monocrhome","show_share_counter":"1","show_view_counter":"1","show_featured":"1","show_post_meta":"1","show_post_author":"1","show_post_author_image":"1","show_post_date":"1","post_date_format":"default","post_date_format_custom":"Y\/m\/d","show_post_category":"1","show_post_reading_time":"0","post_reading_time_wpm":"300","show_zoom_button":"0","zoom_button_out_step":"2","zoom_button_in_step":"3","show_post_tag":"1","show_prev_next_post":"1","show_popup_post":"1","number_popup_post":"1","show_author_box":"0","show_post_related":"0","show_inline_post_related":"0"}],"override_image_size":"0","image_override":[{"single_post_thumbnail_size":"crop-500","single_post_gallery_size":"crop-500"}],"trending_post":"0","trending_post_position":"meta","trending_post_label":"Trending","sponsored_post":"0","sponsored_post_label":"Sponsored by","sponsored_post_name":"","sponsored_post_url":"","sponsored_post_logo_enable":"0","sponsored_post_logo":"","sponsored_post_desc":"","disable_ad":"0"},"jnews_primary_category":{"id":""},"jnews_social_meta":[],"jnews_override_counter":{"override_view_counter":"0","view_counter_number":"0","override_share_counter":"0","share_counter_number":"0","override_like_counter":"0","like_counter_number":"0","override_dislike_counter":"0","dislike_counter_number":"0"},"footnotes":""},"categories":[3],"tags":[370,376],"class_list":["post-14639","post","type-post","status-publish","format-standard","has-post-thumbnail","hentry","category-infos-des-femmes","tag-prisonnieres","tag-violence-contre-les-femmes"],"_links":{"self":[{"href":"https:\/\/wncri.org\/fr\/wp-json\/wp\/v2\/posts\/14639","targetHints":{"allow":["GET"]}}],"collection":[{"href":"https:\/\/wncri.org\/fr\/wp-json\/wp\/v2\/posts"}],"about":[{"href":"https:\/\/wncri.org\/fr\/wp-json\/wp\/v2\/types\/post"}],"author":[{"embeddable":true,"href":"https:\/\/wncri.org\/fr\/wp-json\/wp\/v2\/users\/4"}],"replies":[{"embeddable":true,"href":"https:\/\/wncri.org\/fr\/wp-json\/wp\/v2\/comments?post=14639"}],"version-history":[{"count":0,"href":"https:\/\/wncri.org\/fr\/wp-json\/wp\/v2\/posts\/14639\/revisions"}],"wp:featuredmedia":[{"embeddable":true,"href":"https:\/\/wncri.org\/fr\/wp-json\/wp\/v2\/media\/14641"}],"wp:attachment":[{"href":"https:\/\/wncri.org\/fr\/wp-json\/wp\/v2\/media?parent=14639"}],"wp:term":[{"taxonomy":"category","embeddable":true,"href":"https:\/\/wncri.org\/fr\/wp-json\/wp\/v2\/categories?post=14639"},{"taxonomy":"post_tag","embeddable":true,"href":"https:\/\/wncri.org\/fr\/wp-json\/wp\/v2\/tags?post=14639"}],"curies":[{"name":"wp","href":"https:\/\/api.w.org\/{rel}","templated":true}]}}