{"id":14489,"date":"2021-11-18T10:45:00","date_gmt":"2021-11-18T09:45:00","guid":{"rendered":"https:\/\/wncri.org\/fr\/?p=14489"},"modified":"2021-11-20T10:55:58","modified_gmt":"2021-11-20T09:55:58","slug":"refus-de-traitement-medical-pour-torturer-zahra-safai-dans-la-prison-de-qarchak","status":"publish","type":"post","link":"https:\/\/wncri.org\/fr\/2021\/11\/18\/refus-de-traitement-medical-pour-torturer-zahra-safai-dans-la-prison-de-qarchak\/","title":{"rendered":"Refus de traitement m\u00e9dical pour torturer Zahra Safai dans la prison de Qarchak"},"content":{"rendered":"\n<p><strong><strong><strong>Refus de traitement m\u00e9dical pour <\/strong>torturer Zahra Safai<strong> dans la prison de Qarchak<\/strong><\/strong><\/strong><\/p>\n\n\n\n<p>Les autorit\u00e9s de la prison de Qarchak refusent de fournir un traitement m\u00e9dical pour torturer Zahra Safa\u2019i. La prisonni\u00e8re politique Zahra Safa\u2019i souffre d&#8217;un mal de dents alors qu&#8217;elle est d\u00e9tenue dans la sinistre <a href=\"https:\/\/wncri.org\/fr\/2020\/04\/20\/regard-sur-la-situation-tragique-a-la-prison-pour-femmes-de-qarchak-en-iran\/\" target=\"_blank\" rel=\"noreferrer noopener\">prison de Qarchak<\/a>. Les autorit\u00e9s p\u00e9nitentiaires ont rejet\u00e9 sa demande de visite chez un dentiste \u00e0 l&#8217;ext\u00e9rieur de la prison, \u00e0 ses propres frais. La clinique de la prison ne lui a fourni aucun traitement m\u00e9dical.<\/p>\n\n\n\n<p>Mme Safa\u2019i avait d\u00e9j\u00e0 subi une attaque cardiaque. Elle a subi une op\u00e9ration du c\u0153ur apr\u00e8s de nombreuses entraves de la part des autorit\u00e9s de la prison de Qarchak. Son mauvais \u00e9tat de sant\u00e9 la rend incapable de supporter l&#8217;emprisonnement. Cependant, la directrice de la prison de Qarchak, Soghra Khodadadi, l&#8217;a priv\u00e9e de traitement m\u00e9dical pour doubler la pression sur elle.<\/p>\n\n\n\n<p>Le 24 ao\u00fbt, des d\u00e9tenus ont emmen\u00e9 Zahra Safa\u2019i au centre de sant\u00e9 dans un \u00e9tat critique. Mais les responsables de la clinique ont dit qu&#8217;il n&#8217;y avait aucun probl\u00e8me. Ils lui ont donn\u00e9 des analg\u00e9siques et l&#8217;ont renvoy\u00e9e dans sa cellule.<\/p>\n\n\n\n<p>Le 27 ao\u00fbt, alors qu&#8217;un cardiologue se trouvait par hasard en prison, il a fait passer un \u00e9lectrocardiogramme \u00e0 Zahra Safa\u2019i et a diagnostiqu\u00e9 <a href=\"https:\/\/wncri.org\/fr\/2021\/11\/07\/la-vie-de-deux-prisonnieres-cardiaques-de-lompi-est-en-danger\/\" target=\"_blank\" rel=\"noreferrer noopener\">une crise cardiaque<\/a>. Il a d\u00e9clar\u00e9 qu&#8217;elle devait \u00eatre transf\u00e9r\u00e9e \u00e0 l&#8217;h\u00f4pital imm\u00e9diatement. N\u00e9anmoins, il a fallu quatre jours aux autorit\u00e9s de Qarchak pour l&#8217;envoyer \u00e0 l&#8217;h\u00f4pital.<\/p>\n\n\n\n<p>Mme Safa\u2019i a \u00e9t\u00e9 <a href=\"https:\/\/wncri.org\/fr\/2021\/09\/02\/transfert-durgence-de-la-prisonniere-politique-zahra-safai-a-lhopital\/\" target=\"_blank\" rel=\"noreferrer noopener\">transf\u00e9r\u00e9e \u00e0 l&#8217;h\u00f4pital<\/a> le 31 ao\u00fbt 2021. \u00c0 l&#8217;h\u00f4pital, elle avait les mains et les pieds encha\u00een\u00e9s au lit. Elle a donc refus\u00e9 de rester \u00e0 l&#8217;h\u00f4pital et a \u00e9t\u00e9 envoy\u00e9e en prison sans traitement.<\/p>\n\n\n\n<p>Les forces de s\u00e9curit\u00e9 ont arr\u00eat\u00e9 Zahra Safa\u2019i \u00e0 T\u00e9h\u00e9ran le 24 f\u00e9vrier 2020. Elles ont \u00e9galement arr\u00eat\u00e9 sa fille, <a href=\"https:\/\/wncri.org\/fr\/2020\/12\/09\/persecution-des-defenseurs-des-droits-humains-et-execution-de-femmes-en-iran\/\" target=\"_blank\" rel=\"noreferrer noopener\">Parastou Mo&#8217;ini<\/a>. Elles ont ensuite \u00e9t\u00e9 transf\u00e9r\u00e9es au centre de d\u00e9tention du minist\u00e8re du Renseignement (quartier 209 de la prison d&#8217;Evine). Zahra Safa\u2019i et Parastou Mo&#8217;ini ont \u00e9t\u00e9 transf\u00e9r\u00e9es \u00e0 <a href=\"https:\/\/iran-hrm.com\/2019\/06\/08\/qarchak-prison-irans-worst-for-women\/\" target=\"_blank\" rel=\"noreferrer noopener\">la prison de Qarchak<\/a> au d\u00e9but du mois de mars 2020.<\/p>\n\n\n\n<p>Le 28 juin 2020, Zahra Safa\u2019i a \u00e9t\u00e9 temporairement lib\u00e9r\u00e9e de <a href=\"https:\/\/wncri.org\/fr\/2020\/04\/23\/des-detenues-politiques-envoyees-a-la-prison-de-qarchak-en-pleine-crise-de-coronavirus\/\" target=\"_blank\" rel=\"noreferrer noopener\">la prison de Qarchak<\/a>, jusqu&#8217;\u00e0 la fin de son proc\u00e8s, moyennant une caution de 300 millions de tomans. Mais elle a \u00e9t\u00e9 arr\u00eat\u00e9e de nouveau le 26 juillet 2020, lorsqu&#8217;elle s&#8217;est rendue au bureau du procureur de la prison d&#8217;Evine pour examiner son cas et celui de sa fille. Le 27 juillet 2020, elle a \u00e9t\u00e9 transf\u00e9r\u00e9e \u00e0 la <a href=\"https:\/\/wncri.org\/fr\/2020\/04\/20\/regard-sur-la-situation-tragique-a-la-prison-pour-femmes-de-qarchak-en-iran\/\" target=\"_blank\" rel=\"noreferrer noopener\">prison de Qarchak.<\/a><\/p>\n\n\n\n<p>La prisonni\u00e8re politique Zahra Safa\u2019i, 58 ans, a subi un accident cardiaque le 27 octobre 2020, apr\u00e8s avoir \u00e9t\u00e9 harcel\u00e9e et intimid\u00e9e par les autorit\u00e9s p\u00e9nitentiaires.<\/p>\n\n\n\n<p>La vie des prisonni\u00e8res politiques de la prison de Qarchak <a href=\"https:\/\/wncri.org\/fr\/2021\/08\/06\/quatre-prisonnieres-politiques-de-la-prison-de-qarchak-menacees-de-mort\/\" target=\"_blank\" rel=\"noreferrer noopener\">est en danger<\/a>.<\/p>\n","protected":false},"excerpt":{"rendered":"<p>Refus de traitement m\u00e9dical pour torturer Zahra Safai dans la prison de Qarchak Les autorit\u00e9s de la prison de Qarchak refusent de fournir un traitement m\u00e9dical pour torturer Zahra Safa\u2019i. La prisonni\u00e8re politique Zahra Safa\u2019i souffre d&#8217;un mal de dents alors qu&#8217;elle est d\u00e9tenue dans la sinistre prison de Qarchak. Les autorit\u00e9s p\u00e9nitentiaires ont rejet\u00e9 [&hellip;]<\/p>\n","protected":false},"author":4,"featured_media":14490,"comment_status":"closed","ping_status":"closed","sticky":false,"template":"","format":"standard","meta":{"jnews-multi-image_gallery":[],"jnews_single_post":{"subtitle":"","format":"standard","video":"","gallery":"","source_name":"","source_url":"","via_name":"","via_url":"","override":[{"template":"1","single_blog_custom":"","parallax":"1","fullscreen":"1","layout":"right-sidebar","sidebar":"default-sidebar","second_sidebar":"default-sidebar","sticky_sidebar":"1","share_position":"top","share_float_style":"share-monocrhome","show_share_counter":"1","show_view_counter":"1","show_featured":"1","show_post_meta":"1","show_post_author":"1","show_post_author_image":"1","show_post_date":"1","post_date_format":"default","post_date_format_custom":"Y\/m\/d","show_post_category":"1","post_reading_time_wpm":"300","zoom_button_out_step":"2","zoom_button_in_step":"3","show_post_tag":"1","show_prev_next_post":"1","show_popup_post":"1","number_popup_post":"1"}],"image_override":[{"single_post_thumbnail_size":"crop-500","single_post_gallery_size":"crop-500"}],"trending_post_position":"meta","trending_post_label":"Trending","sponsored_post_label":"Sponsored by","sponsored_post_name":"","sponsored_post_url":"","sponsored_post_logo":"","sponsored_post_desc":""},"jnews_primary_category":{"id":""},"jnews_social_meta":[],"jnews_override_counter":{"view_counter_number":"0","share_counter_number":"0","like_counter_number":"0","dislike_counter_number":"0"},"footnotes":""},"categories":[3],"tags":[370,376],"class_list":["post-14489","post","type-post","status-publish","format-standard","has-post-thumbnail","hentry","category-infos-des-femmes","tag-prisonnieres","tag-violence-contre-les-femmes"],"_links":{"self":[{"href":"https:\/\/wncri.org\/fr\/wp-json\/wp\/v2\/posts\/14489","targetHints":{"allow":["GET"]}}],"collection":[{"href":"https:\/\/wncri.org\/fr\/wp-json\/wp\/v2\/posts"}],"about":[{"href":"https:\/\/wncri.org\/fr\/wp-json\/wp\/v2\/types\/post"}],"author":[{"embeddable":true,"href":"https:\/\/wncri.org\/fr\/wp-json\/wp\/v2\/users\/4"}],"replies":[{"embeddable":true,"href":"https:\/\/wncri.org\/fr\/wp-json\/wp\/v2\/comments?post=14489"}],"version-history":[{"count":0,"href":"https:\/\/wncri.org\/fr\/wp-json\/wp\/v2\/posts\/14489\/revisions"}],"wp:featuredmedia":[{"embeddable":true,"href":"https:\/\/wncri.org\/fr\/wp-json\/wp\/v2\/media\/14490"}],"wp:attachment":[{"href":"https:\/\/wncri.org\/fr\/wp-json\/wp\/v2\/media?parent=14489"}],"wp:term":[{"taxonomy":"category","embeddable":true,"href":"https:\/\/wncri.org\/fr\/wp-json\/wp\/v2\/categories?post=14489"},{"taxonomy":"post_tag","embeddable":true,"href":"https:\/\/wncri.org\/fr\/wp-json\/wp\/v2\/tags?post=14489"}],"curies":[{"name":"wp","href":"https:\/\/api.w.org\/{rel}","templated":true}]}}