{"id":14486,"date":"2021-11-17T10:40:00","date_gmt":"2021-11-17T09:40:00","guid":{"rendered":"https:\/\/wncri.org\/fr\/?p=14486"},"modified":"2021-11-20T10:45:08","modified_gmt":"2021-11-20T09:45:08","slug":"violations-des-droits-en-iran-2","status":"publish","type":"post","link":"https:\/\/wncri.org\/fr\/2021\/11\/17\/violations-des-droits-en-iran-2\/","title":{"rendered":"La Troisi\u00e8me Commission de l&#8217;AGNU adopte une r\u00e9solution condamnant les violations des droits en Iran"},"content":{"rendered":"\n<p>La Troisi\u00e8me Commission de l&#8217;AGNU adopte une r\u00e9solution condamnant les violations des droits en Iran<\/p>\n\n\n\n<p>CNRI Femmes &#8211; La Troisi\u00e8me Commission de l&#8217;Assembl\u00e9e g\u00e9n\u00e9rale de l&#8217;ONU a adopt\u00e9, mercredi 17 novembre, une r\u00e9solution condamnant les violations flagrantes et syst\u00e9matiques des droits en Iran.<\/p>\n\n\n\n<p>Le troisi\u00e8me comit\u00e9 de l&#8217;Assembl\u00e9e g\u00e9n\u00e9rale des Nations unies a cit\u00e9 le <a href=\"https:\/\/wncri.org\/2021\/11\/03\/the-human-rights-situation-in-iran-remains-grim-unsr-javaid-rehman\/\" target=\"_blank\" rel=\"noreferrer noopener\">nombre alarmant de condamnations \u00e0 mort<\/a>, les arrestations et d\u00e9tentions arbitraires g\u00e9n\u00e9ralis\u00e9es et syst\u00e9matiques, le refus d\u00e9lib\u00e9r\u00e9 d&#8217;acc\u00e8s aux traitements et services m\u00e9dicaux pour les prisonniers, les mauvais traitements \u00e9pouvantables inflig\u00e9s aux d\u00e9tenus de la prison d&#8217;Evine, le harc\u00e8lement et l&#8217;intimidation des dissidents politiques et des d\u00e9fenseurs des droits humains, y compris leur enl\u00e8vement, leur arrestation et leur ex\u00e9cution, les arrestations et d\u00e9tentions arbitraires, la torture et les autres peines et traitements cruels, inhumains et d\u00e9gradants inflig\u00e9s aux manifestants, le recours \u00e0 la torture pour extorquer des aveux et les cas de d\u00e9c\u00e8s suspects en prison.<\/p>\n\n\n\n<p>La r\u00e9solution de l&#8217;ONU souligne l&#8217;importance d&#8217;enqu\u00eates cr\u00e9dibles, ind\u00e9pendantes et impartiales en r\u00e9ponse \u00e0 tous les cas graves de violations des droits de l&#8217;homme en Iran, y compris les disparitions forc\u00e9es, les ex\u00e9cutions extrajudiciaires et l&#8217;\u00e9limination des preuves de ces infractions, et appelle \u00e0 mettre fin \u00e0 l&#8217;impunit\u00e9 pour ces crimes.<\/p>\n\n\n\n<p>Dans son rapport \u00e0 l&#8217;Assembl\u00e9e g\u00e9n\u00e9rale des Nations unies, le Secr\u00e9taire g\u00e9n\u00e9ral des Nations unies s&#8217;est dit pr\u00e9occup\u00e9 par le fait qu'&#8221;il existe une s\u00e9rie d&#8217;efforts signal\u00e9s qui viseraient \u00e0 d\u00e9truire les preuves de l&#8217;ex\u00e9cution de dissidents politiques \u00e0 l&#8217;\u00e9poque (1988), ainsi que le harc\u00e8lement et les poursuites p\u00e9nales \u00e0 l&#8217;encontre des familles des victimes qui demandent la v\u00e9rit\u00e9 et la responsabilit\u00e9.&#8221;<\/p>\n\n\n\n<p>La r\u00e9solution ne refl\u00e8te qu&#8217;une petite partie des crimes du r\u00e9gime cl\u00e9rical au pouvoir en Iran, mais ne laisse aucun doute sur le fait que ce r\u00e9gime a toujours \u00e9t\u00e9 l&#8217;un des principaux violateurs des droits humains dans le monde.<\/p>\n\n\n\n<p>Le dossier des quatre d\u00e9cennies de crimes contre l&#8217;humanit\u00e9 et de g\u00e9nocide du r\u00e9gime cl\u00e9rical, notamment le massacre de 30 000 prisonniers politiques en 1988 et le massacre de 1 500 manifestants en 2019<a href=\"https:\/\/www.maryam-rajavi.com\/fr\/68e-resolution-de-lonu-condamnant-les-violations-des-droits-humains-en-iran\/\" target=\"_blank\" rel=\"noreferrer noopener\">, doit \u00eatre transmis au Conseil de s\u00e9curit\u00e9 de l&#8217;ONU.<\/a><\/p>\n\n\n\n<p>Les dirigeants du r\u00e9gime cl\u00e9rical, notamment Ali Khamenei, Ebrahim Ra\u00efssi et Gholam-Hossein Mohseni Eje\u2019i doivent \u00eatre poursuivis par des tribunaux internationaux. La communaut\u00e9 internationale doit rejeter ce r\u00e9gime et mettre fin \u00e0 l&#8217;impunit\u00e9 de ses dirigeants criminels.<\/p>\n","protected":false},"excerpt":{"rendered":"<p>La Troisi\u00e8me Commission de l&#8217;AGNU adopte une r\u00e9solution condamnant les violations des droits en Iran CNRI Femmes &#8211; La Troisi\u00e8me Commission de l&#8217;Assembl\u00e9e g\u00e9n\u00e9rale de l&#8217;ONU a adopt\u00e9, mercredi 17 novembre, une r\u00e9solution condamnant les violations flagrantes et syst\u00e9matiques des droits en Iran. Le troisi\u00e8me comit\u00e9 de l&#8217;Assembl\u00e9e g\u00e9n\u00e9rale des Nations unies a cit\u00e9 le [&hellip;]<\/p>\n","protected":false},"author":4,"featured_media":14487,"comment_status":"closed","ping_status":"closed","sticky":false,"template":"","format":"standard","meta":{"jnews-multi-image_gallery":[],"jnews_single_post":{"subtitle":"","format":"standard","video":"","gallery":"","source_name":"","source_url":"","via_name":"","via_url":"","override":[{"template":"1","single_blog_custom":"","parallax":"1","fullscreen":"1","layout":"right-sidebar","sidebar":"default-sidebar","second_sidebar":"default-sidebar","sticky_sidebar":"1","share_position":"top","share_float_style":"share-monocrhome","show_share_counter":"1","show_view_counter":"1","show_featured":"1","show_post_meta":"1","show_post_author":"1","show_post_author_image":"1","show_post_date":"1","post_date_format":"default","post_date_format_custom":"Y\/m\/d","show_post_category":"1","post_reading_time_wpm":"300","zoom_button_out_step":"2","zoom_button_in_step":"3","show_post_tag":"1","show_prev_next_post":"1","show_popup_post":"1","number_popup_post":"1"}],"image_override":[{"single_post_thumbnail_size":"crop-500","single_post_gallery_size":"crop-500"}],"trending_post_position":"meta","trending_post_label":"Trending","sponsored_post_label":"Sponsored by","sponsored_post_name":"","sponsored_post_url":"","sponsored_post_logo":"","sponsored_post_desc":""},"jnews_primary_category":{"id":""},"jnews_social_meta":[],"jnews_override_counter":{"view_counter_number":"0","share_counter_number":"0","like_counter_number":"0","dislike_counter_number":"0"},"footnotes":""},"categories":[3],"tags":[376],"class_list":["post-14486","post","type-post","status-publish","format-standard","has-post-thumbnail","hentry","category-infos-des-femmes","tag-violence-contre-les-femmes"],"_links":{"self":[{"href":"https:\/\/wncri.org\/fr\/wp-json\/wp\/v2\/posts\/14486","targetHints":{"allow":["GET"]}}],"collection":[{"href":"https:\/\/wncri.org\/fr\/wp-json\/wp\/v2\/posts"}],"about":[{"href":"https:\/\/wncri.org\/fr\/wp-json\/wp\/v2\/types\/post"}],"author":[{"embeddable":true,"href":"https:\/\/wncri.org\/fr\/wp-json\/wp\/v2\/users\/4"}],"replies":[{"embeddable":true,"href":"https:\/\/wncri.org\/fr\/wp-json\/wp\/v2\/comments?post=14486"}],"version-history":[{"count":0,"href":"https:\/\/wncri.org\/fr\/wp-json\/wp\/v2\/posts\/14486\/revisions"}],"wp:featuredmedia":[{"embeddable":true,"href":"https:\/\/wncri.org\/fr\/wp-json\/wp\/v2\/media\/14487"}],"wp:attachment":[{"href":"https:\/\/wncri.org\/fr\/wp-json\/wp\/v2\/media?parent=14486"}],"wp:term":[{"taxonomy":"category","embeddable":true,"href":"https:\/\/wncri.org\/fr\/wp-json\/wp\/v2\/categories?post=14486"},{"taxonomy":"post_tag","embeddable":true,"href":"https:\/\/wncri.org\/fr\/wp-json\/wp\/v2\/tags?post=14486"}],"curies":[{"name":"wp","href":"https:\/\/api.w.org\/{rel}","templated":true}]}}