{"id":14461,"date":"2021-11-13T10:16:00","date_gmt":"2021-11-13T09:16:00","guid":{"rendered":"https:\/\/wncri.org\/fr\/?p=14461"},"modified":"2021-11-18T10:49:59","modified_gmt":"2021-11-18T09:49:59","slug":"un-coup-doeil-sur-la-situation-des-prisonnieres-politiques-en-iran","status":"publish","type":"post","link":"https:\/\/wncri.org\/fr\/2021\/11\/13\/un-coup-doeil-sur-la-situation-des-prisonnieres-politiques-en-iran\/","title":{"rendered":"Un coup d&#8217;\u0153il sur la situation des prisonni\u00e8res politiques en Iran"},"content":{"rendered":"\n<p>Un coup d&#8217;\u0153il sur la situation des prisonni\u00e8res politiques en Iran<\/p>\n\n\n\n<p>CNRI Femmes \u2013 Il y a eu de nombreuses nouvelles ces derniers jours sur la situation des prisonni\u00e8res politiques en Iran. Voici un bref aper\u00e7u des conditions de d\u00e9tention d\u2019Atena Daemi, Zeinab Jalalian, Assal Mohammadi, Aliyeh Motallebzadeh et Saada Khadirzadeh.<\/p>\n\n\n\n<h3 class=\"wp-block-heading\"><strong>Atena Daemi priv\u00e9e d&#8217;appels t\u00e9l\u00e9phoniques<\/strong><\/h3>\n\n\n\n<p>La militante des droits de l&#8217;enfant Atena Daemi est priv\u00e9e d&#8217;appels t\u00e9l\u00e9phoniques depuis deux mois.<\/p>\n\n\n\n<p>Elle est actuellement bannie \u00e0 la prison de Lakan, \u00e0 Racht. Elle est priv\u00e9e du droit d&#8217;appeler bien que le Bureau de l\u2019application des peines ne l\u2019ait pas interdit.<\/p>\n\n\n\n<p>Atena Daemi a entam\u00e9 une <a href=\"https:\/\/wncri.org\/fr\/2021\/08\/12\/atena-daemi-en-greve-de-la-faim-contre-labsence-de-communication\/\" target=\"_blank\" rel=\"noreferrer noopener\">gr\u00e8ve de la faim<\/a> du 12 au 18 ao\u00fbt pour protester contre les coupures r\u00e9p\u00e9t\u00e9es des lignes t\u00e9l\u00e9phoniques de <a href=\"https:\/\/wncri.org\/fr\/2021\/03\/17\/atena-daemi-bannie-brusquement-a-la-prison-de-lakan-a-racht\/\" target=\"_blank\" rel=\"noreferrer noopener\">la prison de Lakan<\/a>. Lors de son premier appel apr\u00e8s la r\u00e9paration des lignes, elle a d\u00e9nonc\u00e9 les conditions de d\u00e9tention \u00e9pouvantables, ce qui a entrain\u00e9 la confiscation de sa carte t\u00e9l\u00e9phonique. Elle a ensuite \u00e9t\u00e9 priv\u00e9e d&#8217;appels. Depuis lors, elle n&#8217;a eu qu&#8217;une seule rencontre en cabine avec sa famille, en pr\u00e9sence d&#8217;un agent p\u00e9nitentiaire.<\/p>\n\n\n\n<h3 class=\"wp-block-heading\"><strong>Aucune nouvelle de Zeinab Jalalian<\/strong><\/h3>\n\n\n\n<p>Depuis six mois, il n&#8217;y a aucune nouvelle de la prisonni\u00e8re politique kurde Zeinab Jalalian bannie \u00e0 Yazd.<\/p>\n\n\n\n<p>Cette absence de nouvelles est une source de grave pr\u00e9occupation pour les siens. La famille Jalalian a \u00e9t\u00e9 menac\u00e9e par le minist\u00e8re du Renseignement et contrainte au silence.<\/p>\n\n\n\n<p>Zeinab Jalalian est d\u00e9tenue <a href=\"https:\/\/wncri.org\/fr\/2020\/11\/30\/zeinab-jalalian-sous-pression\/\" target=\"_blank\" rel=\"noreferrer noopener\">dans des conditions difficiles<\/a> \u00e0 la prison de Yazd. Condamn\u00e9e \u00e0 perp\u00e9tuit\u00e9, elle a \u00e9t\u00e9 d\u00e9tenue plus longtemps que n&#8217;importe quelle autre prisonni\u00e8re politique en Iran.<\/p>\n\n\n\n<p>En plus de toutes ses maladies, Mme Jalalian a <a href=\"https:\/\/wncri.org\/fr\/2021\/05\/15\/zeinab-jalalian-dans-un-etat-de-sante-catastrophique-apres-avoir\/\" target=\"_blank\" rel=\"noreferrer noopener\">contract\u00e9 le Covid-19<\/a> pendant sa d\u00e9tention. Souffrant d&#8217;asthme, <a href=\"https:\/\/wncri.org\/fr\/2021\/05\/15\/zeinab-jalalian-dans-un-etat-de-sante-catastrophique-apres-avoir\/\" target=\"_blank\" rel=\"noreferrer noopener\">ses poumons ont \u00e9t\u00e9 gravement touch\u00e9s<\/a> par la maladie, et elle souffre d&#8217;essoufflement et de mauvaises toux.<\/p>\n\n\n\n<p>Sur ordre du minist\u00e8re du Renseignement, elle est priv\u00e9e d&#8217;acc\u00e8s aux services et aux traitements m\u00e9dicaux.<\/p>\n\n\n\n<h3 class=\"wp-block-heading\"><strong>La militante syndicale Assal Mohammadi \u00e0 Evine<\/strong><\/h3>\n\n\n\n<p>La militante ouvri\u00e8re Assal Mohammadi a \u00e9t\u00e9 transf\u00e9r\u00e9e du quartier 209 du minist\u00e8re du Renseignement de la prison d\u2019Evine au quartier des femmes de cet immense p\u00e9nitencier le 11 novembre 2021.<\/p>\n\n\n\n<p>Les services de renseignement ont violemment fait irruption au domicile de Mme Mohammadi, ont mis sa maison \u00e0 sac et l&#8217;ont emmen\u00e9e. Elle est toujours en d\u00e9tention sans avoir \u00e9t\u00e9 jug\u00e9e.<\/p>\n\n\n\n<p>Assal Mohammadi a \u00e9t\u00e9 <a href=\"https:\/\/wncri.org\/fr\/2019\/09\/08\/18-ans-de-prison-pour-trois-femmes-syndicalistes-en-iran\/\" target=\"_blank\" rel=\"noreferrer noopener\">d\u00e9tenue<\/a> \u00e0 plusieurs reprises pour ses activit\u00e9s pacifiques de d\u00e9fense des droits des travailleurs.<\/p>\n\n\n\n<h3 class=\"wp-block-heading\"><strong>Aliyeh Motallebazadeh se voit refuser une lib\u00e9ration conditionnelle<\/strong><\/h3>\n\n\n\n<p><a href=\"https:\/\/wncri.org\/fr\/2017\/08\/26\/iran-reporters-sans-frontieres-et-l-affaire-aliyeh-motallebzadeh\/\" target=\"_blank\" rel=\"noreferrer noopener\">Aliyeh Motallebazadeh<\/a>, photographe et militante des droits des femmes, est toujours d\u00e9tenue dans le quartier des femmes de la prison d&#8217;Evine. Le bureau du procureur de T\u00e9h\u00e9ran a rejet\u00e9 sa demande de sortie m\u00e9dicale et de lib\u00e9ration conditionnelle. Cette r\u00e9ponse lui a \u00e9t\u00e9 communiqu\u00e9e par \u00e9crit en prison.<\/p>\n\n\n\n<p>Le tribunal r\u00e9volutionnaire de T\u00e9h\u00e9ran a condamn\u00e9 Mme Motallebzadeh <a href=\"https:\/\/wncri.org\/fr\/2017\/08\/17\/iran-aliyeh-motallebzadeh-condamnee-a-trois-ans-de-prison\/\" target=\"_blank\" rel=\"noreferrer noopener\">\u00e0 trois ans de prison<\/a> en 2017. Elle est notamment accus\u00e9e de rassemblement, de collusion contre la s\u00e9curit\u00e9 nationale et de propagande contre l&#8217;\u00c9tat. Elle a \u00e9t\u00e9 appel\u00e9e \u00e0 purger sa peine \u00e0 la prison d&#8217;Evine le 12 octobre 2020. Elle a<a href=\"https:\/\/wncri.org\/fr\/2021\/07\/19\/dautres-detenues-touchees-par-le-covid-19-dans-la-prison-des-femmes\/\" target=\"_blank\" rel=\"noreferrer noopener\"> contract\u00e9 le Covid-19<\/a> en juillet 2021 pendant son incarc\u00e9ration.<\/p>\n\n\n\n<h3 class=\"wp-block-heading\"><strong>Saada Khadirzadeh emmen\u00e9e \u00e0 la prison centrale d\u2019Oroumieh<\/strong><\/h3>\n\n\n\n<p>Les autorit\u00e9s du centre de d\u00e9tention des services de renseignement d\u2019Oroumieh ont transf\u00e9r\u00e9 <a href=\"https:\/\/wncri.org\/fr\/2021\/10\/21\/arrestation-arbitraire-dune-femme-enceinte-et-dune-mere-avec-son-jeune\/\" target=\"_blank\" rel=\"noreferrer noopener\">Saada Khadirzadeh<\/a> \u00e0 la prison centrale de cette ville le 8 novembre 2021.<\/p>\n\n\n\n<p>Des sources proches de la famille de Mme Khadirzadeh ont d\u00e9clar\u00e9 que cette femme enceinte avait subi une op\u00e9ration de l\u2019appendicite. Les agents p\u00e9nitentiaires l&#8217;ont renvoy\u00e9e en prison malgr\u00e9 son \u00e9tat de sant\u00e9 catastrophique, sans lui permettre de se r\u00e9tablir.<\/p>\n\n\n\n<p>Les sources ont d\u00e9clar\u00e9 que Saada Khadirzadeh est priv\u00e9e d&#8217;un avocat et ne peut pas passer d&#8217;appels \u00e0 sa famille.<\/p>\n\n\n\n<p>Saada Khadirzadeh, 32 ans, originaire de Piranchahr, a \u00e9t\u00e9 arr\u00eat\u00e9e le 14 octobre 2021. Les agents des services de renseignement qui l&#8217;ont arr\u00eat\u00e9e n&#8217;ont pr\u00e9sent\u00e9 aucun mandat. Le 16 octobre, elle a \u00e9t\u00e9 transf\u00e9r\u00e9e au centre de d\u00e9tention du d\u00e9partement des renseignements \u00e0 Ourmia.<\/p>\n\n\n\n<p>On ignore encore pourquoi elle a \u00e9t\u00e9 arr\u00eat\u00e9e et quelles sont les charges qui p\u00e8sent contre elle.<\/p>\n","protected":false},"excerpt":{"rendered":"<p>Un coup d&#8217;\u0153il sur la situation des prisonni\u00e8res politiques en Iran CNRI Femmes \u2013 Il y a eu de nombreuses nouvelles ces derniers jours sur la situation des prisonni\u00e8res politiques en Iran. Voici un bref aper\u00e7u des conditions de d\u00e9tention d\u2019Atena Daemi, Zeinab Jalalian, Assal Mohammadi, Aliyeh Motallebzadeh et Saada Khadirzadeh. Atena Daemi priv\u00e9e d&#8217;appels [&hellip;]<\/p>\n","protected":false},"author":4,"featured_media":14462,"comment_status":"closed","ping_status":"closed","sticky":false,"template":"","format":"standard","meta":{"jnews-multi-image_gallery":[],"jnews_single_post":{"subtitle":"","format":"standard","video":"","gallery":"","source_name":"","source_url":"","via_name":"","via_url":"","override":[{"template":"1","single_blog_custom":"","parallax":"1","fullscreen":"1","layout":"right-sidebar","sidebar":"default-sidebar","second_sidebar":"default-sidebar","sticky_sidebar":"1","share_position":"top","share_float_style":"share-monocrhome","show_share_counter":"1","show_view_counter":"1","show_featured":"1","show_post_meta":"1","show_post_author":"1","show_post_author_image":"1","show_post_date":"1","post_date_format":"default","post_date_format_custom":"Y\/m\/d","show_post_category":"1","post_reading_time_wpm":"300","zoom_button_out_step":"2","zoom_button_in_step":"3","show_post_tag":"1","show_prev_next_post":"1","show_popup_post":"1","number_popup_post":"1"}],"image_override":[{"single_post_thumbnail_size":"crop-500","single_post_gallery_size":"crop-500"}],"trending_post_position":"meta","trending_post_label":"Trending","sponsored_post_label":"Sponsored by","sponsored_post_name":"","sponsored_post_url":"","sponsored_post_logo":"","sponsored_post_desc":""},"jnews_primary_category":{"id":""},"jnews_social_meta":[],"jnews_override_counter":{"view_counter_number":"0","share_counter_number":"0","like_counter_number":"0","dislike_counter_number":"0"},"footnotes":""},"categories":[3],"tags":[370],"class_list":["post-14461","post","type-post","status-publish","format-standard","has-post-thumbnail","hentry","category-infos-des-femmes","tag-prisonnieres"],"_links":{"self":[{"href":"https:\/\/wncri.org\/fr\/wp-json\/wp\/v2\/posts\/14461","targetHints":{"allow":["GET"]}}],"collection":[{"href":"https:\/\/wncri.org\/fr\/wp-json\/wp\/v2\/posts"}],"about":[{"href":"https:\/\/wncri.org\/fr\/wp-json\/wp\/v2\/types\/post"}],"author":[{"embeddable":true,"href":"https:\/\/wncri.org\/fr\/wp-json\/wp\/v2\/users\/4"}],"replies":[{"embeddable":true,"href":"https:\/\/wncri.org\/fr\/wp-json\/wp\/v2\/comments?post=14461"}],"version-history":[{"count":0,"href":"https:\/\/wncri.org\/fr\/wp-json\/wp\/v2\/posts\/14461\/revisions"}],"wp:featuredmedia":[{"embeddable":true,"href":"https:\/\/wncri.org\/fr\/wp-json\/wp\/v2\/media\/14462"}],"wp:attachment":[{"href":"https:\/\/wncri.org\/fr\/wp-json\/wp\/v2\/media?parent=14461"}],"wp:term":[{"taxonomy":"category","embeddable":true,"href":"https:\/\/wncri.org\/fr\/wp-json\/wp\/v2\/categories?post=14461"},{"taxonomy":"post_tag","embeddable":true,"href":"https:\/\/wncri.org\/fr\/wp-json\/wp\/v2\/tags?post=14461"}],"curies":[{"name":"wp","href":"https:\/\/api.w.org\/{rel}","templated":true}]}}