{"id":14414,"date":"2021-11-05T11:06:00","date_gmt":"2021-11-05T10:06:00","guid":{"rendered":"https:\/\/wncri.org\/fr\/?p=14414"},"modified":"2021-11-10T11:37:47","modified_gmt":"2021-11-10T10:37:47","slug":"le-regime-intensifie-la-violence-contre-les-femmes-iraniennes","status":"publish","type":"post","link":"https:\/\/wncri.org\/fr\/2021\/11\/05\/le-regime-intensifie-la-violence-contre-les-femmes-iraniennes\/","title":{"rendered":"Rapport mensuel d&#8217;octobre 2021 &#8211; La violence contre les femmes en Iran"},"content":{"rendered":"\n<p><strong>Le r\u00e9gime intensifie la violence contre les femmes iraniennes \u2013 Davantage d&#8217;arrestations, de d\u00e9tentions et d&#8217;ex\u00e9cutions<\/strong><\/p>\n\n\n\n<p>Le r\u00e9gime cl\u00e9rical a intensifi\u00e9 la pression sur les prisonniers politiques. Il a proc\u00e9d\u00e9 \u00e0 de nouvelles condamnations \u00e0 mort en octobre, \u00e0 la veille du deuxi\u00e8me anniversaire du soul\u00e8vement de novembre 2019. Dans le m\u00eame temps, le r\u00e9gime a intensifi\u00e9 la pers\u00e9cution des femmes sous pr\u00e9texte de faire respecter le hijab obligatoire.<\/p>\n\n\n\n<p>Les femmes prisonni\u00e8res politiques subissent davantage de pressions de la part des autorit\u00e9s p\u00e9nitentiaires. Le refus des soins m\u00e9dicaux, les transferts avec coups et blessures vers des lieux de d\u00e9tention lointains, le refus de cong\u00e9 de prison et les restrictions impos\u00e9es aux appels t\u00e9l\u00e9phoniques font partie des pressions que subissent les prisonni\u00e8res politiques en prison.<\/p>\n\n\n\n<p>Trois mois seulement apr\u00e8s son entr\u00e9e en fonction, Ebrahim Raisi, d\u00e9j\u00e0 acteur de tueries en masse, a ajout\u00e9 200 ex\u00e9cutions suppl\u00e9mentaires \u00e0 son palmar\u00e8s. Sa seule mission est de prolonger le r\u00e8gne ill\u00e9gitime des mollahs par une r\u00e9pression impitoyable de la population.<\/p>\n\n\n\n<p>Un officiel du r\u00e9gime a admis en octobre qu&#8217;au moins 240 000 personnes \u00e9taient d\u00e9tenues dans l&#8217;ensemble des prisons iraniennes. &#8220;Nous avions 16 000 d\u00e9tenus avant la r\u00e9volution (de 1979), et aujourd&#8217;hui, nous en avons 240 000&#8221;, a reconnu dans un discours Hassan Nowrouzi, vice-pr\u00e9sident de la Commission judiciaire du Parlement,<\/p>\n\n\n\n<p>Selon les normes internationales, avec une population de 80 million d\u2019habitants, le nombre des prisonniers n&#8217;aurait pas d\u00fb atteindre 30&nbsp;000 personnes. Aujourd\u2019hui, le nombre de prisonniers est huit fois sup\u00e9rieur \u00e0 ce chiffre. (Le journal d&#8217;Etat Hamdeli &#8211; 10 octobre 2021)<\/p>\n\n\n\n<p>La R\u00e9sistance iranienne a demand\u00e9 \u00e0 plusieurs reprises au Secr\u00e9taire g\u00e9n\u00e9ral de l&#8217;ONU, au Haut-Commissaire aux droits de l&#8217;homme, au Conseil des droits de l&#8217;homme, aux rapporteurs sp\u00e9ciaux et aux organisations internationales des droits de l&#8217;homme d&#8217;envoyer une d\u00e9l\u00e9gation en Iran pour visiter les prisons du r\u00e9gime cl\u00e9rical et rencontrer les prisonniers, en particulier ceux d\u00e9tenus pour des raisons politiques.<\/p>\n\n\n\n<p><strong>Restrictions et pressions suppl\u00e9mentaires sur les femmes d\u00e9tenues politiques<\/strong><\/p>\n\n\n\n<p>En octobre, de nombreuses informations ont fait \u00e9tat de gr\u00e8ves de la faim et de restrictions accrues impos\u00e9es aux femmes d\u00e9tenues dans diverses prisons.<\/p>\n\n\n\n<h3 class=\"wp-block-heading\">&nbsp;<strong>Gr\u00e8ve de la faim de Mahin Akbari<\/strong><\/h3>\n\n\n\n<div class=\"wp-block-image\"><figure class=\"alignright size-full is-resized\"><img decoding=\"async\" src=\"data:image\/gif;base64,R0lGODlhAQABAIAAAAAAAP\/\/\/yH5BAEAAAAALAAAAAABAAEAAAIBRAA7\" data-src=\"https:\/\/wncri.org\/fr\/wp-content\/uploads\/2021\/11\/Political-prisoners-Mahin-Akbari-min.jpg\" alt=\"Gr\u00e8ve de la faim de Mahin Akbari\" class=\"wp-image-14425 lazyload\" width=\"305\" height=\"153\"\/><noscript><img decoding=\"async\" src=\"https:\/\/wncri.org\/fr\/wp-content\/uploads\/2021\/11\/Political-prisoners-Mahin-Akbari-min.jpg\" alt=\"Gr\u00e8ve de la faim de Mahin Akbari\" class=\"wp-image-14425 lazyload\" width=\"305\" height=\"153\" srcset=\"https:\/\/wncri.org\/fr\/wp-content\/uploads\/2021\/11\/Political-prisoners-Mahin-Akbari-min.jpg 750w, https:\/\/wncri.org\/fr\/wp-content\/uploads\/2021\/11\/Political-prisoners-Mahin-Akbari-min-300x150.jpg 300w, https:\/\/wncri.org\/fr\/wp-content\/uploads\/2021\/11\/Political-prisoners-Mahin-Akbari-min-360x180.jpg 360w\" sizes=\"(max-width: 305px) 100vw, 305px\" \/><\/noscript><\/figure><\/div>\n\n\n\n<p>La prisonni\u00e8re politique Mahin Akbari a entam\u00e9 une gr\u00e8ve de la faim dans la prison de Lakan, \u00e0 Racht (nord de l\u2019Iran), le 18 octobre 2021. Elle proteste contre la prolongation de sa peine d&#8217;une ann\u00e9e suppl\u00e9mentaire. Elle aurait d\u00fb \u00eatre lib\u00e9r\u00e9e le 7 octobre, \u00e0 l&#8217;expiration de sa peine. Cependant, le directeur de la prison de Lakan lui a exig\u00e9 des repentirs, faute de quoi sa d\u00e9tention allait se prolonger. Mahin Akbari a refus\u00e9, affirmant qu&#8217;elle \u00e9tait innocente et qu&#8217;elle devait \u00eatre lib\u00e9r\u00e9e sans conditions.<\/p>\n\n\n\n<p>Mahin Akbari, 59 ans, fait partie des prisonniers politiques des ann\u00e9es 1980.<\/p>\n\n\n\n<p>Des agents des services de renseignements de Racht ont fait irruption dans sa r\u00e9sidence \u00e0 la mi-f\u00e9vrier 2020 pour l\u2019arr\u00eater. Elle a subi de longs interrogatoires sous la torture physique et psychologique. Ils l&#8217;ont ensuite transf\u00e9r\u00e9e dans le quartier des femmes de la prison de Lakan.<\/p>\n\n\n\n<p>Elle fait partie des partisans de l&#8217;Organisation des moudjahidines du peuple d&#8217;Iran (OMPI\/MEK, opposition) arr\u00eat\u00e9s et d\u00e9tenus l&#8217;\u00e9t\u00e9 dernier.<\/p>\n\n\n\n<h3 class=\"wp-block-heading\">&nbsp;<strong>L&#8217;enseignante emprisonn\u00e9e Nosrat Beheshti entame une gr\u00e8ve de la faim<\/strong><\/h3>\n\n\n\n<div class=\"wp-block-image\"><figure class=\"alignright size-full is-resized\"><img decoding=\"async\" src=\"data:image\/gif;base64,R0lGODlhAQABAIAAAAAAAP\/\/\/yH5BAEAAAAALAAAAAABAAEAAAIBRAA7\" data-src=\"https:\/\/wncri.org\/fr\/wp-content\/uploads\/2021\/11\/Nosrat-Beheshti-hunger-strike-in-Mashhad-min.jpg\" alt=\"L'enseignante emprisonn\u00e9e Nosrat Beheshti entame une gr\u00e8ve de la faim\" class=\"wp-image-14422 lazyload\" width=\"299\" height=\"150\"\/><noscript><img decoding=\"async\" src=\"https:\/\/wncri.org\/fr\/wp-content\/uploads\/2021\/11\/Nosrat-Beheshti-hunger-strike-in-Mashhad-min.jpg\" alt=\"L'enseignante emprisonn\u00e9e Nosrat Beheshti entame une gr\u00e8ve de la faim\" class=\"wp-image-14422 lazyload\" width=\"299\" height=\"150\" srcset=\"https:\/\/wncri.org\/fr\/wp-content\/uploads\/2021\/11\/Nosrat-Beheshti-hunger-strike-in-Mashhad-min.jpg 750w, https:\/\/wncri.org\/fr\/wp-content\/uploads\/2021\/11\/Nosrat-Beheshti-hunger-strike-in-Mashhad-min-300x150.jpg 300w, https:\/\/wncri.org\/fr\/wp-content\/uploads\/2021\/11\/Nosrat-Beheshti-hunger-strike-in-Mashhad-min-360x180.jpg 360w\" sizes=\"(max-width: 299px) 100vw, 299px\" \/><\/noscript><\/figure><\/div>\n\n\n\n<p>L&#8217;enseignante emprisonn\u00e9e Nosrat Beheshti a entam\u00e9 une gr\u00e8ve de la faim \u00e0 la prison de Vakilabad, \u00e0 Machhad (nord-est de l\u2019Iran), le 24 octobre 2021. Elle proteste contre sa d\u00e9tention sans proc\u00e8s et les pressions exerc\u00e9es sur elle.<\/p>\n\n\n\n<p>Les forces de s\u00e9curit\u00e9 ont arr\u00eat\u00e9 Nosrat Beheshti le 4 ao\u00fbt 2021. Elle souffre de graves probl\u00e8mes r\u00e9naux auxquels s\u2019ajoutent les tensions nerveuses dues aux pressions qu\u2019elle subit.<\/p>\n\n\n\n<p>Nosrat Beheshti est l&#8217;un des 14 signataires d&#8217;une lettre ouverte demandant la d\u00e9mission du Guide supr\u00eame du r\u00e9gime cl\u00e9rical, Ali Khamenei.<\/p>\n\n\n\n<p>Elle est une enseignante \u00e0 la retraite et m\u00e8re de six enfants. Les forces de s\u00e9curit\u00e9 l&#8217;ont arr\u00eat\u00e9e pour avoir particip\u00e9 aux manifestations des enseignants et r\u00e9clam\u00e9 des salaires plus \u00e9quilibr\u00e9s. Les autorit\u00e9s la d\u00e9tiennent depuis trois mois au centre de d\u00e9tention du d\u00e9partement des renseignements et \u00e0 la prison de Vakilabad \u00e0 Machhad, capitale de la province de Khorasan-e-Razavi.<\/p>\n\n\n\n<h3 class=\"wp-block-heading\"><strong>Nejat Anvar Hamidi court un risque imminent de c\u00e9cit\u00e9<\/strong><strong><\/strong><\/h3>\n\n\n\n<div class=\"wp-block-image\"><figure class=\"alignright size-full is-resized\"><img decoding=\"async\" src=\"data:image\/gif;base64,R0lGODlhAQABAIAAAAAAAP\/\/\/yH5BAEAAAAALAAAAAABAAEAAAIBRAA7\" data-src=\"https:\/\/wncri.org\/fr\/wp-content\/uploads\/2021\/11\/Political-prisoner-Nejat-Anvar-Hamidi-min.png\" alt=\"Nejat Anvar Hamidi court un risque imminent de c\u00e9cit\u00e9\" class=\"wp-image-14424 lazyload\" width=\"302\" height=\"152\"\/><noscript><img decoding=\"async\" src=\"https:\/\/wncri.org\/fr\/wp-content\/uploads\/2021\/11\/Political-prisoner-Nejat-Anvar-Hamidi-min.png\" alt=\"Nejat Anvar Hamidi court un risque imminent de c\u00e9cit\u00e9\" class=\"wp-image-14424 lazyload\" width=\"302\" height=\"152\" srcset=\"https:\/\/wncri.org\/fr\/wp-content\/uploads\/2021\/11\/Political-prisoner-Nejat-Anvar-Hamidi-min.png 679w, https:\/\/wncri.org\/fr\/wp-content\/uploads\/2021\/11\/Political-prisoner-Nejat-Anvar-Hamidi-min-300x151.png 300w, https:\/\/wncri.org\/fr\/wp-content\/uploads\/2021\/11\/Political-prisoner-Nejat-Anvar-Hamidi-min-360x180.png 360w\" sizes=\"(max-width: 302px) 100vw, 302px\" \/><\/noscript><\/figure><\/div>\n\n\n\n<p>La prisonni\u00e8re politique Nejat Anvar Hamidi court un risque imminent de c\u00e9cit\u00e9 dans la prison de Sepidar \u00e0 Ahvaz (sud-ouest de l\u2019Iran). Elle est actuellement dans un \u00e9tat physique grave et saigne des deux yeux.<\/p>\n\n\n\n<p>Selon une source bien inform\u00e9e, Nejat Anvar Hamidi et sa famille ont fait plusieurs d\u00e9marches pour qu&#8217;un optom\u00e9triste l&#8217;examine en prison. Le m\u00e9decin sp\u00e9cialiste lui a diagnostiqu\u00e9 un pt\u00e9rygion. Il a \u00e9galement d\u00e9clar\u00e9 que la pression oculaire de Mme Anvar Hamidi \u00e9tait \u00e9lev\u00e9e. Elle devait suivre des soins avant d\u2019\u00eatre op\u00e9r\u00e9e dans un h\u00f4pital civil.<\/p>\n\n\n\n<p>Nejat Anvar Hamidi, 63 ans, soutient l&#8217;Organisation des Moudjahidines du peuple d&#8217;Iran (OMPI). Elle a \u00e9t\u00e9 arr\u00eat\u00e9e pour en mars 2019 avant d\u2019\u00eatre transf\u00e9r\u00e9e \u00e0 la prison de Sepidar. En plus de son probl\u00e8me oculaire, elle souffre de maux de t\u00eate chroniques depuis son s\u00e9jour en prison dans les ann\u00e9es 1980.<\/p>\n\n\n\n<h3 class=\"wp-block-heading\"><strong>Monireh Arabchahri priv\u00e9e de traitement m\u00e9dical<\/strong><\/h3>\n\n\n\n<div class=\"wp-block-image\"><figure class=\"alignright size-full is-resized\"><img decoding=\"async\" src=\"data:image\/gif;base64,R0lGODlhAQABAIAAAAAAAP\/\/\/yH5BAEAAAAALAAAAAABAAEAAAIBRAA7\" data-src=\"https:\/\/wncri.org\/fr\/wp-content\/uploads\/2021\/11\/Yasaman-Aryani-and-her-mother-min.jpg\" alt=\"Monireh Arabchahri priv\u00e9e de traitement m\u00e9dical\" class=\"wp-image-14427 lazyload\" width=\"292\" height=\"146\"\/><noscript><img decoding=\"async\" src=\"https:\/\/wncri.org\/fr\/wp-content\/uploads\/2021\/11\/Yasaman-Aryani-and-her-mother-min.jpg\" alt=\"Monireh Arabchahri priv\u00e9e de traitement m\u00e9dical\" class=\"wp-image-14427 lazyload\" width=\"292\" height=\"146\" srcset=\"https:\/\/wncri.org\/fr\/wp-content\/uploads\/2021\/11\/Yasaman-Aryani-and-her-mother-min.jpg 750w, https:\/\/wncri.org\/fr\/wp-content\/uploads\/2021\/11\/Yasaman-Aryani-and-her-mother-min-300x150.jpg 300w, https:\/\/wncri.org\/fr\/wp-content\/uploads\/2021\/11\/Yasaman-Aryani-and-her-mother-min-360x180.jpg 360w\" sizes=\"(max-width: 292px) 100vw, 292px\" \/><\/noscript><\/figure><\/div>\n\n\n\n<p>Monireh Arabchahi, militante des droits des femmes, est retourn\u00e9e \u00e0 la prison de Kachou\u2019i \u00e0 Karaj (centre de l\u2019Iran) sans avoir termin\u00e9 son traitement m\u00e9dical le 5 octobre 2021.<\/p>\n\n\n\n<p>Elle avait b\u00e9n\u00e9fici\u00e9 d&#8217;un cong\u00e9 m\u00e9dical moyennant une lourde caution de 500 millions de tomans le 3 mai 2021. Elle est retourn\u00e9e \u00e0 la prison de Kachou\u2019i le 23 juillet 2021, apr\u00e8s avoir subi une op\u00e9ration de la glande thyro\u00efde. Ensuite, sa sant\u00e9 s&#8217;est d\u00e9t\u00e9rior\u00e9e en prison. Le 31 juillet, elle a \u00e9t\u00e9 transf\u00e9r\u00e9e \u00e0 l&#8217;h\u00f4pital mais elle a \u00e9t\u00e9 renvoy\u00e9e en prison apr\u00e8s 24h sans avoir re\u00e7u de traitement m\u00e9dical.<\/p>\n\n\n\n<p>Le 4 ao\u00fbt, elle a \u00e9t\u00e9 envoy\u00e9e en cong\u00e9 m\u00e9dical jusqu&#8217;au 5 octobre, date \u00e0 laquelle elle a \u00e9t\u00e9 rappel\u00e9e en prison sans avoir termin\u00e9 son traitement.<\/p>\n\n\n\n<p>Monireh Arabchahi et sa fille, Yasaman Aryani, doivent purger une peine de cinq ans et demi de prison pour s&#8217;\u00eatre oppos\u00e9es au hijab obligatoire. Elles ont \u00e9t\u00e9 envoy\u00e9es de la prison d&#8217;Evine, \u00e0 T\u00e9h\u00e9ran, en exil \u00e0 la prison de Kachou\u2019i, \u00e0 Karaj, le 22 octobre 2020.<\/p>\n\n\n\n<h3 class=\"wp-block-heading\">&nbsp;<strong>Exil et traitement d\u00e9gradant de <\/strong><strong>Mojgan Kavousi<\/strong><strong><\/strong><\/h3>\n\n\n\n<div class=\"wp-block-image\"><figure class=\"alignright size-full is-resized\"><img decoding=\"async\" src=\"data:image\/gif;base64,R0lGODlhAQABAIAAAAAAAP\/\/\/yH5BAEAAAAALAAAAAABAAEAAAIBRAA7\" data-src=\"https:\/\/wncri.org\/fr\/wp-content\/uploads\/2021\/11\/Kurdish-political-prisoner-Mojgan-Kavousi-min.jpg\" alt=\"  Exil et traitement d\u00e9gradant de Mojgan Kavousi\" class=\"wp-image-14419 lazyload\" width=\"286\" height=\"143\"\/><noscript><img decoding=\"async\" src=\"https:\/\/wncri.org\/fr\/wp-content\/uploads\/2021\/11\/Kurdish-political-prisoner-Mojgan-Kavousi-min.jpg\" alt=\"  Exil et traitement d\u00e9gradant de Mojgan Kavousi\" class=\"wp-image-14419 lazyload\" width=\"286\" height=\"143\" srcset=\"https:\/\/wncri.org\/fr\/wp-content\/uploads\/2021\/11\/Kurdish-political-prisoner-Mojgan-Kavousi-min.jpg 750w, https:\/\/wncri.org\/fr\/wp-content\/uploads\/2021\/11\/Kurdish-political-prisoner-Mojgan-Kavousi-min-300x150.jpg 300w, https:\/\/wncri.org\/fr\/wp-content\/uploads\/2021\/11\/Kurdish-political-prisoner-Mojgan-Kavousi-min-360x180.jpg 360w\" sizes=\"(max-width: 286px) 100vw, 286px\" \/><\/noscript><\/figure><\/div>\n\n\n\n<p>Une prisonni\u00e8re politique et \u00e9crivain kurde, Mojgan Kavousi, a \u00e9t\u00e9 envoy\u00e9 en exil de la prison d&#8217;Evine \u00e0 T\u00e9h\u00e9ran \u00e0 la prison de Kachou\u2019i \u00e0 Karaj le 6 octobre 2021.<\/p>\n\n\n\n<p>De nouveau, le 13 octobre, les autorit\u00e9s p\u00e9nitentiaires l&#8217;ont envoy\u00e9e au parquet sans notification \u00e9crite et ont pris des dispositions pour qu&#8217;elle retourne \u00e0 Evine. Le juge charg\u00e9 de la mise \u00e0 application des peines \u00e0 Evine a toutefois refus\u00e9 de l&#8217;admettre et l&#8217;a renvoy\u00e9e \u00e0 la prison de Kachou\u2019i.<\/p>\n\n\n\n<p>Pendant ces d\u00e9placements, Mojgan Kavousi a pass\u00e9 trois jours, du 6 au 9 octobre, dans un centre de d\u00e9tention de la police \u00e0 Karaj, dans des conditions inhumaines et aux c\u00f4t\u00e9s de toxicomanes.<\/p>\n\n\n\n<p>Les agents du centre de d\u00e9tention ont maltrait\u00e9 les d\u00e9tenus, rappelant selon Mme Kavousi, les descriptions faites des camps de travail forc\u00e9 nazis. Ils n&#8217;ont pas r\u00e9pondu \u00e0 ses demandes r\u00e9p\u00e9t\u00e9es d&#8217;eau et de nourriture. Ses mains et ses pieds ont \u00e9t\u00e9 menott\u00e9s tout au long de sa d\u00e9tention. Les menottes n&#8217;\u00e9taient pas standards et lui faisaient mal aux pieds. Les agents du centre de d\u00e9tention ne cessaient de hurler et d\u2019insulter les d\u00e9tenues.<\/p>\n\n\n\n<p>Lors d&#8217;un appel t\u00e9l\u00e9phonique \u00e0 sa famille, Mme Kavousi a d\u00e9clar\u00e9 qu&#8217;on lui avait ordonn\u00e9 \u00e0 plusieurs reprises de se d\u00e9shabiller pour une fouille corporelle \u00e0 la prison de Noshahr, au bureau de l&#8217;inspecteur de la prison de Chahr-e-Rey (Qarchak), \u00e0 la police de la s\u00e9curit\u00e9 morale de T\u00e9h\u00e9ran, \u00e0 la police judiciaire de Karaj et \u00e0 la prison de Kachou\u2019i. Elle a protest\u00e9 contre ce traitement humiliant, en vain.<\/p>\n\n\n\n<p>Elle a d\u00e9clar\u00e9 \u00e0 sa famille : &#8220;Ce traitement est un exemple frappant de torture psychologique et de transgression de la vie la plus priv\u00e9e et personnelle.&#8221;<\/p>\n\n\n\n<h3 class=\"wp-block-heading\"><strong>Atena Daemi priv\u00e9e d&#8217;appels t\u00e9l\u00e9phoniques<\/strong><\/h3>\n\n\n\n<div class=\"wp-block-image\"><figure class=\"alignright size-full is-resized\"><img decoding=\"async\" src=\"data:image\/gif;base64,R0lGODlhAQABAIAAAAAAAP\/\/\/yH5BAEAAAAALAAAAAABAAEAAAIBRAA7\" data-src=\"https:\/\/wncri.org\/fr\/wp-content\/uploads\/2021\/11\/Athena-Daemi-human-rights-activist-min.jpg\" alt=\"Atena Daemi priv\u00e9e d'appels t\u00e9l\u00e9phoniques\" class=\"wp-image-14417 lazyload\" width=\"285\" height=\"143\"\/><noscript><img decoding=\"async\" src=\"https:\/\/wncri.org\/fr\/wp-content\/uploads\/2021\/11\/Athena-Daemi-human-rights-activist-min.jpg\" alt=\"Atena Daemi priv\u00e9e d'appels t\u00e9l\u00e9phoniques\" class=\"wp-image-14417 lazyload\" width=\"285\" height=\"143\" srcset=\"https:\/\/wncri.org\/fr\/wp-content\/uploads\/2021\/11\/Athena-Daemi-human-rights-activist-min.jpg 750w, https:\/\/wncri.org\/fr\/wp-content\/uploads\/2021\/11\/Athena-Daemi-human-rights-activist-min-300x150.jpg 300w, https:\/\/wncri.org\/fr\/wp-content\/uploads\/2021\/11\/Athena-Daemi-human-rights-activist-min-360x180.jpg 360w\" sizes=\"(max-width: 285px) 100vw, 285px\" \/><\/noscript><\/figure><\/div>\n\n\n\n<p>La prisonni\u00e8re politique Atena Daemi est soumise \u00e0 diverses formes de restrictions dans la prison de Lakan, \u00e0 Racht, capitale de la province de Guilan (nord).<\/p>\n\n\n\n<p>Les autorit\u00e9s p\u00e9nitentiaires ont confisqu\u00e9 sa carte de t\u00e9l\u00e9phone, et elle est priv\u00e9e d\u2019appels t\u00e9l\u00e9phoniques.<\/p>\n\n\n\n<p>Une visite avec sa famille a \u00e9t\u00e9 effectu\u00e9e en pr\u00e9sence d&#8217;un agent p\u00e9nitentiaire, dans une cabine sp\u00e9cifi\u00e9e \u00e0 l&#8217;avance et am\u00e9nag\u00e9e pour les \u00e9coutes.<\/p>\n\n\n\n<p>Des rapports ant\u00e9rieurs indiquaient que les autorit\u00e9s p\u00e9nitentiaires avaient fait pression sur des prisonni\u00e8res de droit commun pour qu&#8217;elles fassent de faux t\u00e9moignages contre Atena.<\/p>\n\n\n\n<p>Dans un message publi\u00e9 en langue farsi le 21 octobre, Amnesty International a demand\u00e9 &#8220;la lib\u00e9ration imm\u00e9diate et inconditionnelle de la militante des droits humains Atena Daemi.&#8221; L\u2019organisation humanitaire a d\u00e9clar\u00e9 qu&#8217;Atena avait \u00e9t\u00e9 injustement emprisonn\u00e9e pour avoir d\u00e9nonc\u00e9 les violations des droits humains en Iran.<\/p>\n\n\n\n<p>Atena Daemi, 32 ans, a commenc\u00e9 \u00e0 purger sa peine de cinq ans en novembre 2016 dans le quartier des femmes de la prison d&#8217;Evine.<\/p>\n\n\n\n<p>En 2018, le tribunal r\u00e9volutionnaire de T\u00e9h\u00e9ran l&#8217;a condamn\u00e9e \u00e0 une nouvelle peine d&#8217;emprisonnement de deux ans et un mois. De nouveau, en juillet 2020, elle a \u00e9t\u00e9 condamn\u00e9e \u00e0 une autre peine de 2 ans et 74 coups de fouet.&nbsp;<\/p>\n\n\n\n<p>Les autorit\u00e9s de la prison d&#8217;Evine l&#8217;ont envoy\u00e9e en exil \u00e0 la prison de Lakan, \u00e0 Racht, le 16 mars 2021.<\/p>\n\n\n\n<h3 class=\"wp-block-heading\"><strong>La prisonni\u00e8re politique Mahboubeh Rezayi envoy\u00e9e en exil<\/strong><\/h3>\n\n\n\n<p>Mahboubeh Rezayi a \u00e9t\u00e9 envoy\u00e9e en exil dans la tristement c\u00e9l\u00e8bre prison d&#8217;Adelabad, \u00e0 Chiraz (au sud du pays), dans les premiers jours d&#8217;octobre. Son bannissement \u00e9tait une r\u00e9action des autorit\u00e9s de la prison de Buchehr \u00e0 la d\u00e9nonciation par Mme Rezayi des conditions \u00e9pouvantables de la prison. Elle avait r\u00e9alis\u00e9 un enregistrement audio dans lequel elle \u00e9voquait les violences subies par les femmes en prison et les propositions de mariages temporaires faites aux d\u00e9tenues.<\/p>\n\n\n\n<div class=\"wp-block-image\"><figure class=\"alignright size-full is-resized\"><img decoding=\"async\" src=\"data:image\/gif;base64,R0lGODlhAQABAIAAAAAAAP\/\/\/yH5BAEAAAAALAAAAAABAAEAAAIBRAA7\" data-src=\"https:\/\/wncri.org\/fr\/wp-content\/uploads\/2021\/11\/Political-prisoner-Mahboubeh-Rezaii-min.png\" alt=\"La prisonni\u00e8re politique Mahboubeh Rezayi envoy\u00e9e en exil\" class=\"wp-image-14423 lazyload\" width=\"274\" height=\"138\"\/><noscript><img decoding=\"async\" src=\"https:\/\/wncri.org\/fr\/wp-content\/uploads\/2021\/11\/Political-prisoner-Mahboubeh-Rezaii-min.png\" alt=\"La prisonni\u00e8re politique Mahboubeh Rezayi envoy\u00e9e en exil\" class=\"wp-image-14423 lazyload\" width=\"274\" height=\"138\" srcset=\"https:\/\/wncri.org\/fr\/wp-content\/uploads\/2021\/11\/Political-prisoner-Mahboubeh-Rezaii-min.png 676w, https:\/\/wncri.org\/fr\/wp-content\/uploads\/2021\/11\/Political-prisoner-Mahboubeh-Rezaii-min-300x152.png 300w, https:\/\/wncri.org\/fr\/wp-content\/uploads\/2021\/11\/Political-prisoner-Mahboubeh-Rezaii-min-360x180.png 360w\" sizes=\"(max-width: 274px) 100vw, 274px\" \/><\/noscript><\/figure><\/div>\n\n\n\n<p>Les autorit\u00e9s de la prison de Buchehr ont incit\u00e9 et engag\u00e9 des criminels de droit commun pour la harceler et la brutaliser. Elle a \u00e9t\u00e9 priv\u00e9e de cong\u00e9 p\u00e9nitentiaire et d&#8217;autres avantages pour une dur\u00e9e de six mois avant d\u2019\u00eatre envoy\u00e9e en exil \u00e0 la prison d&#8217;Adelabad, \u00e0 Chiraz, capitale de la province de Fars.<\/p>\n\n\n\n<p>Des agents du minist\u00e8re des Renseignements ont arr\u00eat\u00e9 Mahboubeh Rezayi \u00e0 Borazjan, dans la province de Buchehr, le 16 mai 2017. Le tribunal r\u00e9volutionnaire de chiraz l&#8217;avait condamn\u00e9e \u00e0 13 ans de prison.<\/p>\n\n\n\n<p>Le 19 janvier 2021, les autorit\u00e9s ont transf\u00e9r\u00e9 Mme Rezayi \u00e0 la prison de Buchehr pour y purger sa peine. En juillet, des condamn\u00e9s pour crimes violents l&#8217;ont gravement brutalis\u00e9e en pr\u00e9sence des autorit\u00e9s p\u00e9nitentiaires.<\/p>\n\n\n\n<h3 class=\"wp-block-heading\"><strong>Peines de prison pour des militantes des droits civiques<\/strong><\/h3>\n\n\n\n<p>Le parquet d&#8217;Evine a convoqu\u00e9 Mme Farangis Mazloum pour purger sa peine de r\u00e9clusion. Mme Mazloum est la m\u00e8re du prisonnier politique Soheil Arabi et une militante des droits civiques. Le tribunal r\u00e9volutionnaire de T\u00e9h\u00e9ran l&#8217;avait d\u00e9j\u00e0 condamn\u00e9e \u00e0 18 mois de prison.<\/p>\n\n\n\n<p>La Cour d\u2019appel de la province du Khouzistan a condamn\u00e9 l&#8217;activiste des m\u00e9dias Mehrnouch Tafian \u00e0 six mois et 11 jours de prison. Mme Tafian est dipl\u00f4m\u00e9e de l&#8217;\u00c9cole de l&#8217;information et a un fils adolescent. Ils vivent \u00e0 Ahvaz, la capitale de la province.<\/p>\n\n\n\n<p>Le Tribunal r\u00e9volutionnaire de Sanandaj a condamn\u00e9 Roya Jalali, une militante des droits des femmes, \u00e0 une peine de deux ans de prison avec sursis. M\u00e8re de deux enfants, Mme Jalali souffrait de scl\u00e9rose en plaques.<\/p>\n\n\n\n<h3 class=\"wp-block-heading\"><strong>Arrestation et d\u00e9tention d&#8217;opposants et de militantes civils<\/strong><\/h3>\n\n\n\n<p>Des agents du minist\u00e8re des Renseignements \u00e0 Racht ont arr\u00eat\u00e9 un groupe d&#8217;anciens prisonniers politiques et de partisans de l&#8217;Organisation des moudjahidines du peuple d&#8217;Iran (OMPI\/MEK) le 27 octobre 2021. Parmi les personnes arr\u00eat\u00e9es figurent Narguess Chirbatcheh, Simrokh Bozorg Ziabari, Zahra Haghgou et Ozra Taheri.<\/p>\n\n\n\n<div class=\"wp-block-image\"><figure class=\"alignright size-full is-resized\"><img decoding=\"async\" src=\"data:image\/gif;base64,R0lGODlhAQABAIAAAAAAAP\/\/\/yH5BAEAAAAALAAAAAABAAEAAAIBRAA7\" data-src=\"https:\/\/wncri.org\/fr\/wp-content\/uploads\/2021\/11\/Imprisoned-teacher-Mahboubeh-Farahzad-min.jpg\" alt=\"Le tribunal r\u00e9volutionnaire de T\u00e9h\u00e9ran \" class=\"wp-image-14418 lazyload\" width=\"285\" height=\"143\"\/><noscript><img decoding=\"async\" src=\"https:\/\/wncri.org\/fr\/wp-content\/uploads\/2021\/11\/Imprisoned-teacher-Mahboubeh-Farahzad-min.jpg\" alt=\"Le tribunal r\u00e9volutionnaire de T\u00e9h\u00e9ran \" class=\"wp-image-14418 lazyload\" width=\"285\" height=\"143\" srcset=\"https:\/\/wncri.org\/fr\/wp-content\/uploads\/2021\/11\/Imprisoned-teacher-Mahboubeh-Farahzad-min.jpg 750w, https:\/\/wncri.org\/fr\/wp-content\/uploads\/2021\/11\/Imprisoned-teacher-Mahboubeh-Farahzad-min-300x150.jpg 300w, https:\/\/wncri.org\/fr\/wp-content\/uploads\/2021\/11\/Imprisoned-teacher-Mahboubeh-Farahzad-min-360x180.jpg 360w\" sizes=\"(max-width: 285px) 100vw, 285px\" \/><\/noscript><\/figure><\/div>\n\n\n\n<p>Le tribunal r\u00e9volutionnaire de T\u00e9h\u00e9ran a rendu un jugement le 12 octobre 2021, selon lequel <a href=\"https:\/\/wncri.org\/fr\/2021\/10\/30\/mahboubeh-farahzadi-condamnee-a-une-amende-et-une-interdiction\/\" target=\"_blank\" rel=\"noreferrer noopener\">Mahboubeh Farahzadi<\/a> a \u00e9t\u00e9 condamn\u00e9e \u00e0 une amende de 1,5 million de tomans. Son t\u00e9l\u00e9phone portable sera confisqu\u00e9, et il lui sera interdit de participer \u00e0 des rassemblements et \u00e0 des r\u00e9unions pendant deux ans.<\/p>\n\n\n\n<p>Le 14 octobre 2021, les forces de s\u00e9curit\u00e9 ont arr\u00eat\u00e9 Saada Khadirzadeh dans la ville de Piranshahr (nord-ouest). Elle a ensuit\u00e9 \u00e9t\u00e9 transf\u00e9r\u00e9 au centre de d\u00e9tention du d\u00e9partement des renseignements \u00e0 Urmia, la capitale de la province d&#8217;Azerba\u00efdjan occidental. Bien qu&#8217;elle soit enceinte, cette femme se voit refuser l&#8217;acc\u00e8s aux services m\u00e9dicaux et aux visites de sa famille.<\/p>\n\n\n\n<div class=\"wp-block-image\"><figure class=\"alignright size-full is-resized\"><img decoding=\"async\" src=\"data:image\/gif;base64,R0lGODlhAQABAIAAAAAAAP\/\/\/yH5BAEAAAAALAAAAAABAAEAAAIBRAA7\" data-src=\"https:\/\/wncri.org\/fr\/wp-content\/uploads\/2021\/11\/Mitra-Taghipour-and-Saada-Khadira-min.jpg\" alt=\"Mitra Taghipour et son fils de 4 ans ont \u00e9t\u00e9 arr\u00eat\u00e9s dans la ville de Mehran\" class=\"wp-image-14420 lazyload\" width=\"281\" height=\"141\"\/><noscript><img decoding=\"async\" src=\"https:\/\/wncri.org\/fr\/wp-content\/uploads\/2021\/11\/Mitra-Taghipour-and-Saada-Khadira-min.jpg\" alt=\"Mitra Taghipour et son fils de 4 ans ont \u00e9t\u00e9 arr\u00eat\u00e9s dans la ville de Mehran\" class=\"wp-image-14420 lazyload\" width=\"281\" height=\"141\" srcset=\"https:\/\/wncri.org\/fr\/wp-content\/uploads\/2021\/11\/Mitra-Taghipour-and-Saada-Khadira-min.jpg 750w, https:\/\/wncri.org\/fr\/wp-content\/uploads\/2021\/11\/Mitra-Taghipour-and-Saada-Khadira-min-300x150.jpg 300w, https:\/\/wncri.org\/fr\/wp-content\/uploads\/2021\/11\/Mitra-Taghipour-and-Saada-Khadira-min-360x180.jpg 360w\" sizes=\"(max-width: 281px) 100vw, 281px\" \/><\/noscript><\/figure><\/div>\n\n\n\n<p>Mitra Taghipour et son fils de 4 ans ont \u00e9t\u00e9 arr\u00eat\u00e9s dans la ville de Mehran, dans la province frontali\u00e8re d&#8217;Ilam (ouest de l\u2019Iran), il y a un mois. Depuis le 4 octobre 2021, apr\u00e8s le transfert de Mitra Taghipour et de son fils Mehrsam au centre de d\u00e9tention des Gardiens de la r\u00e9volution d&#8217;Ispahan (au centre du pays), aucune information n&#8217;est disponible sur leur sort. La famille de Mme Taghipour a essay\u00e9 d&#8217;obtenir la garde de l&#8217;enfant mais n&#8217;a pas encore re\u00e7u de r\u00e9ponse.<\/p>\n\n\n\n<p>Les forces de s\u00e9curit\u00e9 d&#8217;Ilam ont \u00e9galement arr\u00eat\u00e9 la militante des droits civils Khadijeh Mehdipour, 34 ans, originaire d&#8217;Ivan-e Gharb, qui vit \u00e0 Ilam. Elle avait d\u00e9j\u00e0 \u00e9t\u00e9 arr\u00eat\u00e9e une fois, le 3 octobre 2020, pour ses activit\u00e9s sur les m\u00e9dias sociaux, avant d\u2019\u00eatre rel\u00e2ch\u00e9e temporairement sous caution.<\/p>\n\n\n\n<p>Les forces de s\u00e9curit\u00e9 de Sanandaj ont arr\u00eat\u00e9 la militante syndicale Maryam Sadeqi \u00e0 son domicile le 23 octobre 2021. Aucune information n&#8217;est disponible sur les charges retenues contre cette militante ouvri\u00e8re et sur son lieu de d\u00e9tention.<\/p>\n\n\n\n<p>Dans le m\u00eame temps, Guelaleh Moradi est toujours d\u00e9tenue sans avoir \u00e9t\u00e9 jug\u00e9e depuis son arrestation il y a six mois. Cette militante kurde de la ville de Piranchahr a subi des pressions pour faire des repentirs et des faux aveux.<\/p>\n\n\n\n<h3 class=\"wp-block-heading\"><strong>Une autre femme ex\u00e9cut\u00e9e en octobre<\/strong><\/h3>\n\n\n\n<p>Susan Rezayipour a \u00e9t\u00e9 pendue \u00e0 la prison centrale de Qazvin (nord-est) \u00e0 l&#8217;aube du mercredi 27 octobre 2021. Il s&#8217;agit de la 122<sup>e<\/sup> femme ex\u00e9cut\u00e9e depuis l&#8217;\u00e9t\u00e9 2013.<\/p>\n\n\n\n<div class=\"wp-block-image\"><figure class=\"alignright size-full is-resized\"><img decoding=\"async\" src=\"data:image\/gif;base64,R0lGODlhAQABAIAAAAAAAP\/\/\/yH5BAEAAAAALAAAAAABAAEAAAIBRAA7\" data-src=\"https:\/\/wncri.org\/fr\/wp-content\/uploads\/2021\/11\/122th-woman-executed_EN-min-min.jpg\" alt=\"Une autre femme ex\u00e9cut\u00e9e en octobre\" class=\"wp-image-14415 lazyload\" width=\"276\" height=\"138\"\/><noscript><img decoding=\"async\" src=\"https:\/\/wncri.org\/fr\/wp-content\/uploads\/2021\/11\/122th-woman-executed_EN-min-min.jpg\" alt=\"Une autre femme ex\u00e9cut\u00e9e en octobre\" class=\"wp-image-14415 lazyload\" width=\"276\" height=\"138\" srcset=\"https:\/\/wncri.org\/fr\/wp-content\/uploads\/2021\/11\/122th-woman-executed_EN-min-min.jpg 750w, https:\/\/wncri.org\/fr\/wp-content\/uploads\/2021\/11\/122th-woman-executed_EN-min-min-300x150.jpg 300w, https:\/\/wncri.org\/fr\/wp-content\/uploads\/2021\/11\/122th-woman-executed_EN-min-min-360x180.jpg 360w\" sizes=\"(max-width: 276px) 100vw, 276px\" \/><\/noscript><\/figure><\/div>\n\n\n\n<p>Susan Rezayipour, 31 ans, avait assassin\u00e9 son mari en \u00e9tat de l\u00e9gitime d\u00e9fense il y a six ans. Elle \u00e9tait la 122<sup>e<\/sup> femme ex\u00e9cut\u00e9e en Iran depuis l&#8217;\u00e9t\u00e9 2013.<\/p>\n\n\n\n<p>Susan Rezayipour avait \u00e9t\u00e9 mari\u00e9e de force \u00e0 son cousin, qu&#8217;elle n&#8217;aimait pas. Dans ses aveux, Susan a d\u00e9clar\u00e9 que son mari \u00e9tait un alcoolique qui se so\u00fblait chaque jour et qui la battait quotidiennement, ce qui l&#8217;a pouss\u00e9e \u00e0 commettre ce meurtre.<\/p>\n\n\n\n<p>Toujours en octobre, Soheila Abedi a \u00e9t\u00e9 condamn\u00e9e \u00e0 mort pour le meurtre de son mari.<\/p>\n\n\n\n<p>Soheila Abedi a \u00e9t\u00e9 mari\u00e9e \u00e0 l&#8217;\u00e2ge de 15 ans. Elle est actuellement d\u00e9tenue au centre de r\u00e9forme et de r\u00e9habilitation (quartier des femmes) de la prison de Sanandaj (nord-ouest de l\u2019Iran).<\/p>\n\n\n\n<p>N\u00e9e en 1989, elle a tu\u00e9 son mari le 23 janvier 2015. La Cour supr\u00eame a confirm\u00e9 la condamnation \u00e0 mort de Soheila Abedi. Elle a \u00e9t\u00e9 inform\u00e9e que si elle n\u2019obtenait pas le consentement de la famille de la victime, elle sera ex\u00e9cut\u00e9e d\u2019ici un mois.<\/p>\n\n\n\n<p>L&#8217;Iran d\u00e9tient le record mondial d&#8217;ex\u00e9cution de femmes et le taux d&#8217;ex\u00e9cution par habitant parmi tous les pays. Quinze femmes sont en moyenne ex\u00e9cut\u00e9es chaque ann\u00e9e en Iran&nbsp;; des ex\u00e9cutions tout \u00e0 fait injustifi\u00e9es.<\/p>\n\n\n\n<h3 class=\"wp-block-heading\"><strong>Intensification des violences contre les femmes iraniennes pour le port obligatoire du hijab<\/strong><\/h3>\n\n\n\n<p>Parall\u00e8lement \u00e0 l&#8217;augmentation de la pression exerc\u00e9e sur les <a href=\"https:\/\/www.iranfocus.com\/fr\/iran\/femmes\/11412-des-femmes-prisonnieres-politiques-attaquees-dans-la-prison-iranienne-de-qarchak\/\" target=\"_blank\" rel=\"noreferrer noopener\">prisonni\u00e8res<\/a> politiques et les militantes civiles, le r\u00e9gime cl\u00e9rical a \u00e9galement intensifi\u00e9 sa r\u00e9pression contre les femmes pour le port obligatoire du hijab.<\/p>\n\n\n\n<p>En octobre, un clip vid\u00e9o diffus\u00e9 sur les m\u00e9dias sociaux a indign\u00e9 le public par l\u2019intensit\u00e9 de la brutalit\u00e9 employ\u00e9e lors de l&#8217;arrestation d&#8217;une jeune femme.<\/p>\n\n\n\n<p>\u00c0 T\u00e9h\u00e9ran, des agents en civil ont tra\u00een\u00e9 la femme en lui lan\u00e7ant une corde au cou. Ils l&#8217;ont tir\u00e9e \u00e0 l&#8217;int\u00e9rieur d&#8217;un fourgon appartenant \u00e0 la police de la grande agglom\u00e9ration de T\u00e9h\u00e9ran. Au m\u00eame moment, un agent f\u00e9minin lui tirait les cheveux et un agent masculin la for\u00e7ait \u00e0 entrer dans le v\u00e9hicule.<\/p>\n\n\n\n<p>Pour justifier la conduite de ses agents et apaiser l&#8217;indignation du public, Hossein Achtari, commandant g\u00e9n\u00e9ral des forces de s\u00e9curit\u00e9 de l&#8217;\u00c9tat, a d\u00e9clar\u00e9 : &#8220;L&#8217;arrestation de cette femme n&#8217;\u00e9tait pas li\u00e9e au hijab, et les agents avaient un mandat d&#8217;arr\u00eat !&#8221;. (Le journal d&#8217;\u00c9tat Setareh Sobh &#8211; 18 octobre 2021).<\/p>\n\n\n\n<p>Un tel traitement est injustifiable, m\u00eame pour les criminels.<\/p>\n\n\n\n<div class=\"wp-block-image\"><figure class=\"aligncenter size-full is-resized\"><img decoding=\"async\" src=\"data:image\/gif;base64,R0lGODlhAQABAIAAAAAAAP\/\/\/yH5BAEAAAAALAAAAAABAAEAAAIBRAA7\" data-src=\"https:\/\/wncri.org\/fr\/wp-content\/uploads\/2021\/11\/The-savage-arrest-of-a-young-woman-in-Tehran-min.jpg\" alt=\"Intensification des violences contre les femmes iraniennes pour le port obligatoire du hijab \" class=\"wp-image-14426 lazyload\" width=\"854\" height=\"228\"\/><noscript><img decoding=\"async\" src=\"https:\/\/wncri.org\/fr\/wp-content\/uploads\/2021\/11\/The-savage-arrest-of-a-young-woman-in-Tehran-min.jpg\" alt=\"Intensification des violences contre les femmes iraniennes pour le port obligatoire du hijab \" class=\"wp-image-14426 lazyload\" width=\"854\" height=\"228\" srcset=\"https:\/\/wncri.org\/fr\/wp-content\/uploads\/2021\/11\/The-savage-arrest-of-a-young-woman-in-Tehran-min.jpg 750w, https:\/\/wncri.org\/fr\/wp-content\/uploads\/2021\/11\/The-savage-arrest-of-a-young-woman-in-Tehran-min-300x80.jpg 300w\" sizes=\"(max-width: 854px) 100vw, 854px\" \/><\/noscript><\/figure><\/div>\n\n\n\n<p>Dans la lign\u00e9e de l&#8217;institutionnalisation du traitement sauvage des femmes sous le pr\u00e9texte du hijab obligatoire, le r\u00e9gime cl\u00e9rical a ouvert une nouvelle \u00e9cole donnant des licences pour relancer la promotion de la vertu et la prohibition du mal. Mehran Samadi, le commandant de la garnison de la promotion de la vertu et de l&#8217;interdiction du mal, a d\u00e9clar\u00e9 : &#8220;Ceux qui souhaitent faire partie des groupes qui donnent des avertissements (dans les rues) peuvent choisir leur sp\u00e9cialit\u00e9 et leur sujet de pr\u00e9occupation et s&#8217;inscrire via un site Web appel\u00e9 &#8220;meidan-e motalebeh.&#8221; En dix jours, ils peuvent recevoir des licences l\u00e9gales et officielles pour avertir officiellement le public.&#8221; (Le journal d&#8217;\u00c9tat Jomhouri &#8211; 18 octobre 2021)<\/p>\n\n\n\n<p>Un mollah, Khan-Mohammadi, adjoint social au personnel de la promotion de la vertu et de l&#8217;interdiction du vice, a d\u00e9clar\u00e9 : &#8220;Nous nous effor\u00e7ons s\u00e9rieusement de supprimer rapidement et de traiter l\u00e9galement les robes et v\u00eatements non conventionnels.&#8221; (L&#8217;agence de presse officielle Fars &#8211; 27 octobre 2021)<\/p>\n\n\n\n<p>Ardechir Gueravand, sociologue, s&#8217;est interrog\u00e9 sur le succ\u00e8s des patrouilles morales du r\u00e9gime pour imposer le hijab obligatoire aux femmes. Il a d\u00e9clar\u00e9 : &#8220;La question \u00e0 laquelle nous devons r\u00e9pondre est de savoir si nous avons \u00e9t\u00e9 en mesure d&#8217;atteindre notre objectif de promotion du hijab et de la chastet\u00e9.&#8221; (Le site d&#8217;\u00c9tat Entekhab.com &#8211; 17 octobre 2021)<\/p>\n\n\n\n<div data-wp-interactive=\"core\/file\" class=\"wp-block-file\"><object data-wp-bind--hidden=\"!state.hasPdfPreview\" hidden class=\"wp-block-file__embed\" data=\"https:\/\/wncri.org\/fr\/wp-content\/uploads\/2021\/11\/Rapport-mensuel-doctobre-2021.pdf\" type=\"application\/pdf\" style=\"width:100%;height:600px\" aria-label=\"Embed of Embed of Rapport-mensuel-doctobre-2021..\"><\/object><a href=\"https:\/\/wncri.org\/fr\/wp-content\/uploads\/2021\/11\/Rapport-mensuel-doctobre-2021.pdf\">Rapport-mensuel-doctobre-2021<\/a><a href=\"https:\/\/wncri.org\/fr\/wp-content\/uploads\/2021\/11\/Rapport-mensuel-doctobre-2021.pdf\" class=\"wp-block-file__button\" download>Download<\/a><\/div>\n","protected":false},"excerpt":{"rendered":"<p>Le r\u00e9gime intensifie la violence contre les femmes iraniennes \u2013 Davantage d&#8217;arrestations, de d\u00e9tentions et d&#8217;ex\u00e9cutions Le r\u00e9gime cl\u00e9rical a intensifi\u00e9 la pression sur les prisonniers politiques. Il a proc\u00e9d\u00e9 \u00e0 de nouvelles condamnations \u00e0 mort en octobre, \u00e0 la veille du deuxi\u00e8me anniversaire du soul\u00e8vement de novembre 2019. Dans le m\u00eame temps, le r\u00e9gime [&hellip;]<\/p>\n","protected":false},"author":4,"featured_media":14421,"comment_status":"closed","ping_status":"closed","sticky":false,"template":"","format":"standard","meta":{"jnews-multi-image_gallery":[],"jnews_single_post":{"subtitle":"","format":"standard","video":"","gallery":"","source_name":"","source_url":"","via_name":"","via_url":"","override":[{"template":"1","single_blog_custom":"","parallax":"1","fullscreen":"1","layout":"right-sidebar","sidebar":"default-sidebar","second_sidebar":"default-sidebar","sticky_sidebar":"1","share_position":"top","share_float_style":"share-monocrhome","show_share_counter":"1","show_view_counter":"1","show_featured":"1","show_post_meta":"1","show_post_author":"1","show_post_author_image":"1","show_post_date":"1","post_date_format":"default","post_date_format_custom":"Y\/m\/d","show_post_category":"1","post_reading_time_wpm":"300","zoom_button_out_step":"2","zoom_button_in_step":"3","show_post_tag":"1","show_prev_next_post":"1","show_popup_post":"1","number_popup_post":"1"}],"image_override":[{"single_post_thumbnail_size":"crop-500","single_post_gallery_size":"crop-500"}],"trending_post_position":"meta","trending_post_label":"Trending","sponsored_post_label":"Sponsored by","sponsored_post_name":"","sponsored_post_url":"","sponsored_post_logo":"","sponsored_post_desc":""},"jnews_primary_category":{"id":""},"jnews_social_meta":[],"jnews_override_counter":{"view_counter_number":"0","share_counter_number":"0","like_counter_number":"0","dislike_counter_number":"0"},"footnotes":""},"categories":[7],"tags":[367,370,376],"class_list":["post-14414","post","type-post","status-publish","format-standard","has-post-thumbnail","hentry","category-les-regles","tag-execution","tag-prisonnieres","tag-violence-contre-les-femmes"],"_links":{"self":[{"href":"https:\/\/wncri.org\/fr\/wp-json\/wp\/v2\/posts\/14414","targetHints":{"allow":["GET"]}}],"collection":[{"href":"https:\/\/wncri.org\/fr\/wp-json\/wp\/v2\/posts"}],"about":[{"href":"https:\/\/wncri.org\/fr\/wp-json\/wp\/v2\/types\/post"}],"author":[{"embeddable":true,"href":"https:\/\/wncri.org\/fr\/wp-json\/wp\/v2\/users\/4"}],"replies":[{"embeddable":true,"href":"https:\/\/wncri.org\/fr\/wp-json\/wp\/v2\/comments?post=14414"}],"version-history":[{"count":0,"href":"https:\/\/wncri.org\/fr\/wp-json\/wp\/v2\/posts\/14414\/revisions"}],"wp:featuredmedia":[{"embeddable":true,"href":"https:\/\/wncri.org\/fr\/wp-json\/wp\/v2\/media\/14421"}],"wp:attachment":[{"href":"https:\/\/wncri.org\/fr\/wp-json\/wp\/v2\/media?parent=14414"}],"wp:term":[{"taxonomy":"category","embeddable":true,"href":"https:\/\/wncri.org\/fr\/wp-json\/wp\/v2\/categories?post=14414"},{"taxonomy":"post_tag","embeddable":true,"href":"https:\/\/wncri.org\/fr\/wp-json\/wp\/v2\/tags?post=14414"}],"curies":[{"name":"wp","href":"https:\/\/api.w.org\/{rel}","templated":true}]}}