{"id":14397,"date":"2021-11-05T20:05:00","date_gmt":"2021-11-05T19:05:00","guid":{"rendered":"https:\/\/wncri.org\/fr\/?p=14397"},"modified":"2021-11-06T20:13:30","modified_gmt":"2021-11-06T19:13:30","slug":"saba-retourne-a-la-prison-de-qarchak-avant-davoir-termine-son-traitement","status":"publish","type":"post","link":"https:\/\/wncri.org\/fr\/2021\/11\/05\/saba-retourne-a-la-prison-de-qarchak-avant-davoir-termine-son-traitement\/","title":{"rendered":"Saba retourne \u00e0 la prison de Qarchak avant d&#8217;avoir termin\u00e9 son traitement m\u00e9dical."},"content":{"rendered":"\n<p>Saba retourne \u00e0 la prison de Qarchak avant d&#8217;avoir termin\u00e9 son traitement m\u00e9dical.<\/p>\n\n\n\n<p>CNRI Femmes &#8211; Saba Kord Afchari est retourn\u00e9e \u00e0 la prison de Qarchak en Iran le jeudi 4 novembre 2021, avant d&#8217;avoir termin\u00e9 son traitement m\u00e9dical.<\/p>\n\n\n\n<p>Saba souffre de l&#8217;estomac. Les autorit\u00e9s p\u00e9nitentiaires ont rejet\u00e9 sa demande de prolongation de sortie alors qu&#8217;elle n\u2019avait pas termin\u00e9 son traitement m\u00e9dical.<\/p>\n\n\n\n<p>Saba Kord Afchari avait \u00e9t\u00e9 envoy\u00e9e en cong\u00e9 maladie le 23 octobre 2021.<\/p>\n\n\n\n<p>Cette prisonni\u00e8re politique a subi diverses formes de stress psychologique et de pression physique \u00e0 la prison de Qarchak. Une prisonni\u00e8re de droit commun a r\u00e9cemment menac\u00e9 de la tuer.<\/p>\n\n\n\n<p>Une source de la prison de Qarchak a d\u00e9clar\u00e9 que deux prisonni\u00e8res de droit commun avaient \u00e9t\u00e9 transf\u00e9r\u00e9es du quartier 6 apr\u00e8s une protestation des d\u00e9tenues.&nbsp;<\/p>\n\n\n\n<p>Ces deux d\u00e9tenues avaient harcel\u00e9 et menac\u00e9 d&#8217;autres prisonni\u00e8res. Le 5 septembre, l&#8217;une d&#8217;elles s\u2019est tenue \u00e0 l&#8217;ext\u00e9rieur du quartier 6, montrant une lame de rasoir \u00e0 <a href=\"https:\/\/wncri.org\/2021\/03\/04\/ncri-womens-committee-annual-report-2021-on-women-in-iran\/\" target=\"_blank\" rel=\"noreferrer noopener\">Saba Kord Afchari<\/a>, a ajout\u00e9 la source.<\/p>\n\n\n\n<p>La source a d\u00e9clar\u00e9 qu&#8217;il semblait que la dangereuse criminelle avait \u00e9t\u00e9 incit\u00e9 par les autorit\u00e9s p\u00e9nitentiaires \u00e0 agir de la sorte.<\/p>\n\n\n\n<p>Saba Kord Afchari s&#8217;est plainte aupr\u00e8s des autorit\u00e9s p\u00e9nitentiaires, mais on lui a r\u00e9pondu que la d\u00e9tenue serait finalement renvoy\u00e9e au quartier 6.<\/p>\n\n\n\n<h3 class=\"wp-block-heading\"><strong>Condamn\u00e9e \u00e0 24 ans pour s&#8217;\u00eatre oppos\u00e9e au port du voile obligatoire<\/strong><\/h3>\n\n\n\n<p>Saba Kord Afchari a \u00e9t\u00e9 <a href=\"https:\/\/wncri.org\/fr\/2021\/01\/28\/saba-kord-afshari-trainee-sur-le-sol-par-les-cheveux-dans-un-transfert-de-prison\/\" target=\"_blank\" rel=\"noreferrer noopener\">violemment transf\u00e9r\u00e9e du quartier 8<\/a> au quartier 6 le 26 janvier 2021, o\u00f9 elle a ensuite <a href=\"https:\/\/wncri.org\/fr\/2021\/03\/14\/saba-kord-afshari-a-contracte\/\" target=\"_blank\" rel=\"noreferrer noopener\">contract\u00e9 le Covid-19<\/a>. La relocalisation de cette prisonni\u00e8re politique viole le principe de s\u00e9paration des d\u00e9lits.<\/p>\n\n\n\n<p>Saba Kord Afchari, 23 ans, opposante d\u00e9clar\u00e9e au voile obligatoire, a \u00e9t\u00e9 arr\u00eat\u00e9e le 1er juin 2019. <a href=\"https:\/\/wncri.org\/fr\/2019\/08\/27\/24-ans-de-prison-pour-saba-kord-afchari-pour-refuser-des-aveux-televises\/\" target=\"_blank\" rel=\"noreferrer noopener\">Le tribunal r\u00e9volutionnaire de T\u00e9h\u00e9ran<\/a> a prononc\u00e9 une peine de <a href=\"https:\/\/wncri.org\/fr\/2020\/11\/10\/24-ans-de-prison\/\" target=\"_blank\" rel=\"noreferrer noopener\">24 ans de prison<\/a> \u00e0 son encontre le 19 ao\u00fbt 2019.<\/p>\n\n\n\n<p>La peine comprenait 15 ans pour &#8220;promotion de la corruption et de la prostitution&#8221;, 1,5 an pour &#8220;propagande contre l&#8217;\u00c9tat&#8221; et 7,5 ans pour &#8220;association et collusion contre la s\u00e9curit\u00e9 nationale.&#8221;<\/p>\n\n\n\n<p>Saba Kord Afchari avait d\u00e9j\u00e0 \u00e9t\u00e9 arr\u00eat\u00e9e en ao\u00fbt 2018 lors de manifestations de rue \u00e0 T\u00e9h\u00e9ran. Elle avait \u00e9t\u00e9 emmen\u00e9e \u00e0 la prison de Qarchak et d\u00e9tenue sans avoir \u00e9t\u00e9 jug\u00e9e. Elle a finalement \u00e9t\u00e9 <a href=\"https:\/\/wncri.org\/2018\/10\/19\/yasamin-ariani-saba-kord-sentenced-one-year-jail\/\" target=\"_blank\" rel=\"noreferrer noopener\">condamn\u00e9e \u00e0 un an de prison<\/a> pour &#8220;trouble de l&#8217;ordre public&#8221; et transf\u00e9r\u00e9e dans le quartier des femmes de la prison d&#8217;Evine. Saba Kord Afchari avait <a href=\"https:\/\/wncri.org\/fr\/2019\/02\/25\/saba-kord-afshari-et-yasamine-ariani-denonce-une-amnistie-d-operette\/\" target=\"_blank\" rel=\"noreferrer noopener\">\u00e9t\u00e9 ensuite lib\u00e9r\u00e9e<\/a> en f\u00e9vrier 2019.<\/p>\n\n\n\n<p>Apr\u00e8s sa nouvelle arrestation en juin 2019, Saba Kord Afchari a \u00e9t\u00e9 conduite \u00e0 la prison de Qarchak, \u00e0 Varamine. Le 2 juillet, elle a \u00e9t\u00e9 transf\u00e9r\u00e9e au quartier 2A de la prison d&#8217;Evine. Ce quartier rel\u00e8ve des services de renseignement des pasdarans. Saba a <a href=\"https:\/\/wncri.org\/fr\/2019\/06\/03\/saba-kord-afshari-a-nouveau-arretee-atena-daemi-incriminee\/\" target=\"_blank\" rel=\"noreferrer noopener\">subi des pressions<\/a> pour faire de faux aveux t\u00e9l\u00e9vis\u00e9s contre sa volont\u00e9. Elle a ensuite \u00e9t\u00e9 renvoy\u00e9e \u00e0 Qarchak et finalement transf\u00e9r\u00e9e dans le quartier des femmes d&#8217;Evine le 13 ao\u00fbt 2019.<\/p>\n\n\n\n<p><a href=\"https:\/\/wncri.org\/fr\/2020\/08\/24\/situation-dangereuse-des-prisonnieres-politiques-a-qarchak-en-iran\/\" target=\"_blank\" rel=\"noreferrer noopener\">La vie des prisonni\u00e8res politiques est en danger<\/a> \u00e0 la prison de Qarchak. Non seulement leurs conditions de vie et sanitaires sont catastrophiques, mais elles n&#8217;ont aucune s\u00e9curit\u00e9 car elles sont harcel\u00e9es et menac\u00e9es par de dangereuses criminelles engag\u00e9es par les autorit\u00e9s p\u00e9nitentiaires et le minist\u00e8re du Renseignement.<\/p>\n","protected":false},"excerpt":{"rendered":"<p>Saba retourne \u00e0 la prison de Qarchak avant d&#8217;avoir termin\u00e9 son traitement m\u00e9dical. CNRI Femmes &#8211; Saba Kord Afchari est retourn\u00e9e \u00e0 la prison de Qarchak en Iran le jeudi 4 novembre 2021, avant d&#8217;avoir termin\u00e9 son traitement m\u00e9dical. Saba souffre de l&#8217;estomac. Les autorit\u00e9s p\u00e9nitentiaires ont rejet\u00e9 sa demande de prolongation de sortie alors [&hellip;]<\/p>\n","protected":false},"author":4,"featured_media":14398,"comment_status":"closed","ping_status":"closed","sticky":false,"template":"","format":"standard","meta":{"jnews-multi-image_gallery":[],"jnews_single_post":{"subtitle":"","format":"standard","video":"","gallery":"","source_name":"","source_url":"","via_name":"","via_url":"","override":[{"template":"1","single_blog_custom":"","parallax":"1","fullscreen":"1","layout":"right-sidebar","sidebar":"default-sidebar","second_sidebar":"default-sidebar","sticky_sidebar":"1","share_position":"top","share_float_style":"share-monocrhome","show_share_counter":"1","show_view_counter":"1","show_featured":"1","show_post_meta":"1","show_post_author":"1","show_post_author_image":"1","show_post_date":"1","post_date_format":"default","post_date_format_custom":"Y\/m\/d","show_post_category":"1","post_reading_time_wpm":"300","zoom_button_out_step":"2","zoom_button_in_step":"3","show_post_tag":"1","show_prev_next_post":"1","show_popup_post":"1","number_popup_post":"1"}],"image_override":[{"single_post_thumbnail_size":"crop-500","single_post_gallery_size":"crop-500"}],"trending_post_position":"meta","trending_post_label":"Trending","sponsored_post_label":"Sponsored by","sponsored_post_name":"","sponsored_post_url":"","sponsored_post_logo":"","sponsored_post_desc":""},"jnews_primary_category":{"id":""},"jnews_social_meta":[],"jnews_override_counter":{"view_counter_number":"0","share_counter_number":"0","like_counter_number":"0","dislike_counter_number":"0"},"footnotes":""},"categories":[3],"tags":[370],"class_list":["post-14397","post","type-post","status-publish","format-standard","has-post-thumbnail","hentry","category-infos-des-femmes","tag-prisonnieres"],"_links":{"self":[{"href":"https:\/\/wncri.org\/fr\/wp-json\/wp\/v2\/posts\/14397","targetHints":{"allow":["GET"]}}],"collection":[{"href":"https:\/\/wncri.org\/fr\/wp-json\/wp\/v2\/posts"}],"about":[{"href":"https:\/\/wncri.org\/fr\/wp-json\/wp\/v2\/types\/post"}],"author":[{"embeddable":true,"href":"https:\/\/wncri.org\/fr\/wp-json\/wp\/v2\/users\/4"}],"replies":[{"embeddable":true,"href":"https:\/\/wncri.org\/fr\/wp-json\/wp\/v2\/comments?post=14397"}],"version-history":[{"count":0,"href":"https:\/\/wncri.org\/fr\/wp-json\/wp\/v2\/posts\/14397\/revisions"}],"wp:featuredmedia":[{"embeddable":true,"href":"https:\/\/wncri.org\/fr\/wp-json\/wp\/v2\/media\/14398"}],"wp:attachment":[{"href":"https:\/\/wncri.org\/fr\/wp-json\/wp\/v2\/media?parent=14397"}],"wp:term":[{"taxonomy":"category","embeddable":true,"href":"https:\/\/wncri.org\/fr\/wp-json\/wp\/v2\/categories?post=14397"},{"taxonomy":"post_tag","embeddable":true,"href":"https:\/\/wncri.org\/fr\/wp-json\/wp\/v2\/tags?post=14397"}],"curies":[{"name":"wp","href":"https:\/\/api.w.org\/{rel}","templated":true}]}}