{"id":14334,"date":"2021-10-24T12:38:00","date_gmt":"2021-10-24T10:38:00","guid":{"rendered":"https:\/\/wncri.org\/fr\/?p=14334"},"modified":"2021-11-01T12:10:20","modified_gmt":"2021-11-01T11:10:20","slug":"reyhaneh-jabbari-symbolise-le-sort-des-femmes-innocentes-sous","status":"publish","type":"post","link":"https:\/\/wncri.org\/fr\/2021\/10\/24\/reyhaneh-jabbari-symbolise-le-sort-des-femmes-innocentes-sous\/","title":{"rendered":"Reyhaneh Jabbari illustre le sort des femmes iraniennes innocentes aux mains de mollahs misogynes"},"content":{"rendered":"\n<p>Reyhaneh Jabbari illustre le sort des femmes iraniennes innocentes aux mains de mollahs misogynes.<\/p>\n\n\n\n<p>CNRI Femmes &#8211; Le 25 octobre marque l&#8217;anniversaire de la pendaison de <a href=\"https:\/\/wncri.org\/2014\/11\/26\/special-report-reyhaneh-jabbari-s-execution\/\" target=\"_blank\" rel=\"noreferrer noopener\">Reyhaneh Jabbari<\/a> en 2014 en Iran.<\/p>\n\n\n\n<p>Reyhaneh Jabbari est <a href=\"https:\/\/wncri.org\/fr\/2017\/10\/28\/en-souvenir-de-reyhaneh-pour-l-anniversaire-de-son-envol-en-iran\/\" target=\"_blank\" rel=\"noreferrer noopener\">mont\u00e9e sur la potence<\/a> \u00e0 l&#8217;aube du samedi 25 octobre 2014, apr\u00e8s sept ans d&#8217;incarc\u00e9ration.<\/p>\n\n\n\n<p>Depuis lors, Reyhaneh <a href=\"https:\/\/wncri.org\/fr\/2017\/10\/28\/en-souvenir-de-reyhaneh-pour-l-anniversaire-de-son-envol-en-iran\/\" target=\"_blank\" rel=\"noreferrer noopener\">est le symbole des femmes iraniennes<\/a> sans d\u00e9fense victimes de la peine de mort. Dans le m\u00eame temps, elle est devenue une ic\u00f4ne pour les femmes courageuses qui ne c\u00e8dent pas au r\u00e9gime iranien et \u00e0 ses exigences.<\/p>\n\n\n\n<p>Elle avait 26 ans au moment de son ex\u00e9cution. Architecte d&#8217;int\u00e9rieur de profession, elle s&#8217;\u00e9tait d\u00e9fendue contre un haut fonctionnaire du minist\u00e8re du Renseignement (VEVAK), Morteza Sarbandi qui tentait de la violer. Reyhaneh a \u00e9t\u00e9 vicieusement tortur\u00e9e pour faire de faux aveux qui auraient blanchi les m\u00e9thodes et l&#8217;image du minist\u00e8re du Renseignement, mais elle n&#8217;a pas c\u00e9d\u00e9. Au lieu de cela, elle a \u00e9crit sur cet incident et sur les nombreuses femmes d\u00e9tenues dans les prisons des mollahs dont le seul crime \u00e9tait d&#8217;\u00eatre pauvres.<\/p>\n\n\n\n<div class=\"wp-block-image\"><figure class=\"aligncenter size-full\"><img decoding=\"async\" src=\"data:image\/gif;base64,R0lGODlhAQABAIAAAAAAAP\/\/\/yH5BAEAAAAALAAAAAABAAEAAAIBRAA7\" data-src=\"https:\/\/wncri.org\/fr\/wp-content\/uploads\/2021\/11\/Reyhaneh-infographic-2021-fr-min.jpg\" alt=\"\" class=\"wp-image-14379 lazyload\"\/><noscript><img decoding=\"async\" width=\"750\" height=\"996\" src=\"https:\/\/wncri.org\/fr\/wp-content\/uploads\/2021\/11\/Reyhaneh-infographic-2021-fr-min.jpg\" alt=\"\" class=\"wp-image-14379 lazyload\" srcset=\"https:\/\/wncri.org\/fr\/wp-content\/uploads\/2021\/11\/Reyhaneh-infographic-2021-fr-min.jpg 750w, https:\/\/wncri.org\/fr\/wp-content\/uploads\/2021\/11\/Reyhaneh-infographic-2021-fr-min-226x300.jpg 226w\" sizes=\"(max-width: 750px) 100vw, 750px\" \/><\/noscript><\/figure><\/div>\n\n\n\n<p>Dans ses \u00e9crits depuis la prison, Reyhaneh a d\u00e9peint la discrimination exerc\u00e9e \u00e0 l&#8217;encontre des femmes et plus particuli\u00e8rement par les autorit\u00e9s du syst\u00e8me judiciaire. Dans l&#8217;un de ses <a href=\"https:\/\/wncri.org\/2015\/10\/25\/memory-reyhaneh-jabbari\/\" target=\"_blank\" rel=\"noreferrer noopener\">derniers \u00e9crits<\/a>, elle a d\u00e9clar\u00e9 :<\/p>\n\n\n\n<p>\u00ab&nbsp;Je m\u2019appelle Reyhaneh Jabbari et j&#8217;ai 26 ans.<\/p>\n\n\n\n<p>J&#8217;admets que je n&#8217;ai plus envie de vivre ce genre de vie. Il me semble que la vie ne consiste pas seulement \u00e0 respirer et \u00e0 passer les jours et les nuits.<\/p>\n\n\n\n<p>J&#8217;ai pass\u00e9 des jours et des nuits \u00e0 me demander pourquoi cet incident s&#8217;est produit ? Pourquoi Sarbani est-il devenu avide de ma vie et de mon corps ? Comment cet homme grand et fort a-t-il pu tomber ? La r\u00e9ponse que j&#8217;ai obtenue est que nos motivations ont tir\u00e9 les deux extr\u00e9mit\u00e9s oppos\u00e9es de la corde du destin. D&#8217;un c\u00f4t\u00e9, il y avait lui, avec sa motivation \u00e0 rechercher le plaisir et faire usage de la force. De l&#8217;autre c\u00f4t\u00e9, il y avait moi, motiv\u00e9e par le d\u00e9sir d&#8217;\u00e9chapper \u00e0 sa contrainte. C&#8217;est ce que j&#8217;ai d\u00e9couvert apr\u00e8s avoir parl\u00e9 avec des femmes en prison. Quelle d\u00e9couverte que plusieurs juges n&#8217;ont pas \u00e9t\u00e9 capables de faire !<\/p>\n\n\n\n<p>Je m\u2019appelle Reyhaneh Jabbari, et j&#8217;ai 26 ans. Et je me demande encore que lorsque des filles humili\u00e9es et insult\u00e9es sont exploit\u00e9es sexuellement, et qu&#8217;elles ne veulent pas \u00eatre esclaves, aupr\u00e8s de qui elles peuvent se r\u00e9fugier ? Y a-t-il un gouvernement ou un citoyen ordinaire ou toute autre responsable pour apporter un soutien \u00e0 ces filles ?<\/p>\n\n\n\n<p>Je m&#8217;appelle Reyhaneh Jabbari et j&#8217;ai 26 ans. Je porte sur mes \u00e9paules le poids des souffrances dont j&#8217;ai entendu parler. Je me sens responsable de parler de ce que j&#8217;ai appris dans les profondeurs de notre soci\u00e9t\u00e9 et dans le centre pour criminels, la prison. Peut-\u00eatre puis-je faire un pas et apporter ma petite contribution pour changer le destin de ces femmes. Je tiens \u00e0 souligner qu&#8217;aucune femme ne tombe dans le pi\u00e8ge de la prostitution si elle n&#8217;a pas \u00e9t\u00e9 viol\u00e9e.<\/p>\n\n\n\n<p>J&#8217;ai fait confiance \u00e0 la posture paternelle et religieuse de Sarbandi. Il aurait pu me faire un tel sort si je ne l&#8217;avais pas frapp\u00e9 \u00e0 l&#8217;\u00e9paule. Mais la loi sans vie, domin\u00e9e par les hommes, d\u00e9fend les hommes.<\/p>\n\n\n\n<p>Moi, Reyhaneh Jabbari, j&#8217;ai appris \u00e0 21 ans que le tribunal domin\u00e9 par les hommes n&#8217;approuvait pas que je me d\u00e9fende contre Sarbandi. Ils ne se sont pas mis \u00e0 ma place, ne serait-ce qu&#8217;un instant, et ils ont tenu le proc\u00e8s sans pr\u00eater la moindre attention \u00e0 mes paroles et sans examiner les raisons \u00e9num\u00e9r\u00e9es dans la d\u00e9fense par mes avocats.<\/p>\n\n\n\n<p>Et \u00e0 chaque fois, le juge Tardast m&#8217;a assailli avec son visage rempli de m\u00e9pris. Lors d&#8217;une audience, il m&#8217;a dit sans vergogne que j&#8217;aurais d\u00fb le laisser me violer et ensuite porter plainte contre lui ! Toutes ses questions \u00e9taient humiliantes comme si j&#8217;avais \u00e9t\u00e9 une de ces femmes aspir\u00e9es par le cycle de la prostitution.&nbsp;\u00bb<\/p>\n\n\n\n<p>L&#8217;ex\u00e9cution de Reyhaneh Jabbari a \u00e9t\u00e9 largement couverte par les m\u00e9dias du monde entier, qui ont \u00e9voqu\u00e9 la violation flagrante des droits humains par le r\u00e9gime iranien. Amnesty International a condamn\u00e9 son ex\u00e9cution comme &#8220;une nouvelle tache sanglante sur le bilan de l&#8217;Iran en mati\u00e8re de droits de l&#8217;homme&#8221; et &#8220;un affront \u00e0 la justice&#8221;.<\/p>\n","protected":false},"excerpt":{"rendered":"<p>Reyhaneh Jabbari illustre le sort des femmes iraniennes innocentes aux mains de mollahs misogynes. CNRI Femmes &#8211; Le 25 octobre marque l&#8217;anniversaire de la pendaison de Reyhaneh Jabbari en 2014 en Iran. Reyhaneh Jabbari est mont\u00e9e sur la potence \u00e0 l&#8217;aube du samedi 25 octobre 2014, apr\u00e8s sept ans d&#8217;incarc\u00e9ration. Depuis lors, Reyhaneh est le [&hellip;]<\/p>\n","protected":false},"author":4,"featured_media":14335,"comment_status":"closed","ping_status":"closed","sticky":false,"template":"","format":"standard","meta":{"jnews-multi-image_gallery":[],"jnews_single_post":{"subtitle":"","format":"standard","video":"","gallery":"","source_name":"","source_url":"","via_name":"","via_url":"","override":[{"template":"1","single_blog_custom":"","parallax":"1","fullscreen":"1","layout":"right-sidebar","sidebar":"default-sidebar","second_sidebar":"default-sidebar","sticky_sidebar":"1","share_position":"top","share_float_style":"share-monocrhome","show_share_counter":"1","show_view_counter":"1","show_featured":"1","show_post_meta":"1","show_post_author":"1","show_post_author_image":"1","show_post_date":"1","post_date_format":"default","post_date_format_custom":"Y\/m\/d","show_post_category":"1","post_reading_time_wpm":"300","zoom_button_out_step":"2","zoom_button_in_step":"3","show_post_tag":"1","show_prev_next_post":"1","show_popup_post":"1","number_popup_post":"1"}],"image_override":[{"single_post_thumbnail_size":"crop-500","single_post_gallery_size":"crop-500"}],"trending_post_position":"meta","trending_post_label":"Trending","sponsored_post_label":"Sponsored by","sponsored_post_name":"","sponsored_post_url":"","sponsored_post_logo":"","sponsored_post_desc":""},"jnews_primary_category":{"id":""},"jnews_social_meta":[],"jnews_override_counter":{"view_counter_number":"0","share_counter_number":"0","like_counter_number":"0","dislike_counter_number":"0"},"footnotes":""},"categories":[8],"tags":[367,376],"class_list":["post-14334","post","type-post","status-publish","format-standard","has-post-thumbnail","hentry","category-articles","tag-execution","tag-violence-contre-les-femmes"],"_links":{"self":[{"href":"https:\/\/wncri.org\/fr\/wp-json\/wp\/v2\/posts\/14334","targetHints":{"allow":["GET"]}}],"collection":[{"href":"https:\/\/wncri.org\/fr\/wp-json\/wp\/v2\/posts"}],"about":[{"href":"https:\/\/wncri.org\/fr\/wp-json\/wp\/v2\/types\/post"}],"author":[{"embeddable":true,"href":"https:\/\/wncri.org\/fr\/wp-json\/wp\/v2\/users\/4"}],"replies":[{"embeddable":true,"href":"https:\/\/wncri.org\/fr\/wp-json\/wp\/v2\/comments?post=14334"}],"version-history":[{"count":0,"href":"https:\/\/wncri.org\/fr\/wp-json\/wp\/v2\/posts\/14334\/revisions"}],"wp:featuredmedia":[{"embeddable":true,"href":"https:\/\/wncri.org\/fr\/wp-json\/wp\/v2\/media\/14335"}],"wp:attachment":[{"href":"https:\/\/wncri.org\/fr\/wp-json\/wp\/v2\/media?parent=14334"}],"wp:term":[{"taxonomy":"category","embeddable":true,"href":"https:\/\/wncri.org\/fr\/wp-json\/wp\/v2\/categories?post=14334"},{"taxonomy":"post_tag","embeddable":true,"href":"https:\/\/wncri.org\/fr\/wp-json\/wp\/v2\/tags?post=14334"}],"curies":[{"name":"wp","href":"https:\/\/api.w.org\/{rel}","templated":true}]}}