{"id":14329,"date":"2021-10-21T09:34:00","date_gmt":"2021-10-21T07:34:00","guid":{"rendered":"https:\/\/wncri.org\/fr\/?p=14329"},"modified":"2021-10-23T09:37:22","modified_gmt":"2021-10-23T07:37:22","slug":"arrestation-arbitraire-dune-femme-enceinte-et-dune-mere-avec-son-jeune","status":"publish","type":"post","link":"https:\/\/wncri.org\/fr\/2021\/10\/21\/arrestation-arbitraire-dune-femme-enceinte-et-dune-mere-avec-son-jeune\/","title":{"rendered":"Arrestation arbitraire d&#8217;une femme enceinte et d&#8217;une m\u00e8re avec son jeune enfant"},"content":{"rendered":"\n<p>CNRI Femmes \u2013 Les forces de s\u00e9curit\u00e9 ont <a href=\"https:\/\/iran-hrm.com\/2018\/10\/30\/no-news-of-pregnant-woman-arbitrarily-arrested-in-ahvaz\/\" target=\"_blank\" rel=\"noreferrer noopener\">arr\u00eat\u00e9<\/a> une femme enceinte, ainsi qu&#8217;une m\u00e8re et son jeune enfant. Les raisons de la d\u00e9tention de ces femmes ne sont pas connues.<\/p>\n\n\n\n<p>Le 14 octobre 2021, les forces de s\u00e9curit\u00e9 ont arr\u00eat\u00e9 Saada Khedira, qui est originaire de Piranchahr. Les forces de s\u00e9curit\u00e9 ont transf\u00e9r\u00e9 Mme Khedira, qui est enceinte, au centre de d\u00e9tention des services de renseignements \u00e0 Oroumieh, la capitale de la province d&#8217;Azerba\u00efdjan occidental. Bien qu&#8217;elle soit enceinte, cette femme se voit refuser l&#8217;acc\u00e8s aux services m\u00e9dicaux et aux visites de sa famille.<\/p>\n\n\n\n<h3 class=\"wp-block-heading\"><strong>M\u00e8re et enfant arr\u00eat\u00e9s ; situation inconnue<\/strong><\/h3>\n\n\n\n<p>Mitra Taghipour et son fils de 4 ans ont \u00e9t\u00e9 arr\u00eat\u00e9s \u00e0 la fronti\u00e8re de la ville de Mehran, dans la province frontali\u00e8re occidentale d&#8217;Ilam, il y a un mois. \u00c0 ce jour, aucune information n&#8217;est disponible sur le sort de cette m\u00e8re et de son enfant.<\/p>\n\n\n\n<p>Un proche de la famille a d\u00e9clar\u00e9 : &#8220;Les services de renseignement d&#8217;Ilam ont inform\u00e9 la famille Taghipour de l&#8217;arrestation par t\u00e9l\u00e9phone. Apr\u00e8s que la famille se soit adress\u00e9e aux services de renseignement d&#8217;Ilam, on leur a dit que Mitra Taghipour \u00e9tait l\u00e0 depuis 8 jours. Ils l&#8217;ont ensuite transf\u00e9r\u00e9e au centre de <a href=\"https:\/\/wncri.org\/fr\/2021\/10\/18\/prison-pour-femmes-de-dolatabad-a-ispahan-harcelement-des-prisonnier\/\" target=\"_blank\" rel=\"noreferrer noopener\">d\u00e9tention des gardiens de la r\u00e9volution<\/a> \u00e0 Ispahan. &#8220;<\/p>\n\n\n\n<p>Le 4 octobre 2021, apr\u00e8s le transfert de Mitra Taghipour et de son fils Mehrsam au centre de d\u00e9tention des gardiens de la r\u00e9volution d&#8217;Ispahan, aucune information n&#8217;est disponible sur leur sort.<\/p>\n\n\n\n<p>Mitra Taghipour, 40 ans, est titulaire d&#8217;une ma\u00eetrise en litt\u00e9rature persane. Mme Taghipour vit \u00e0 Ispahan. Sa famille tente d&#8217;obtenir la garde de son enfant de 4 ans, qui est d\u00e9tenu avec sa m\u00e8re. La famille n&#8217;a pas encore re\u00e7u de r\u00e9ponse des services de s\u00e9curit\u00e9.<\/p>\n","protected":false},"excerpt":{"rendered":"<p>CNRI Femmes \u2013 Les forces de s\u00e9curit\u00e9 ont arr\u00eat\u00e9 une femme enceinte, ainsi qu&#8217;une m\u00e8re et son jeune enfant. Les raisons de la d\u00e9tention de ces femmes ne sont pas connues. Le 14 octobre 2021, les forces de s\u00e9curit\u00e9 ont arr\u00eat\u00e9 Saada Khedira, qui est originaire de Piranchahr. Les forces de s\u00e9curit\u00e9 ont transf\u00e9r\u00e9 Mme [&hellip;]<\/p>\n","protected":false},"author":4,"featured_media":14330,"comment_status":"closed","ping_status":"closed","sticky":false,"template":"","format":"standard","meta":{"jnews-multi-image_gallery":[],"jnews_single_post":{"subtitle":"","format":"standard","video":"","gallery":"","source_name":"","source_url":"","via_name":"","via_url":"","override":[{"template":"1","single_blog_custom":"","parallax":"1","fullscreen":"1","layout":"right-sidebar","sidebar":"default-sidebar","second_sidebar":"default-sidebar","sticky_sidebar":"1","share_position":"top","share_float_style":"share-monocrhome","show_share_counter":"1","show_view_counter":"1","show_featured":"1","show_post_meta":"1","show_post_author":"1","show_post_author_image":"1","show_post_date":"1","post_date_format":"default","post_date_format_custom":"Y\/m\/d","show_post_category":"1","post_reading_time_wpm":"300","zoom_button_out_step":"2","zoom_button_in_step":"3","show_post_tag":"1","show_prev_next_post":"1","show_popup_post":"1","number_popup_post":"1"}],"image_override":[{"single_post_thumbnail_size":"crop-500","single_post_gallery_size":"crop-500"}],"trending_post_position":"meta","trending_post_label":"Trending","sponsored_post_label":"Sponsored by","sponsored_post_name":"","sponsored_post_url":"","sponsored_post_logo":"","sponsored_post_desc":""},"jnews_primary_category":{"id":""},"jnews_social_meta":[],"jnews_override_counter":{"view_counter_number":"0","share_counter_number":"0","like_counter_number":"0","dislike_counter_number":"0"},"footnotes":""},"categories":[3],"tags":[370,376],"class_list":["post-14329","post","type-post","status-publish","format-standard","has-post-thumbnail","hentry","category-infos-des-femmes","tag-prisonnieres","tag-violence-contre-les-femmes"],"_links":{"self":[{"href":"https:\/\/wncri.org\/fr\/wp-json\/wp\/v2\/posts\/14329","targetHints":{"allow":["GET"]}}],"collection":[{"href":"https:\/\/wncri.org\/fr\/wp-json\/wp\/v2\/posts"}],"about":[{"href":"https:\/\/wncri.org\/fr\/wp-json\/wp\/v2\/types\/post"}],"author":[{"embeddable":true,"href":"https:\/\/wncri.org\/fr\/wp-json\/wp\/v2\/users\/4"}],"replies":[{"embeddable":true,"href":"https:\/\/wncri.org\/fr\/wp-json\/wp\/v2\/comments?post=14329"}],"version-history":[{"count":0,"href":"https:\/\/wncri.org\/fr\/wp-json\/wp\/v2\/posts\/14329\/revisions"}],"wp:featuredmedia":[{"embeddable":true,"href":"https:\/\/wncri.org\/fr\/wp-json\/wp\/v2\/media\/14330"}],"wp:attachment":[{"href":"https:\/\/wncri.org\/fr\/wp-json\/wp\/v2\/media?parent=14329"}],"wp:term":[{"taxonomy":"category","embeddable":true,"href":"https:\/\/wncri.org\/fr\/wp-json\/wp\/v2\/categories?post=14329"},{"taxonomy":"post_tag","embeddable":true,"href":"https:\/\/wncri.org\/fr\/wp-json\/wp\/v2\/tags?post=14329"}],"curies":[{"name":"wp","href":"https:\/\/api.w.org\/{rel}","templated":true}]}}