{"id":14326,"date":"2021-10-20T22:24:00","date_gmt":"2021-10-20T20:24:00","guid":{"rendered":"https:\/\/wncri.org\/fr\/?p=14326"},"modified":"2021-10-22T22:26:30","modified_gmt":"2021-10-22T20:26:30","slug":"la-prisonniere-politique-kurde-mojgan-kavousi-transferee-illegalement","status":"publish","type":"post","link":"https:\/\/wncri.org\/fr\/2021\/10\/20\/la-prisonniere-politique-kurde-mojgan-kavousi-transferee-illegalement\/","title":{"rendered":"La prisonni\u00e8re politique kurde Mojgan Kavousi transf\u00e9r\u00e9e ill\u00e9galement et soumise \u00e0 des violences et des humiliations"},"content":{"rendered":"\n<p>CNRI Femmes &#8211; La prisonni\u00e8re politique kurde Mojgan Kavousi a contact\u00e9 sa famille pour d\u00e9noncer les terribles conditions de d\u00e9tention \u00e0 la prison pour femmes de Karadj. Elle a \u00e9galement indiqu\u00e9 avoir \u00e9t\u00e9 victime de violences et d&#8217;humiliations de la part des autorit\u00e9s lors de multiples transferts vers diverses prisons.<\/p>\n\n\n\n<p><a href=\"https:\/\/wncri.org\/fr\/2021\/10\/11\/la-prisonniere-politique-mojgan-kavousi-transferee-a-la-sinistre-prison\/\" target=\"_blank\" rel=\"noreferrer noopener\">Mme Kavousi<\/a> a \u00e9galement d\u00e9clar\u00e9 qu&#8217;elle avait \u00e9t\u00e9 contrainte \u00e0 plusieurs reprises de se soumettre \u00e0 une fouille corporelle compl\u00e8te par des agents f\u00e9minins de la prison de Nochahr, de l&#8217;inspection des prisons de Chahreri, de la police du minist\u00e8re de la S\u00e9curit\u00e9 morale de T\u00e9h\u00e9ran, des services de renseignement de Karadj et de la prison de Katchoui.<\/p>\n\n\n\n<p>La prisonni\u00e8re politique a protest\u00e9 \u00e0 plusieurs reprises contre ces humiliations. \u00ab&nbsp;Ces comportements sont un exemple clair de torture psychologique et une violation de la vie priv\u00e9e fondamentale d&#8217;une personne&nbsp;\u00bb, a-t-elle d\u00e9clar\u00e9.<\/p>\n\n\n\n<p>Dans son dernier appel \u00e0 sa famille, la prisonni\u00e8re politique kurde Mojgan Kavousi a assur\u00e9 qu&#8217;elle \u00ab&nbsp;s\u2019appuyait sur ses pens\u00e9es et ses convictions pour \u00eatre plus forte que toutes les pressions qu&#8217;elle doit subir&nbsp;\u00bb. \u00ab&nbsp;La r\u00e9sistance, c&#8217;est la vie&nbsp;\u00bb, a-t-elle d\u00e9clar\u00e9, \u00ab&nbsp;ce n&#8217;est pas un slogan, c\u2019est un concept viable&nbsp;\u00bb.<\/p>\n\n\n\n<h3 class=\"wp-block-heading\"><strong>Conditions inhumaines &nbsp;&nbsp;<\/strong><\/h3>\n\n\n\n<p><a href=\"https:\/\/wncri.org\/fr\/2020\/11\/04\/prisonnieres-politiques-en-iran\/\" target=\"_blank\" rel=\"noreferrer noopener\">Mojgan Kavousi<\/a> a \u00e9t\u00e9 d\u00e9tenue dans des conditions abominables pendant 3 jours, du 6 au 9 octobre, dans le centre de d\u00e9tention pour femmes des services de renseignement de Karadj. Cette prisonni\u00e8re politique a \u00e9t\u00e9 transf\u00e9r\u00e9e le 6 octobre. Elle avait \u00e9t\u00e9 inform\u00e9e de cette d\u00e9cision deux mois auparavant.<\/p>\n\n\n\n<p>Pendant ces trois jours de d\u00e9tention, elle a pass\u00e9 son temps dans une pi\u00e8ce glaciale et au milieu des cris des toxicomanes m\u00e9lang\u00e9es avec les autres d\u00e9tenues. Elle a \u00e9t\u00e9 priv\u00e9e de m\u00e9dicaments indispensables pendant 72 heures. Elle a compar\u00e9 le comportement des agents p\u00e9nitentiaires \u00e0 celui des nazis.<\/p>\n\n\n\n<p>Pendant 48 heures au cours de ce transfert, les agents p\u00e9nitentiaires ont ignor\u00e9 les demandes r\u00e9p\u00e9t\u00e9es d\u2019eau et de nourriture de Mojgan Kavousi. Pendant toute la dur\u00e9e du transfert, les agents p\u00e9nitentiaires lui ont attach\u00e9 les jambes avec une entrave et lui ont fait porter un bracelet \u00e9lectronique de surveillance.<\/p>\n\n\n\n<p>Mojgan Kavousi a qualifi\u00e9 ces entraves de &#8220;m\u00e9di\u00e9vale&#8221;, la qualifiant de &#8220;entrave sp\u00e9ciale pour les criminels&#8221;. L&#8217;un des agents a d\u00e9clar\u00e9 que les entraves m\u00e9talliques avaient \u00e9t\u00e9 fabriqu\u00e9es sur mesure dans une forge. Les entraves n\u2019\u00e9taient pas mentionn\u00e9es dans les instructions du gouverneur et ont inflig\u00e9 un traumatisme suppl\u00e9mentaire \u00e0 cette prisonni\u00e8re politique.<\/p>\n\n\n\n<p>Lorsque la rel\u00e8ve est arriv\u00e9e \u00e0 6 heures du matin, les gardiens ont donn\u00e9 des coups de pied et claqu\u00e9 la porte en fer de la salle d&#8217;inspection, faisant un bruit terrible. Les officiers ont r\u00e9veill\u00e9 les prisonni\u00e8res pour l&#8217;appel du matin avec des hurlements et toutes sortes d&#8217;insultes et humiliations verbales. Les agents ont \u00e9galement menac\u00e9 de priver les d\u00e9tenues de toute nourriture ce jour-l\u00e0.<\/p>\n\n\n\n<p>Pour protester contre ce comportement cruel, <a href=\"https:\/\/wncri.org\/fr\/2020\/09\/03\/deux-femmes-kurdes-entament-une-greve-de-la-faim-a-la-prison-devine-en-iran\/\" target=\"_blank\" rel=\"noreferrer noopener\">Mme Kavousi<\/a> a fait une gr\u00e8ve de la faim jusqu&#8217;\u00e0 la fin de sa d\u00e9tention \u00e0 Karadj.<\/p>\n\n\n\n<p>Mojgan Kavousi est finalement entr\u00e9e au quartier des femmes de la prison de Katchoui le 9 octobre 2021. Cependant, le 13 octobre, elle a \u00e9t\u00e9 envoy\u00e9e \u00e0 la Cour de s\u00fbret\u00e9, qui a d\u00e9cid\u00e9 de la renvoyer \u00e0 <a href=\"https:\/\/iran-hrm.com\/2021\/07\/18\/inmates-in-womens-ward-of-evin-contracting-covid-19\/\" target=\"_blank\" rel=\"noreferrer noopener\">la prison d&#8217;Evin<\/a>e sur la base d&#8217;une d\u00e9cision de justice de la 10e branche d\u2019ex\u00e9cution des peines de Karadj. Nul ne l\u2019avait inform\u00e9e de ce transfert.<\/p>\n\n\n\n<p>Le juge de la 1<sup>\u00e8re<\/sup> branche, qui a prononc\u00e9 les sentences p\u00e9nales, lui a refus\u00e9 l&#8217;entr\u00e9e \u00e0 la prison d&#8217;Evine. Mme Kavousi a \u00e9t\u00e9 renvoy\u00e9e \u00e0 la prison de Katchoui \u00e0 Karadj le soir m\u00eame.<\/p>\n\n\n\n<p>En plus d&#8217;infliger de graves dommages psychologiques et physiques \u00e0 cette prisonni\u00e8re politique, les transferts ill\u00e9gaux ont entra\u00een\u00e9 des co\u00fbts financiers importants pour Mme Kavousi. \u00c9tant donn\u00e9 que les transferts \u00e9taient ill\u00e9gaux, un grand nombre d\u2019articles d&#8217;hygi\u00e8ne personnelle et de nourriture qu&#8217;elle avait apport\u00e9s avec elle ont disparu lors des inspections dans la nouvelle prison.<\/p>\n\n\n\n<p>Ce ne sont pas les premiers abus dont Mojgan Kavousi a \u00e9t\u00e9 victime : cette prisonni\u00e8re politique kurde avait d\u00e9j\u00e0 \u00e9t\u00e9 maltrait\u00e9e le 21 juin 2020, lors de son transfert de Nochahr \u00e0 T\u00e9h\u00e9ran.<\/p>\n","protected":false},"excerpt":{"rendered":"<p>CNRI Femmes &#8211; La prisonni\u00e8re politique kurde Mojgan Kavousi a contact\u00e9 sa famille pour d\u00e9noncer les terribles conditions de d\u00e9tention \u00e0 la prison pour femmes de Karadj. Elle a \u00e9galement indiqu\u00e9 avoir \u00e9t\u00e9 victime de violences et d&#8217;humiliations de la part des autorit\u00e9s lors de multiples transferts vers diverses prisons. Mme Kavousi a \u00e9galement d\u00e9clar\u00e9 [&hellip;]<\/p>\n","protected":false},"author":4,"featured_media":14327,"comment_status":"closed","ping_status":"closed","sticky":false,"template":"","format":"standard","meta":{"jnews-multi-image_gallery":[],"jnews_single_post":{"subtitle":"","format":"standard","video":"","gallery":"","source_name":"","source_url":"","via_name":"","via_url":"","override":[{"template":"1","single_blog_custom":"","parallax":"1","fullscreen":"1","layout":"right-sidebar","sidebar":"default-sidebar","second_sidebar":"default-sidebar","sticky_sidebar":"1","share_position":"top","share_float_style":"share-monocrhome","show_share_counter":"1","show_view_counter":"1","show_featured":"1","show_post_meta":"1","show_post_author":"1","show_post_author_image":"1","show_post_date":"1","post_date_format":"default","post_date_format_custom":"Y\/m\/d","show_post_category":"1","post_reading_time_wpm":"300","zoom_button_out_step":"2","zoom_button_in_step":"3","show_post_tag":"1","show_prev_next_post":"1","show_popup_post":"1","number_popup_post":"1"}],"image_override":[{"single_post_thumbnail_size":"crop-500","single_post_gallery_size":"crop-500"}],"trending_post_position":"meta","trending_post_label":"Trending","sponsored_post_label":"Sponsored by","sponsored_post_name":"","sponsored_post_url":"","sponsored_post_logo":"","sponsored_post_desc":""},"jnews_primary_category":{"id":""},"jnews_social_meta":[],"jnews_override_counter":{"view_counter_number":"0","share_counter_number":"0","like_counter_number":"0","dislike_counter_number":"0"},"footnotes":""},"categories":[3],"tags":[370,376],"class_list":["post-14326","post","type-post","status-publish","format-standard","has-post-thumbnail","hentry","category-infos-des-femmes","tag-prisonnieres","tag-violence-contre-les-femmes"],"_links":{"self":[{"href":"https:\/\/wncri.org\/fr\/wp-json\/wp\/v2\/posts\/14326","targetHints":{"allow":["GET"]}}],"collection":[{"href":"https:\/\/wncri.org\/fr\/wp-json\/wp\/v2\/posts"}],"about":[{"href":"https:\/\/wncri.org\/fr\/wp-json\/wp\/v2\/types\/post"}],"author":[{"embeddable":true,"href":"https:\/\/wncri.org\/fr\/wp-json\/wp\/v2\/users\/4"}],"replies":[{"embeddable":true,"href":"https:\/\/wncri.org\/fr\/wp-json\/wp\/v2\/comments?post=14326"}],"version-history":[{"count":0,"href":"https:\/\/wncri.org\/fr\/wp-json\/wp\/v2\/posts\/14326\/revisions"}],"wp:featuredmedia":[{"embeddable":true,"href":"https:\/\/wncri.org\/fr\/wp-json\/wp\/v2\/media\/14327"}],"wp:attachment":[{"href":"https:\/\/wncri.org\/fr\/wp-json\/wp\/v2\/media?parent=14326"}],"wp:term":[{"taxonomy":"category","embeddable":true,"href":"https:\/\/wncri.org\/fr\/wp-json\/wp\/v2\/categories?post=14326"},{"taxonomy":"post_tag","embeddable":true,"href":"https:\/\/wncri.org\/fr\/wp-json\/wp\/v2\/tags?post=14326"}],"curies":[{"name":"wp","href":"https:\/\/api.w.org\/{rel}","templated":true}]}}