{"id":14317,"date":"2021-10-18T22:38:00","date_gmt":"2021-10-18T20:38:00","guid":{"rendered":"https:\/\/wncri.org\/fr\/?p=14317"},"modified":"2021-10-19T22:49:53","modified_gmt":"2021-10-19T20:49:53","slug":"la-photographe-farahnaz-khalili-25-ans-se-suicide-apres-quun-juge-ait","status":"publish","type":"post","link":"https:\/\/wncri.org\/fr\/2021\/10\/18\/la-photographe-farahnaz-khalili-25-ans-se-suicide-apres-quun-juge-ait\/","title":{"rendered":"La photographe Farahnaz Khalili, 25 ans, se suicide apr\u00e8s qu&#8217;un juge ait rejet\u00e9 sa plainte."},"content":{"rendered":"\n<p>CNRI Femmes &#8211; La photographe Farahnaz Khalili, 25 ans, s&#8217;est <a href=\"https:\/\/wncri.org\/fr\/2021\/09\/09\/sous-lombre-funeste-des-mollahs-liran-connait-41-000-suicides-par-an\/\" target=\"_blank\" rel=\"noreferrer noopener\">suicid\u00e9e<\/a> en Iran apr\u00e8s qu&#8217;un juge ait rejet\u00e9 sa plainte pour viol et abus.<\/p>\n\n\n\n<p>Farahnaz Khalili \u00e9tait originaire de Bouchehr. Son corps sans vie a \u00e9t\u00e9 transport\u00e9 \u00e0 l&#8217;h\u00f4pital du village de Bolkhir fin ao\u00fbt.<\/p>\n\n\n\n<p>Le cousin de Mme Khalili a qualifi\u00e9 l&#8217;incident de tragique. Deux mois avant son <a href=\"https:\/\/wncri.org\/fr\/2021\/04\/17\/hausse-des-suicides\/\" target=\"_blank\" rel=\"noreferrer noopener\">suicide<\/a>, Farahnaz avait \u00e9t\u00e9 charg\u00e9e de photographier un mariage dans un jardin. \u00c0 la fin de la c\u00e9r\u00e9monie, elle a eu un diff\u00e9rend avec le client au sujet du paiement. Le client l\u2019a agress\u00e9e verbalement et physiquement.<\/p>\n\n\n\n<p>Farahnaz Khalili a poursuivi le client pour viol. Les seules personnes au courant de l&#8217;incident et de l&#8217;action en justice \u00e9taient son cousin et sa femme.<\/p>\n\n\n\n<p>Farahnaz avait engag\u00e9 une action en justice, et sa plainte pour viol, \u00e9tait en cours. Cependant, le juge l&#8217;a tr\u00e8s mal trait\u00e9e. Farahnaz \u00e9tait profond\u00e9ment boulevers\u00e9e.<\/p>\n\n\n\n<p>Le stress de l&#8217;incident a finalement conduit la photographe de 25 ans \u00e0 se <a href=\"https:\/\/www.ncr-iran.org\/fr\/actualites\/femmes-2\/un-nombre-croissant-de-suicides-chez-les-enfants-et-les-femmes-en-iran\/\" target=\"_blank\" rel=\"noreferrer noopener\">suicider<\/a>, a indiqu\u00e9 l\u2019agence ROKNA le 15 octobre 2021)\u00a0<\/p>\n\n\n\n<p>La s\u0153ur de Farahnaz a d\u00e9clar\u00e9 au sujet de sa plainte : Le juge lui a dit : &#8220;Tu devais s\u00fbrement une fille de rien pour aller dans un tel endroit.&#8221; Sa famille a constat\u00e9 des ecchymoses et des br\u00fblures sur le corps de Farahnaz \u00e0 l&#8217;h\u00f4pital.<\/p>\n\n\n\n<p>Sa s\u0153ur a \u00e9galement d\u00e9clar\u00e9 avoir re\u00e7u une note manuscrite \u00e0 l&#8217;h\u00f4pital disant : &#8220;Je n&#8217;ai pas pu obtenir justice. C\u2019est toi qui, apr\u00e8s moi, ira obtenir justice pour moi. &#8221; Elle a ajout\u00e9 qu\u2019un parent de l&#8217;agresseur est un agent du r\u00e9gime avec un grand pouvoir dans la r\u00e9gion.<\/p>\n\n\n\n<p>La photographe de 25 ans Farahnaz Khalili s&#8217;est <a href=\"https:\/\/wncri.org\/fr\/2021\/02\/26\/suicide-chez-les-femmes-en-iran\/\" target=\"_blank\" rel=\"noreferrer noopener\">suicid\u00e9<\/a>e en prenant des pilules mortelles. Les autorit\u00e9s judiciaires de la province de Bouchehr n&#8217;ont pas encore r\u00e9agi \u00e0 cette nouvelle.<\/p>\n\n\n\n<p><a href=\"https:\/\/wncri.org\/fr\/2017\/11\/25\/appel-a-stopper-les-violences-d-etat-faites-aux-femmes-en-iran\/\" target=\"_blank\" rel=\"noreferrer noopener\">La violence d&#8217;\u00c9tat<\/a> \u00e0 l&#8217;\u00e9gard des femmes en Iran est en <a href=\"https:\/\/wncri.org\/fr\/2017\/11\/25\/les-violences-et-les-inegalites-les-plus-sauvages-faites-aux-femmes-sous-le-regime-des-mollahs-en-iran\/\" target=\"_blank\" rel=\"noreferrer noopener\">augmentation<\/a>, malgr\u00e9 la pr\u00e9valence des m\u00e9dias sociaux et les protestations et le militantisme en cours. En fait, le r\u00e9gime cl\u00e9rical perp\u00e9tue et encourage syst\u00e9matiquement la <a href=\"https:\/\/wncri.org\/fr\/2018\/11\/25\/l-iran-detient-l-un-des-records-les-plus-eleves-en-matiere-de-violences-faites-aux-femmes\/\" target=\"_blank\" rel=\"noreferrer noopener\">violence physique, mentale, \u00e9conomique et politique<\/a> contre les femmes et les filles.<\/p>\n","protected":false},"excerpt":{"rendered":"<p>CNRI Femmes &#8211; La photographe Farahnaz Khalili, 25 ans, s&#8217;est suicid\u00e9e en Iran apr\u00e8s qu&#8217;un juge ait rejet\u00e9 sa plainte pour viol et abus. Farahnaz Khalili \u00e9tait originaire de Bouchehr. Son corps sans vie a \u00e9t\u00e9 transport\u00e9 \u00e0 l&#8217;h\u00f4pital du village de Bolkhir fin ao\u00fbt. Le cousin de Mme Khalili a qualifi\u00e9 l&#8217;incident de tragique. [&hellip;]<\/p>\n","protected":false},"author":4,"featured_media":14318,"comment_status":"closed","ping_status":"closed","sticky":false,"template":"","format":"standard","meta":{"jnews-multi-image_gallery":[],"jnews_single_post":{"subtitle":"","format":"standard","video":"","gallery":"","source_name":"","source_url":"","via_name":"","via_url":"","override":[{"template":"1","single_blog_custom":"","parallax":"1","fullscreen":"1","layout":"right-sidebar","sidebar":"default-sidebar","second_sidebar":"default-sidebar","sticky_sidebar":"1","share_position":"top","share_float_style":"share-monocrhome","show_share_counter":"1","show_view_counter":"1","show_featured":"1","show_post_meta":"1","show_post_author":"1","show_post_author_image":"1","show_post_date":"1","post_date_format":"default","post_date_format_custom":"Y\/m\/d","show_post_category":"1","post_reading_time_wpm":"300","zoom_button_out_step":"2","zoom_button_in_step":"3","show_post_tag":"1","show_prev_next_post":"1","show_popup_post":"1","number_popup_post":"1"}],"image_override":[{"single_post_thumbnail_size":"crop-500","single_post_gallery_size":"crop-500"}],"trending_post_position":"meta","trending_post_label":"Trending","sponsored_post_label":"Sponsored by","sponsored_post_name":"","sponsored_post_url":"","sponsored_post_logo":"","sponsored_post_desc":""},"jnews_primary_category":{"id":""},"jnews_social_meta":[],"jnews_override_counter":{"view_counter_number":"0","share_counter_number":"0","like_counter_number":"0","dislike_counter_number":"0"},"footnotes":""},"categories":[3],"tags":[376],"class_list":["post-14317","post","type-post","status-publish","format-standard","has-post-thumbnail","hentry","category-infos-des-femmes","tag-violence-contre-les-femmes"],"_links":{"self":[{"href":"https:\/\/wncri.org\/fr\/wp-json\/wp\/v2\/posts\/14317","targetHints":{"allow":["GET"]}}],"collection":[{"href":"https:\/\/wncri.org\/fr\/wp-json\/wp\/v2\/posts"}],"about":[{"href":"https:\/\/wncri.org\/fr\/wp-json\/wp\/v2\/types\/post"}],"author":[{"embeddable":true,"href":"https:\/\/wncri.org\/fr\/wp-json\/wp\/v2\/users\/4"}],"replies":[{"embeddable":true,"href":"https:\/\/wncri.org\/fr\/wp-json\/wp\/v2\/comments?post=14317"}],"version-history":[{"count":0,"href":"https:\/\/wncri.org\/fr\/wp-json\/wp\/v2\/posts\/14317\/revisions"}],"wp:featuredmedia":[{"embeddable":true,"href":"https:\/\/wncri.org\/fr\/wp-json\/wp\/v2\/media\/14318"}],"wp:attachment":[{"href":"https:\/\/wncri.org\/fr\/wp-json\/wp\/v2\/media?parent=14317"}],"wp:term":[{"taxonomy":"category","embeddable":true,"href":"https:\/\/wncri.org\/fr\/wp-json\/wp\/v2\/categories?post=14317"},{"taxonomy":"post_tag","embeddable":true,"href":"https:\/\/wncri.org\/fr\/wp-json\/wp\/v2\/tags?post=14317"}],"curies":[{"name":"wp","href":"https:\/\/api.w.org\/{rel}","templated":true}]}}