{"id":14293,"date":"2021-10-11T09:35:00","date_gmt":"2021-10-11T07:35:00","guid":{"rendered":"https:\/\/wncri.org\/fr\/?p=14293"},"modified":"2021-10-12T09:37:38","modified_gmt":"2021-10-12T07:37:38","slug":"la-prisonniere-politique-mojgan-kavousi-transferee-a-la-sinistre-prison","status":"publish","type":"post","link":"https:\/\/wncri.org\/fr\/2021\/10\/11\/la-prisonniere-politique-mojgan-kavousi-transferee-a-la-sinistre-prison\/","title":{"rendered":"La prisonni\u00e8re politique Mojgan Kavousi transf\u00e9r\u00e9e \u00e0 la sinistre prison de Katchoui"},"content":{"rendered":"\n<p>CNRI Femmes &#8211; La prisonni\u00e8re politique kurde Mojgan Kavousi a appel\u00e9 sa famille et l&#8217;a inform\u00e9e qu&#8217;elle se trouvait dans une prison \u00e0 Karadj, en banlieue de T\u00e9h\u00e9ran.<\/p>\n\n\n\n<p>La prisonni\u00e8re politique <a href=\"https:\/\/wncri.org\/fr\/2020\/09\/03\/deux-femmes-kurdes-entament-une-greve-de-la-faim-a-la-prison-devine-en-iran\/\" target=\"_blank\" rel=\"noreferrer noopener\">Mojgan Kavousi<\/a> est une \u00e9crivaine et une militante culturelle qui a \u00e9t\u00e9 arr\u00eat\u00e9e lors des manifestations de novembre 2019 pour avoir publi\u00e9 des posts antigouvernementaux sur son compte Instagram. La Cour de r\u00e9vision l&#8217;a condamn\u00e9e \u00e0 six ans et quatre mois de prison, dont 36 mois ferme.\u00a0<\/p>\n\n\n\n<p>Mojgan Kavousi purgeait sa peine de prison dans le quartier des femmes d&#8217;Evine de T\u00e9h\u00e9ran.<\/p>\n\n\n\n<p>Le 6 octobre 2021, les autorit\u00e9s p\u00e9nitentiaires l&#8217;ont envoy\u00e9e au centre de d\u00e9tention des forces de s\u00e9curit\u00e9 de l&#8217;\u00c9tat de Karadj. Elle y est rest\u00e9e trois jours dans des conditions indignes et inhumaines. Le 9 octobre, la police de Karadj l&#8217;a transf\u00e9r\u00e9e \u00e0 la sinistre prison de Katchoui.<\/p>\n\n\n\n<p>Le m\u00eame jour, elle a appel\u00e9 sa famille, l&#8217;informant qu&#8217;elle se trouvait \u00e0 la prison de Katchoui.<\/p>\n\n\n\n<p>Auparavant, le 26 juillet, la section 28 de la Cour d&#8217;appel de Mazandaran avait \u00e9mis un ordre de transfert de la prisonni\u00e8re politique Mojgan Kavousi vers l&#8217;une des prisons de la province d&#8217;Alborz pour y purger le reste de sa peine, bien que sa famille vive \u00e0 T\u00e9h\u00e9ran et \u00e0 Noshahr.<\/p>\n\n\n\n<p>Mme Kavousi <a href=\"https:\/\/iran-hrm.com\/2021\/07\/18\/inmates-in-womens-ward-of-evin-contracting-covid-19\/\" target=\"_blank\" rel=\"noreferrer noopener\">avait contract\u00e9 le Covid-19<\/a> en juillet et son \u00e9tat de sant\u00e9 s&#8217;est d\u00e9t\u00e9rior\u00e9. En raison de sa maladie, elle a demand\u00e9 \u00e0 \u00eatre transf\u00e9r\u00e9e \u00e0 la prison de Noshahr.<\/p>\n\n\n\n<p>Le 13 juillet 2021, les autorit\u00e9s de la prison d&#8217;Evine l&#8217;ont envoy\u00e9e \u00e0 la prison de Noshahr sans coordonner le transfert. Elle a donc \u00e9t\u00e9 renvoy\u00e9e \u00e0 Evine apr\u00e8s avoir pass\u00e9 une nuit au poste de police de Noshahr.<\/p>\n\n\n\n<p>Mojgan Kavousi est d\u00e9tenue dans le quartier des femmes de la prison d&#8217;Evine depuis le 19 mai 2020. Elle souffre de diverses maladies, notamment de probl\u00e8mes gastro-intestinaux, de diab\u00e8te et d&#8217;arythmie cardiaque. Elle a entam\u00e9 une gr\u00e8ve de la faim \u00e0 plusieurs reprises.<\/p>\n\n\n\n<p>Les conditions sanitaires et alimentaires de la prison de Katchoui sont l&#8217;une des pires en Iran. Les d\u00e9tenues de cette prison surpeupl\u00e9e n&#8217;ont aucun contact avec le monde ext\u00e9rieur.&nbsp;<\/p>\n","protected":false},"excerpt":{"rendered":"<p>CNRI Femmes &#8211; La prisonni\u00e8re politique kurde Mojgan Kavousi a appel\u00e9 sa famille et l&#8217;a inform\u00e9e qu&#8217;elle se trouvait dans une prison \u00e0 Karadj, en banlieue de T\u00e9h\u00e9ran. La prisonni\u00e8re politique Mojgan Kavousi est une \u00e9crivaine et une militante culturelle qui a \u00e9t\u00e9 arr\u00eat\u00e9e lors des manifestations de novembre 2019 pour avoir publi\u00e9 des posts [&hellip;]<\/p>\n","protected":false},"author":4,"featured_media":14294,"comment_status":"closed","ping_status":"closed","sticky":false,"template":"","format":"standard","meta":{"jnews-multi-image_gallery":[],"jnews_single_post":{"subtitle":"","format":"standard","video":"","gallery":"","source_name":"","source_url":"","via_name":"","via_url":"","override":[{"template":"1","single_blog_custom":"","parallax":"1","fullscreen":"1","layout":"right-sidebar","sidebar":"default-sidebar","second_sidebar":"default-sidebar","sticky_sidebar":"1","share_position":"top","share_float_style":"share-monocrhome","show_share_counter":"1","show_view_counter":"1","show_featured":"1","show_post_meta":"1","show_post_author":"1","show_post_author_image":"1","show_post_date":"1","post_date_format":"default","post_date_format_custom":"Y\/m\/d","show_post_category":"1","post_reading_time_wpm":"300","zoom_button_out_step":"2","zoom_button_in_step":"3","show_post_tag":"1","show_prev_next_post":"1","show_popup_post":"1","number_popup_post":"1"}],"image_override":[{"single_post_thumbnail_size":"crop-500","single_post_gallery_size":"crop-500"}],"trending_post_position":"meta","trending_post_label":"Trending","sponsored_post_label":"Sponsored by","sponsored_post_name":"","sponsored_post_url":"","sponsored_post_logo":"","sponsored_post_desc":""},"jnews_primary_category":{"id":""},"jnews_social_meta":[],"jnews_override_counter":{"view_counter_number":"0","share_counter_number":"0","like_counter_number":"0","dislike_counter_number":"0"},"footnotes":""},"categories":[3],"tags":[370],"class_list":["post-14293","post","type-post","status-publish","format-standard","has-post-thumbnail","hentry","category-infos-des-femmes","tag-prisonnieres"],"_links":{"self":[{"href":"https:\/\/wncri.org\/fr\/wp-json\/wp\/v2\/posts\/14293","targetHints":{"allow":["GET"]}}],"collection":[{"href":"https:\/\/wncri.org\/fr\/wp-json\/wp\/v2\/posts"}],"about":[{"href":"https:\/\/wncri.org\/fr\/wp-json\/wp\/v2\/types\/post"}],"author":[{"embeddable":true,"href":"https:\/\/wncri.org\/fr\/wp-json\/wp\/v2\/users\/4"}],"replies":[{"embeddable":true,"href":"https:\/\/wncri.org\/fr\/wp-json\/wp\/v2\/comments?post=14293"}],"version-history":[{"count":0,"href":"https:\/\/wncri.org\/fr\/wp-json\/wp\/v2\/posts\/14293\/revisions"}],"wp:featuredmedia":[{"embeddable":true,"href":"https:\/\/wncri.org\/fr\/wp-json\/wp\/v2\/media\/14294"}],"wp:attachment":[{"href":"https:\/\/wncri.org\/fr\/wp-json\/wp\/v2\/media?parent=14293"}],"wp:term":[{"taxonomy":"category","embeddable":true,"href":"https:\/\/wncri.org\/fr\/wp-json\/wp\/v2\/categories?post=14293"},{"taxonomy":"post_tag","embeddable":true,"href":"https:\/\/wncri.org\/fr\/wp-json\/wp\/v2\/tags?post=14293"}],"curies":[{"name":"wp","href":"https:\/\/api.w.org\/{rel}","templated":true}]}}