{"id":14242,"date":"2021-10-06T08:04:00","date_gmt":"2021-10-06T06:04:00","guid":{"rendered":"https:\/\/wncri.org\/fr\/?p=14242"},"modified":"2021-10-08T10:41:53","modified_gmt":"2021-10-08T08:41:53","slug":"la-peine-de-mort-pour-les-femmes-sous-les-mollahs-misogyne","status":"publish","type":"post","link":"https:\/\/wncri.org\/fr\/2021\/10\/06\/la-peine-de-mort-pour-les-femmes-sous-les-mollahs-misogyne\/","title":{"rendered":"La peine de mort pour les femmes sous les mollahs misogyne"},"content":{"rendered":"\n<p>CNRI Femmes &#8211; La peine de mort pour les femmes sous le r\u00e9gime misogyne des mollahs en Iran. La Journ\u00e9e mondiale contre la peine de mort est <a href=\"https:\/\/worldcoalition.org\/fr\/campagne\/19-journee-mondiale-contre-la-peine-de-mort\/\" target=\"_blank\" rel=\"noreferrer noopener\">d\u00e9di\u00e9e<\/a> cette ann\u00e9e aux femmes &#8220;qui risquent d&#8217;\u00eatre condamn\u00e9es \u00e0 mort, qui ont \u00e9t\u00e9 condamn\u00e9es \u00e0 mort, qui ont \u00e9t\u00e9 ex\u00e9cut\u00e9es, et \u00e0 celles dont la peine de mort a \u00e9t\u00e9 commu\u00e9e, exon\u00e9r\u00e9e ou graci\u00e9e.&#8221;<\/p>\n\n\n\n<p>En 2002, l&#8217;Organisation mondiale de la coalition contre la peine de mort et <a href=\"https:\/\/www.amnesty.org\/fr\/latest\/press-release\/2021\/04\/death-penalty-in-2020-facts-and-figures\/\" target=\"_blank\" rel=\"noreferrer noopener\">Amnesty International<\/a> ont d\u00e9clar\u00e9 le 10 octobre Journ\u00e9e mondiale contre la peine de mort. C&#8217;est une journ\u00e9e pour nous rappeler la douleur atroce des condamn\u00e9s dans l\u2019attente de leur mort.<\/p>\n\n\n\n<p>Selon <a href=\"https:\/\/worldcoalition.org\/fr\/campagne\/19-journee-mondiale-contre-la-peine-de-mort\/\" target=\"_blank\" rel=\"noreferrer noopener\">l&#8217;Organisation de la coalition mondiale<\/a> contre la peine de mort, &#8220;tout en \u0153uvrant \u00e0 l&#8217;abolition compl\u00e8te de la peine de mort dans le monde entier, pour tous les crimes et pour tous les sexes, il est crucial de tirer la sonnette d&#8217;alarme sur la discrimination dont sont victimes les femmes et sur les cons\u00e9quences que cette discrimination peut avoir sur une condamnation \u00e0 mort.&#8221;<\/p>\n\n\n\n<p>Centr\u00e9 sur les violations des droits des femmes en Iran et sur la lutte des Iraniennes pour la libert\u00e9 et l&#8217;\u00e9galit\u00e9, la commission des Femmes du CNRI marque le 10 octobre <a href=\"https:\/\/wncri.org\/fr\/2020\/10\/08\/la-peine-de-mort-en-iran\/\" target=\"_blank\" rel=\"noreferrer noopener\">chaque ann\u00e9e<\/a> pour rappeler au monde que le r\u00e9gime cl\u00e9rical est <a href=\"https:\/\/wncri.org\/fr\/2019\/10\/08\/abolition-de-la-peine-de-mort-liran-premier-bourreau-de-femmes\/\" target=\"_blank\" rel=\"noreferrer noopener\">le principal bourreau des femmes dans le monde<\/a>. &nbsp;&nbsp;<\/p>\n\n\n\n<p>Le droit international recommande des peines alternatives pour l&#8217;emprisonnement des m\u00e8res qui doivent s&#8217;occuper de leurs enfants. En Iran, cependant, le r\u00e9gime les emprisonne et les condamne \u00e0 la peine capitale.<\/p>\n\n\n\n<div class=\"wp-block-image\"><figure class=\"aligncenter size-full is-resized\"><img decoding=\"async\" src=\"data:image\/gif;base64,R0lGODlhAQABAIAAAAAAAP\/\/\/yH5BAEAAAAALAAAAAABAAEAAAIBRAA7\" data-src=\"https:\/\/wncri.org\/fr\/wp-content\/uploads\/2021\/10\/1-Death-penalty-statistics_FR-min.jpg\" alt=\"La peine de mort, un moyen de survie du r\u00e9gime iranien\" class=\"wp-image-14243 lazyload\" width=\"911\" height=\"875\"\/><noscript><img decoding=\"async\" src=\"https:\/\/wncri.org\/fr\/wp-content\/uploads\/2021\/10\/1-Death-penalty-statistics_FR-min.jpg\" alt=\"La peine de mort, un moyen de survie du r\u00e9gime iranien\" class=\"wp-image-14243 lazyload\" width=\"911\" height=\"875\" srcset=\"https:\/\/wncri.org\/fr\/wp-content\/uploads\/2021\/10\/1-Death-penalty-statistics_FR-min.jpg 750w, https:\/\/wncri.org\/fr\/wp-content\/uploads\/2021\/10\/1-Death-penalty-statistics_FR-min-300x288.jpg 300w\" sizes=\"(max-width: 911px) 100vw, 911px\" \/><\/noscript><\/figure><\/div>\n\n\n\n<h3 class=\"wp-block-heading\"><strong>La peine de mort, un moyen de survie du r\u00e9gime iranien<\/strong><\/h3>\n\n\n\n<p><a href=\"https:\/\/wncri.org\/2021\/03\/04\/ncri-womens-committee-annual-report-2021-on-women-in-iran\/\" target=\"_blank\" rel=\"noreferrer noopener\">L&#8217;Iran d\u00e9tient le record mondial d&#8217;ex\u00e9cutions de femmes<\/a> et du taux d&#8217;ex\u00e9cution par habitant.<\/p>\n\n\n\n<p>La peine de mort est <a href=\"https:\/\/wncri.org\/fr\/2020\/12\/09\/persecution-des-defenseurs-des-droits-humains-et-execution-de-femmes-en-iran\/\" target=\"_blank\" rel=\"noreferrer noopener\">le moyen de survie<\/a> du r\u00e9gime cl\u00e9rical. Il l\u2019utilise comme un outil pour r\u00e9primer et r\u00e9duire au silence une population m\u00e9contente, dont la majorit\u00e9 vit sous le seuil de pauvret\u00e9, est au ch\u00f4mage et priv\u00e9e de libert\u00e9 d&#8217;expression.<\/p>\n\n\n\n<p>Ce ch\u00e2timent constitue \u00e0 la fois une violation du &#8220;droit \u00e0 la vie&#8221; statu\u00e9 dans le troisi\u00e8me principe de la <a href=\"https:\/\/www.un.org\/fr\/about-us\/universal-declaration-of-human-rights\" target=\"_blank\" rel=\"noreferrer noopener\">D\u00e9claration universelle des droits de l&#8217;Homme<\/a> et une violation du cinqui\u00e8me principe, qui stipule que &#8220;nul ne sera soumis \u00e0 la torture ni \u00e0 des peines ou traitements cruels, inhumains ou d\u00e9gradants.&#8221;<\/p>\n\n\n\n<p>Le r\u00e9gime cl\u00e9rical a ex\u00e9cut\u00e9 au moins 4 600 personnes sous le pr\u00e9tendu &#8220;mod\u00e9r\u00e9&#8221; Hassan Rohani et \u00e0 ce jour sous la pr\u00e9sidence du bourreau du massacre de 1988, Ebrahim Ra\u00efssi. <a href=\"https:\/\/wncri.org\/fr\/2020\/01\/20\/93-femmes-executees-en-iran-sous-rohani\/\" target=\"_blank\" rel=\"noreferrer noopener\">Cent vingt et une des condamn\u00e9s ex\u00e9cut\u00e9s \u00e9taient des femmes<\/a>, soit une moyenne de <a href=\"https:\/\/wncri.org\/2021\/03\/04\/ncri-womens-committee-annual-report-2021-on-women-in-iran\/\" target=\"_blank\" rel=\"noreferrer noopener\">15 prisonni\u00e8res de droit commun ex\u00e9cut\u00e9es chaque ann\u00e9e.<\/a><\/p>\n\n\n\n<p>L&#8217;application de la peine de mort malgr\u00e9 les protestations internationales, permettent au r\u00e9gime cl\u00e9rical d&#8217;entretenir un climat de terreur au sein de la population, le sentiment que personne ne peut les aider. Le r\u00e9gime a ex\u00e9cut\u00e9 <a href=\"https:\/\/wncri.org\/fr\/2017\/10\/28\/en-souvenir-de-reyhaneh-pour-l-anniversaire-de-son-envol-en-iran\/\" target=\"_blank\" rel=\"noreferrer noopener\">Reyhaneh Jabbari<\/a>, <a href=\"https:\/\/www.ohchr.org\/EN\/NewsEvents\/Pages\/DisplayNews.aspx?NewsID=23689&amp;LangID=E\" target=\"_blank\" rel=\"noreferrer noopener\">Zeinab Sekaanvand<\/a>, <a href=\"https:\/\/wncri.org\/fr\/2020\/09\/13\/la-veuve-et-les-parents-de-mostafa-salehi-depossedes-de-leur-maison\/\" target=\"_blank\" rel=\"noreferrer noopener\">Mostafa Salehi<\/a>, <a href=\"https:\/\/wncri.org\/fr\/2020\/09\/12\/le-regime-en-iran-execute-navid-afkari-malgre-les-protestations-du-monde\/\" target=\"_blank\" rel=\"noreferrer noopener\">Navid Afkari<\/a> et de nombreux <a href=\"https:\/\/www.france24.com\/en\/live-news\/20210630-iran-says-executing-child-offenders-not-a-rights-violation\" target=\"_blank\" rel=\"noreferrer noopener\">mineurs<\/a>, malgr\u00e9 les appels internationaux lanc\u00e9s par Amnesty International, divers gouvernements et des d\u00e9fenseurs des droits humains.<\/p>\n\n\n\n<p>Le r\u00e9gime iranien incarc\u00e8re \u00e9galement toute personne qui s&#8217;oppose \u00e0 la peine de mort, comme <a href=\"https:\/\/wncri.org\/fr\/2020\/01\/27\/nouvelles-plaintes-contre-atena-daemi-militante-contre-la-peine-de-mort\/\" target=\"_blank\" rel=\"noreferrer noopener\">Atena Daemi<\/a> et <a href=\"https:\/\/wncri.org\/fr\/2021\/04\/12\/ebrahimi-iraee\/\" target=\"_blank\" rel=\"noreferrer noopener\">Golrokh Iraee<\/a>.<\/p>\n\n\n\n<p>Les Nations unies ont publi\u00e9 en d\u00e9cembre 2018 un rapport mondial sur la situation des d\u00e9fenseurs des droits humains, r\u00e9dig\u00e9 par M. Michel Forst, rapporteur sp\u00e9cial des Nations unies sur les d\u00e9fenseurs des droits humains. Le rapport souligne que &#8221; [Le r\u00e9gime iranien] a \u00e9galement intensifi\u00e9 sa r\u00e9pression \u00e0 l&#8217;\u00e9gard des femmes (&#8230;) Des dizaines de <a href=\"https:\/\/wncri.org\/fr\/2020\/12\/09\/persecution-des-defenseurs-des-droits-humains-et-execution-de-femmes-en-iran\/\" target=\"_blank\" rel=\"noreferrer noopener\">d\u00e9fenseuses sont pers\u00e9cut\u00e9es<\/a> pour leur travail l\u00e9gitime (&#8230;) Atena Daemi et Golrokh Ebrahimi Iraee sont d\u00e9tenues pour avoir lutt\u00e9 pour les droits des femmes, s&#8217;\u00eatre oppos\u00e9es au travail des enfants et s&#8217;\u00eatre oppos\u00e9es \u00e0 la peine de mort (&#8230;) L&#8217;\u00c9tat consid\u00e8re les d\u00e9fenseurs des droits humains comme des menaces pour la s\u00e9curit\u00e9 nationale. &#8220;<\/p>\n\n\n\n<p>Amnesty International a publi\u00e9 une <a href=\"https:\/\/www.amnesty.org\/fr\/latest\/press-release\/2018\/09\/iran-arrests-of-lawyers-and-womens-rights-activists-signal-intensifying-crackdown-on-civil-society\/\" target=\"_blank\" rel=\"noreferrer noopener\">d\u00e9claration<\/a> le 3 septembre 2018, avertissant que ces arrestations &#8220;sont une tentative flagrante de r\u00e9duire au silence ceux qui d\u00e9fendent les droits humains en Iran.&#8221;<\/p>\n\n\n\n<p>Apr\u00e8s avoir <a href=\"https:\/\/wncri.org\/fr\/2019\/07\/14\/golrokh-iraee-et-atena-daemi-condamnees-a-3-ans-et-7-mois-de-prison-en-iran\/\" target=\"_blank\" rel=\"noreferrer noopener\">leurs protestations contre l&#8217;ex\u00e9cution de trois prisonniers politiques kurdes<\/a> en septembre 2018, le minist\u00e8re du Renseignement a intent\u00e9 une action contre les prisonni\u00e8res politiques Maryam Akbari Monfared, Golrokh Ebrahimi Iraee et Atena Daemi, en les faisant condamner \u00e0 des<a href=\"https:\/\/wncri.org\/wp-content\/uploads\/2019\/08\/Monthly-report-July-2019-EN.pdf\" target=\"_blank\" rel=\"noreferrer noopener\"> peines suppl\u00e9mentaires.<\/a><\/p>\n\n\n\n<div class=\"wp-block-image\"><figure class=\"aligncenter size-full is-resized\"><img decoding=\"async\" src=\"data:image\/gif;base64,R0lGODlhAQABAIAAAAAAAP\/\/\/yH5BAEAAAAALAAAAAABAAEAAAIBRAA7\" data-src=\"https:\/\/wncri.org\/fr\/wp-content\/uploads\/2021\/10\/2-Death-penalty-stages_FR-min.jpg\" alt=\"Qui sont les condamn\u00e9es \u00e0 mort ?\" class=\"wp-image-14244 lazyload\" width=\"913\" height=\"1212\"\/><noscript><img decoding=\"async\" src=\"https:\/\/wncri.org\/fr\/wp-content\/uploads\/2021\/10\/2-Death-penalty-stages_FR-min.jpg\" alt=\"Qui sont les condamn\u00e9es \u00e0 mort ?\" class=\"wp-image-14244 lazyload\" width=\"913\" height=\"1212\" srcset=\"https:\/\/wncri.org\/fr\/wp-content\/uploads\/2021\/10\/2-Death-penalty-stages_FR-min.jpg 750w, https:\/\/wncri.org\/fr\/wp-content\/uploads\/2021\/10\/2-Death-penalty-stages_FR-min-226x300.jpg 226w\" sizes=\"(max-width: 913px) 100vw, 913px\" \/><\/noscript><\/figure><\/div>\n\n\n\n<h3 class=\"wp-block-heading\"><strong>Qui sont les condamn\u00e9es \u00e0 mort ?<\/strong><\/h3>\n\n\n\n<p>Le pouvoir judiciaire cl\u00e9rical condamne g\u00e9n\u00e9ralement \u00e0 la peine de mort les femmes qui commettent un homicide.<\/p>\n\n\n\n<p>Les condamn\u00e9es commettent g\u00e9n\u00e9ralement des meurtres en \u00e9tat de l\u00e9gitime d\u00e9fense lors de violences domestiques qui sont tr\u00e8s r\u00e9pandues en Iran. Face \u00e0 la pauvret\u00e9 g\u00e9n\u00e9ralis\u00e9e et aux parents qui contraignent leurs filles \u00e0 des mariages pr\u00e9coces, certaines femmes, qui sont \u00e9galement priv\u00e9es du droit au divorce, finissent par commettre un meurtre, tandis que d&#8217;autres se suicident.<\/p>\n\n\n\n<p>Beaucoup de ces femmes le font \u00e0 un jeune \u00e2ge, alors qu&#8217;elles sont mineures et victimes de mariages pr\u00e9coces et de violences domestiques. Elles subissent des proc\u00e8s in\u00e9quitables sans avoir acc\u00e8s \u00e0 un avocat.<\/p>\n\n\n\n<p>Les autorit\u00e9s de la prison centrale d&#8217;Ouroumieh ont pendu <a href=\"https:\/\/wncri.org\/fr\/2018\/10\/02\/zeinab-sekaanvand-pendue-a-la-prison-centrale-d-oroumieh-en-iran\/\" target=\"_blank\" rel=\"noreferrer noopener\">Zeinab Sekanvand<\/a>, 24 ans, le 2 octobre 2018. Elle avait \u00e9t\u00e9 contrainte d&#8217;avouer le meurtre de son mari en 2012, \u00e0 l&#8217;\u00e2ge de 17 ans. Elle \u00e9tait victime de violences domestiques, mais ses d\u00e9clarations n&#8217;ont pas \u00e9t\u00e9 examin\u00e9es de mani\u00e8re ad\u00e9quate lors de son proc\u00e8s.<\/p>\n\n\n\n<p>Mari\u00e9e de force \u00e0 l&#8217;\u00e2ge de 15 ans, Zeinab Sekanvand a v\u00e9cu deux ann\u00e9es douloureuses, battue chaque jour par son mari. Elle a d\u00e9clar\u00e9 au juge que le fr\u00e8re de son mari, qui l&#8217;avait viol\u00e9e \u00e0 plusieurs reprises, avait commis le meurtre.<\/p>\n\n\n\n<p>Un autre exemple inf\u00e2me de la peine de mort pour les femmes est le cas de <a href=\"https:\/\/wncri.org\/fr\/2017\/10\/28\/en-souvenir-de-reyhaneh-pour-l-anniversaire-de-son-envol-en-iran\/\" target=\"_blank\" rel=\"noreferrer noopener\">Reyhaneh Jabbari<\/a>. Reyhaneh \u00e9tait d\u00e9coratrice d&#8217;int\u00e9rieur et avait 19 ans lorsqu&#8217;elle a \u00e9t\u00e9 agress\u00e9e par l&#8217;un de ses clients, un haut fonctionnaire du minist\u00e8re du Renseignement. Reyhaneh a tu\u00e9 l&#8217;homme en \u00e9tat de l\u00e9gitime d\u00e9fense ; cependant, le tribunal l&#8217;a condamn\u00e9e et ex\u00e9cut\u00e9e apr\u00e8s sept ans de torture et d&#8217;emprisonnement le 25 octobre 2014. Le minist\u00e8re du Renseignement et les responsables de la prison voulaient que Reyhaneh fasse de faux aveux pour justifier le crime de leur fonctionnaire en \u00e9change de sa vie.<\/p>\n\n\n\n<p>Dans un cas similaire, <a href=\"https:\/\/wncri.org\/fr\/2021\/02\/17\/execution-dune-femme\/\" target=\"_blank\" rel=\"noreferrer noopener\">Zahra Esma&#8217;ili<\/a>, 42 ans, m\u00e8re de deux enfants, a \u00e9t\u00e9 ex\u00e9cut\u00e9e le 17 f\u00e9vrier 2021 pour avoir reconnu le meurtre de son mari. Elle a agi pour sauver sa fille adolescente, qui avait tir\u00e9 une balle dans la t\u00eate de son p\u00e8re.<\/p>\n\n\n\n<p>Le mari de Zahra \u00e9tait l&#8217;un des directeurs g\u00e9n\u00e9raux du minist\u00e8re du Renseignement. Il maltraitait et battait r\u00e9guli\u00e8rement sa femme et ses enfants. Il avait l&#8217;habitude d&#8217;emmener d\u2019autres femmes chez lui sous les yeux de sa propre famille. Il avait m\u00eame menac\u00e9 de tuer sa femme et tent\u00e9 d&#8217;agresser sexuellement sa fille adolescente. \u00c0 cause de ces brutalit\u00e9s, sa fille l&#8217;a tu\u00e9 avec l&#8217;aide de son fr\u00e8re.<\/p>\n\n\n\n<p>De nombreuses femmes souffrent dans le <a href=\"https:\/\/wncri.org\/fr\/2018\/10\/25\/onze-femmes-dans-le-couloir-de-la-mort-a-la-prison-de-qarchak-en-iran\/\" target=\"_blank\" rel=\"noreferrer noopener\">couloir de la mort<\/a> de la <a href=\"https:\/\/wncri.org\/abysmal-conditions-of-inmates-in-qarchak-prison-for-women\/\" target=\"_blank\" rel=\"noreferrer noopener\">prison de Qarchak<\/a> et d&#8217;autres prisons.<\/p>\n\n\n\n<p>Dans une lettre \u00e9crite depuis la prison, la prisonni\u00e8re politique <a href=\"https:\/\/wncri.org\/fr\/2019\/08\/05\/rapport-mensuel-de-la-commission-des-femmes-du-conseil-national-de-la-resistance-iranienne-juillet-2019\/\" target=\"_blank\" rel=\"noreferrer noopener\">Golrokh Ebrahimi Iraee<\/a> a \u00e9crit : &#8220;J&#8217;ai appris qu&#8217;un grand pourcentage d&#8217;entre elles avaient assassin\u00e9 leurs maris apr\u00e8s avoir \u00e9t\u00e9 humili\u00e9es, insult\u00e9es, battues et m\u00eame tortur\u00e9es par eux pendant des ann\u00e9es et apr\u00e8s avoir \u00e9t\u00e9 priv\u00e9es de leur droit au divorce. Bien qu&#8217;elles se consid\u00e8rent comme des criminelles, elles sont convaincues que si l&#8217;un de leurs appels r\u00e9p\u00e9t\u00e9s au divorce avait \u00e9t\u00e9 accord\u00e9, elles n&#8217;auraient pas commis ce crime.&#8221;<\/p>\n\n\n\n<h3 class=\"wp-block-heading\"><strong>Ex\u00e9cution de milliers de femmes pour des motifs politiques<\/strong><\/h3>\n\n\n\n<p>Le r\u00e9gime iranien fait partie des gouvernements qui ex\u00e9cutent leurs opposants. Au moins 120.000 personnes ont \u00e9t\u00e9 ex\u00e9cut\u00e9es en Iran depuis 1981 pour leur opposition, y compris des milliers de femmes. &nbsp;<\/p>\n\n\n\n<p>Les lois internationales interdisent l&#8217;ex\u00e9cution de femmes enceintes. Cependant, en Iran, le r\u00e9gime a ex\u00e9cut\u00e9 au moins 50 femmes enceintes dans les ann\u00e9es 1980.<\/p>\n\n\n\n<p>Il a \u00e9galement ex\u00e9cut\u00e9 et pendu des milliers de femmes en 1988, lors du massacre de 30.000 prisonniers politiques en Iran.<\/p>\n\n\n\n<p>Le pr\u00e9sident en exercice du r\u00e9gime cl\u00e9rical, <a href=\"https:\/\/wncri.org\/fr\/2021\/06\/16\/le-candidat-a-la-presidence-en-iran-a-personnellement-execute-2\/\" target=\"_blank\" rel=\"noreferrer noopener\">Ebrahim Ra\u00efssi<\/a>, \u00e9tait membre de la Commission de la mort \u00e0 T\u00e9h\u00e9ran, ordonnant l&#8217;ex\u00e9cution de prisonniers politiques pour avoir adh\u00e9r\u00e9 \u00e0 leurs positions politiques contre le r\u00e9gime. Quatre-vingt-dix pour cent des personnes ex\u00e9cut\u00e9es \u00e9taient des membres de la principale opposition iranienne, <a href=\"https:\/\/english.mojahedin.org\/i\/primer-the-history-the-peoples-mojahedin-organization-iran\" target=\"_blank\" rel=\"noreferrer noopener\">l&#8217;Organisation des Moudjahidine du peuple d&#8217;Iran (OMPI\/MEK)<\/a>.<\/p>\n\n\n\n<p>Ebrahim Ra\u00efssi est un meurtrier de masse connu comme le bourreau du massacre de 1988. Le pouvoir judiciaire des mollahs a ex\u00e9cut\u00e9 au moins 30 prisonni\u00e8res au cours des deux ann\u00e9es o\u00f9 Ra\u00efssi \u00e9tait \u00e0 la t\u00eate du judiciaire.<\/p>\n\n\n\n<h3 class=\"wp-block-heading\"><strong>Amnesty International demande des enqu\u00eates urgentes<\/strong><\/h3>\n\n\n\n<p>Dans un <a href=\"https:\/\/www.amnesty.org\/fr\/latest\/news\/2018\/12\/iran-top-government-officials-distorted-the-truth-about-1988-prison-massacres-2\/\" target=\"_blank\" rel=\"noreferrer noopener\">communiqu\u00e9<\/a> publi\u00e9 le 19 juin, la secr\u00e9taire g\u00e9n\u00e9rale d&#8217;Amnesty International, Agn\u00e8s Callamard, a d\u00e9clar\u00e9 : &#8220;Le fait qu&#8217;Ebrahim Ra\u00efssi ait acc\u00e9d\u00e9 \u00e0 la pr\u00e9sidence au lieu de faire l&#8217;objet d&#8217;une enqu\u00eate pour les crimes contre l&#8217;humanit\u00e9 que sont les meurtres, les disparitions forc\u00e9es et la torture est un sinistre rappel que l&#8217;impunit\u00e9 r\u00e8gne en ma\u00eetre en Iran. En 2018, notre organisation a document\u00e9 la fa\u00e7on dont Ebrahim Ra\u00efssi avait \u00e9t\u00e9 membre de la Commission de la mort, qui a fait dispara\u00eetre de force et ex\u00e9cut\u00e9 extrajudiciairement en secret des milliers de dissidents politiques dans les prisons d&#8217;Evine et de Gohardacht, pr\u00e8s de T\u00e9h\u00e9ran, en 1988. Les circonstances entourant le sort des victimes et l&#8217;endroit o\u00f9 se trouvent leurs corps sont, \u00e0 ce jour, syst\u00e9matiquement dissimul\u00e9es par les autorit\u00e9s iraniennes, ce qui constitue un crime contre l&#8217;humanit\u00e9 permanent.<\/p>\n\n\n\n<p>Mme Callamard a ajout\u00e9 : &#8220;En tant que chef du pouvoir judiciaire iranien, Ebrahim Ra\u00efssi a pr\u00e9sid\u00e9 \u00e0 une r\u00e9pression en spirale des droits de l&#8217;Homme qui a conduit \u00e0 la d\u00e9tention arbitraire de centaines de dissidents pacifiques, de d\u00e9fenseurs des droits de l&#8217;Homme et de membres de groupes minoritaires pers\u00e9cut\u00e9s. Sous sa direction, le pouvoir judiciaire a \u00e9galement accord\u00e9 une impunit\u00e9 totale aux repr\u00e9sentants du gouvernement et aux forces de s\u00e9curit\u00e9 responsables du meurtre ill\u00e9gal de centaines d&#8217;hommes, de femmes et d&#8217;enfants, de l&#8217;arrestation massive de milliers de manifestants et de la disparition forc\u00e9e d&#8217;au moins des centaines d&#8217;entre eux, ainsi que de la torture et d&#8217;autres mauvais traitements pendant et apr\u00e8s les manifestations nationales de novembre 2019.<\/p>\n\n\n\n<p>&#8220;Nous continuons \u00e0 demander qu&#8217;Ebrahim Ra\u00efssi fasse l&#8217;objet d&#8217;une enqu\u00eate pour son implication dans des crimes pass\u00e9s et en cours au regard du droit international, y compris par les \u00c9tats qui exercent leur comp\u00e9tence universelle&#8221;.<\/p>\n\n\n\n<p>&#8220;Il est plus urgent que jamais que les \u00c9tats membres du Conseil des droits de l&#8217;Homme de l&#8217;ONU prennent des mesures concr\u00e8tes pour s&#8217;attaquer \u00e0 la crise de l&#8217;impunit\u00e9 syst\u00e9matique en Iran, notamment en mettant en place un m\u00e9canisme impartial charg\u00e9 de recueillir et d&#8217;analyser les preuves des crimes les plus graves au regard du droit international commis en Iran afin de faciliter l&#8217;ouverture de proc\u00e9dures p\u00e9nales \u00e9quitables et ind\u00e9pendantes.&#8221;<\/p>\n\n\n\n<h3 class=\"wp-block-heading\"><strong>Le rapport des Nations unies sur la peine de mort en Iran<\/strong><\/h3>\n\n\n\n<p>Dans son <a href=\"https:\/\/undocs.org\/A\/HRC\/48\/57\" target=\"_blank\" rel=\"noreferrer noopener\">dernier rapport<\/a> sur la situation des droits de l&#8217;Homme en Iran, le rapporteur sp\u00e9cial des Nations unies, le professeur Javaid Rahman, s&#8217;est dit alarm\u00e9 par &#8220;le nombre \u00e9lev\u00e9 de condamnations \u00e0 mort et d&#8217;ex\u00e9cutions en R\u00e9publique islamique d&#8217;Iran&#8221;. Il a d\u00e9clar\u00e9 que l&#8217;Iran &#8220;maintient toujours le taux d&#8217;application de la peine de mort le plus \u00e9lev\u00e9 au monde.&#8221;<\/p>\n\n\n\n<p>Le professeur Rahman a \u00e9crit dans son rapport qu&#8217;il est troubl\u00e9 par le fait que la peine de mort reste applicable dans les cas d&#8217;enfants d\u00e9linquants et pour des crimes qui ne sont pas consid\u00e9r\u00e9s comme &#8220;les plus graves&#8221; au regard du droit international des droits de l&#8217;Homme. Les rapports faisant \u00e9tat du recours syst\u00e9matique \u00e0 la torture pour extorquer des aveux forc\u00e9s dans les affaires de peine de mort et de l&#8217;application disproportionn\u00e9e de la peine capitale \u00e0 l&#8217;encontre des minorit\u00e9s sont \u00e9galement inqui\u00e9tants.<\/p>\n\n\n\n<p>Dans une autre partie, il \u00e9crit : &#8221; Le Rapporteur sp\u00e9cial est alarm\u00e9 par le nombre \u00e9lev\u00e9 de d\u00e9c\u00e8s r\u00e9sultant d&#8217;un recours excessif \u00e0 la force par les agents de s\u00e9curit\u00e9, les gardes-fronti\u00e8res et les forces de l&#8217;ordre. Les enqu\u00eates sur de tels incidents seraient rares, ce qui entra\u00eene une impunit\u00e9 g\u00e9n\u00e9ralis\u00e9e. Il est \u00e9galement pr\u00e9occup\u00e9 par le manque de donn\u00e9es officielles sur ces d\u00e9c\u00e8s et par l&#8217;insuffisance de la l\u00e9gislation fixant les contraintes de l&#8217;usage de la force.&#8221;<\/p>\n\n\n\n<p>Il a \u00e9galement not\u00e9 : &#8220;Alors qu&#8217;aucune enqu\u00eate cr\u00e9dible sur les responsables des \u00e9v\u00e9nements de novembre 2019 n&#8217;a \u00e9t\u00e9 entreprise, les autorit\u00e9s continuent de poursuivre les personnes qui ont particip\u00e9 aux manifestations.&#8221;<\/p>\n\n\n\n<p>Il a exhort\u00e9 la communaut\u00e9 internationale \u00e0 demander des comptes.<\/p>\n\n\n\n<h3 class=\"wp-block-heading\"><strong>Arr\u00eater la peine de mort<\/strong><\/h3>\n\n\n\n<p>En cette Journ\u00e9e mondiale contre la peine de mort, nous attirons l&#8217;attention sur <a href=\"https:\/\/iran-shutdown.amnesty.org\/\" target=\"_blank\" rel=\"noreferrer noopener\">le sort des femmes en Iran<\/a> et exhortons la communaut\u00e9 internationale \u00e0 faire pression sur le r\u00e9gime iranien pour qu&#8217;il <a href=\"https:\/\/wncri.org\/2021\/06\/14\/the-plight-of-women-in-iran-a-report-to-the-un-beijing25-forum\/\" target=\"_blank\" rel=\"noreferrer noopener\">mette fin \u00e0 la peine de mort<\/a>, en particulier pour les femmes.<\/p>\n\n\n\n<p>Mme Maryam Radjavi, pr\u00e9sidente \u00e9lue du Conseil national de la R\u00e9sistance iranienne (CNRI), a appel\u00e9 \u00e0 <a href=\"https:\/\/www.maryam-rajavi.com\/fr\/points-de-vue\/abolition-peine-mort-iran\/\" target=\"_blank\" rel=\"noreferrer noopener\">l&#8217;abolition de la peine de mort en Iran.<\/a><\/p>\n\n\n\n<p>La R\u00e9sistance iranienne demande \u00e9galement des enqu\u00eates internationales sur les crimes commis par les dirigeants du r\u00e9gime cl\u00e9rical, y compris le guide supr\u00eame des mollahs, Ali Khamenei, son pr\u00e9sident, Ebrahim Ra\u00efssi, son chef du judiciaire Gholam Hossein Mohseni Eje\u2019i, et d&#8217;autres pour leur implication directe dans le massacre de 30 000 opposants durant l\u2019\u00e9t\u00e9 1988.<\/p>\n\n\n\n<p>Le crime contre l&#8217;humanit\u00e9 se poursuit en Iran si ses commanditaires et ses auteurs ne sont pas traduits en justice.<\/p>\n","protected":false},"excerpt":{"rendered":"<p>CNRI Femmes &#8211; La peine de mort pour les femmes sous le r\u00e9gime misogyne des mollahs en Iran. La Journ\u00e9e mondiale contre la peine de mort est d\u00e9di\u00e9e cette ann\u00e9e aux femmes &#8220;qui risquent d&#8217;\u00eatre condamn\u00e9es \u00e0 mort, qui ont \u00e9t\u00e9 condamn\u00e9es \u00e0 mort, qui ont \u00e9t\u00e9 ex\u00e9cut\u00e9es, et \u00e0 celles dont la peine de [&hellip;]<\/p>\n","protected":false},"author":4,"featured_media":14258,"comment_status":"closed","ping_status":"closed","sticky":false,"template":"","format":"standard","meta":{"jnews-multi-image_gallery":[],"jnews_single_post":{"subtitle":"","format":"standard","video":"","gallery":"","source_name":"","source_url":"","via_name":"","via_url":"","override":[{"template":"1","single_blog_custom":"","parallax":"1","fullscreen":"1","layout":"right-sidebar","sidebar":"default-sidebar","second_sidebar":"default-sidebar","sticky_sidebar":"1","share_position":"top","share_float_style":"share-monocrhome","show_share_counter":"1","show_view_counter":"1","show_featured":"1","show_post_meta":"1","show_post_author":"1","show_post_author_image":"1","show_post_date":"1","post_date_format":"default","post_date_format_custom":"Y\/m\/d","show_post_category":"1","post_reading_time_wpm":"300","zoom_button_out_step":"2","zoom_button_in_step":"3","show_post_tag":"1","show_prev_next_post":"1","show_popup_post":"1","number_popup_post":"1"}],"image_override":[{"single_post_thumbnail_size":"crop-500","single_post_gallery_size":"crop-500"}],"trending_post_position":"meta","trending_post_label":"Trending","sponsored_post_label":"Sponsored by","sponsored_post_name":"","sponsored_post_url":"","sponsored_post_logo":"","sponsored_post_desc":""},"jnews_primary_category":{"id":""},"jnews_social_meta":[],"jnews_override_counter":{"view_counter_number":"0","share_counter_number":"0","like_counter_number":"0","dislike_counter_number":"0"},"footnotes":""},"categories":[8],"tags":[367,376],"class_list":["post-14242","post","type-post","status-publish","format-standard","has-post-thumbnail","hentry","category-articles","tag-execution","tag-violence-contre-les-femmes"],"_links":{"self":[{"href":"https:\/\/wncri.org\/fr\/wp-json\/wp\/v2\/posts\/14242","targetHints":{"allow":["GET"]}}],"collection":[{"href":"https:\/\/wncri.org\/fr\/wp-json\/wp\/v2\/posts"}],"about":[{"href":"https:\/\/wncri.org\/fr\/wp-json\/wp\/v2\/types\/post"}],"author":[{"embeddable":true,"href":"https:\/\/wncri.org\/fr\/wp-json\/wp\/v2\/users\/4"}],"replies":[{"embeddable":true,"href":"https:\/\/wncri.org\/fr\/wp-json\/wp\/v2\/comments?post=14242"}],"version-history":[{"count":0,"href":"https:\/\/wncri.org\/fr\/wp-json\/wp\/v2\/posts\/14242\/revisions"}],"wp:featuredmedia":[{"embeddable":true,"href":"https:\/\/wncri.org\/fr\/wp-json\/wp\/v2\/media\/14258"}],"wp:attachment":[{"href":"https:\/\/wncri.org\/fr\/wp-json\/wp\/v2\/media?parent=14242"}],"wp:term":[{"taxonomy":"category","embeddable":true,"href":"https:\/\/wncri.org\/fr\/wp-json\/wp\/v2\/categories?post=14242"},{"taxonomy":"post_tag","embeddable":true,"href":"https:\/\/wncri.org\/fr\/wp-json\/wp\/v2\/tags?post=14242"}],"curies":[{"name":"wp","href":"https:\/\/api.w.org\/{rel}","templated":true}]}}