{"id":14237,"date":"2021-10-02T20:28:00","date_gmt":"2021-10-02T18:28:00","guid":{"rendered":"https:\/\/wncri.org\/fr\/?p=14237"},"modified":"2021-10-03T20:30:29","modified_gmt":"2021-10-03T18:30:29","slug":"mahboubeh-farahzadi-militante-des-droits-des-femmes-et-des-enseignan","status":"publish","type":"post","link":"https:\/\/wncri.org\/fr\/2021\/10\/02\/mahboubeh-farahzadi-militante-des-droits-des-femmes-et-des-enseignan\/","title":{"rendered":"Mahboubeh Farahzadi, militante des droits des femmes et des enseignants, convoqu\u00e9e au tribunal"},"content":{"rendered":"\n<p>CNRI Femmes &#8211; Le tribunal r\u00e9volutionnaire de T\u00e9h\u00e9ran a convoqu\u00e9 Mme Mahboubeh Farahzadi pour qu&#8217;elle se pr\u00e9sente au plus tard le 2 octobre 2021.<\/p>\n\n\n\n<p>Mahboubeh Farahzadi est une militante des droits des enseignants et membre de l&#8217;association <a href=\"https:\/\/wncri.org\/2021\/06\/14\/the-plight-of-women-in-iran-a-report-to-the-un-beijing25-forum\/\" target=\"_blank\" rel=\"noreferrer noopener\">Voix des femmes iraniennes<\/a> (Neda-ye Zanan-e Iran).<\/p>\n\n\n\n<p>Le tribunal r\u00e9volutionnaire de T\u00e9h\u00e9ran a convoqu\u00e9 l&#8217;enseignante retrait\u00e9e par t\u00e9l\u00e9phone. Elle \u00e9tait cens\u00e9e se pr\u00e9senter avant 9 heures le 2 octobre 2021.<\/p>\n\n\n\n<p>Les forces de s\u00e9curit\u00e9 ont fait irruption au domicile de Mme Farahzadi et l&#8217;ont arr\u00eat\u00e9e le 29 mai 2021. La 7e section du Bureau des interrogatoires du procureur d&#8217;Evin l&#8217;a accus\u00e9e, a fix\u00e9 une caution de 50 millions de tomans et l&#8217;a lib\u00e9r\u00e9e temporairement quelques heures apr\u00e8s.<\/p>\n\n\n\n<p>La 7e branche des interrogatoires d&#8217;Evine a convoqu\u00e9 Mme Farahzadi \u00e0 deux reprises, une fois le 19 mai et une autre fois le 30 septembre. Elle est notamment accus\u00e9e de &#8220;propagande contre l&#8217;\u00c9tat et les institutions publiques&#8221;.<\/p>\n\n\n\n<h3 class=\"wp-block-heading\"><strong>Harc\u00e8lement et arrestation de membres de la Voix des femmes iraniennes<\/strong><\/h3>\n\n\n\n<p>Mahboubeh Farahzadi a d\u00e9j\u00e0 \u00e9t\u00e9 convoqu\u00e9e et arr\u00eat\u00e9e par les services de renseignements.<\/p>\n\n\n\n<p>Les services de renseignement et les services judiciaires iraniens <a href=\"https:\/\/wncri.org\/fr\/2020\/03\/18\/quatre-militantes-des-droits-des-femmes-convoquees-en-prison-en-plein-coronavirus\/\" target=\"_blank\" rel=\"noreferrer noopener\">ont arr\u00eat\u00e9<\/a> puis rel\u00e2ch\u00e9 un grand nombre de membres de <a href=\"https:\/\/wncri.org\/fr\/2019\/09\/12\/voix-des-femmes-iraniennelassociation-voix-des-femmes-iraniennes-sous-davantage-de-pression-en-iran\/\" target=\"_blank\" rel=\"noreferrer noopener\">l&#8217;association Voix des femmes iraniennes<\/a> et les ont accus\u00e9es de &#8220;promotion de la corruption et de la prostitution&#8221;, de &#8220;formation de l&#8217;association des femmes iraniennes&#8221;, d'&#8221;association et collusion contre la s\u00e9curit\u00e9 nationale&#8221; et de &#8220;propagande contre l&#8217;\u00c9tat&#8221;.<\/p>\n\n\n\n<p>La 2e branche du bureau du procureur d&#8217;Evine a convoqu\u00e9 <a href=\"https:\/\/wncri.org\/2019\/04\/30\/akram-nasirian-civil-activist-transferred-and-incarcerated-in-evin\/\" target=\"_blank\" rel=\"noreferrer noopener\">Akram Nasirian<\/a> et <a href=\"https:\/\/wncri.org\/fr\/2019\/05\/17\/nahid-shaqaqi-militante-des-droits-des-femmes-en-iran-violemment-arretee-chez-elle\/\" target=\"_blank\" rel=\"noreferrer noopener\">Nahid Shaqaqi<\/a> le 4 septembre 2019. Quatre jours plus tard, le 8 septembre, lorsqu&#8217;ils se sont pr\u00e9sent\u00e9s, ils ont d\u00e9couvert que leur caution avait augment\u00e9. Ils ont obtenu leur libert\u00e9 temporaire en payant la caution.<\/p>\n\n\n\n<p>Mme Nasirian et Mme Shaqaqi avaient \u00e9t\u00e9 arr\u00eat\u00e9es en avril 2019 et d\u00e9tenues pendant un mois avant d&#8217;\u00eatre lib\u00e9r\u00e9es sous caution.<\/p>\n\n\n\n<p>Mahboubeh Farahzadi, enseignante \u00e0 la retraite et membre de l&#8217;association Voix des femmes iraniennes, a \u00e9galement \u00e9t\u00e9 convoqu\u00e9e le 3 septembre 2019 au bureau du procureur d&#8217;Evine et y a \u00e9t\u00e9 interrog\u00e9e pendant plusieurs heures le 8 septembre 2019.<\/p>\n\n\n\n<p>Une autre membre de l&#8217;Association Voix des femmes iraniennes, <a href=\"https:\/\/wncri.org\/fr\/2018\/09\/19\/soha-mortezai-et-maryam-mohammadi-condamnees-a-13-ans-de-detention-en-iran\/\" target=\"_blank\" rel=\"noreferrer noopener\">Maryam Mohammadi<\/a>, a \u00e9t\u00e9 arr\u00eat\u00e9e le 8 juillet 2019 \u00e0 Garmsar et emmen\u00e9e en isolement dans le quartier 209 du minist\u00e8re du Renseignement \u00e0 la prison d&#8217;Evine. Elle a \u00e9t\u00e9 confin\u00e9e pendant un mois \u00e0 l&#8217;isolement, puis transf\u00e9r\u00e9e dans le quartier des femmes. Mme Mohammadi a \u00e9t\u00e9 une prisonni\u00e8re politique dans les ann\u00e9es 80. Elle a \u00e9t\u00e9 arr\u00eat\u00e9e en 1981 \u00e0 l&#8217;\u00e2ge de 14 ans et est rest\u00e9e en d\u00e9tention jusqu&#8217;en 1989. Elle a deux filles, \u00e2g\u00e9es de 16 et 26 ans.<\/p>\n\n\n\n<p><a href=\"https:\/\/wncri.org\/fr\/2019\/06\/18\/trois-militantes-des-droits-des-femmes-convoquees-par-le-parquet-en-iran\/\" target=\"_blank\" rel=\"noreferrer noopener\">Esrin Derkaleh<\/a>, une autre membre de l&#8217;association Voix des femmes iraniennes, est en prison depuis plus de 40 jours. Le 28 juillet 2019, elle a \u00e9t\u00e9 arr\u00eat\u00e9e \u00e0 Garmsar et emmen\u00e9e au quartier 209 de la prison d&#8217;Evine. Elle est n\u00e9e en 1983 et est la m\u00e8re d&#8217;un jeune homme de 18 ans.<\/p>\n","protected":false},"excerpt":{"rendered":"<p>CNRI Femmes &#8211; Le tribunal r\u00e9volutionnaire de T\u00e9h\u00e9ran a convoqu\u00e9 Mme Mahboubeh Farahzadi pour qu&#8217;elle se pr\u00e9sente au plus tard le 2 octobre 2021. Mahboubeh Farahzadi est une militante des droits des enseignants et membre de l&#8217;association Voix des femmes iraniennes (Neda-ye Zanan-e Iran). Le tribunal r\u00e9volutionnaire de T\u00e9h\u00e9ran a convoqu\u00e9 l&#8217;enseignante retrait\u00e9e par t\u00e9l\u00e9phone. [&hellip;]<\/p>\n","protected":false},"author":4,"featured_media":14238,"comment_status":"closed","ping_status":"closed","sticky":false,"template":"","format":"standard","meta":{"jnews-multi-image_gallery":[],"jnews_single_post":{"subtitle":"","format":"standard","video":"","gallery":"","source_name":"","source_url":"","via_name":"","via_url":"","override":[{"template":"1","single_blog_custom":"","parallax":"1","fullscreen":"1","layout":"right-sidebar","sidebar":"default-sidebar","second_sidebar":"default-sidebar","sticky_sidebar":"1","share_position":"top","share_float_style":"share-monocrhome","show_share_counter":"1","show_view_counter":"1","show_featured":"1","show_post_meta":"1","show_post_author":"1","show_post_author_image":"1","show_post_date":"1","post_date_format":"default","post_date_format_custom":"Y\/m\/d","show_post_category":"1","post_reading_time_wpm":"300","zoom_button_out_step":"2","zoom_button_in_step":"3","show_post_tag":"1","show_prev_next_post":"1","show_popup_post":"1","number_popup_post":"1"}],"image_override":[{"single_post_thumbnail_size":"crop-500","single_post_gallery_size":"crop-500"}],"trending_post_position":"meta","trending_post_label":"Trending","sponsored_post_label":"Sponsored by","sponsored_post_name":"","sponsored_post_url":"","sponsored_post_logo":"","sponsored_post_desc":""},"jnews_primary_category":{"id":""},"jnews_social_meta":[],"jnews_override_counter":{"view_counter_number":"0","share_counter_number":"0","like_counter_number":"0","dislike_counter_number":"0"},"footnotes":""},"categories":[3],"tags":[369,370],"class_list":["post-14237","post","type-post","status-publish","format-standard","has-post-thumbnail","hentry","category-infos-des-femmes","tag-manifestations","tag-prisonnieres"],"_links":{"self":[{"href":"https:\/\/wncri.org\/fr\/wp-json\/wp\/v2\/posts\/14237","targetHints":{"allow":["GET"]}}],"collection":[{"href":"https:\/\/wncri.org\/fr\/wp-json\/wp\/v2\/posts"}],"about":[{"href":"https:\/\/wncri.org\/fr\/wp-json\/wp\/v2\/types\/post"}],"author":[{"embeddable":true,"href":"https:\/\/wncri.org\/fr\/wp-json\/wp\/v2\/users\/4"}],"replies":[{"embeddable":true,"href":"https:\/\/wncri.org\/fr\/wp-json\/wp\/v2\/comments?post=14237"}],"version-history":[{"count":0,"href":"https:\/\/wncri.org\/fr\/wp-json\/wp\/v2\/posts\/14237\/revisions"}],"wp:featuredmedia":[{"embeddable":true,"href":"https:\/\/wncri.org\/fr\/wp-json\/wp\/v2\/media\/14238"}],"wp:attachment":[{"href":"https:\/\/wncri.org\/fr\/wp-json\/wp\/v2\/media?parent=14237"}],"wp:term":[{"taxonomy":"category","embeddable":true,"href":"https:\/\/wncri.org\/fr\/wp-json\/wp\/v2\/categories?post=14237"},{"taxonomy":"post_tag","embeddable":true,"href":"https:\/\/wncri.org\/fr\/wp-json\/wp\/v2\/tags?post=14237"}],"curies":[{"name":"wp","href":"https:\/\/api.w.org\/{rel}","templated":true}]}}