{"id":14213,"date":"2021-09-27T16:16:00","date_gmt":"2021-09-27T14:16:00","guid":{"rendered":"https:\/\/wncri.org\/fr\/?p=14213"},"modified":"2021-09-29T16:18:13","modified_gmt":"2021-09-29T14:18:13","slug":"golrokh-bannie-depuis-plus-de-huit-mois-a-la-prison-damol","status":"publish","type":"post","link":"https:\/\/wncri.org\/fr\/2021\/09\/27\/golrokh-bannie-depuis-plus-de-huit-mois-a-la-prison-damol\/","title":{"rendered":"Golrokh bannie depuis plus de huit mois \u00e0 la prison d\u2019Amol"},"content":{"rendered":"\n<p>CNRI Femmes &#8211; Golrokh Ebrahimi Iraee est bannie <a href=\"https:\/\/wncri.org\/fr\/2021\/01\/25\/la-prisonniere-politique-golrokh\/\" target=\"_blank\" rel=\"noreferrer noopener\">depuis huit mois \u00e0 la prison<\/a> d&#8217;Amol, dans la province de Mazandaran, au nord de l&#8217;Iran. Elle est d\u00e9tenue parmi des prisonni\u00e8res de droit commun, en violation de la s\u00e9paration des cat\u00e9gories de d\u00e9tenues.<\/p>\n\n\n\n<p>En juillet dernier, Golrokh a envoy\u00e9 de la prison un message indiquant que les femmes sont insult\u00e9es et humili\u00e9es par les autorit\u00e9s p\u00e9nitentiaires. En signe de protestation, elle a refus\u00e9 de passer des appels t\u00e9l\u00e9phoniques ou de se rendre \u00e0 des visites. Dans son message, Mme Iraee a d\u00e9clar\u00e9 que &#8220;les droits fondamentaux des d\u00e9tenues leur sont offerts comme un privil\u00e8ge accompagn\u00e9s d&#8217;insultes et d&#8217;un ton m\u00e9prisant.&#8221;<\/p>\n\n\n\n<p>La prisonni\u00e8re politique Golrokh Ebrahimi Iraee a \u00e9t\u00e9 arr\u00eat\u00e9e pour la deuxi\u00e8me fois le 9 novembre 2019. Elle a \u00e9t\u00e9 appr\u00e9hend\u00e9e \u00e0 son domicile par dix hommes des forces de s\u00e9curit\u00e9 et emmen\u00e9e dans un lieu inconnu. Les forces de s\u00e9curit\u00e9 n&#8217;ont pas montr\u00e9 leur mandat d&#8217;arr\u00eat.<\/p>\n\n\n\n<p>Le 18 juin 2019, le tribunal r\u00e9volutionnaire de T\u00e9h\u00e9ran a examin\u00e9 une nouvelle affaire d\u00e9pos\u00e9e contre Golrokh Ebrahimi Iraee et Atena Daemi pour leur protestation en prison contre les ex\u00e9cutions de trois dissidents kurdes. Le tribunal les a condamn\u00e9es \u00e0 un an et demi de d\u00e9tention suppl\u00e9mentaire pour &#8220;propagande contre l&#8217;\u00c9tat&#8221; et \u00e0 deux ans et un mois pour &#8220;insulte au guide (Ali Khamenei)&#8221;.<\/p>\n\n\n\n<p>Golrokh Ebrahimi Iraee a \u00e9t\u00e9 arr\u00eat\u00e9e par les services de renseignement du Corps des gardiens de la r\u00e9volution (pasdarans) le 6 septembre 2014, ainsi que son mari et deux autres militants. Elle a pass\u00e9 trois semaines dans le quartier 2A des services de renseignement \u00e0 Evine. Puis elle a \u00e9t\u00e9 lib\u00e9r\u00e9e le 27 septembre 2014, moyennant une caution de 80 millions de tomans pour ses activit\u00e9s sur Facebook. Elle a ensuite \u00e9t\u00e9 condamn\u00e9e \u00e0 six ans d&#8217;emprisonnement pour &#8220;insulte au caract\u00e8re sacr\u00e9&#8221; et &#8220;propagande contre l&#8217;\u00c9tat&#8221;.<\/p>\n\n\n\n<p>Le 24 octobre 2016, les forces de s\u00e9curit\u00e9 ont lanc\u00e9 un raid contre son domicile, et elle a \u00e9t\u00e9 emmen\u00e9e \u00e0 la prison d&#8217;Evine pour y purger sa peine. Son mari, Arash Sadeghi, a entam\u00e9 une gr\u00e8ve de la faim en signe de protestation, et apr\u00e8s 72 jours, Golrokh Ebrahimi Iraee a \u00e9t\u00e9 lib\u00e9r\u00e9e le 3 janvier 2017.<\/p>\n\n\n\n<p>Le 22 janvier 2017, Golrokh Ebrahimi Iraee a de nouveau \u00e9t\u00e9 arr\u00eat\u00e9e alors qu&#8217;elle se rendait \u00e0 l&#8217;h\u00f4pital o\u00f9 son mari emprisonn\u00e9 \u00e9tait cens\u00e9 \u00eatre examin\u00e9.<\/p>\n\n\n\n<p>Le 24 janvier 2018, elle et sa compagne de cellule, la prisonni\u00e8re politique Atena Daemi, ont \u00e9t\u00e9 battues puis emmen\u00e9es dans la sinistre prison de Qarchak \u00e0 Varamine, violant ainsi la s\u00e9paration des cat\u00e9gories de prisonniers.<\/p>\n\n\n\n<p>Mme Iraee a entam\u00e9 une gr\u00e8ve de la faim le 3 f\u00e9vrier 2018. <a href=\"https:\/\/wncri.org\/fr\/2018\/04\/25\/iran-la-prisonniere-politique-golrokh-iraee-met-fin-a-81-jours-de-greve-de-la-faim\/\" target=\"_blank\" rel=\"noreferrer noopener\">Apr\u00e8s 81 jours de gr\u00e8ve<\/a> de la faim, associ\u00e9s au soutien national et international, le r\u00e9gime des mollahs a d\u00fb c\u00e9der \u00e0 sa demande et la renvoyer, ainsi qu&#8217;Atena, \u00e0 la prison d&#8217;Evine le 13 mai 2018.<\/p>\n","protected":false},"excerpt":{"rendered":"<p>CNRI Femmes &#8211; Golrokh Ebrahimi Iraee est bannie depuis huit mois \u00e0 la prison d&#8217;Amol, dans la province de Mazandaran, au nord de l&#8217;Iran. Elle est d\u00e9tenue parmi des prisonni\u00e8res de droit commun, en violation de la s\u00e9paration des cat\u00e9gories de d\u00e9tenues. En juillet dernier, Golrokh a envoy\u00e9 de la prison un message indiquant que [&hellip;]<\/p>\n","protected":false},"author":4,"featured_media":14214,"comment_status":"closed","ping_status":"closed","sticky":false,"template":"","format":"standard","meta":{"jnews-multi-image_gallery":[],"jnews_single_post":{"subtitle":"","format":"standard","video":"","gallery":"","source_name":"","source_url":"","via_name":"","via_url":"","override":[{"template":"1","single_blog_custom":"","parallax":"1","fullscreen":"1","layout":"right-sidebar","sidebar":"default-sidebar","second_sidebar":"default-sidebar","sticky_sidebar":"1","share_position":"top","share_float_style":"share-monocrhome","show_share_counter":"1","show_view_counter":"1","show_featured":"1","show_post_meta":"1","show_post_author":"1","show_post_author_image":"1","show_post_date":"1","post_date_format":"default","post_date_format_custom":"Y\/m\/d","show_post_category":"1","post_reading_time_wpm":"300","zoom_button_out_step":"2","zoom_button_in_step":"3","show_post_tag":"1","show_prev_next_post":"1","show_popup_post":"1","number_popup_post":"1"}],"image_override":[{"single_post_thumbnail_size":"crop-500","single_post_gallery_size":"crop-500"}],"trending_post_position":"meta","trending_post_label":"Trending","sponsored_post_label":"Sponsored by","sponsored_post_name":"","sponsored_post_url":"","sponsored_post_logo":"","sponsored_post_desc":""},"jnews_primary_category":{"id":""},"jnews_social_meta":[],"jnews_override_counter":{"view_counter_number":"0","share_counter_number":"0","like_counter_number":"0","dislike_counter_number":"0"},"footnotes":""},"categories":[3],"tags":[370],"class_list":["post-14213","post","type-post","status-publish","format-standard","has-post-thumbnail","hentry","category-infos-des-femmes","tag-prisonnieres"],"_links":{"self":[{"href":"https:\/\/wncri.org\/fr\/wp-json\/wp\/v2\/posts\/14213","targetHints":{"allow":["GET"]}}],"collection":[{"href":"https:\/\/wncri.org\/fr\/wp-json\/wp\/v2\/posts"}],"about":[{"href":"https:\/\/wncri.org\/fr\/wp-json\/wp\/v2\/types\/post"}],"author":[{"embeddable":true,"href":"https:\/\/wncri.org\/fr\/wp-json\/wp\/v2\/users\/4"}],"replies":[{"embeddable":true,"href":"https:\/\/wncri.org\/fr\/wp-json\/wp\/v2\/comments?post=14213"}],"version-history":[{"count":0,"href":"https:\/\/wncri.org\/fr\/wp-json\/wp\/v2\/posts\/14213\/revisions"}],"wp:featuredmedia":[{"embeddable":true,"href":"https:\/\/wncri.org\/fr\/wp-json\/wp\/v2\/media\/14214"}],"wp:attachment":[{"href":"https:\/\/wncri.org\/fr\/wp-json\/wp\/v2\/media?parent=14213"}],"wp:term":[{"taxonomy":"category","embeddable":true,"href":"https:\/\/wncri.org\/fr\/wp-json\/wp\/v2\/categories?post=14213"},{"taxonomy":"post_tag","embeddable":true,"href":"https:\/\/wncri.org\/fr\/wp-json\/wp\/v2\/tags?post=14213"}],"curies":[{"name":"wp","href":"https:\/\/api.w.org\/{rel}","templated":true}]}}