{"id":14193,"date":"2021-09-22T23:05:00","date_gmt":"2021-09-22T21:05:00","guid":{"rendered":"https:\/\/wncri.org\/fr\/?p=14193"},"modified":"2021-09-24T23:09:07","modified_gmt":"2021-09-24T21:09:07","slug":"lavocat-de-maryam-akbari-lance-un-appel-pour-son-droit-de-sortie","status":"publish","type":"post","link":"https:\/\/wncri.org\/fr\/2021\/09\/22\/lavocat-de-maryam-akbari-lance-un-appel-pour-son-droit-de-sortie\/","title":{"rendered":"L&#8217;avocat de Maryam Akbari lance un appel pour son droit de sortie"},"content":{"rendered":"\n<p>CNRI Femmes &#8211; L&#8217;avocat de <a href=\"https:\/\/wncri.org\/fr\/2021\/08\/10\/prison-de-semnan-accentuent-la-pression-sur-maryam-akbari-monfared\/\" target=\"_blank\" rel=\"noreferrer noopener\">Maryam Akbari<\/a>, Hossein Taj, constatant la d\u00e9tention prolong\u00e9e de sa cliente, a d\u00e9clar\u00e9 qu&#8217;elle est priv\u00e9e des conditions minimales pr\u00e9vues par la loi. <a href=\"https:\/\/www.amnesty.org\/fr\/documents\/mde13\/4657\/2021\/fr\/\" target=\"_blank\" rel=\"noreferrer noopener\">Maryam Akbari Monfared<\/a>, prisonni\u00e8re politique en prison, purge sa 12e ann\u00e9e d&#8217;emprisonnement sans aucun jour de permission, \u00e0 la prison de Semnan.<\/p>\n\n\n\n<p>M. Taj a \u00e9galement annonc\u00e9 qu&#8217;il avait d\u00e9pos\u00e9 un nouveau recours pour le cas de cette prisonni\u00e8re politique. Il a d\u00e9clar\u00e9 que les autorit\u00e9s judiciaires n&#8217;avaient pas tenu compte de son pr\u00e9c\u00e9dent appel car il \u00e9tait bas\u00e9 sur l&#8217;ancienne version de la loi. Maintenant que la loi a chang\u00e9, il doit d\u00e9poser un nouvel appel, demandant que sa cliente b\u00e9n\u00e9ficie des facilit\u00e9s minimales pr\u00e9vues. Hossein Taj a ajout\u00e9 que sa cliente aurait d\u00e9j\u00e0 d\u00fb \u00eatre lib\u00e9r\u00e9e sur la base de la nouvelle loi.<\/p>\n\n\n\n<p>\u00c0 la suite de son <a href=\"https:\/\/wncri.org\/fr\/2018\/04\/11\/maryam-akbari-c-est-a-moi-et-aux-autres-de-mes-codetenus-de-vous-accorder-l-amnistie\/https:\/women.ncr-iran.org\/fr\/2018\/04\/11\/maryam-akbari-c-est-a-moi-et-aux-autres-de-mes-codetenus-de-vous-accorder-l-amnistie\/\" target=\"_blank\" rel=\"noreferrer noopener\">transfert<\/a> de la prison d&#8217;Evine \u00e0 celle de Semnan, Maryam Akbari doit faire face \u00e0 <a href=\"https:\/\/wncri.org\/fr\/2021\/06\/03\/le-ministere-du-renseignement-fait-pression-sur-maryam-akbari-monfared\/\" target=\"_blank\" rel=\"noreferrer noopener\">davantage de restrictions<\/a> en termes de visites familiales.<\/p>\n\n\n\n<p>Ses conditions de d\u00e9tention dans la prison de Semnan ne sont pas adapt\u00e9es. Mme Akbari et sa famille font face <a href=\"https:\/\/wncri.org\/fr\/2021\/05\/20\/maryam-akbari-monfared-sous-pression-maximale-70-jours-apres\/\" target=\"_blank\" rel=\"noreferrer noopener\">\u00e0 davantage de restrictions<\/a> par rapport au pass\u00e9 sans aucune justification l\u00e9gale.<\/p>\n\n\n\n<p>L&#8217;avocat de Maryam Akbari a d\u00e9clar\u00e9 : &#8221; L&#8217;approche du Parquet concernant le cas de Mme Akbari Monfared est tr\u00e8s dure. Elle n&#8217;a pas eu un seul jour de cong\u00e9 depuis son incarc\u00e9ration en 2009. Nous avons demand\u00e9 \u00e0 plusieurs reprises qu&#8217;elle b\u00e9n\u00e9ficie d&#8217;une permission de sortie, mais \u00e0 chaque fois, ils ont rejet\u00e9 cette demande. Comme le Procureur estime qu&#8217;accorder une permission \u00e0 cette prisonni\u00e8re est un privil\u00e8ge et non un droit, il ne se sent pas oblig\u00e9 d&#8217;expliquer pourquoi il rejette cette demande. Les demandes de lib\u00e9ration conditionnelle ont \u00e9galement donn\u00e9 lieu \u00e0 la m\u00eame proc\u00e9dure et au m\u00eame r\u00e9sultat.&#8221;<\/p>\n\n\n\n<p><a href=\"https:\/\/wncri.org\/2017\/08\/15\/maryam-akbari-monfared-a-rainbow-of-hope\/\" target=\"_blank\" rel=\"noreferrer noopener\">Maryam Akbari Monfared<\/a> a trois filles. Elle a \u00e9t\u00e9 arr\u00eat\u00e9e le 31 d\u00e9cembre 2009, apr\u00e8s le grand soul\u00e8vement du 27 d\u00e9cembre de la m\u00eame ann\u00e9e qui a \u00e9branl\u00e9 les piliers du r\u00e9gime. En juin 2010, le tribunal r\u00e9volutionnaire de T\u00e9h\u00e9ran a condamn\u00e9 pour \u00ab\u00a0guerer contre Dieu\u00a0\u00bb \u00e0 15 ans de prison et pour &#8220;appartenance \u00e0 l&#8217;Organisation des Moudjahidine du peuple d&#8217;Iran&#8221;, une accusation que Mme Akbari n&#8217;a jamais accept\u00e9e. Elle est en prison sans un seul jour de cong\u00e9 depuis le jour de son arrestation. Elle souffre d&#8217;un dysfonctionnement de la thyro\u00efde et de rhumatismes articulaires.<\/p>\n\n\n\n<p>La s\u0153ur et le fr\u00e8re de Maryam Akbari ont \u00e9t\u00e9 ex\u00e9cut\u00e9s lors du massacre des prisonniers politiques \u00e0 l&#8217;\u00e9t\u00e9 1988. Deux autres de ses fr\u00e8res ont \u00e9t\u00e9 ex\u00e9cut\u00e9s lors des ex\u00e9cutions de masse du d\u00e9but des ann\u00e9es 1980.<\/p>\n","protected":false},"excerpt":{"rendered":"<p>CNRI Femmes &#8211; L&#8217;avocat de Maryam Akbari, Hossein Taj, constatant la d\u00e9tention prolong\u00e9e de sa cliente, a d\u00e9clar\u00e9 qu&#8217;elle est priv\u00e9e des conditions minimales pr\u00e9vues par la loi. Maryam Akbari Monfared, prisonni\u00e8re politique en prison, purge sa 12e ann\u00e9e d&#8217;emprisonnement sans aucun jour de permission, \u00e0 la prison de Semnan. M. Taj a \u00e9galement annonc\u00e9 [&hellip;]<\/p>\n","protected":false},"author":4,"featured_media":14194,"comment_status":"closed","ping_status":"closed","sticky":false,"template":"","format":"standard","meta":{"jnews-multi-image_gallery":[],"jnews_single_post":{"subtitle":"","format":"standard","video":"","gallery":"","source_name":"","source_url":"","via_name":"","via_url":"","override":[{"template":"1","single_blog_custom":"","parallax":"1","fullscreen":"1","layout":"right-sidebar","sidebar":"default-sidebar","second_sidebar":"default-sidebar","sticky_sidebar":"1","share_position":"top","share_float_style":"share-monocrhome","show_share_counter":"1","show_view_counter":"1","show_featured":"1","show_post_meta":"1","show_post_author":"1","show_post_author_image":"1","show_post_date":"1","post_date_format":"default","post_date_format_custom":"Y\/m\/d","show_post_category":"1","post_reading_time_wpm":"300","zoom_button_out_step":"2","zoom_button_in_step":"3","show_post_tag":"1","show_prev_next_post":"1","show_popup_post":"1","number_popup_post":"1"}],"image_override":[{"single_post_thumbnail_size":"crop-500","single_post_gallery_size":"crop-500"}],"trending_post_position":"meta","trending_post_label":"Trending","sponsored_post_label":"Sponsored by","sponsored_post_name":"","sponsored_post_url":"","sponsored_post_logo":"","sponsored_post_desc":""},"jnews_primary_category":{"id":""},"jnews_social_meta":[],"jnews_override_counter":{"view_counter_number":"0","share_counter_number":"0","like_counter_number":"0","dislike_counter_number":"0"},"footnotes":""},"categories":[3],"tags":[370,376],"class_list":["post-14193","post","type-post","status-publish","format-standard","has-post-thumbnail","hentry","category-infos-des-femmes","tag-prisonnieres","tag-violence-contre-les-femmes"],"_links":{"self":[{"href":"https:\/\/wncri.org\/fr\/wp-json\/wp\/v2\/posts\/14193","targetHints":{"allow":["GET"]}}],"collection":[{"href":"https:\/\/wncri.org\/fr\/wp-json\/wp\/v2\/posts"}],"about":[{"href":"https:\/\/wncri.org\/fr\/wp-json\/wp\/v2\/types\/post"}],"author":[{"embeddable":true,"href":"https:\/\/wncri.org\/fr\/wp-json\/wp\/v2\/users\/4"}],"replies":[{"embeddable":true,"href":"https:\/\/wncri.org\/fr\/wp-json\/wp\/v2\/comments?post=14193"}],"version-history":[{"count":0,"href":"https:\/\/wncri.org\/fr\/wp-json\/wp\/v2\/posts\/14193\/revisions"}],"wp:featuredmedia":[{"embeddable":true,"href":"https:\/\/wncri.org\/fr\/wp-json\/wp\/v2\/media\/14194"}],"wp:attachment":[{"href":"https:\/\/wncri.org\/fr\/wp-json\/wp\/v2\/media?parent=14193"}],"wp:term":[{"taxonomy":"category","embeddable":true,"href":"https:\/\/wncri.org\/fr\/wp-json\/wp\/v2\/categories?post=14193"},{"taxonomy":"post_tag","embeddable":true,"href":"https:\/\/wncri.org\/fr\/wp-json\/wp\/v2\/tags?post=14193"}],"curies":[{"name":"wp","href":"https:\/\/api.w.org\/{rel}","templated":true}]}}