{"id":14126,"date":"2021-09-12T11:13:00","date_gmt":"2021-09-12T09:13:00","guid":{"rendered":"https:\/\/wncri.org\/fr\/?p=14126"},"modified":"2021-09-15T11:22:36","modified_gmt":"2021-09-15T09:22:36","slug":"la-mere-de-navid-afkari-lance-un-appel-au-monde-entier-sur-le-sort","status":"publish","type":"post","link":"https:\/\/wncri.org\/fr\/2021\/09\/12\/la-mere-de-navid-afkari-lance-un-appel-au-monde-entier-sur-le-sort\/","title":{"rendered":"La m\u00e8re de Navid Afkari lance un appel au monde entier sur le sort de ses enfants."},"content":{"rendered":"\n<h2 class=\"wp-block-heading\"><em>Elham et <\/em>Sa\u00efd <em>Afkari ont \u00e9t\u00e9 brutalis\u00e9s et arr\u00eat\u00e9s le jour anniversaire de l&#8217;ex\u00e9cution de leur fr\u00e8re.<\/em><\/h2>\n\n\n\n<p>CNRI Femmes &#8211; La m\u00e8re de Navid Afkari lance un <a href=\"https:\/\/wncri.org\/fr\/2020\/08\/30\/la-mere-de-trois-manifestants-iraniens-appelle-a-laide-pour-sauver-ses-fils\/\" target=\"_blank\" rel=\"noreferrer noopener\">appel<\/a> au monde entier sur le sort de ses fils.<\/p>\n\n\n\n<p>Ce matin, dimanche 12 septembre 2021, les forces de s\u00e9curit\u00e9 du r\u00e9gime cl\u00e9rical ont arr\u00eat\u00e9 la famille de Navid Afkari \u00e0 l&#8217;entr\u00e9e de la ville de Chiraz. Ils se rendaient sur la tombe de Navid pour pr\u00e9parer le premier anniversaire de sa mort. Les forces de s\u00e9curit\u00e9 ont brutalement battu <a href=\"https:\/\/wncri.org\/fr\/2021\/06\/06\/la-soeur-de-navid-afkari-jure-de-ne-pas-voter-pour-ne-pas-trahir\/\" target=\"_blank\" rel=\"noreferrer noopener\">Elham Afkari<\/a>, la s\u0153ur de Navid, et arr\u00eat\u00e9 et brutalis\u00e9 son fr\u00e8re, Sa\u00efd Afkari.<\/p>\n\n\n\n<p>Les forces de s\u00e9curit\u00e9 ont \u00e9galement supprim\u00e9 le compte Twitter de Sa\u00efd. Il y a quelques jours, il avait twitt\u00e9 : &#8221; \u00c0 l&#8217;approche de l&#8217;anniversaire de la mort de mon fr\u00e8re Navid Afkari, les services de s\u00e9curit\u00e9 exercent des pressions et des menaces sur notre famille et nos connaissances, dans le but de nous emp\u00eacher d&#8217;organiser une c\u00e9r\u00e9monie. Depuis trois ans, nous faisons <a href=\"https:\/\/wncri.org\/fr\/2021\/06\/12\/des-agents-en-civil-brutalisent-la-famille-de-navid-afkari-devant\/\" target=\"_blank\" rel=\"noreferrer noopener\">face aux r\u00e9pressions les plus brutales<\/a>. Bien que nous soyons endeuill\u00e9s, nous continuerons \u00e0 r\u00e9sister.&#8221;<\/p>\n\n\n\n<p>Malgr\u00e9 les appels internationaux<a href=\"https:\/\/wncri.org\/fr\/2020\/09\/12\/le-regime-en-iran-execute-navid-afkari-malgre-les-protestations-du-monde\/\" target=\"_blank\" rel=\"noreferrer noopener\">, Navid Afkari a \u00e9t\u00e9 pendu \u00e0 la h\u00e2te le 12 septembre 2020<\/a> par la justice des mollahs, dirig\u00e9e par Ebrahim Ra\u00efssi, pour avoir particip\u00e9 aux manifestations d&#8217;ao\u00fbt 2018 \u00e0 Chiraz. La c\u00e9r\u00e9monie comm\u00e9morative de Navid devait avoir lieu le lundi 13 septembre sur sa tombe dans le village de Sangar.<\/p>\n\n\n\n<div class=\"wp-block-image\"><figure class=\"aligncenter size-full is-resized\"><img decoding=\"async\" src=\"data:image\/gif;base64,R0lGODlhAQABAIAAAAAAAP\/\/\/yH5BAEAAAAALAAAAAABAAEAAAIBRAA7\" data-src=\"https:\/\/wncri.org\/fr\/wp-content\/uploads\/2021\/09\/Elham-and-Saeed-Afkari-min.jpg\" alt=\"Sa\u00efd Afkari (\u00e0 gauche) et Elham Afkari serrant dans leurs bras leur fr\u00e8re, Habib, qui se trouve actuellement en isolement.\" class=\"wp-image-14127 lazyload\" width=\"872\" height=\"436\"\/><noscript><img decoding=\"async\" src=\"https:\/\/wncri.org\/fr\/wp-content\/uploads\/2021\/09\/Elham-and-Saeed-Afkari-min.jpg\" alt=\"Sa\u00efd Afkari (\u00e0 gauche) et Elham Afkari serrant dans leurs bras leur fr\u00e8re, Habib, qui se trouve actuellement en isolement.\" class=\"wp-image-14127 lazyload\" width=\"872\" height=\"436\" srcset=\"https:\/\/wncri.org\/fr\/wp-content\/uploads\/2021\/09\/Elham-and-Saeed-Afkari-min.jpg 750w, https:\/\/wncri.org\/fr\/wp-content\/uploads\/2021\/09\/Elham-and-Saeed-Afkari-min-300x150.jpg 300w, https:\/\/wncri.org\/fr\/wp-content\/uploads\/2021\/09\/Elham-and-Saeed-Afkari-min-360x180.jpg 360w\" sizes=\"(max-width: 872px) 100vw, 872px\" \/><\/noscript><figcaption>Sa\u00efd Afkari (\u00e0 gauche) et Elham Afkari serrant dans leurs bras leur fr\u00e8re, Habib, qui se trouve actuellement en isolement.<\/figcaption><\/figure><\/div>\n\n\n\n<h3 class=\"wp-block-heading\"><strong>Lettre de la m\u00e8re de Navid Afkari \u00e0 l&#8217;occasion de l&#8217;anniversaire de son d\u00e9c\u00e8s.<\/strong><\/h3>\n\n\n\n<p>Mme <a href=\"https:\/\/wncri.org\/2020\/09\/02\/mother-of-three-iran-protesters-appeals-for-the-lives-of-her-sons\/\" target=\"_blank\" rel=\"noreferrer noopener\">Behieh Namjou<\/a>, la m\u00e8re de Navid Afkari, a \u00e9galement publi\u00e9 une d\u00e9claration \u00e0 l&#8217;occasion de l&#8217;anniversaire de l&#8217;ex\u00e9cution de son fils. Dans cette d\u00e9claration post\u00e9e sur les m\u00e9dias sociaux, Mme Namjou a \u00e9crit :<\/p>\n\n\n\n<p>Peuple du monde ! Aujourd&#8217;hui, je m&#8217;adresse \u00e0 vous. L&#8217;an dernier, mon fils courageux et innocent a \u00e9t\u00e9 pendu par la R\u00e9publique islamique sans aucune forme de respect.<\/p>\n\n\n\n<p>Un an apr\u00e8s, mes [autres fils] Vahid et Habib ont \u00e9t\u00e9 enferm\u00e9s \u00e0 l&#8217;isolement. Ils ont demand\u00e9 \u00e0 Vahid de parler contre son fr\u00e8re comme condition \u00e0 sa lib\u00e9ration.<\/p>\n\n\n\n<div class=\"wp-block-image\"><figure class=\"aligncenter size-full is-resized\"><img decoding=\"async\" src=\"data:image\/gif;base64,R0lGODlhAQABAIAAAAAAAP\/\/\/yH5BAEAAAAALAAAAAABAAEAAAIBRAA7\" data-src=\"https:\/\/wncri.org\/fr\/wp-content\/uploads\/2021\/09\/Habib-Navid-and-Vahid-Afkari-min.jpg\" alt=\"De gauche \u00e0 droite, Habib Afkari, Navid Afkari et Vahid Afkari. Navid a \u00e9t\u00e9 ex\u00e9cut\u00e9 le 12 septembre 2020, tandis que Habib et Vahid sont d\u00e9tenus \u00e0 l'isolement.\" class=\"wp-image-14128 lazyload\" width=\"858\" height=\"429\"\/><noscript><img decoding=\"async\" src=\"https:\/\/wncri.org\/fr\/wp-content\/uploads\/2021\/09\/Habib-Navid-and-Vahid-Afkari-min.jpg\" alt=\"De gauche \u00e0 droite, Habib Afkari, Navid Afkari et Vahid Afkari. Navid a \u00e9t\u00e9 ex\u00e9cut\u00e9 le 12 septembre 2020, tandis que Habib et Vahid sont d\u00e9tenus \u00e0 l'isolement.\" class=\"wp-image-14128 lazyload\" width=\"858\" height=\"429\" srcset=\"https:\/\/wncri.org\/fr\/wp-content\/uploads\/2021\/09\/Habib-Navid-and-Vahid-Afkari-min.jpg 750w, https:\/\/wncri.org\/fr\/wp-content\/uploads\/2021\/09\/Habib-Navid-and-Vahid-Afkari-min-300x150.jpg 300w, https:\/\/wncri.org\/fr\/wp-content\/uploads\/2021\/09\/Habib-Navid-and-Vahid-Afkari-min-360x180.jpg 360w\" sizes=\"(max-width: 858px) 100vw, 858px\" \/><\/noscript><figcaption>De gauche \u00e0 droite, Habib Afkari, Navid Afkari et Vahid Afkari. Navid a \u00e9t\u00e9 ex\u00e9cut\u00e9 le 12 septembre 2020, tandis que Habib et Vahid sont d\u00e9tenus \u00e0 l&#8217;isolement.<\/figcaption><\/figure><\/div>\n\n\n\n<p>Vous, la communaut\u00e9 mondiale qui a un jour sign\u00e9 un trait\u00e9 et \u00e9crit la D\u00e9claration universelle des droits de l&#8217;homme !<\/p>\n\n\n\n<p>Avez-vous entendu le son de mon c\u0153ur bris\u00e9 qui saigne ? Savez-vous que [le r\u00e9gime cl\u00e9rical] a chass\u00e9 mon fils bien-aim\u00e9 sans qu&#8217;il ait commis le moindre crime ? Ils l&#8217;ont d\u00e9tenu dans leurs cachots pendant des mois et l&#8217;ont tortur\u00e9 de la mani\u00e8re la plus inhumaine et la plus cruelle. Ils voulaient le forcer \u00e0 avouer le meurtre d&#8217;une personne qu&#8217;il n&#8217;avait jamais vue ou connue. M\u00eame le bureau du m\u00e9decin l\u00e9giste a confirm\u00e9 les dommages qu&#8217;il avait subis \u00e0 cause de la torture.<\/p>\n\n\n\n<p>Savez-vous que ce r\u00e9gime cible un jeune homme et a soif de son sang ? Puis, il vole la vie, l&#8217;amour et l&#8217;espoir d&#8217;une nation en l&#8217;enlevant pour que les rouages de son pouvoir continuent de tourner dans le sang ?<\/p>\n\n\n\n<p>Comme l&#8217;a dit mon fils, seul et sans d\u00e9fense, &#8220;ils cherchent une autre corde pour leur n\u0153ud coulant&#8221;. Reste-t-il quelque chose de la conscience de l&#8217;humanit\u00e9 pour aider \u00e0 apaiser la br\u00fblure de mon c\u0153ur ? L&#8217;humanit\u00e9 a-t-elle encore un sens ?<\/p>\n\n\n\n<p>Le monde peut-il s&#8217;arr\u00eater un instant et penser qu&#8217;aujourd&#8217;hui aussi, il est possible que toute la vie et les doux moments d&#8217;une famille soient pill\u00e9s. On peut voler la vie et l&#8217;esprit d&#8217;une famille et lui rendre un corps sans vie pour prouver que l&#8217;on continue \u00e0 g\u00e9rer les affaires en commettant des crimes sous ce r\u00e9gime.<\/p>\n\n\n\n<p>N&#8217;est-il pas temps de mettre fin \u00e0 ce silence et \u00e0 cet oubli et d&#8217;entendre les derniers mots de mon fils, Navid&nbsp;? Il a dit : &#8220;Si je suis ex\u00e9cut\u00e9, vous devez savoir qu&#8217;au XXIe si\u00e8cle, avec tous ses m\u00e9canismes de d\u00e9fense des droits de l&#8217;homme, l&#8217;ONU, le Conseil de s\u00e9curit\u00e9 de l&#8217;ONU, etc., un innocent a \u00e9t\u00e9 ex\u00e9cut\u00e9 malgr\u00e9 ses efforts et sa lutte [pour l&#8217;en emp\u00eacher].&#8221;<\/p>\n\n\n\n<h3 class=\"wp-block-heading\"><strong>Appel \u00e0 l&#8217;ONU et aux organes des droits de l&#8217;homme<\/strong><\/h3>\n\n\n\n<p>Tout en condamnant les actions r\u00e9pressives et inhumaines du r\u00e9gime des mollahs \u00e0 l&#8217;encontre des proches du h\u00e9ros national Navid Afkari, Mme <a href=\"https:\/\/www.maryam-rajavi.com\/fr\/nouvelles-activites\/\" target=\"_blank\" rel=\"noreferrer noopener\">Maryam Radjavi<\/a>, pr\u00e9sidente \u00e9lue du Conseil national de la R\u00e9sistance iranienne (CNRI), a appel\u00e9 le peuple, et en particulier la jeunesse rebelle de Chiraz, Kazeroun et d&#8217;autres villes d&#8217;Iran \u00e0 comm\u00e9morer l&#8217;anniversaire du martyre de Navid.<\/p>\n\n\n\n<p>Mme Radjavi a \u00e9galement appel\u00e9 le Secr\u00e9taire g\u00e9n\u00e9ral des Nations Unies, la Haut-Commissaire des Nations Unies aux droits de l&#8217;homme, le Conseil des droits de l&#8217;homme et les rapporteurs sp\u00e9ciaux des Nations Unies \u00e0 condamner les actions r\u00e9pressives du r\u00e9gime cl\u00e9rical contre les proches de Navid Afkari et d&#8217;autres prisonniers politiques et familles de martyrs. Il est n\u00e9cessaire d&#8217;envoyer de toute urgence une d\u00e9l\u00e9gation des Nations unies pour visiter les prisons iraniennes et rencontrer les prisonniers et leurs familles.<\/p>\n","protected":false},"excerpt":{"rendered":"<p>Elham et Sa\u00efd Afkari ont \u00e9t\u00e9 brutalis\u00e9s et arr\u00eat\u00e9s le jour anniversaire de l&#8217;ex\u00e9cution de leur fr\u00e8re. CNRI Femmes &#8211; La m\u00e8re de Navid Afkari lance un appel au monde entier sur le sort de ses fils. Ce matin, dimanche 12 septembre 2021, les forces de s\u00e9curit\u00e9 du r\u00e9gime cl\u00e9rical ont arr\u00eat\u00e9 la famille de [&hellip;]<\/p>\n","protected":false},"author":4,"featured_media":14129,"comment_status":"closed","ping_status":"closed","sticky":false,"template":"","format":"standard","meta":{"jnews-multi-image_gallery":[],"jnews_single_post":{"subtitle":"","format":"standard","video":"","gallery":"","source_name":"","source_url":"","via_name":"","via_url":"","override":[{"template":"1","single_blog_custom":"","parallax":"1","fullscreen":"1","layout":"right-sidebar","sidebar":"default-sidebar","second_sidebar":"default-sidebar","sticky_sidebar":"1","share_position":"top","share_float_style":"share-monocrhome","show_share_counter":"1","show_view_counter":"1","show_featured":"1","show_post_meta":"1","show_post_author":"1","show_post_author_image":"1","show_post_date":"1","post_date_format":"default","post_date_format_custom":"Y\/m\/d","show_post_category":"1","post_reading_time_wpm":"300","zoom_button_out_step":"2","zoom_button_in_step":"3","show_post_tag":"1","show_prev_next_post":"1","show_popup_post":"1","number_popup_post":"1"}],"image_override":[{"single_post_thumbnail_size":"crop-500","single_post_gallery_size":"crop-500"}],"trending_post_position":"meta","trending_post_label":"Trending","sponsored_post_label":"Sponsored by","sponsored_post_name":"","sponsored_post_url":"","sponsored_post_logo":"","sponsored_post_desc":""},"jnews_primary_category":{"id":""},"jnews_social_meta":[],"jnews_override_counter":{"view_counter_number":"0","share_counter_number":"0","like_counter_number":"0","dislike_counter_number":"0"},"footnotes":""},"categories":[3],"tags":[367,369],"class_list":["post-14126","post","type-post","status-publish","format-standard","has-post-thumbnail","hentry","category-infos-des-femmes","tag-execution","tag-manifestations"],"_links":{"self":[{"href":"https:\/\/wncri.org\/fr\/wp-json\/wp\/v2\/posts\/14126","targetHints":{"allow":["GET"]}}],"collection":[{"href":"https:\/\/wncri.org\/fr\/wp-json\/wp\/v2\/posts"}],"about":[{"href":"https:\/\/wncri.org\/fr\/wp-json\/wp\/v2\/types\/post"}],"author":[{"embeddable":true,"href":"https:\/\/wncri.org\/fr\/wp-json\/wp\/v2\/users\/4"}],"replies":[{"embeddable":true,"href":"https:\/\/wncri.org\/fr\/wp-json\/wp\/v2\/comments?post=14126"}],"version-history":[{"count":0,"href":"https:\/\/wncri.org\/fr\/wp-json\/wp\/v2\/posts\/14126\/revisions"}],"wp:featuredmedia":[{"embeddable":true,"href":"https:\/\/wncri.org\/fr\/wp-json\/wp\/v2\/media\/14129"}],"wp:attachment":[{"href":"https:\/\/wncri.org\/fr\/wp-json\/wp\/v2\/media?parent=14126"}],"wp:term":[{"taxonomy":"category","embeddable":true,"href":"https:\/\/wncri.org\/fr\/wp-json\/wp\/v2\/categories?post=14126"},{"taxonomy":"post_tag","embeddable":true,"href":"https:\/\/wncri.org\/fr\/wp-json\/wp\/v2\/tags?post=14126"}],"curies":[{"name":"wp","href":"https:\/\/api.w.org\/{rel}","templated":true}]}}