{"id":14123,"date":"2021-09-11T21:16:00","date_gmt":"2021-09-11T19:16:00","guid":{"rendered":"https:\/\/wncri.org\/fr\/?p=14123"},"modified":"2021-09-14T21:20:44","modified_gmt":"2021-09-14T19:20:44","slug":"fazilat-allameh-haeri-une-resistante-heroique-pendue-lors-du-massacre","status":"publish","type":"post","link":"https:\/\/wncri.org\/fr\/2021\/09\/11\/fazilat-allameh-haeri-une-resistante-heroique-pendue-lors-du-massacre\/","title":{"rendered":"Fazilat Allameh Haeri"},"content":{"rendered":"\n<p>Nom&nbsp;: Fazilat Allameh Haeri<\/p>\n\n\n\n<p>Ann\u00e9e de naissance : 1959<\/p>\n\n\n\n<p>Lieu de naissance : Shahroud<\/p>\n\n\n\n<p>Formation : \u00c9tudiante de l&#8217;\u00c9cole de technologie, Universit\u00e9 de T\u00e9h\u00e9ran<\/p>\n\n\n\n<p>Situation familiale : C\u00e9libataire<\/p>\n\n\n\n<p>Date de la mort : Ao\u00fbt 1988<\/p>\n\n\n\n<p>Cause de la mort : Pendaison<\/p>\n\n\n\n<p>Lieu de s\u00e9pulture : T\u00e9h\u00e9ran &#8211; Cimeti\u00e8re de Behesht-e Zahra<\/p>\n\n\n\n<p>CNRI Femmes &#8211;&nbsp; Fazilat Allameh Haeri est n\u00e9e \u00e0 Chahroud en 1959. Elle a pass\u00e9 ses ann\u00e9es de lyc\u00e9e \u00e0 Semnan. Elle \u00e9tait un g\u00e9nie en math\u00e9matiques. Comme il n&#8217;y avait pas d&#8217;\u00e9coles de math\u00e9matiques pour les filles dans la r\u00e9gion, le rectorat lui avait d\u00e9livr\u00e9 une autorisation pour \u00e9tudier dans un \u00e9tablissement scolaire pour gar\u00e7ons.<\/p>\n\n\n\n<p>Fazilat Allameh Haeri a obtenu la premi\u00e8re place de toute la r\u00e9gion lorsqu&#8217;elle a re\u00e7u son dipl\u00f4me. En 1978, elle a \u00e9t\u00e9 admise \u00e0 la prestigieuse \u00e9cole de technologie de l&#8217;universit\u00e9 de T\u00e9h\u00e9ran pour se sp\u00e9cialiser en ing\u00e9nierie.&nbsp;<\/p>\n\n\n\n<p>Son p\u00e8re fait partie des religieux qui ont sign\u00e9 un message envoy\u00e9 au chah pour prot\u00e9ger la vie de Khomeiny.<\/p>\n\n\n\n<p>Apr\u00e8s le renversement du <a href=\"https:\/\/wncri.org\/fr\/2021\/02\/09\/le-bond-en-avant-des-iraniennes-dans-la-revolution-de-1979-2\/\" target=\"_blank\" rel=\"noreferrer noopener\">chah<\/a>, Fazilat a rejoint l\u2019association des \u00e9tudiants musulmans de l&#8217;\u00c9cole de technologie en 1979. Elle a adh\u00e9r\u00e9 \u00e0 l&#8217;OMPI au sein de la section \u00e9tudiante et a poursuivi ses activit\u00e9s dans les bidonvilles du sud de T\u00e9h\u00e9ran.<\/p>\n\n\n\n<p>L\u2019une de ses amies raconte : \u00ab&nbsp;J&#8217;\u00e9tais la camarade de Fazilat pendant les ann\u00e9es d&#8217;activit\u00e9 politique. C&#8217;\u00e9tait une personne exceptionnellement dynamique et cr\u00e9ative qui aimait son organisation et son peuple. Elle pensait toujours aux changements soudains et faisait preuve d&#8217;une cr\u00e9ativit\u00e9 et d&#8217;une originalit\u00e9 remarquables pour les r\u00e9soudre. Notre \u00e9quipe a eu relativement plus de succ\u00e8s que les autres gr\u00e2ce \u00e0 la compassion, au d\u00e9vouement, \u00e0 la cr\u00e9ativit\u00e9 et \u00e0 la t\u00e9nacit\u00e9 de Fazilat. Sa s\u0153ur a\u00een\u00e9e \u00e9tait membre du parti communiste Toudeh d&#8217;Iran, sa m\u00e8re \u00e9tait malade, et son fr\u00e8re et son p\u00e8re \u00e9taient d\u00e9c\u00e9d\u00e9s lorsqu&#8217;elle \u00e9tait enfant. Cependant, Fazilat n&#8217;a jamais c\u00e9d\u00e9 \u00e0 ces probl\u00e8mes, et sa famille a pu compter sur elle.&nbsp;\u00bb<\/p>\n\n\n\n<p>Apr\u00e8s le 20 juin 1981 et le d\u00e9but de la r\u00e9sistance nationale contre la dictature religieuse, Fazilat a rejoint les \u00e9quipes militaires sp\u00e9ciales. Elle a ensuite \u00e9t\u00e9 arr\u00eat\u00e9e et bannie. Deux de ses oncles \u00e9taient membres du Corps des pasdarans, et il est possible qu&#8217;ils l&#8217;aient d\u00e9nonc\u00e9e.<\/p>\n\n\n\n<p>Dans un m\u00e9moire de prison, une compagne de cellule de Fazilat a \u00e9crit : &#8220;Fazilat \u00e9tait dans le quartier 209, o\u00f9 les partisanes de l<a href=\"https:\/\/english.mojahedin.org\/i\/primer-the-history-the-peoples-mojahedin-organization-iran\" target=\"_blank\" rel=\"noreferrer noopener\">&#8216;OMPI<\/a> \u00e9taient organis\u00e9s et avaient des contacts avec l&#8217;ext\u00e9rieur de la prison. Apr\u00e8s un certain temps, leur syst\u00e8me a \u00e9t\u00e9 compromis, et tous les membres ont \u00e9t\u00e9 soumis \u00e0 des interrogatoires et \u00e0 la torture une fois de plus. Ils [les gardiens] ont d\u00e9tenu les membres en isolement et dans le sous-sol du quartier 209 pendant 2 \u00e0 3 ans. Jusqu&#8217;en 1986, beaucoup pensaient qu&#8217;elles [les prisonni\u00e8res] avaient \u00e9t\u00e9 ex\u00e9cut\u00e9es. En 1986, elles ont \u00e9t\u00e9 ramen\u00e9s dans la section g\u00e9n\u00e9rale, et j&#8217;ai revu Fazilat.<\/p>\n\n\n\n<p>\u00ab&nbsp;Elle m&#8217;a expliqu\u00e9 que pendant toutes ces ann\u00e9es, elles s\u2019attendaient \u00e0 \u00eatre ex\u00e9cut\u00e9s \u00e0 tout moment. Chaque soir, une fois les interrogatoires termin\u00e9s, elles \u00e9taient ramen\u00e9es dans les cellules, et avant qu&#8217;elles ne puissent se reposer, les interrogateurs venaient leur dire de sortir \u00e0 nouveau et les for\u00e7aient \u00e0 marcher accroupies en croassant, ou \u00e0 marcher \u00e0 quatre pattes en aboyant ! Certaines nuits, ils [les gardiens] appelaient les prisonni\u00e8res pour l&#8217;ex\u00e9cution, leur donnant un sentiment constant d&#8217;anxi\u00e9t\u00e9. Parfois, elles se r\u00e9veillaient au moindre bruit et frissonnaient.<\/p>\n\n\n\n<p>\u00ab&nbsp;Cependant, bien qu&#8217;elle ait travers\u00e9 une p\u00e9riode aussi horrible, Fazilat n&#8217;a jamais perdu son remarquable esprit. Elle enseignait les math\u00e9matiques \u00e0 ses compagnes de cellule, et le soir, lorsque nous nous r\u00e9unissions, elle chantait souvent.&#8221;<\/p>\n\n\n\n<p>Fazilat Allameh Haeri a fait partie des prisonni\u00e8res r\u00e9sistantes jusqu&#8217;\u00e0 bout. Elle a \u00e9t\u00e9 constamment soumise \u00e0 la torture pendant ses sept ann\u00e9es de d\u00e9tention. En 1981, elle a subi deux op\u00e9rations chirurgicales. La chair s\u2019\u00e9tait d\u00e9tach\u00e9e de ses plantes de pied, et ils [les chirurgiens] ont d\u00fb lui greffer de la chair pr\u00e9lev\u00e9e sur ses cuisses. En 1983, elle a \u00e9t\u00e9 plac\u00e9e en isolement pendant deux ans en raison de ses activit\u00e9s en prison. La torture et les interrogatoires n&#8217;ont jamais cess\u00e9, et finalement, en raison de sa r\u00e9sistance et de sa pers\u00e9v\u00e9rance, elle a \u00e9t\u00e9 <a href=\"https:\/\/wncri.org\/fr\/2021\/08\/17\/ebrahim-raissi-architecte-du-massacre-des-prisonniers\/\" target=\"_blank\" rel=\"noreferrer noopener\">pendue<\/a> lors du <a href=\"https:\/\/wncri.org\/fr\/2021\/08\/05\/le-massacre-de-1988-le-plus-grand-crime-contre-lhumanite-reste-impuni\/\" target=\"_blank\" rel=\"noreferrer noopener\">massacre des prisonniers politiques en Iran en 1988<\/a>.<\/p>\n\n\n\n<p>Et c&#8217;est ainsi que le grand nom et la bravoure de Fazilat ont \u00e9t\u00e9 inscrits dans l&#8217;histoire des r\u00e9sistantes h\u00e9ro\u00efques d&#8217;Iran, qui ont combattu la tyrannie religieuse des mollahs.<\/p>\n","protected":false},"excerpt":{"rendered":"<p>Nom&nbsp;: Fazilat Allameh Haeri Ann\u00e9e de naissance : 1959 Lieu de naissance : Shahroud Formation : \u00c9tudiante de l&#8217;\u00c9cole de technologie, Universit\u00e9 de T\u00e9h\u00e9ran Situation familiale : C\u00e9libataire Date de la mort : Ao\u00fbt 1988 Cause de la mort : Pendaison Lieu de s\u00e9pulture : T\u00e9h\u00e9ran &#8211; Cimeti\u00e8re de Behesht-e Zahra CNRI Femmes &#8211;&nbsp; Fazilat [&hellip;]<\/p>\n","protected":false},"author":4,"featured_media":14124,"comment_status":"closed","ping_status":"closed","sticky":false,"template":"","format":"standard","meta":{"jnews-multi-image_gallery":[],"jnews_single_post":{"subtitle":"","format":"standard","video":"","gallery":"","source_name":"","source_url":"","via_name":"","via_url":"","override":[{"template":"1","single_blog_custom":"","parallax":"1","fullscreen":"1","layout":"right-sidebar","sidebar":"default-sidebar","second_sidebar":"default-sidebar","sticky_sidebar":"1","share_position":"top","share_float_style":"share-monocrhome","show_share_counter":"1","show_view_counter":"1","show_featured":"1","show_post_meta":"1","show_post_author":"1","show_post_author_image":"1","show_post_date":"1","post_date_format":"default","post_date_format_custom":"Y\/m\/d","show_post_category":"1","post_reading_time_wpm":"300","zoom_button_out_step":"2","zoom_button_in_step":"3","show_post_tag":"1","show_prev_next_post":"1","show_popup_post":"1","number_popup_post":"1"}],"image_override":[{"single_post_thumbnail_size":"crop-500","single_post_gallery_size":"crop-500"}],"trending_post_position":"meta","trending_post_label":"Trending","sponsored_post_label":"Sponsored by","sponsored_post_name":"","sponsored_post_url":"","sponsored_post_logo":"","sponsored_post_desc":""},"jnews_primary_category":{"id":""},"jnews_social_meta":[],"jnews_override_counter":{"view_counter_number":"0","share_counter_number":"0","like_counter_number":"0","dislike_counter_number":"0"},"footnotes":""},"categories":[25],"tags":[367],"class_list":["post-14123","post","type-post","status-publish","format-standard","has-post-thumbnail","hentry","category-tombees-pour-la-liberte","tag-execution"],"_links":{"self":[{"href":"https:\/\/wncri.org\/fr\/wp-json\/wp\/v2\/posts\/14123","targetHints":{"allow":["GET"]}}],"collection":[{"href":"https:\/\/wncri.org\/fr\/wp-json\/wp\/v2\/posts"}],"about":[{"href":"https:\/\/wncri.org\/fr\/wp-json\/wp\/v2\/types\/post"}],"author":[{"embeddable":true,"href":"https:\/\/wncri.org\/fr\/wp-json\/wp\/v2\/users\/4"}],"replies":[{"embeddable":true,"href":"https:\/\/wncri.org\/fr\/wp-json\/wp\/v2\/comments?post=14123"}],"version-history":[{"count":0,"href":"https:\/\/wncri.org\/fr\/wp-json\/wp\/v2\/posts\/14123\/revisions"}],"wp:featuredmedia":[{"embeddable":true,"href":"https:\/\/wncri.org\/fr\/wp-json\/wp\/v2\/media\/14124"}],"wp:attachment":[{"href":"https:\/\/wncri.org\/fr\/wp-json\/wp\/v2\/media?parent=14123"}],"wp:term":[{"taxonomy":"category","embeddable":true,"href":"https:\/\/wncri.org\/fr\/wp-json\/wp\/v2\/categories?post=14123"},{"taxonomy":"post_tag","embeddable":true,"href":"https:\/\/wncri.org\/fr\/wp-json\/wp\/v2\/tags?post=14123"}],"curies":[{"name":"wp","href":"https:\/\/api.w.org\/{rel}","templated":true}]}}