{"id":14097,"date":"2021-09-10T10:50:00","date_gmt":"2021-09-10T08:50:00","guid":{"rendered":"https:\/\/wncri.org\/fr\/?p=14097"},"modified":"2021-09-10T23:05:59","modified_gmt":"2021-09-10T21:05:59","slug":"inquietudes-croissantes-concernant-letat-de-sante-de-zahra-safai","status":"publish","type":"post","link":"https:\/\/wncri.org\/fr\/2021\/09\/10\/inquietudes-croissantes-concernant-letat-de-sante-de-zahra-safai\/","title":{"rendered":"Inqui\u00e9tudes croissantes concernant l&#8217;\u00e9tat de sant\u00e9 de Zahra Safa\u2019i apr\u00e8s une crise cardiaque"},"content":{"rendered":"\n<p>CNRI Femmes &#8211; L&#8217;\u00e9tat de sant\u00e9 de Zahra Safa\u2019i suscite de plus en plus d&#8217;inqui\u00e9tudes en raison du manque d&#8217;informations sur l&#8217;endroit o\u00f9 elle se trouve apr\u00e8s avoir \u00e9t\u00e9 hospitalis\u00e9e pour un probl\u00e8me cardiaque.<\/p>\n\n\n\n<p>L&#8217;\u00e9tat de sant\u00e9 de Zahra Safa\u2019i s&#8217;est d\u00e9t\u00e9rior\u00e9 du 31 ao\u00fbt au 4 septembre alors qu&#8217;elle \u00e9tait sous oxyg\u00e8ne. Sa vie est en danger.<\/p>\n\n\n\n<p>Ayant \u00e9t\u00e9 victime d\u2019une crise cardiaque, Zahra Safa\u2019i a \u00e9t\u00e9 emmen\u00e9e \u00e0 l&#8217;h\u00f4pital Sattari de Qarchak pour y subir une angiographie le samedi 4 septembre. Comme l&#8217;h\u00f4pital ne disposait pas d&#8217;\u00e9quipement suffisant, Zahra Safa\u2019i a \u00e9t\u00e9 emmen\u00e9e dans un h\u00f4pital dont l&#8217;identit\u00e9 n&#8217;a pas \u00e9t\u00e9 r\u00e9v\u00e9l\u00e9e.<\/p>\n\n\n\n<p>La fille de Zahra Safa\u2019i, qui se trouve \u00e0 la <a href=\"https:\/\/wncri.org\/fr\/2019\/08\/23\/des-prisonnieres-protestent-contre-les-conditions-inhumaines-a-qarchak\/\" target=\"_blank\" rel=\"noreferrer noopener\">prison de Qarchak<\/a>, et ses autres proches n&#8217;ont aucune information \u00e0 son sujet.<\/p>\n\n\n\n<p>Sur ordre du minist\u00e8re du Renseignement, Soghra Khodadadi, la directrice de la <a href=\"https:\/\/wncri.org\/fr\/2019\/08\/23\/des-prisonnieres-protestent-contre-les-conditions-inhumaines-a-qarchak\/\" target=\"_blank\" rel=\"noreferrer noopener\">prison de Qarchak<\/a>, a maintenu la famille de Mme Safa\u2019i dans l&#8217;ignorance afin de la torturer psychologiquement.<\/p>\n\n\n\n<p>Mme Safa\u2019i a \u00e9t\u00e9 transf\u00e9r\u00e9e \u00e0 l&#8217;h\u00f4pital le mardi 31 ao\u00fbt 2021. <a href=\"https:\/\/wncri.org\/fr\/2021\/09\/02\/transfert-durgence-de-la-prisonniere-politique-zahra-safai-a-lhopital\/\" target=\"_blank\" rel=\"noreferrer noopener\">Le transfert d&#8217;urgence<\/a> de la prisonni\u00e8re politique Zahra Safa\u2019i a \u00e9t\u00e9 effectu\u00e9 quatre jours apr\u00e8s l&#8217;ordre du m\u00e9decin et huit jours apr\u00e8s qu&#8217;elle ait subi l&#8217;attaque.<\/p>\n\n\n\n<p>\u00c0 l&#8217;h\u00f4pital, elle avait les mains et les <a href=\"https:\/\/wncri.org\/2021\/09\/09\/clerical-regime-ramps-up-pressure-on-pmoi-mek-supporters-in-iran\/\" target=\"_blank\" rel=\"noreferrer noopener\">pieds encha\u00een\u00e9s au lit<\/a>. Elle a donc refus\u00e9 de rester \u00e0 l&#8217;h\u00f4pital et a \u00e9t\u00e9 renvoy\u00e9e en prison sans traitement.<\/p>\n\n\n\n<p>La prisonni\u00e8re politique <a href=\"https:\/\/wncri.org\/fr\/2020\/08\/28\/la-prisonniere-politique-zahra-safai-brutalisee-a-la-prison-de-qarchak\/\" target=\"_blank\" rel=\"noreferrer noopener\">Zahra Safa\u2019i<\/a> souffrait d&#8217;essoufflement et de douleurs thoraciques depuis deux mois. Cependant, elle n&#8217;a re\u00e7u aucun traitement ni m\u00e9dicament malgr\u00e9 de fr\u00e9quentes visites au centre de sant\u00e9.<\/p>\n\n\n\n<p>Le mardi 24 ao\u00fbt, des d\u00e9tenues ont emmen\u00e9 Zahra Safa\u2019i \u00e0 la clinique de la prison dans un \u00e9tat critique. Mais les responsables de la clinique ont dit qu&#8217;il n&#8217;y avait aucun probl\u00e8me. Ils lui ont donn\u00e9 des analg\u00e9siques et l&#8217;ont renvoy\u00e9e dans son quartier.<\/p>\n\n\n\n<p>Le vendredi 27 ao\u00fbt, alors qu&#8217;un cardiologue se trouvait par hasard en prison, il a fait passer un \u00e9lectrocardiogramme \u00e0 Zahra Safa\u2019i et a diagnostiqu\u00e9 une crise cardiaque. Il a d\u00e9clar\u00e9 qu&#8217;elle devait \u00eatre transf\u00e9r\u00e9e \u00e0 l&#8217;h\u00f4pital imm\u00e9diatement.<\/p>\n\n\n\n<p>N\u00e9anmoins, il a fallu quatre jours aux <a href=\"https:\/\/wncri.org\/fr\/2020\/12\/21\/la-nouvelle-directrice-de-la-prison-de-qarchak\/\" target=\"_blank\" rel=\"noreferrer noopener\">autorit\u00e9s de Qarchak<\/a> pour l&#8217;envoyer \u00e0 l&#8217;h\u00f4pital.<\/p>\n","protected":false},"excerpt":{"rendered":"<p>CNRI Femmes &#8211; L&#8217;\u00e9tat de sant\u00e9 de Zahra Safa\u2019i suscite de plus en plus d&#8217;inqui\u00e9tudes en raison du manque d&#8217;informations sur l&#8217;endroit o\u00f9 elle se trouve apr\u00e8s avoir \u00e9t\u00e9 hospitalis\u00e9e pour un probl\u00e8me cardiaque. L&#8217;\u00e9tat de sant\u00e9 de Zahra Safa\u2019i s&#8217;est d\u00e9t\u00e9rior\u00e9 du 31 ao\u00fbt au 4 septembre alors qu&#8217;elle \u00e9tait sous oxyg\u00e8ne. Sa vie [&hellip;]<\/p>\n","protected":false},"author":4,"featured_media":14114,"comment_status":"closed","ping_status":"closed","sticky":false,"template":"","format":"standard","meta":{"jnews-multi-image_gallery":[],"jnews_single_post":{"subtitle":"","format":"standard","video":"","gallery":"","source_name":"","source_url":"","via_name":"","via_url":"","override":[{"template":"1","single_blog_custom":"","parallax":"1","fullscreen":"1","layout":"right-sidebar","sidebar":"default-sidebar","second_sidebar":"default-sidebar","sticky_sidebar":"1","share_position":"top","share_float_style":"share-monocrhome","show_share_counter":"1","show_view_counter":"1","show_featured":"1","show_post_meta":"1","show_post_author":"1","show_post_author_image":"1","show_post_date":"1","post_date_format":"default","post_date_format_custom":"Y\/m\/d","show_post_category":"1","post_reading_time_wpm":"300","zoom_button_out_step":"2","zoom_button_in_step":"3","show_post_tag":"1","show_prev_next_post":"1","show_popup_post":"1","number_popup_post":"1"}],"image_override":[{"single_post_thumbnail_size":"crop-500","single_post_gallery_size":"crop-500"}],"trending_post_position":"meta","trending_post_label":"Trending","sponsored_post_label":"Sponsored by","sponsored_post_name":"","sponsored_post_url":"","sponsored_post_logo":"","sponsored_post_desc":""},"jnews_primary_category":{"id":""},"jnews_social_meta":[],"jnews_override_counter":{"view_counter_number":"0","share_counter_number":"0","like_counter_number":"0","dislike_counter_number":"0"},"footnotes":""},"categories":[3],"tags":[382,370,376],"class_list":["post-14097","post","type-post","status-publish","format-standard","has-post-thumbnail","hentry","category-infos-des-femmes","tag-generation-egalite","tag-prisonnieres","tag-violence-contre-les-femmes"],"_links":{"self":[{"href":"https:\/\/wncri.org\/fr\/wp-json\/wp\/v2\/posts\/14097","targetHints":{"allow":["GET"]}}],"collection":[{"href":"https:\/\/wncri.org\/fr\/wp-json\/wp\/v2\/posts"}],"about":[{"href":"https:\/\/wncri.org\/fr\/wp-json\/wp\/v2\/types\/post"}],"author":[{"embeddable":true,"href":"https:\/\/wncri.org\/fr\/wp-json\/wp\/v2\/users\/4"}],"replies":[{"embeddable":true,"href":"https:\/\/wncri.org\/fr\/wp-json\/wp\/v2\/comments?post=14097"}],"version-history":[{"count":0,"href":"https:\/\/wncri.org\/fr\/wp-json\/wp\/v2\/posts\/14097\/revisions"}],"wp:featuredmedia":[{"embeddable":true,"href":"https:\/\/wncri.org\/fr\/wp-json\/wp\/v2\/media\/14114"}],"wp:attachment":[{"href":"https:\/\/wncri.org\/fr\/wp-json\/wp\/v2\/media?parent=14097"}],"wp:term":[{"taxonomy":"category","embeddable":true,"href":"https:\/\/wncri.org\/fr\/wp-json\/wp\/v2\/categories?post=14097"},{"taxonomy":"post_tag","embeddable":true,"href":"https:\/\/wncri.org\/fr\/wp-json\/wp\/v2\/tags?post=14097"}],"curies":[{"name":"wp","href":"https:\/\/api.w.org\/{rel}","templated":true}]}}