{"id":14052,"date":"2021-09-04T22:05:00","date_gmt":"2021-09-04T20:05:00","guid":{"rendered":"https:\/\/wncri.org\/fr\/?p=14052"},"modified":"2021-10-05T11:52:30","modified_gmt":"2021-10-05T09:52:30","slug":"nahid-tahsili-nahid-tahsili-est-lune-des-heroines-du-massacre-de-1988","status":"publish","type":"post","link":"https:\/\/wncri.org\/fr\/2021\/09\/04\/nahid-tahsili-nahid-tahsili-est-lune-des-heroines-du-massacre-de-1988\/","title":{"rendered":"Nahid Tahsili"},"content":{"rendered":"\n<p>CNRI Femmes -D\u00e8s le d\u00e9but de la r\u00e9volution de 1979, qui a renvers\u00e9 le chah d&#8217;Iran, Nahid Tahsili \u00e9tait active dans un groupe \u00e9tudiant du centre de T\u00e9h\u00e9ran, travaillant en relation avec <a href=\"https:\/\/english.mojahedin.org\/i\/primer-the-history-the-peoples-mojahedin-organization-iran\" target=\"_blank\" rel=\"noreferrer noopener\">l&#8217;Organisation des Moudjahidine du peuple d&#8217;Iran<\/a> (OMPI\/MEK).<\/p>\n\n\n\n<p>Nahid Tahsili avait environ 19 ans et \u00e9tait la derni\u00e8re enfant de sa famille. En ao\u00fbt 1981, avec sa s\u0153ur a\u00een\u00e9e, <a href=\"https:\/\/wncri.org\/2021\/06\/26\/fahimeh-tahsili\/\" target=\"_blank\" rel=\"noreferrer noopener\">Fahimeh<\/a>, et ses deux fr\u00e8res &#8211;Hossein et Hamid&#8211; <a href=\"https:\/\/wncri.org\/2017\/07\/24\/nahid-tahsili-we-must-pay-the-price-and-defend-our-political-identity\/\" target=\"_blank\" rel=\"noreferrer noopener\">Nahid<\/a> a \u00e9t\u00e9 arr\u00eat\u00e9e par les gardiens de la r\u00e9volution et emmen\u00e9e en prison.<\/p>\n\n\n\n<p>Dans ses m\u00e9moires, l&#8217;une de ses compagnes de cellule \u00e9crit : &#8220;La premi\u00e8re fois que j&#8217;ai vu Nahid, c&#8217;\u00e9tait au d\u00e9but de 1982, \u00e0 la prison de Ghezel-Hessar. Dans le quartier surpeupl\u00e9 de la prison, j&#8217;ai rapidement appris sa situation par d&#8217;autres prisonni\u00e8res. Elle avait un caract\u00e8re adorable. En outre, son courage et sa d\u00e9termination face aux gardiens de la prison en avaient fait l&#8217;une des filles les plus populaires et les plus aim\u00e9es de la prison. Nous avons toutes appris de la planification pr\u00e9cise de Nahid, de sa force et de son s\u00e9rieux au travail, de sa patience et de sa modestie.<\/p>\n\n\n\n<p>&#8220;Nous pouvions voir les cicatrices de la torture sur son corps. Les coups de fouet avaient lac\u00e9r\u00e9 ses pieds. Ils ont d\u00fb recoudre ses pieds \u00e0 la clinique de la prison en lui greffant de la peau des sur la plante des pieds. Ses cuisses et ses pieds \u00e9taient d\u00e9form\u00e9s et rid\u00e9s. Cependant, Nahid est rest\u00e9e r\u00e9siliente et n&#8217;a pas c\u00e9d\u00e9 aux difficult\u00e9s qu&#8217;elle a endur\u00e9es sous la torture.&#8221;<\/p>\n\n\n\n<p>Nahid Tahsili a \u00e9t\u00e9 transf\u00e9r\u00e9e au quartier punitif 8 de Ghezel Hessar pendant un certain temps.<\/p>\n\n\n\n<p>En 1983, Haj Davoud Rahmani, directeur de prison et tortionnaire notoire, a cr\u00e9\u00e9 une salle de torture appel\u00e9e &#8220;<a href=\"https:\/\/wncri.org\/fr\/2018\/09\/15\/hengameh-haj-hassan-une-heroine-dans-la-cage\/\" target=\"_blank\" rel=\"noreferrer noopener\">cage<\/a>&#8221; pour briser la r\u00e9sistance des prisonni\u00e8res de l&#8217;OMPI.<\/p>\n\n\n\n<p>Nahid et plusieurs autres prisonni\u00e8res, dont Mahdokht Mohammadzadeh et Sepideh Zargar, ont \u00e9t\u00e9 transf\u00e9r\u00e9es dans la nouvelle salle de torture. Elles ont cependant endur\u00e9 les conditions les plus complexes et les plus douloureuses pendant six \u00e0 sept mois et n&#8217;ont pas c\u00e9d\u00e9.<\/p>\n\n\n\n<p>En 1984, Nahid Tahsili a re\u00e7u sa peine, qui devait prendre fin \u00e0 l&#8217;\u00e9t\u00e9 1986.<\/p>\n\n\n\n<p>L&#8217;une de ses compagnes de cellule a \u00e9crit : &#8220;Comme nous l&#8217;avions pr\u00e9vu, une nouvelle vague de r\u00e9pression a commenc\u00e9 au d\u00e9but de 1986. Les autorit\u00e9s de Ghezel Hessar ont transf\u00e9r\u00e9 les uns apr\u00e8s les autres des groupes de prisonniers \u00e0 la prison d&#8217;Evine pour les punir. Je faisais partie d&#8217;un groupe comprenant Nahid Tahsili, Zohreh Haj Mir-Esmaili, Tahmineh Sotoudeh et Fereshteh Hamidi. D\u00e8s la premi\u00e8re heure de notre arriv\u00e9e, un tortionnaire d&#8217;Evine, Mojtaba Halva\u2019i, nous a attaqu\u00e9s et battus avec ses gardiens. M\u00eame \u00e0 l&#8217;int\u00e9rieur des quartiers, les gardiens et des traitres nous battaient. Les premiers jours, nous avons essay\u00e9 de ne pas quitter notre cellule pour \u00e9viter tout conflit avec les traitres. Quand nous sortions de la cellule, nous partions en \u00e9quipes de deux ou trois. Nahid et moi nous tenions fermement la main et quittions la pi\u00e8ce ensemble.&#8221;<\/p>\n\n\n\n<p>En 1986, ils ont convoqu\u00e9 Nahid et plusieurs autres prisonni\u00e8res pour un interrogatoire. Tous, y compris Sepideh Zargar et <a href=\"https:\/\/wncri.org\/2015\/08\/18\/in-memory-of-forozan-abdipour-member-of-iran-national-volleyball-team\/\" target=\"_blank\" rel=\"noreferrer noopener\">Forouzan Abdi<\/a>, avaient fini de purger leur peine. Les interrogateurs leur ont dit que la condition de leur lib\u00e9ration \u00e9tait de faire une interview t\u00e9l\u00e9vis\u00e9e, ce qu&#8217;elles ont refus\u00e9.<\/p>\n\n\n\n<p>Apr\u00e8s un certain temps, les autorit\u00e9s p\u00e9nitentiaires les ont de nouveau appel\u00e9es. Cette fois, elles leur ont demand\u00e9 d&#8217;\u00e9crire une lettre d\u00e9non\u00e7ant l&#8217;OMPI. Elles ont refus\u00e9, encore une fois.<\/p>\n\n\n\n<p>Pour la derni\u00e8re fois, les autorit\u00e9s leur ont demand\u00e9 d&#8217;\u00e9crire un engagement d\u00e9non\u00e7ant toute activit\u00e9 politique apr\u00e8s leur lib\u00e9ration. Mais Nahid et ses amies ont refus\u00e9 de le faire et sont retourn\u00e9es dans le quartier.<\/p>\n\n\n\n<p>\u00c0 l&#8217;automne 1987, ils ont transf\u00e9r\u00e9 Nahid Tahsili et 100 autres d\u00e9tenus dans le hall n\u00b0 1, un quartier punitif o\u00f9 les prisonni\u00e8res \u00e9taient confin\u00e9es dans des pi\u00e8ces ferm\u00e9es et priv\u00e9s d&#8217;air frais. Elles n&#8217;\u00e9taient autoris\u00e9es \u00e0 utiliser les toilettes que trois fois par jour.<\/p>\n\n\n\n<p>L&#8217;une des compagnes de cellule de Nahid a \u00e9crit dans ses m\u00e9moires : &#8220;\u00c0 la mi-mai 1988, apr\u00e8s sept ans d&#8217;emprisonnement, j&#8217;ai b\u00e9n\u00e9fici\u00e9 d&#8217;une permission de sortie temporaire. J&#8217;ai utilis\u00e9 une excuse pour retrouver mes compagnes de cellule, pour leur dire au revoir, m\u00eame si c&#8217;\u00e9tait de derri\u00e8re les barreaux. Au milieu des cris de toutes, Nahid a r\u00e9cit\u00e9 un po\u00e8me. Elle a dit : &#8221; Salue pour nous toutes les fleurs et la pluie &#8220;, en faisant r\u00e9f\u00e9rence \u00e0 nos amis \u00e0 l&#8217;ext\u00e9rieur.<\/p>\n\n\n\n<p><a href=\"https:\/\/wncri.org\/fr\/2021\/08\/17\/ebrahim-raissi-architecte-du-massacre-des-prisonniers\/\" target=\"_blank\" rel=\"noreferrer noopener\">Nahid et son fr\u00e8re<\/a>, Hamid Tahsili, font partie <a href=\"https:\/\/wncri.org\/2020\/09\/14\/stories-of-womens-resistance-part-1-the-1988-massacre\/\" target=\"_blank\" rel=\"noreferrer noopener\">des 30 000 prisonniers politiques<\/a> pendus lors du <a href=\"https:\/\/wncri.org\/2021\/08\/05\/the-1988-massacre-the-greatest-unpunished-crime-against-humanity\/\" target=\"_blank\" rel=\"noreferrer noopener\">massacre de 1988<\/a>.<\/p>\n\n\n\n<p><a href=\"https:\/\/wncri.org\/fr\/2021\/07\/28\/celles-et-ceux-qui-ont-repondu-a-l-appel-de-la-liberte-en-iran\/\" target=\"_blank\" rel=\"noreferrer noopener\">Ce crime contre l&#8217;humanit\u00e9<\/a> a \u00e9t\u00e9 perp\u00e9tr\u00e9 sur une fatwa de Khomeiny par des <a href=\"https:\/\/wncri.org\/fr\/2021\/07\/25\/la-campagne-pour-la-justice-en-faveur-des-victimes-du-massacre-de-1988\/\" target=\"_blank\" rel=\"noreferrer noopener\">criminels<\/a> tels qu&#8217;Ebrahim Ra\u00efssi, le pr\u00e9sident du r\u00e9gime cl\u00e9rical.<\/p>\n","protected":false},"excerpt":{"rendered":"<p>CNRI Femmes -D\u00e8s le d\u00e9but de la r\u00e9volution de 1979, qui a renvers\u00e9 le chah d&#8217;Iran, Nahid Tahsili \u00e9tait active dans un groupe \u00e9tudiant du centre de T\u00e9h\u00e9ran, travaillant en relation avec l&#8217;Organisation des Moudjahidine du peuple d&#8217;Iran (OMPI\/MEK). Nahid Tahsili avait environ 19 ans et \u00e9tait la derni\u00e8re enfant de sa famille. En ao\u00fbt [&hellip;]<\/p>\n","protected":false},"author":4,"featured_media":14241,"comment_status":"closed","ping_status":"closed","sticky":false,"template":"","format":"standard","meta":{"jnews-multi-image_gallery":[],"jnews_single_post":{"subtitle":"","format":"standard","video":"","gallery":"","source_name":"","source_url":"","via_name":"","via_url":"","override":[{"template":"1","single_blog_custom":"","parallax":"1","fullscreen":"1","layout":"right-sidebar","sidebar":"default-sidebar","second_sidebar":"default-sidebar","sticky_sidebar":"1","share_position":"top","share_float_style":"share-monocrhome","show_share_counter":"1","show_view_counter":"1","show_featured":"1","show_post_meta":"1","show_post_author":"1","show_post_author_image":"1","show_post_date":"1","post_date_format":"default","post_date_format_custom":"Y\/m\/d","show_post_category":"1","post_reading_time_wpm":"300","zoom_button_out_step":"2","zoom_button_in_step":"3","show_post_tag":"1","show_prev_next_post":"1","show_popup_post":"1","number_popup_post":"1"}],"image_override":[{"single_post_thumbnail_size":"crop-500","single_post_gallery_size":"crop-500"}],"trending_post_position":"meta","trending_post_label":"Trending","sponsored_post_label":"Sponsored by","sponsored_post_name":"","sponsored_post_url":"","sponsored_post_logo":"","sponsored_post_desc":""},"jnews_primary_category":{"id":""},"jnews_social_meta":[],"jnews_override_counter":{"view_counter_number":"0","share_counter_number":"0","like_counter_number":"0","dislike_counter_number":"0"},"footnotes":""},"categories":[25],"tags":[367,382,370,376],"class_list":["post-14052","post","type-post","status-publish","format-standard","has-post-thumbnail","hentry","category-tombees-pour-la-liberte","tag-execution","tag-generation-egalite","tag-prisonnieres","tag-violence-contre-les-femmes"],"_links":{"self":[{"href":"https:\/\/wncri.org\/fr\/wp-json\/wp\/v2\/posts\/14052","targetHints":{"allow":["GET"]}}],"collection":[{"href":"https:\/\/wncri.org\/fr\/wp-json\/wp\/v2\/posts"}],"about":[{"href":"https:\/\/wncri.org\/fr\/wp-json\/wp\/v2\/types\/post"}],"author":[{"embeddable":true,"href":"https:\/\/wncri.org\/fr\/wp-json\/wp\/v2\/users\/4"}],"replies":[{"embeddable":true,"href":"https:\/\/wncri.org\/fr\/wp-json\/wp\/v2\/comments?post=14052"}],"version-history":[{"count":0,"href":"https:\/\/wncri.org\/fr\/wp-json\/wp\/v2\/posts\/14052\/revisions"}],"wp:featuredmedia":[{"embeddable":true,"href":"https:\/\/wncri.org\/fr\/wp-json\/wp\/v2\/media\/14241"}],"wp:attachment":[{"href":"https:\/\/wncri.org\/fr\/wp-json\/wp\/v2\/media?parent=14052"}],"wp:term":[{"taxonomy":"category","embeddable":true,"href":"https:\/\/wncri.org\/fr\/wp-json\/wp\/v2\/categories?post=14052"},{"taxonomy":"post_tag","embeddable":true,"href":"https:\/\/wncri.org\/fr\/wp-json\/wp\/v2\/tags?post=14052"}],"curies":[{"name":"wp","href":"https:\/\/api.w.org\/{rel}","templated":true}]}}