{"id":14014,"date":"2021-09-02T16:49:55","date_gmt":"2021-09-02T14:49:55","guid":{"rendered":"https:\/\/wncri.org\/fr\/?p=14014"},"modified":"2021-09-02T16:49:56","modified_gmt":"2021-09-02T14:49:56","slug":"transfert-durgence-de-la-prisonniere-politique-zahra-safai-a-lhopital","status":"publish","type":"post","link":"https:\/\/wncri.org\/fr\/2021\/09\/02\/transfert-durgence-de-la-prisonniere-politique-zahra-safai-a-lhopital\/","title":{"rendered":"Transfert d&#8217;urgence de la prisonni\u00e8re politique Zahra Safa\u2019i \u00e0 l&#8217;h\u00f4pital"},"content":{"rendered":"\n<h2 class=\"wp-block-heading\"><em>Les autorit\u00e9s de la prison de Qarchak ont agi avec quatre jours de retard apr\u00e8s l&#8217;ordre du m\u00e9decin, et huit jours apr\u00e8s sa crise cardiaque.<\/em><\/h2>\n\n\n\n<p>CNRI Femmes &#8211; Des informations de la <a href=\"https:\/\/wncri.org\/fr\/2020\/04\/20\/regard-sur-la-situation-tragique-a-la-prison-pour-femmes-de-qarchak-en-iran\/\" target=\"_blank\" rel=\"noreferrer noopener\">prison de Qarchak<\/a> indiquent que la prisonni\u00e8re politique Zahra Safa\u2019i a subi une crise cardiaque. Elle a \u00e9t\u00e9 emmen\u00e9e \u00e0 l&#8217;h\u00f4pital en raison de la d\u00e9t\u00e9rioration de son \u00e9tat. Aucune information n&#8217;est disponible \u00e0 son sujet et sa fille, la prisonni\u00e8re politique <a href=\"https:\/\/wncri.org\/2021\/03\/04\/ncri-womens-committee-annual-report-2021-on-women-in-iran\/\" target=\"_blank\" rel=\"noreferrer noopener\">Parastou<\/a> <a href=\"https:\/\/wncri.org\/2021\/03\/04\/ncri-womens-committee-annual-report-2021-on-women-in-iran\/\" target=\"_blank\" rel=\"noreferrer noopener\">Mo\u2019ini <\/a>\u00a0est inqui\u00e8te.<\/p>\n\n\n\n<p><a href=\"https:\/\/wncri.org\/2021\/03\/04\/ncri-womens-committee-annual-report-2021-on-women-in-iran\/\" target=\"_blank\" rel=\"noreferrer noopener\">Zahra Safa\u2019i<\/a> et sa fille purgent leur peine de d\u00e9tention \u00e0 la prison de Qarchak.<\/p>\n\n\n\n<p>Mme Safa\u2019i a \u00e9t\u00e9 transf\u00e9r\u00e9e \u00e0 l&#8217;h\u00f4pital le mardi 31 ao\u00fbt 2021. Quarante-huit heures apr\u00e8s son transfert, sa fille n&#8217;a toujours pas d&#8217;informations sur son \u00e9tat de sant\u00e9. Les responsables de la prison ne fournissent aucune information sur l&#8217;h\u00f4pital dans lequel Zahra Safa\u2019i a \u00e9t\u00e9 emmen\u00e9e et sur son \u00e9tat de sant\u00e9.<\/p>\n\n\n\n<p>Le transfert d&#8217;urgence de la prisonni\u00e8re politique Zahra Safa\u2019i a \u00e9t\u00e9 effectu\u00e9 quatre jours apr\u00e8s l&#8217;ordonnance du m\u00e9decin et huit jours apr\u00e8s son attaque.<\/p>\n\n\n\n<p>La prisonni\u00e8re politique Zahra Safa\u2019i souffrait d&#8217;essoufflement et de douleurs thoraciques depuis deux mois. Cependant, elle n&#8217;a re\u00e7u aucun traitement ni m\u00e9dicament malgr\u00e9 de fr\u00e9quentes visites au centre de sant\u00e9.<\/p>\n\n\n\n<p>Le mardi 24 ao\u00fbt, des d\u00e9tenus ont emmen\u00e9 <a href=\"https:\/\/wncri.org\/fr\/2021\/02\/03\/la-prisonniere-politique-zahra-safai-dans-un-etat-grave-a-la-prison-de-qarchak\/\" target=\"_blank\" rel=\"noreferrer noopener\">Zahra Safa\u2019i<\/a> au centre de sant\u00e9 alors qu&#8217;elle \u00e9tait dans un \u00e9tat critique. Mais les responsables de la clinique ont dit qu&#8217;elle n&#8217;avait aucun probl\u00e8me. Ils lui ont donn\u00e9 des analg\u00e9siques et l&#8217;ont renvoy\u00e9e dans son quartier p\u00e9nitentiaire.<\/p>\n\n\n\n<p>Le vendredi 27 ao\u00fbt, alors qu&#8217;un cardiologue se trouvait par hasard en prison, il a fait passer un \u00e9lectrocardiogramme \u00e0 Zahra Safa\u2019i et a diagnostiqu\u00e9 une crise cardiaque. Il a d\u00e9clar\u00e9 qu&#8217;elle devait \u00eatre transf\u00e9r\u00e9e \u00e0 l&#8217;h\u00f4pital, imm\u00e9diatement.<\/p>\n\n\n\n<p>N\u00e9anmoins, il a fallu quatre jours <a href=\"https:\/\/wncri.org\/fr\/2020\/12\/21\/la-nouvelle-directrice-de-la-prison-de-qarchak\/\" target=\"_blank\" rel=\"noreferrer noopener\">aux autorit\u00e9s de Qarchak<\/a> pour l&#8217;envoyer dans un h\u00f4pital civil.<\/p>\n\n\n\n<div class=\"wp-block-image\"><figure class=\"aligncenter size-full is-resized\"><img decoding=\"async\" src=\"data:image\/gif;base64,R0lGODlhAQABAIAAAAAAAP\/\/\/yH5BAEAAAAALAAAAAABAAEAAAIBRAA7\" data-src=\"https:\/\/wncri.org\/fr\/wp-content\/uploads\/2021\/09\/qarchak-prison-min.jpg\" alt=\"Photo satellite de la prison de Qarchak - Carte Google\" class=\"wp-image-14015 lazyload\" width=\"817\" height=\"545\"\/><noscript><img decoding=\"async\" src=\"https:\/\/wncri.org\/fr\/wp-content\/uploads\/2021\/09\/qarchak-prison-min.jpg\" alt=\"Photo satellite de la prison de Qarchak - Carte Google\" class=\"wp-image-14015 lazyload\" width=\"817\" height=\"545\" srcset=\"https:\/\/wncri.org\/fr\/wp-content\/uploads\/2021\/09\/qarchak-prison-min.jpg 640w, https:\/\/wncri.org\/fr\/wp-content\/uploads\/2021\/09\/qarchak-prison-min-300x200.jpg 300w\" sizes=\"(max-width: 817px) 100vw, 817px\" \/><\/noscript><figcaption>Photo satellite de la prison de Qarchak &#8211; Carte Google<\/figcaption><\/figure><\/div>\n\n\n\n<p>Les forces de s\u00e9curit\u00e9 ont arr\u00eat\u00e9 Zahra Safaei \u00e0 T\u00e9h\u00e9ran le 24 f\u00e9vrier 2020. Elles ont \u00e9galement arr\u00eat\u00e9 sa fille, <a href=\"https:\/\/wncri.org\/fr\/2020\/09\/02\/appel-a-une-action-urgente-pour-sauver-les-prisonnieres-politiques-a-qarchak\/\" target=\"_blank\" rel=\"noreferrer noopener\">Parastou<\/a> <a href=\"https:\/\/wncri.org\/fr\/2020\/09\/02\/appel-a-une-action-urgente-pour-sauver-les-prisonnieres-politiques-a-qarchak\/\">Moeini<\/a> Elles ont ensuite \u00e9t\u00e9 transf\u00e9r\u00e9es au centre de d\u00e9tention du minist\u00e8re du Renseignement (quartier 209 de la prison d&#8217;Evin). Zahra Safaei et Parastou Moeini ont \u00e9t\u00e9 transf\u00e9r\u00e9es \u00e0 la <a href=\"https:\/\/iran-hrm.com\/2019\/06\/08\/qarchak-prison-irans-worst-for-women\/\" target=\"_blank\" rel=\"noreferrer noopener\">prison de Qarchak<\/a> au d\u00e9but du mois de mars 2020.<\/p>\n\n\n\n<p>Le 28 juin 2020, Zahra Safaei a \u00e9t\u00e9 temporairement lib\u00e9r\u00e9e de la <a href=\"https:\/\/wncri.org\/fr\/2020\/04\/23\/des-detenues-politiques-envoyees-a-la-prison-de-qarchak-en-pleine-crise-de-coronavirus\/\" target=\"_blank\" rel=\"noreferrer noopener\">prison de Qarchak<\/a>, jusqu&#8217;\u00e0 la fin de son proc\u00e8s, moyennant une caution de 300 millions de tomans. Mais elle a \u00e9t\u00e9 arr\u00eat\u00e9e de nouveau le 26 juillet 2020, lorsqu&#8217;elle s&#8217;est rendue au bureau du procureur de la prison d&#8217;Evin pour examiner son cas et celui de sa fille. Le 27 juillet 2020, elle a \u00e9t\u00e9 transf\u00e9r\u00e9e \u00e0 la <a href=\"https:\/\/wncri.org\/fr\/2020\/04\/20\/regard-sur-la-situation-tragique-a-la-prison-pour-femmes-de-qarchak-en-iran\/\" target=\"_blank\" rel=\"noreferrer noopener\">prison de Qarchak<\/a>.<\/p>\n\n\n\n<p>La prisonni\u00e8re politique Zahra Safaei, 58 ans, a subi un accident cardiaque le 27 octobre 2020, apr\u00e8s avoir \u00e9t\u00e9 harcel\u00e9e et menac\u00e9e par les autorit\u00e9s p\u00e9nitentiaires.<\/p>\n\n\n\n<p>La vie des prisonniers politiques de la prison de Qarchak <a href=\"https:\/\/wncri.org\/fr\/2021\/08\/06\/quatre-prisonnieres-politiques-de-la-prison-de-qarchak-menacees-de-mort\/\" target=\"_blank\" rel=\"noreferrer noopener\">est en danger.<\/a><\/p>\n","protected":false},"excerpt":{"rendered":"<p>Les autorit\u00e9s de la prison de Qarchak ont agi avec quatre jours de retard apr\u00e8s l&#8217;ordre du m\u00e9decin, et huit jours apr\u00e8s sa crise cardiaque. CNRI Femmes &#8211; Des informations de la prison de Qarchak indiquent que la prisonni\u00e8re politique Zahra Safa\u2019i a subi une crise cardiaque. Elle a \u00e9t\u00e9 emmen\u00e9e \u00e0 l&#8217;h\u00f4pital en raison [&hellip;]<\/p>\n","protected":false},"author":4,"featured_media":14016,"comment_status":"closed","ping_status":"closed","sticky":false,"template":"","format":"standard","meta":{"jnews-multi-image_gallery":[],"jnews_single_post":{"subtitle":"","format":"standard","video":"","gallery":"","source_name":"","source_url":"","via_name":"","via_url":"","override":[{"template":"1","single_blog_custom":"","parallax":"1","fullscreen":"1","layout":"right-sidebar","sidebar":"default-sidebar","second_sidebar":"default-sidebar","sticky_sidebar":"1","share_position":"top","share_float_style":"share-monocrhome","show_share_counter":"1","show_view_counter":"1","show_featured":"1","show_post_meta":"1","show_post_author":"1","show_post_author_image":"1","show_post_date":"1","post_date_format":"default","post_date_format_custom":"Y\/m\/d","show_post_category":"1","post_reading_time_wpm":"300","zoom_button_out_step":"2","zoom_button_in_step":"3","show_post_tag":"1","show_prev_next_post":"1","show_popup_post":"1","number_popup_post":"1"}],"image_override":[{"single_post_thumbnail_size":"crop-500","single_post_gallery_size":"crop-500"}],"trending_post_position":"meta","trending_post_label":"Trending","sponsored_post_label":"Sponsored by","sponsored_post_name":"","sponsored_post_url":"","sponsored_post_logo":"","sponsored_post_desc":""},"jnews_primary_category":{"id":""},"jnews_social_meta":[],"jnews_override_counter":{"view_counter_number":"0","share_counter_number":"0","like_counter_number":"0","dislike_counter_number":"0"},"footnotes":""},"categories":[3],"tags":[370],"class_list":["post-14014","post","type-post","status-publish","format-standard","has-post-thumbnail","hentry","category-infos-des-femmes","tag-prisonnieres"],"_links":{"self":[{"href":"https:\/\/wncri.org\/fr\/wp-json\/wp\/v2\/posts\/14014","targetHints":{"allow":["GET"]}}],"collection":[{"href":"https:\/\/wncri.org\/fr\/wp-json\/wp\/v2\/posts"}],"about":[{"href":"https:\/\/wncri.org\/fr\/wp-json\/wp\/v2\/types\/post"}],"author":[{"embeddable":true,"href":"https:\/\/wncri.org\/fr\/wp-json\/wp\/v2\/users\/4"}],"replies":[{"embeddable":true,"href":"https:\/\/wncri.org\/fr\/wp-json\/wp\/v2\/comments?post=14014"}],"version-history":[{"count":0,"href":"https:\/\/wncri.org\/fr\/wp-json\/wp\/v2\/posts\/14014\/revisions"}],"wp:featuredmedia":[{"embeddable":true,"href":"https:\/\/wncri.org\/fr\/wp-json\/wp\/v2\/media\/14016"}],"wp:attachment":[{"href":"https:\/\/wncri.org\/fr\/wp-json\/wp\/v2\/media?parent=14014"}],"wp:term":[{"taxonomy":"category","embeddable":true,"href":"https:\/\/wncri.org\/fr\/wp-json\/wp\/v2\/categories?post=14014"},{"taxonomy":"post_tag","embeddable":true,"href":"https:\/\/wncri.org\/fr\/wp-json\/wp\/v2\/tags?post=14014"}],"curies":[{"name":"wp","href":"https:\/\/api.w.org\/{rel}","templated":true}]}}