{"id":14011,"date":"2021-08-31T12:41:00","date_gmt":"2021-08-31T10:41:00","guid":{"rendered":"https:\/\/wncri.org\/fr\/?p=14011"},"modified":"2021-09-03T11:42:29","modified_gmt":"2021-09-03T09:42:29","slug":"trois-adolescentes-arretees-lune-delles-tente-de-se-suicider-a-sa-sortie","status":"publish","type":"post","link":"https:\/\/wncri.org\/fr\/2021\/08\/31\/trois-adolescentes-arretees-lune-delles-tente-de-se-suicider-a-sa-sortie\/","title":{"rendered":"Trois adolescentes arr\u00eat\u00e9es, l&#8217;une d\u2019elles tente de se suicider \u00e0 sa sortie de prison."},"content":{"rendered":"\n<p><strong>Trois adolescentes arr\u00eat\u00e9es, l&#8217;une d\u2019elles tente de se suicider \u00e0 sa sortie de prison.<\/strong><\/p>\n\n\n\n<p>CNRI Femmes &#8211; Selon des <a href=\"https:\/\/hengaw.net\/fa\/news\/%D8%A7%D8%AD%D8%B6%D8%A7%D8%B1-%D9%88-%D8%A8%D8%A7%D8%B2%D8%AC%D9%88%DB%8C%DB%8C-%D9%BE%D9%86%D8%AC-%D8%B3%D8%A7%D8%B9%D8%AA%D9%87-%D8%A7%D8%B2-%D8%AF%D9%88-%D9%86%D9%81%D8%B1-%D8%A7%D8%B2-%D8%AF%D8%AE%D8%AA%D8%B1%D8%A7%D9%86-%D8%A8%D8%A7%D8%B2%D8%AF%D8%A7%D8%B4%D8%AA-%D8%B4%D8%AF%D9%87-%D8%AC%D9%88%D8%A7%D9%86%D8%B1%D9%88%D8%AF\" target=\"_blank\" rel=\"noreferrer noopener\">sources kurdes<\/a>, les services de renseignements des pasdarans ont arr\u00eat\u00e9 trois adolescentes \u00e0 Javanroud, le 24 ao\u00fbt 2021. Javanroud est une ville de la province de Kermanchah, dans l&#8217;ouest de l&#8217;Iran.<\/p>\n\n\n\n<p>Les trois adolescentes sont Tara Ahmadi, 16 ans, Sonia Karimi, 14 ans, et Paria Fat&#8217;hi, 14 ans. Les raisons de leur arrestation ill\u00e9gale ne sont pas claires. Les filles sont rest\u00e9es en garde \u00e0 vue pendant une journ\u00e9e.<\/p>\n\n\n\n<p>Tara Ahmadi s&#8217;est pendue en arrivant chez elle. Elle est actuellement hospitalis\u00e9e dans un \u00e9tat critique dans le service de soins intensifs d&#8217;un h\u00f4pital de Javanroud.<\/p>\n\n\n\n<p>Des informations plus r\u00e9centes en provenance de Javanroud indiquent que les services de renseignement des pasdarans ont convoqu\u00e9 et interrog\u00e9 Sonia Karimi et Paria Fathi, le 29 ao\u00fbt 2021.<\/p>\n\n\n\n<p>Les ados de 14 ans ont \u00e9t\u00e9 d\u00e9tenues de 8 heures du matin \u00e0 13 heures pour interrogatoire.<\/p>\n\n\n\n<p>Une source inform\u00e9e a d\u00e9clar\u00e9 que des proches des deux jeunes filles avaient \u00e9galement \u00e9t\u00e9 convoqu\u00e9s et interrog\u00e9s.<\/p>\n\n\n\n<p>Une source souhaitant rester anonyme a d\u00e9clar\u00e9 : <a>\u00ab&nbsp;Le service de renseignement <\/a>a averti Sonia et Paria que si elles donnaient des interviews aux m\u00e9dias, elles seraient trait\u00e9es avec s\u00e9v\u00e9rit\u00e9&nbsp;\u00bb.<\/p>\n\n\n\n<p>Selon la source, la raison de la premi\u00e8re arrestation des deux enfants est leur sympathie pour un groupe d&#8217;opposition kurde.<\/p>\n\n\n\n<p>Le Corps des gardiens de la r\u00e9volution (pasdarans) a fait pression sur les parents de Tara Ahmadi pour qu&#8217;elle annonce que les pasdarans n&#8217;avaient jou\u00e9 aucun r\u00f4le dans l&#8217;arrestation des trois adolescentes et dans le suicide de leur fille.<\/p>\n\n\n\n<p>On leur a ordonn\u00e9 de dire que le commissariat avait retrouv\u00e9 les trois filles apr\u00e8s qu&#8217;elles aient \u00e9t\u00e9 port\u00e9es disparues.<\/p>\n\n\n\n<p>On ignore ce qu&#8217;il est advenu des filles pendant leur d\u00e9tention par les services de renseignement des pasdarans. Il est arriv\u00e9 par le pass\u00e9 que des jeunes filles se suicident apr\u00e8s leur remise en libert\u00e9 par les pasdarans. Cette situation n&#8217;est pas surprenante.<\/p>\n\n\n\n<p><a href=\"https:\/\/wncri.org\/fr\/2017\/02\/24\/iran-mahdiss-mirghavami-s-est-suicidee-a-sa-sortie-de-prison\/\" target=\"_blank\" rel=\"noreferrer noopener\">Mahdis Mir-Ghavami<\/a>, 26 ans et ing\u00e9nieur, a mis fin \u00e0 ses jours apr\u00e8s avoir \u00e9t\u00e9 <a href=\"https:\/\/wncri.org\/fr\/2020\/11\/23\/la-violence-faite-aux-femmes-en-iran-parrainee-et-institutionnalisee-par-letat\/\" target=\"_blank\" rel=\"noreferrer noopener\">agress\u00e9e sexuellement<\/a> dans le centre de d\u00e9tention des services de renseignement de Kermanchah. Elle a pris des pilules imm\u00e9diatement apr\u00e8s sa sortie. Elle avait \u00e9t\u00e9 convoqu\u00e9e le 24 janvier 2017 et d\u00e9tenue pendant deux jours.<\/p>\n","protected":false},"excerpt":{"rendered":"<p>Trois adolescentes arr\u00eat\u00e9es, l&#8217;une d\u2019elles tente de se suicider \u00e0 sa sortie de prison. CNRI Femmes &#8211; Selon des sources kurdes, les services de renseignements des pasdarans ont arr\u00eat\u00e9 trois adolescentes \u00e0 Javanroud, le 24 ao\u00fbt 2021. Javanroud est une ville de la province de Kermanchah, dans l&#8217;ouest de l&#8217;Iran. Les trois adolescentes sont Tara [&hellip;]<\/p>\n","protected":false},"author":4,"featured_media":14012,"comment_status":"closed","ping_status":"closed","sticky":false,"template":"","format":"standard","meta":{"jnews-multi-image_gallery":[],"jnews_single_post":{"subtitle":"","format":"standard","video":"","gallery":"","source_name":"","source_url":"","via_name":"","via_url":"","override":[{"template":"1","single_blog_custom":"","parallax":"1","fullscreen":"1","layout":"right-sidebar","sidebar":"default-sidebar","second_sidebar":"default-sidebar","sticky_sidebar":"1","share_position":"top","share_float_style":"share-monocrhome","show_share_counter":"1","show_view_counter":"1","show_featured":"1","show_post_meta":"1","show_post_author":"1","show_post_author_image":"1","show_post_date":"1","post_date_format":"default","post_date_format_custom":"Y\/m\/d","show_post_category":"1","post_reading_time_wpm":"300","zoom_button_out_step":"2","zoom_button_in_step":"3","show_post_tag":"1","show_prev_next_post":"1","show_popup_post":"1","number_popup_post":"1"}],"image_override":[{"single_post_thumbnail_size":"crop-500","single_post_gallery_size":"crop-500"}],"trending_post_position":"meta","trending_post_label":"Trending","sponsored_post_label":"Sponsored by","sponsored_post_name":"","sponsored_post_url":"","sponsored_post_logo":"","sponsored_post_desc":""},"jnews_primary_category":{"id":""},"jnews_social_meta":[],"jnews_override_counter":{"view_counter_number":"0","share_counter_number":"0","like_counter_number":"0","dislike_counter_number":"0"},"footnotes":""},"categories":[3],"tags":[366,376],"class_list":["post-14011","post","type-post","status-publish","format-standard","has-post-thumbnail","hentry","category-infos-des-femmes","tag-la-petite-fille","tag-violence-contre-les-femmes"],"_links":{"self":[{"href":"https:\/\/wncri.org\/fr\/wp-json\/wp\/v2\/posts\/14011","targetHints":{"allow":["GET"]}}],"collection":[{"href":"https:\/\/wncri.org\/fr\/wp-json\/wp\/v2\/posts"}],"about":[{"href":"https:\/\/wncri.org\/fr\/wp-json\/wp\/v2\/types\/post"}],"author":[{"embeddable":true,"href":"https:\/\/wncri.org\/fr\/wp-json\/wp\/v2\/users\/4"}],"replies":[{"embeddable":true,"href":"https:\/\/wncri.org\/fr\/wp-json\/wp\/v2\/comments?post=14011"}],"version-history":[{"count":0,"href":"https:\/\/wncri.org\/fr\/wp-json\/wp\/v2\/posts\/14011\/revisions"}],"wp:featuredmedia":[{"embeddable":true,"href":"https:\/\/wncri.org\/fr\/wp-json\/wp\/v2\/media\/14012"}],"wp:attachment":[{"href":"https:\/\/wncri.org\/fr\/wp-json\/wp\/v2\/media?parent=14011"}],"wp:term":[{"taxonomy":"category","embeddable":true,"href":"https:\/\/wncri.org\/fr\/wp-json\/wp\/v2\/categories?post=14011"},{"taxonomy":"post_tag","embeddable":true,"href":"https:\/\/wncri.org\/fr\/wp-json\/wp\/v2\/tags?post=14011"}],"curies":[{"name":"wp","href":"https:\/\/api.w.org\/{rel}","templated":true}]}}