{"id":13988,"date":"2021-08-27T22:14:00","date_gmt":"2021-08-27T20:14:00","guid":{"rendered":"https:\/\/wncri.org\/fr\/?p=13988"},"modified":"2021-08-29T22:17:17","modified_gmt":"2021-08-29T20:17:17","slug":"azimeh-nasseri-et-nahid-kamangar-torturees-pour-faire-des-aveux-forces","status":"publish","type":"post","link":"https:\/\/wncri.org\/fr\/2021\/08\/27\/azimeh-nasseri-et-nahid-kamangar-torturees-pour-faire-des-aveux-forces\/","title":{"rendered":"Azimeh Nasseri et Nahid Kamangar tortur\u00e9es pour faire des aveux forc\u00e9s"},"content":{"rendered":"\n<p>CNRI Femmes &#8211; Azimeh Nasseri et Nahid Kamangar sont deux prisonni\u00e8res kurdes tortur\u00e9es et menac\u00e9es afin de leur extorquer de faux aveux. Ces deux femmes ont \u00e9t\u00e9 interrog\u00e9es, tortur\u00e9es et menac\u00e9es dans les centres de d\u00e9tention des pasdarans et du minist\u00e8re du renseignement.<\/p>\n\n\n\n<p>La militante civile kurde Azimeh Nasseri a \u00e9t\u00e9 transf\u00e9r\u00e9e du centre de d\u00e9tention de l&#8217;Organisation du renseignements des pasdarans \u00e0 Oroumieh \u00e0 la quarantaine de la prison centrale d\u2019Oroumieh&nbsp; le 26 ao\u00fbt, apr\u00e8s un mois de d\u00e9tention temporaire.<\/p>\n\n\n\n<p>Azimeh Nasseri a \u00e9t\u00e9 accus\u00e9e d&#8217;avoir agi contre la s\u00e9curit\u00e9 nationale. Les pasdarans ont menac\u00e9 et tortur\u00e9 cette militante civile kurde pour la forcer \u00e0 faire de faux aveux contre elle-m\u00eame.<\/p>\n\n\n\n<p>Mme Nasseri a \u00e9t\u00e9 arr\u00eat\u00e9e le 9 janvier 2021, lors d\u2019une rafle contre les Kurdes. Les forces de s\u00e9curit\u00e9 sont entr\u00e9es chez elle en se faisant passer pour des r\u00e9parateurs d\u2019une panne de gaz.&nbsp; Apr\u00e8s 25 jours d&#8217;interrogatoire, elles l&#8217;ont transf\u00e9r\u00e9e dans le quartier des femmes de la prison centrale d&#8217;Oroumieh le 3 f\u00e9vrier 2021.<\/p>\n\n\n\n<p><a href=\"https:\/\/wncri.org\/2021\/07\/10\/women-arbitrarily-detained-by-the-ministry-of-intelligence-and-the-irgc\/\" target=\"_blank\" rel=\"noreferrer noopener\">Nahid Kamangar<\/a>, une habitante de Kamyaran et fille du prisonnier politique Hossein Kamangar, est toujours d\u00e9tenue dans le quartier des femmes du centre correctionnel de Sanandaj 51 jours apr\u00e8s son arrestation.<\/p>\n\n\n\n<p>Mme Kamangar a \u00e9t\u00e9 arr\u00eat\u00e9e le 5 juillet 2021, apr\u00e8s avoir \u00e9t\u00e9 convoqu\u00e9e par t\u00e9l\u00e9phone au si\u00e8ge des services de renseignements de Kamyaran. Les agents l&#8217;ont jet\u00e9e \u00e0 l&#8217;isolement dans le quartier des femmes du centre correctionnel de Sanandaj. Nahid Kamangar est actuellement interrog\u00e9e par les forces de s\u00e9curit\u00e9 et tortur\u00e9e pour faire des aveux contre son p\u00e8re. Le p\u00e8re de cette prisonni\u00e8re kurde est condamn\u00e9 \u00e0 15 ans de prison.<\/p>\n\n\n\n<p>Nahid Kamangar a \u00e9t\u00e9 transf\u00e9r\u00e9e au quartier g\u00e9n\u00e9ral le 10 ao\u00fbt 2021 et reste en d\u00e9tention sans avoir \u00e9t\u00e9 jug\u00e9e.<\/p>\n\n\n\n<p>\u00c0 la suite de la publication d&#8217;images pirat\u00e9es de <a href=\"https:\/\/wncri.org\/fr\/2021\/08\/25\/golaleh-moradi-torturee-pour-obtenir-des-aveux-forces-dans-la-prison\/\" target=\"_blank\" rel=\"noreferrer noopener\">cam\u00e9ras de la prison d&#8217;Evin<\/a>e r\u00e9v\u00e9lant des sc\u00e8nes de torture par les agents de s\u00e9curit\u00e9, Amnesty International a <a href=\"https:\/\/www.amnesty.org\/fr\/latest\/news\/2021\/08\/iran-leaked-video-footage-from-evin-prison-offers-rare-glimpse-of-cruelty-against-prisoners-2\/\" target=\"_blank\" rel=\"noreferrer noopener\">publi\u00e9 une d\u00e9claration<\/a> le 25 ao\u00fbt 2021. Amnesty International a d\u00e9clar\u00e9 : L&#8217;organisation a analys\u00e9 16 clips vid\u00e9o ayant fait l&#8217;objet d&#8217;une fuite, obtenus aupr\u00e8s de m\u00e9dias iraniens ind\u00e9pendants, qui offrent des <a href=\"https:\/\/www.maryam-rajavi.com\/fr\/humains-en-iran-prisonniers-politiques\/\" target=\"_blank\" rel=\"noreferrer noopener\">preuves visuelles choquantes<\/a> de passages \u00e0 tabac, de harc\u00e8lement sexuel, ainsi que de n\u00e9gligence et de mauvais traitements d\u00e9lib\u00e9r\u00e9s \u00e0 l&#8217;\u00e9gard de personnes ayant besoin de soins m\u00e9dicaux, qu&#8217;Amnesty International documente depuis des ann\u00e9es. Les vid\u00e9os r\u00e9affirment \u00e9galement les pr\u00e9occupations relatives \u00e0 la surpopulation chronique et \u00e0 l&#8217;isolement dans des conditions de d\u00e9tention cruelles et inhumaines.<\/p>\n\n\n\n<p>&#8220;Ces images inqui\u00e9tantes donnent un rare aper\u00e7u de la cruaut\u00e9 dont sont r\u00e9guli\u00e8rement victimes les prisonniers en Iran. Il est choquant de voir ce qui se passe entre les murs de la prison d&#8217;Evine, malheureusement, les s\u00e9vices d\u00e9crits dans ces vid\u00e9os qui ont \u00e9t\u00e9 divulgu\u00e9es ne sont que la partie \u00e9merg\u00e9e de l&#8217;iceberg de l&#8217;\u00e9pid\u00e9mie de torture en Iran, a d\u00e9clar\u00e9 <a href=\"https:\/\/www.amnesty.org\/fr\/latest\/news\/2021\/08\/iran-leaked-video-footage-from-evin-prison-offers-rare-glimpse-of-cruelty-against-prisoners-2\/\" target=\"_blank\" rel=\"noreferrer noopener\">Heba Morayef<\/a>, directrice r\u00e9gionale pour le Moyen-Orient et l&#8217;Afrique du Nord \u00e0 Amnesty International.<\/p>\n","protected":false},"excerpt":{"rendered":"<p>CNRI Femmes &#8211; Azimeh Nasseri et Nahid Kamangar sont deux prisonni\u00e8res kurdes tortur\u00e9es et menac\u00e9es afin de leur extorquer de faux aveux. Ces deux femmes ont \u00e9t\u00e9 interrog\u00e9es, tortur\u00e9es et menac\u00e9es dans les centres de d\u00e9tention des pasdarans et du minist\u00e8re du renseignement. La militante civile kurde Azimeh Nasseri a \u00e9t\u00e9 transf\u00e9r\u00e9e du centre de [&hellip;]<\/p>\n","protected":false},"author":4,"featured_media":13989,"comment_status":"closed","ping_status":"closed","sticky":false,"template":"","format":"standard","meta":{"jnews-multi-image_gallery":[],"jnews_single_post":{"subtitle":"","format":"standard","video":"","gallery":"","source_name":"","source_url":"","via_name":"","via_url":"","override":[{"template":"1","single_blog_custom":"","parallax":"1","fullscreen":"1","layout":"right-sidebar","sidebar":"default-sidebar","second_sidebar":"default-sidebar","sticky_sidebar":"1","share_position":"top","share_float_style":"share-monocrhome","show_share_counter":"1","show_view_counter":"1","show_featured":"1","show_post_meta":"1","show_post_author":"1","show_post_author_image":"1","show_post_date":"1","post_date_format":"default","post_date_format_custom":"Y\/m\/d","show_post_category":"1","post_reading_time_wpm":"300","zoom_button_out_step":"2","zoom_button_in_step":"3","show_post_tag":"1","show_prev_next_post":"1","show_popup_post":"1","number_popup_post":"1"}],"image_override":[{"single_post_thumbnail_size":"crop-500","single_post_gallery_size":"crop-500"}],"trending_post_position":"meta","trending_post_label":"Trending","sponsored_post_label":"Sponsored by","sponsored_post_name":"","sponsored_post_url":"","sponsored_post_logo":"","sponsored_post_desc":""},"jnews_primary_category":{"id":""},"jnews_social_meta":[],"jnews_override_counter":{"view_counter_number":"0","share_counter_number":"0","like_counter_number":"0","dislike_counter_number":"0"},"footnotes":""},"categories":[3],"tags":[370,376],"class_list":["post-13988","post","type-post","status-publish","format-standard","has-post-thumbnail","hentry","category-infos-des-femmes","tag-prisonnieres","tag-violence-contre-les-femmes"],"_links":{"self":[{"href":"https:\/\/wncri.org\/fr\/wp-json\/wp\/v2\/posts\/13988","targetHints":{"allow":["GET"]}}],"collection":[{"href":"https:\/\/wncri.org\/fr\/wp-json\/wp\/v2\/posts"}],"about":[{"href":"https:\/\/wncri.org\/fr\/wp-json\/wp\/v2\/types\/post"}],"author":[{"embeddable":true,"href":"https:\/\/wncri.org\/fr\/wp-json\/wp\/v2\/users\/4"}],"replies":[{"embeddable":true,"href":"https:\/\/wncri.org\/fr\/wp-json\/wp\/v2\/comments?post=13988"}],"version-history":[{"count":0,"href":"https:\/\/wncri.org\/fr\/wp-json\/wp\/v2\/posts\/13988\/revisions"}],"wp:featuredmedia":[{"embeddable":true,"href":"https:\/\/wncri.org\/fr\/wp-json\/wp\/v2\/media\/13989"}],"wp:attachment":[{"href":"https:\/\/wncri.org\/fr\/wp-json\/wp\/v2\/media?parent=13988"}],"wp:term":[{"taxonomy":"category","embeddable":true,"href":"https:\/\/wncri.org\/fr\/wp-json\/wp\/v2\/categories?post=13988"},{"taxonomy":"post_tag","embeddable":true,"href":"https:\/\/wncri.org\/fr\/wp-json\/wp\/v2\/tags?post=13988"}],"curies":[{"name":"wp","href":"https:\/\/api.w.org\/{rel}","templated":true}]}}