{"id":13974,"date":"2021-08-25T11:35:00","date_gmt":"2021-08-25T09:35:00","guid":{"rendered":"https:\/\/wncri.org\/fr\/?p=13974"},"modified":"2021-08-27T11:45:40","modified_gmt":"2021-08-27T09:45:40","slug":"ecoutez-les-cris-du-mouvement-pour-la-justice-du-peuple-iranien","status":"publish","type":"post","link":"https:\/\/wncri.org\/fr\/2021\/08\/25\/ecoutez-les-cris-du-mouvement-pour-la-justice-du-peuple-iranien\/","title":{"rendered":"\u00c9coutez les cris du Mouvement pour la justice du peuple iranien"},"content":{"rendered":"\n<p>CNRI Femmes &#8211; Le monde doit \u00e9couter l&#8217;appel \u00e0 la justice du peuple iranien. Des milliers d&#8217;Iraniens, dont des parents de martyrs du massacre de 1988 et des partisans des Moudjahidines du peuple d&#8217;Iran (OMPI\/MEK), ont organis\u00e9 une manifestation dans la capitale su\u00e9doise, Stockholm, le lundi 23 ao\u00fbt 2021, pour marquer le 33e anniversaire du massacre des prisonniers politiques en Iran. La manifestation a eu lieu devant le Parlement su\u00e9dois pour protester contre les ex\u00e9cutions et les massacres en Iran et la n\u00e9cessit\u00e9 de poursuivre en justice sur la sc\u00e8ne internationale les dirigeants du r\u00e9gime iranien pour g\u00e9nocide et crimes contre l&#8217;humanit\u00e9.<\/p>\n\n\n\n<p>La <a href=\"https:\/\/wncri.org\/fr\/2021\/08\/23\/manifestation-des-iraniens-a-stockholm-pour-demander-justice-pour\/\" target=\"_blank\" rel=\"noreferrer noopener\">manifestation<\/a> a eu lieu pendant le proc\u00e8s de <a href=\"https:\/\/www.ncr-iran.org\/fr\/publications\/rapports-speciaux\/publication-de-lacte-daccusation-dans-laffaire-hamid-noury-bourreau-du-regime-iranien-par-le-parquet-suedois-rapport\/\" target=\"_blank\" rel=\"noreferrer noopener\">Hamid Noury<\/a>, l&#8217;un des auteurs du massacre de 1988, dans un tribunal de Stockholm et a symbolis\u00e9 le mouvement pour la justice du peuple iranien.<\/p>\n\n\n\n<p>Des repr\u00e9sentants de familles des martyrs du massacre de 1988 et des personnalit\u00e9s politiques se sont adress\u00e9s aux manifestants marquant le 33e anniversaire du <a href=\"https:\/\/wncri.org\/fr\/2021\/01\/26\/iranien-des-comptes-sur-le-massacre-de-1988\/\" target=\"_blank\" rel=\"noreferrer noopener\">massacre de 30 000 prisonniers politiques en 1988.<\/a><\/p>\n\n\n\n<div class=\"wp-block-image\"><figure class=\"aligncenter size-full is-resized\"><img decoding=\"async\" src=\"data:image\/gif;base64,R0lGODlhAQABAIAAAAAAAP\/\/\/yH5BAEAAAAALAAAAAABAAEAAAIBRAA7\" data-src=\"https:\/\/wncri.org\/fr\/wp-content\/uploads\/2021\/08\/Khadijeh-Borhani-min.jpg\" alt=\"Khadijeh Borhani\" class=\"wp-image-13982 lazyload\" width=\"849\" height=\"425\"\/><noscript><img decoding=\"async\" src=\"https:\/\/wncri.org\/fr\/wp-content\/uploads\/2021\/08\/Khadijeh-Borhani-min.jpg\" alt=\"Khadijeh Borhani\" class=\"wp-image-13982 lazyload\" width=\"849\" height=\"425\" srcset=\"https:\/\/wncri.org\/fr\/wp-content\/uploads\/2021\/08\/Khadijeh-Borhani-min.jpg 750w, https:\/\/wncri.org\/fr\/wp-content\/uploads\/2021\/08\/Khadijeh-Borhani-min-300x150.jpg 300w, https:\/\/wncri.org\/fr\/wp-content\/uploads\/2021\/08\/Khadijeh-Borhani-min-360x180.jpg 360w\" sizes=\"(max-width: 849px) 100vw, 849px\" \/><\/noscript><figcaption>Khadijeh Borhani<\/figcaption><\/figure><\/div>\n\n\n\n<h3 class=\"wp-block-heading\"><strong>Khadijeh Borhani<\/strong><\/h3>\n\n\n\n<p>Khadijeh Borhani est la seule survivante d&#8217;une famille de 10 personnes qui ont toutes \u00e9t\u00e9 ex\u00e9cut\u00e9es par le r\u00e9gime cl\u00e9rical en Iran. Khadijeh Borhani, depuis Achraf-3, a d\u00e9clar\u00e9 dans un message vid\u00e9o aux manifestants : \u00ab\u00a0Mes quatre fr\u00e8res ont \u00e9t\u00e9 tu\u00e9s par le r\u00e9gime cl\u00e9rical. Ma belle-s\u0153ur Minou a \u00e9galement \u00e9t\u00e9 ex\u00e9cut\u00e9e. Mon p\u00e8re, qui \u00e9tait un religieux, a \u00e9t\u00e9 isol\u00e9 et contraint \u00e0 des restrictions jusqu&#8217;\u00e0 sa mort, dans la souffrance caus\u00e9e par la mort de ses fils et la pression du r\u00e9gime. Deux de mes fr\u00e8res ont \u00e9t\u00e9 ex\u00e9cut\u00e9s lors du <a href=\"https:\/\/wncri.org\/fr\/2021\/08\/05\/le-massacre-de-1988-le-plus-grand-crime-contre-lhumanite-reste-impuni\/\" target=\"_blank\" rel=\"noreferrer noopener\">massacre de 1988<\/a>. Ma m\u00e8re a fait une crise cardiaque. Elle est morte du chagrin caus\u00e9 par la mort de ses enfants. Il y en avait beaucoup comme ma famille \u00e0 Qazvine, la famille Jabbarian, la famille Hashemian.\u00a0\u00bb<\/p>\n\n\n\n<p>A la fin de son discours, Mme Borhani a demand\u00e9 que les auteurs du massacre de 1988 r\u00e9pondent de leurs actes devant un tribunal international.<\/p>\n\n\n\n<div class=\"wp-block-image\"><figure class=\"aligncenter size-full is-resized\"><img decoding=\"async\" src=\"data:image\/gif;base64,R0lGODlhAQABAIAAAAAAAP\/\/\/yH5BAEAAAAALAAAAAABAAEAAAIBRAA7\" data-src=\"https:\/\/wncri.org\/fr\/wp-content\/uploads\/2021\/08\/Mother-Hajar-min.jpg\" alt=\"M\u00e8re Hadjar\" class=\"wp-image-13983 lazyload\" width=\"891\" height=\"446\"\/><noscript><img decoding=\"async\" src=\"https:\/\/wncri.org\/fr\/wp-content\/uploads\/2021\/08\/Mother-Hajar-min.jpg\" alt=\"M\u00e8re Hadjar\" class=\"wp-image-13983 lazyload\" width=\"891\" height=\"446\" srcset=\"https:\/\/wncri.org\/fr\/wp-content\/uploads\/2021\/08\/Mother-Hajar-min.jpg 750w, https:\/\/wncri.org\/fr\/wp-content\/uploads\/2021\/08\/Mother-Hajar-min-300x150.jpg 300w, https:\/\/wncri.org\/fr\/wp-content\/uploads\/2021\/08\/Mother-Hajar-min-360x180.jpg 360w\" sizes=\"(max-width: 891px) 100vw, 891px\" \/><\/noscript><figcaption>M\u00e8re Hadjar<\/figcaption><\/figure><\/div>\n\n\n\n<h3 class=\"wp-block-heading\"><strong>M\u00e8re Hadjar<\/strong><\/h3>\n\n\n\n<p>M\u00e8re Hadjar, originaire de Kermanchah, a parl\u00e9 de ses enfants qui ont donn\u00e9 leur vie pour la libert\u00e9 : \u00ab&nbsp;Tous les martyrs sont comme mes enfants, comme Zahed et Rashed. Zahed a \u00e9t\u00e9 tortur\u00e9 \u00e0 Sanandaj. Il est rest\u00e9 longtemps en isolement. Il a \u00e9t\u00e9 tellement tortur\u00e9 qu&#8217;il marchait \u00e0 quatre pattes. Son corps \u00e9tait tellement tortur\u00e9 et meurtri qu&#8217;on ne pouvait pas le reconna\u00eetre. Mes fils \u00e9taient mes camarades, et j&#8217;ai, comme eux, choisi leur cause.&nbsp;\u00bb<\/p>\n\n\n\n<div class=\"wp-block-image\"><figure class=\"aligncenter size-full is-resized\"><img decoding=\"async\" src=\"data:image\/gif;base64,R0lGODlhAQABAIAAAAAAAP\/\/\/yH5BAEAAAAALAAAAAABAAEAAAIBRAA7\" data-src=\"https:\/\/wncri.org\/fr\/wp-content\/uploads\/2021\/08\/Behnaz-Attarzadeh-min.jpg\" alt=\"Behnaz Attarzadeh\" class=\"wp-image-13976 lazyload\" width=\"839\" height=\"420\"\/><noscript><img decoding=\"async\" src=\"https:\/\/wncri.org\/fr\/wp-content\/uploads\/2021\/08\/Behnaz-Attarzadeh-min.jpg\" alt=\"Behnaz Attarzadeh\" class=\"wp-image-13976 lazyload\" width=\"839\" height=\"420\" srcset=\"https:\/\/wncri.org\/fr\/wp-content\/uploads\/2021\/08\/Behnaz-Attarzadeh-min.jpg 750w, https:\/\/wncri.org\/fr\/wp-content\/uploads\/2021\/08\/Behnaz-Attarzadeh-min-300x150.jpg 300w, https:\/\/wncri.org\/fr\/wp-content\/uploads\/2021\/08\/Behnaz-Attarzadeh-min-360x180.jpg 360w\" sizes=\"(max-width: 839px) 100vw, 839px\" \/><\/noscript><figcaption>Behnaz Attarzadeh<\/figcaption><\/figure><\/div>\n\n\n\n<h3 class=\"wp-block-heading\"><strong>Behnaz Attarzadeh<\/strong><\/h3>\n\n\n\n<p>Behnaz Attarzadeh, une autre repr\u00e9sentante des familles des martyrs, a d\u00e9clar\u00e9 dans son discours : \u00ab&nbsp;J&#8217;ai \u00e9t\u00e9 prisonni\u00e8re politique dans les ann\u00e9es 1980. Mes trois fr\u00e8res ont donn\u00e9 leur vie sur le chemin de la libert\u00e9. M\u00e8re Ebrahimpour, la famille Shoja\u2019, la famille Adabavaz et de nombreuses autres familles de l&#8217;OMPI demandent justice. Nous n&#8217;avons pas laiss\u00e9 le d\u00e9sespoir nous submerger, mais au fil de toutes ces ann\u00e9es, de l&#8217;\u00e9t\u00e9 1988 \u00e0 novembre 2019, et par la suite, nous sommes devenus encore plus d\u00e9termin\u00e9s \u00e0 \u00e9tablir une soci\u00e9t\u00e9 libre et d\u00e9mocratique. Nous ne pardonnerons pas, et nous n&#8217;oublierons pas.<\/p>\n\n\n\n<p>\u00ab&nbsp;Nous n&#8217;oublions pas que ces criminels, dont Ebrahim Ra\u00efssi, occupent des postes gouvernementaux de premier plan. Nous demandons \u00e0 la justice su\u00e9doise de d\u00e9livrer un mandat d&#8217;arr\u00eat \u00e0 l&#8217;encontre de Ra\u00efssi, [le pr\u00e9sident du r\u00e9gime]. Nous cherchons \u00e0 prendre des dispositions pour que le dossier du massacre de 1988 soit transmis au Conseil de s\u00e9curit\u00e9 des Nations unies.&nbsp;\u00bb<\/p>\n\n\n\n<div class=\"wp-block-image\"><figure class=\"aligncenter size-full is-resized\"><img decoding=\"async\" src=\"data:image\/gif;base64,R0lGODlhAQABAIAAAAAAAP\/\/\/yH5BAEAAAAALAAAAAABAAEAAAIBRAA7\" data-src=\"https:\/\/wncri.org\/fr\/wp-content\/uploads\/2021\/08\/Ingrid-Betancourt-min.jpg\" alt=\"Ingrid Betancourt\" class=\"wp-image-13981 lazyload\" width=\"900\" height=\"450\"\/><noscript><img decoding=\"async\" src=\"https:\/\/wncri.org\/fr\/wp-content\/uploads\/2021\/08\/Ingrid-Betancourt-min.jpg\" alt=\"Ingrid Betancourt\" class=\"wp-image-13981 lazyload\" width=\"900\" height=\"450\" srcset=\"https:\/\/wncri.org\/fr\/wp-content\/uploads\/2021\/08\/Ingrid-Betancourt-min.jpg 750w, https:\/\/wncri.org\/fr\/wp-content\/uploads\/2021\/08\/Ingrid-Betancourt-min-300x150.jpg 300w, https:\/\/wncri.org\/fr\/wp-content\/uploads\/2021\/08\/Ingrid-Betancourt-min-360x180.jpg 360w\" sizes=\"(max-width: 900px) 100vw, 900px\" \/><\/noscript><figcaption>Ingrid Betancourt<\/figcaption><\/figure><\/div>\n\n\n\n<h3 class=\"wp-block-heading\"><strong>Ingrid Betancourt<\/strong><\/h3>\n\n\n\n<p>L&#8217;ancienne candidate \u00e0 la pr\u00e9sidence colombienne Ingrid Betancourt, fervente partisane du Mouvement pour la justice, a d\u00e9clar\u00e9 au rassemblement : \u00ab&nbsp;Aujourd&#8217;hui, nous nous souvenons que le r\u00e9gime iranien a massacr\u00e9 30 000 prisonniers politiques en Iran. Ils \u00e9taient comme beaucoup des t\u00e9moins qui sont ici aujourd&#8217;hui. Avec leurs t\u00e9moignages, ils nous rappellent les crimes qui ont eu lieu apr\u00e8s une fatwa bien connue qui les condamnait \u00e0 mort parce qu&#8217;ils ne voulaient pas c\u00e9der aux exigences du r\u00e9gime. Ils ont ensuite \u00e9t\u00e9 enterr\u00e9s dans des fosses communes (&#8230;) Ebrahim Ra\u00efssi \u00e9tait membre des commissions de la mort, et maintenant il est le pr\u00e9sident du r\u00e9gime. Sa nomination montre que la communaut\u00e9 internationale n&#8217;a pas eu de r\u00e9action appropri\u00e9e [au massacre de 1988].&nbsp;\u00bb<\/p>\n\n\n\n<div class=\"wp-block-image\"><figure class=\"aligncenter size-full is-resized\"><img decoding=\"async\" src=\"data:image\/gif;base64,R0lGODlhAQABAIAAAAAAAP\/\/\/yH5BAEAAAAALAAAAAABAAEAAAIBRAA7\" data-src=\"https:\/\/wncri.org\/fr\/wp-content\/uploads\/2021\/08\/Alexsandra-Anstrell-min.jpg\" alt=\"Alexsandra Anstrell\" class=\"wp-image-13975 lazyload\" width=\"851\" height=\"426\"\/><noscript><img decoding=\"async\" src=\"https:\/\/wncri.org\/fr\/wp-content\/uploads\/2021\/08\/Alexsandra-Anstrell-min.jpg\" alt=\"Alexsandra Anstrell\" class=\"wp-image-13975 lazyload\" width=\"851\" height=\"426\" srcset=\"https:\/\/wncri.org\/fr\/wp-content\/uploads\/2021\/08\/Alexsandra-Anstrell-min.jpg 750w, https:\/\/wncri.org\/fr\/wp-content\/uploads\/2021\/08\/Alexsandra-Anstrell-min-300x150.jpg 300w, https:\/\/wncri.org\/fr\/wp-content\/uploads\/2021\/08\/Alexsandra-Anstrell-min-360x180.jpg 360w\" sizes=\"(max-width: 851px) 100vw, 851px\" \/><\/noscript><figcaption>Alexsandra Anstrell<\/figcaption><\/figure><\/div>\n\n\n\n<h3 class=\"wp-block-heading\"><strong>Alexsandra Anstrell<\/strong><\/h3>\n\n\n\n<p>La d\u00e9put\u00e9e su\u00e9doise Alexsandra Anstrell a d\u00e9clar\u00e9 aux participants de ce rassemblement : \u00ab&nbsp;Le bilan du r\u00e9gime iranien en mati\u00e8re de violations des droits de l&#8217;homme est horrible. Le gouvernement su\u00e9dois essaie de traduire en justice les auteurs de violations des droits de l&#8217;homme. Nous soutenons votre lutte. Nous ne permettons pas que le crime soit dissimul\u00e9 ou couvert. Nous n&#8217;oublions pas que des criminels comme Ra\u00efssi occupent des postes d&#8217;autorit\u00e9 dans ce r\u00e9gime.&nbsp; Nous demandons \u00e0 la justice su\u00e9doise de pr\u00e9parer un mandat d&#8217;arr\u00eat pour Ra\u00efssi.&nbsp;\u00bb<\/p>\n\n\n\n<div class=\"wp-block-image\"><figure class=\"aligncenter size-full is-resized\"><img decoding=\"async\" src=\"data:image\/gif;base64,R0lGODlhAQABAIAAAAAAAP\/\/\/yH5BAEAAAAALAAAAAABAAEAAAIBRAA7\" data-src=\"https:\/\/wncri.org\/fr\/wp-content\/uploads\/2021\/08\/Gisoo-Shakeri-min.jpg\" alt=\"Gisoo Shakeri\" class=\"wp-image-13980 lazyload\" width=\"856\" height=\"428\"\/><noscript><img decoding=\"async\" src=\"https:\/\/wncri.org\/fr\/wp-content\/uploads\/2021\/08\/Gisoo-Shakeri-min.jpg\" alt=\"Gisoo Shakeri\" class=\"wp-image-13980 lazyload\" width=\"856\" height=\"428\" srcset=\"https:\/\/wncri.org\/fr\/wp-content\/uploads\/2021\/08\/Gisoo-Shakeri-min.jpg 750w, https:\/\/wncri.org\/fr\/wp-content\/uploads\/2021\/08\/Gisoo-Shakeri-min-300x150.jpg 300w, https:\/\/wncri.org\/fr\/wp-content\/uploads\/2021\/08\/Gisoo-Shakeri-min-360x180.jpg 360w\" sizes=\"(max-width: 856px) 100vw, 856px\" \/><\/noscript><figcaption>Gisoo Shakeri<\/figcaption><\/figure><\/div>\n\n\n\n<h3 class=\"wp-block-heading\"><strong>Gisoo Shakeri<\/strong><\/h3>\n\n\n\n<p>Gisoo Shakeri, l&#8217;une des artistes de la R\u00e9sistance iranienne, s&#8217;est \u00e9galement adress\u00e9e \u00e0 l&#8217;assembl\u00e9e. \u00ab&nbsp;Nous sommes r\u00e9unis ici pour souligner une fois de plus que Khamenei, Ra\u00efssi, et les autres meurtriers impliqu\u00e9s dans le massacre des prisonniers politiques de l&#8217;\u00e9t\u00e9 1988 sont des criminels. Ils doivent faire face \u00e0 la justice. Les familles des victimes attendent ce jour. Nous sommes ici pour dire que nous ne pardonnerons pas et que nous n&#8217;oublierons pas. Non seulement les parents des victimes et les survivants de cette catastrophe nationale, mais nous tous avons \u00e9t\u00e9 t\u00e9moins de tous ces crimes. Nous sommes les t\u00e9moins d&#8217;un g\u00e9nocide, de la mort d&#8217;une g\u00e9n\u00e9ration qui \u00e9tait le symbole des d\u00e9sirs de notre nation et qui pouvait r\u00e9aliser ses r\u00eaves.&nbsp;\u00bb<\/p>\n\n\n\n<div class=\"wp-block-image\"><figure class=\"aligncenter size-full is-resized\"><img decoding=\"async\" src=\"data:image\/gif;base64,R0lGODlhAQABAIAAAAAAAP\/\/\/yH5BAEAAAAALAAAAAABAAEAAAIBRAA7\" data-src=\"https:\/\/wncri.org\/fr\/wp-content\/uploads\/2021\/08\/Ghazaleh-Ranji-min.jpg\" alt=\"Ghazaleh Ranji\" class=\"wp-image-13979 lazyload\" width=\"863\" height=\"432\"\/><noscript><img decoding=\"async\" src=\"https:\/\/wncri.org\/fr\/wp-content\/uploads\/2021\/08\/Ghazaleh-Ranji-min.jpg\" alt=\"Ghazaleh Ranji\" class=\"wp-image-13979 lazyload\" width=\"863\" height=\"432\" srcset=\"https:\/\/wncri.org\/fr\/wp-content\/uploads\/2021\/08\/Ghazaleh-Ranji-min.jpg 750w, https:\/\/wncri.org\/fr\/wp-content\/uploads\/2021\/08\/Ghazaleh-Ranji-min-300x150.jpg 300w, https:\/\/wncri.org\/fr\/wp-content\/uploads\/2021\/08\/Ghazaleh-Ranji-min-360x180.jpg 360w\" sizes=\"(max-width: 863px) 100vw, 863px\" \/><\/noscript><figcaption>Ghazaleh Ranji<\/figcaption><\/figure><\/div>\n\n\n\n<h3 class=\"wp-block-heading\"><strong>Ghazaleh Ranji<\/strong><\/h3>\n\n\n\n<p>Dans son intervention lors du rassemblement, Ghazaleh Ranji, membre de l&#8217;Association su\u00e9doise de la jeunesse, a d\u00e9clar\u00e9 aux participants : eAujourd&#8217;hui, l&#8217;un des auteurs [du massacre de 1988], Hamid Noury, est jug\u00e9 ici. Mais la t\u00eate du serpent se trouve en Iran, sous le r\u00e9gime des mollahs o\u00f9, en raison de l&#8217;inaction de la communaut\u00e9 internationale, Ebrahim Ra\u00efssi est devenu pr\u00e9sident. En outre, un groupe d&#8217;assassins a pris le contr\u00f4le de la vie et des biens du peuple, ceux qui, en cet \u00e9t\u00e9 fi\u00e9vreux de 1988, ont pendu ces jeunes \u00e2mes courageuses. Ceux qui, dans les jours froids de novembre 2019 et \u00e0 l&#8217;ombre du silence de 30 ann\u00e9es [de la communaut\u00e9 internationale], ont ouvert le feu sur une g\u00e9n\u00e9ration courageuse qui a os\u00e9 s&#8217;opposer \u00e0 la dictature. Khomeiny et son r\u00e9gime pensaient qu&#8217;en massacrant les prisonniers politiques, ils an\u00e9antiraient la r\u00e9sistance \u00e0 jamais. Mais les manifestations \u00e9tudiantes de 1999, de d\u00e9cembre 2017, de novembre 2019 et le soul\u00e8vement de la soif du Khouzistan [en juillet 2021] manifestent la d\u00e9faite totale du r\u00e9gime et la victoire du mouvement de la r\u00e9sistance, de la r\u00e9sistance \u00e0 tout prix et de l&#8217;adh\u00e9sion \u00e0 sa cause et \u00e0 son id\u00e9al.&nbsp;\u00bb<\/p>\n\n\n\n<div class=\"wp-block-image\"><figure class=\"aligncenter size-full is-resized\"><img decoding=\"async\" src=\"data:image\/gif;base64,R0lGODlhAQABAIAAAAAAAP\/\/\/yH5BAEAAAAALAAAAAABAAEAAAIBRAA7\" data-src=\"https:\/\/wncri.org\/fr\/wp-content\/uploads\/2021\/08\/Demonstration-in-Stockholm-2-min.jpg\" alt=\"Le mouvement pour la justice exige qu'un tribunal international tienne responsables \" class=\"wp-image-13978 lazyload\" width=\"879\" height=\"440\"\/><noscript><img decoding=\"async\" src=\"https:\/\/wncri.org\/fr\/wp-content\/uploads\/2021\/08\/Demonstration-in-Stockholm-2-min.jpg\" alt=\"Le mouvement pour la justice exige qu'un tribunal international tienne responsables \" class=\"wp-image-13978 lazyload\" width=\"879\" height=\"440\" srcset=\"https:\/\/wncri.org\/fr\/wp-content\/uploads\/2021\/08\/Demonstration-in-Stockholm-2-min.jpg 750w, https:\/\/wncri.org\/fr\/wp-content\/uploads\/2021\/08\/Demonstration-in-Stockholm-2-min-300x150.jpg 300w, https:\/\/wncri.org\/fr\/wp-content\/uploads\/2021\/08\/Demonstration-in-Stockholm-2-min-360x180.jpg 360w\" sizes=\"(max-width: 879px) 100vw, 879px\" \/><\/noscript><\/figure><\/div>\n\n\n\n<p>Le mouvement pour la justice exige qu&#8217;un <a href=\"https:\/\/www.maryam-rajavi.com\/fr\/nouvelles-activites\/\" target=\"_blank\" rel=\"noreferrer noopener\">tribunal international<\/a> tienne responsables pour crimes contre l&#8217;humanit\u00e9 les meurtriers de masse tels qu&#8217;Ebrahim Ra\u00efssi, pr\u00e9sident du r\u00e9gime cl\u00e9rical, et Ali Khamenei, guide supr\u00eame des mollahs. Le mouvement pour la justice se fait l&#8217;\u00e9cho du d\u00e9sir du peuple opprim\u00e9 d&#8217;Iran et des familles des victimes.<\/p>\n\n\n\n<p>La communaut\u00e9 internationale doit \u00e9couter et prendre en compte le mouvement pour la justice du peuple iranien. Les gouvernements occidentaux doivent mettre fin aux n\u00e9gociations avec le r\u00e9gime misogyne d&#8217;ex\u00e9cutions et de r\u00e9pression en Iran.<\/p>\n","protected":false},"excerpt":{"rendered":"<p>CNRI Femmes &#8211; Le monde doit \u00e9couter l&#8217;appel \u00e0 la justice du peuple iranien. Des milliers d&#8217;Iraniens, dont des parents de martyrs du massacre de 1988 et des partisans des Moudjahidines du peuple d&#8217;Iran (OMPI\/MEK), ont organis\u00e9 une manifestation dans la capitale su\u00e9doise, Stockholm, le lundi 23 ao\u00fbt 2021, pour marquer le 33e anniversaire du [&hellip;]<\/p>\n","protected":false},"author":4,"featured_media":13977,"comment_status":"closed","ping_status":"closed","sticky":false,"template":"","format":"standard","meta":{"jnews-multi-image_gallery":[],"jnews_single_post":{"subtitle":"","format":"standard","video":"","gallery":"","source_name":"","source_url":"","via_name":"","via_url":"","override":[{"template":"1","single_blog_custom":"","parallax":"1","fullscreen":"1","layout":"right-sidebar","sidebar":"default-sidebar","second_sidebar":"default-sidebar","sticky_sidebar":"1","share_position":"top","share_float_style":"share-monocrhome","show_share_counter":"1","show_view_counter":"1","show_featured":"1","show_post_meta":"1","show_post_author":"1","show_post_author_image":"1","show_post_date":"1","post_date_format":"default","post_date_format_custom":"Y\/m\/d","show_post_category":"1","post_reading_time_wpm":"300","zoom_button_out_step":"2","zoom_button_in_step":"3","show_post_tag":"1","show_prev_next_post":"1","show_popup_post":"1","number_popup_post":"1"}],"image_override":[{"single_post_thumbnail_size":"crop-500","single_post_gallery_size":"crop-500"}],"trending_post_position":"meta","trending_post_label":"Trending","sponsored_post_label":"Sponsored by","sponsored_post_name":"","sponsored_post_url":"","sponsored_post_logo":"","sponsored_post_desc":""},"jnews_primary_category":{"id":""},"jnews_social_meta":[],"jnews_override_counter":{"view_counter_number":"0","share_counter_number":"0","like_counter_number":"0","dislike_counter_number":"0"},"footnotes":""},"categories":[8],"tags":[367,369],"class_list":["post-13974","post","type-post","status-publish","format-standard","has-post-thumbnail","hentry","category-articles","tag-execution","tag-manifestations"],"_links":{"self":[{"href":"https:\/\/wncri.org\/fr\/wp-json\/wp\/v2\/posts\/13974","targetHints":{"allow":["GET"]}}],"collection":[{"href":"https:\/\/wncri.org\/fr\/wp-json\/wp\/v2\/posts"}],"about":[{"href":"https:\/\/wncri.org\/fr\/wp-json\/wp\/v2\/types\/post"}],"author":[{"embeddable":true,"href":"https:\/\/wncri.org\/fr\/wp-json\/wp\/v2\/users\/4"}],"replies":[{"embeddable":true,"href":"https:\/\/wncri.org\/fr\/wp-json\/wp\/v2\/comments?post=13974"}],"version-history":[{"count":0,"href":"https:\/\/wncri.org\/fr\/wp-json\/wp\/v2\/posts\/13974\/revisions"}],"wp:featuredmedia":[{"embeddable":true,"href":"https:\/\/wncri.org\/fr\/wp-json\/wp\/v2\/media\/13977"}],"wp:attachment":[{"href":"https:\/\/wncri.org\/fr\/wp-json\/wp\/v2\/media?parent=13974"}],"wp:term":[{"taxonomy":"category","embeddable":true,"href":"https:\/\/wncri.org\/fr\/wp-json\/wp\/v2\/categories?post=13974"},{"taxonomy":"post_tag","embeddable":true,"href":"https:\/\/wncri.org\/fr\/wp-json\/wp\/v2\/tags?post=13974"}],"curies":[{"name":"wp","href":"https:\/\/api.w.org\/{rel}","templated":true}]}}