{"id":13969,"date":"2021-08-24T16:02:00","date_gmt":"2021-08-24T14:02:00","guid":{"rendered":"https:\/\/wncri.org\/fr\/?p=13969"},"modified":"2021-08-26T16:05:18","modified_gmt":"2021-08-26T14:05:18","slug":"nasrine-shojai","status":"publish","type":"post","link":"https:\/\/wncri.org\/fr\/2021\/08\/24\/nasrine-shojai\/","title":{"rendered":"Nasrin Shojaii"},"content":{"rendered":"\n<p>Nasrin Shojaii \u00e9tait une jeune fille de la grande famille Shoja\u2019i de la tribu Bakhtiari, r\u00e9put\u00e9e pour sa lutte pour la libert\u00e9. La famille Shoja\u2019i a perdu 12 membres dans la lutte pour la libert\u00e9 du peuple iranien.<\/p>\n\n\n\n<p>Nasrine Shoja\u2019i est n\u00e9e dans une telle famille et avait 11 ans en 1981. Elle vivait avec sa famille \u00e0 Isphahan. Apr\u00e8s que les pasdarans du r\u00e9gime cl\u00e9rical aient ouvert le feu sur la manifestation pacifique d&#8217;un demi-million de personnes \u00e0 T\u00e9h\u00e9ran le 20 juin 1981, ils ont attaqu\u00e9 sa famille et arr\u00eat\u00e9 le fr\u00e8re de Nasrine, Mehran Shoja\u2019i, qui n&#8217;avait que 15 ans au moment de l&#8217;arrestation. Mehran Shoja\u2019i et son jeune cousin Soukhtezar Shoja\u2019i ont \u00e9t\u00e9 ex\u00e9cut\u00e9s en octobre 1981.<\/p>\n\n\n\n<div class=\"wp-block-image\"><figure class=\"aligncenter size-full is-resized\"><img decoding=\"async\" src=\"data:image\/gif;base64,R0lGODlhAQABAIAAAAAAAP\/\/\/yH5BAEAAAAALAAAAAABAAEAAAIBRAA7\" data-src=\"https:\/\/wncri.org\/fr\/wp-content\/uploads\/2021\/08\/Nasrin-Shojaii-childhood-and-grave-min.jpg\" alt=\"Nasrine Shoja\u2019i n'avait que 19 ans lorsqu'elle a \u00e9t\u00e9 ex\u00e9cut\u00e9e lors du massacre\" class=\"wp-image-13971 lazyload\" width=\"830\" height=\"415\"\/><noscript><img decoding=\"async\" src=\"https:\/\/wncri.org\/fr\/wp-content\/uploads\/2021\/08\/Nasrin-Shojaii-childhood-and-grave-min.jpg\" alt=\"Nasrine Shoja\u2019i n'avait que 19 ans lorsqu'elle a \u00e9t\u00e9 ex\u00e9cut\u00e9e lors du massacre\" class=\"wp-image-13971 lazyload\" width=\"830\" height=\"415\" srcset=\"https:\/\/wncri.org\/fr\/wp-content\/uploads\/2021\/08\/Nasrin-Shojaii-childhood-and-grave-min.jpg 750w, https:\/\/wncri.org\/fr\/wp-content\/uploads\/2021\/08\/Nasrin-Shojaii-childhood-and-grave-min-300x150.jpg 300w, https:\/\/wncri.org\/fr\/wp-content\/uploads\/2021\/08\/Nasrin-Shojaii-childhood-and-grave-min-360x180.jpg 360w\" sizes=\"(max-width: 830px) 100vw, 830px\" \/><\/noscript><figcaption>Nasrin Shojaii<\/figcaption><\/figure><\/div>\n\n\n\n<p>Un autre de ses fr\u00e8res, Massoud Shoja\u2019i, leur oncle, Ashkbous Shoja\u2019i, et un autre de leurs cousins, Kian Shoja\u2019i, ont \u00e9galement \u00e9t\u00e9 arr\u00eat\u00e9s et emmen\u00e9s \u00e0 T\u00e9h\u00e9ran.<\/p>\n\n\n\n<p>Apr\u00e8s le 20 juin, les parents de Nasrine ont \u00e9t\u00e9 contraints de mener une vie clandestine sous la pression et le harc\u00e8lement des service de renseignements. En 1983, ils ont quitt\u00e9 le pays pour vivre en exil.<\/p>\n\n\n\n<p>L&#8217;oncle de Nasrine a accept\u00e9 de la prendre sous sa tutelle car elle \u00e9tait tr\u00e8s jeune et suivait ses \u00e9tudes au coll\u00e8ge.<\/p>\n\n\n\n<p>Au printemps 1985, lors d&#8217;une vague d&#8217;arrestations des familles de l&#8217;opposition iranienne, <a href=\"https:\/\/english.mojahedin.org\/i\/primer-the-history-the-peoples-mojahedin-organization-iran\" target=\"_blank\" rel=\"noreferrer noopener\">l&#8217;Organisation des Moudjahidines du peuple d&#8217;Iran<\/a> (OMPI\/MEK), Nasrine et son oncle ainsi qu&#8217;un certain nombre de leurs proches ont \u00e9t\u00e9 arr\u00eat\u00e9s. Nasrine n&#8217;avait que 16 ans.<\/p>\n\n\n\n<p>Des agents du minist\u00e8re des Renseignements ont interrog\u00e9 et tortur\u00e9 Nasrine pendant des mois pour obtenir des informations sur sa famille. Nasrine, cependant, n&#8217;a rien dit. Nasrine a ensuite \u00e9t\u00e9 transf\u00e9r\u00e9e dans le quartier g\u00e9n\u00e9ral de la prison de Dastgerd \u00e0 Ispahan.<\/p>\n\n\n\n<p>Nasrine Shoja\u2019i est rest\u00e9e en prison pendant deux ans et a finalement \u00e9t\u00e9 lib\u00e9r\u00e9e en 1987, bien qu&#8217;elle soit rest\u00e9e en libert\u00e9 conditionnelle.<\/p>\n\n\n\n<p>Au printemps 1988, Nasrine est de nouveau arr\u00eat\u00e9e avec quelques membres de sa famille et transf\u00e9r\u00e9e \u00e0 l&#8217;isolement. Elle a \u00e9t\u00e9 arr\u00eat\u00e9e sous l&#8217;accusation de coop\u00e9rer avec sa famille qui soutenait l&#8217;OMPI.<\/p>\n\n\n\n<p><a href=\"https:\/\/wncri.org\/fr\/2020\/01\/25\/en-cette-journee-de-lholocauste-souvenons-nous-des-massacres-en-iran\/\" target=\"_blank\" rel=\"noreferrer noopener\">Nasrin Shojaii a \u00e9t\u00e9 pendue en 1988<\/a>, sur la fatwa de Khomeiny ordonnant d&#8217;ex\u00e9cuter tous les prisonniers qui soutenaient l&#8217;OMPI et refusaient de se soumettre.<\/p>\n\n\n\n<p>Trois autres membres de la famille de Nasrine, Kourosh et Morad Shoja\u2019i, et son beau-fr\u00e8re, Ali Taheri, ont \u00e9galement \u00e9t\u00e9 <a href=\"https:\/\/wncri.org\/fr\/2020\/08\/29\/les-disparitions-forcees-continuent-en-iran-alors-que-le-monde-ferme-les-yeux\/\" target=\"_blank\" rel=\"noreferrer noopener\">ex\u00e9cut\u00e9s en 1988.<\/a><\/p>\n\n\n\n<p>Nasrine ne s&#8217;est jamais soumises \u00e0 ses bourreaux et n&#8217;a jamais c\u00e9d\u00e9 aux conditions qu&#8217;ils lui ont dict\u00e9es.<\/p>\n\n\n\n<p>Un t\u00e9moin oculaire s&#8217;est souvenu de la nuit o\u00f9 Nasrin a \u00e9t\u00e9 pr\u00e9sent\u00e9e au tribunal connu sous le nom de commission de la mort. Il a dit qu&#8217;elle s&#8217;est content\u00e9e de fixer en silence Abdulahi, le juge d&#8217;Ispahan.<\/p>\n\n\n\n<p>Nasrine, \u00e2g\u00e9e de 19 ans, \u00e9tait un exemple des jeunes filles ex\u00e9cut\u00e9es lors du massacre des prisonniers politiques par le r\u00e9gime de Khomeini en 1988.<\/p>\n\n\n\n<p>Nasrine a sacrifi\u00e9 sa vie et sa jeunesse pour la libert\u00e9 de l&#8217;Iran et a dit non \u00e0 la commission de mort. Le peuple iranien ne pardonnera jamais et n&#8217;oubliera pas tant que toutes les personnes impliqu\u00e9es dans ce massacre et ce crime contre l&#8217;humanit\u00e9 ne seront pas jug\u00e9es et tenues pour responsables.<\/p>\n","protected":false},"excerpt":{"rendered":"<p>Nasrin Shojaii \u00e9tait une jeune fille de la grande famille Shoja\u2019i de la tribu Bakhtiari, r\u00e9put\u00e9e pour sa lutte pour la libert\u00e9. La famille Shoja\u2019i a perdu 12 membres dans la lutte pour la libert\u00e9 du peuple iranien. Nasrine Shoja\u2019i est n\u00e9e dans une telle famille et avait 11 ans en 1981. Elle vivait avec [&hellip;]<\/p>\n","protected":false},"author":4,"featured_media":13970,"comment_status":"closed","ping_status":"closed","sticky":false,"template":"","format":"standard","meta":{"jnews-multi-image_gallery":[],"jnews_single_post":{"subtitle":"","format":"standard","video":"","gallery":"","source_name":"","source_url":"","via_name":"","via_url":"","override":[{"template":"1","single_blog_custom":"","parallax":"1","fullscreen":"1","layout":"right-sidebar","sidebar":"default-sidebar","second_sidebar":"default-sidebar","sticky_sidebar":"1","share_position":"top","share_float_style":"share-monocrhome","show_share_counter":"1","show_view_counter":"1","show_featured":"1","show_post_meta":"1","show_post_author":"1","show_post_author_image":"1","show_post_date":"1","post_date_format":"default","post_date_format_custom":"Y\/m\/d","show_post_category":"1","post_reading_time_wpm":"300","zoom_button_out_step":"2","zoom_button_in_step":"3","show_post_tag":"1","show_prev_next_post":"1","show_popup_post":"1","number_popup_post":"1"}],"image_override":[{"single_post_thumbnail_size":"crop-500","single_post_gallery_size":"crop-500"}],"trending_post_position":"meta","trending_post_label":"Trending","sponsored_post_label":"Sponsored by","sponsored_post_name":"","sponsored_post_url":"","sponsored_post_logo":"","sponsored_post_desc":""},"jnews_primary_category":{"id":""},"jnews_social_meta":[],"jnews_override_counter":{"view_counter_number":"0","share_counter_number":"0","like_counter_number":"0","dislike_counter_number":"0"},"footnotes":""},"categories":[25],"tags":[367],"class_list":["post-13969","post","type-post","status-publish","format-standard","has-post-thumbnail","hentry","category-tombees-pour-la-liberte","tag-execution"],"_links":{"self":[{"href":"https:\/\/wncri.org\/fr\/wp-json\/wp\/v2\/posts\/13969","targetHints":{"allow":["GET"]}}],"collection":[{"href":"https:\/\/wncri.org\/fr\/wp-json\/wp\/v2\/posts"}],"about":[{"href":"https:\/\/wncri.org\/fr\/wp-json\/wp\/v2\/types\/post"}],"author":[{"embeddable":true,"href":"https:\/\/wncri.org\/fr\/wp-json\/wp\/v2\/users\/4"}],"replies":[{"embeddable":true,"href":"https:\/\/wncri.org\/fr\/wp-json\/wp\/v2\/comments?post=13969"}],"version-history":[{"count":0,"href":"https:\/\/wncri.org\/fr\/wp-json\/wp\/v2\/posts\/13969\/revisions"}],"wp:featuredmedia":[{"embeddable":true,"href":"https:\/\/wncri.org\/fr\/wp-json\/wp\/v2\/media\/13970"}],"wp:attachment":[{"href":"https:\/\/wncri.org\/fr\/wp-json\/wp\/v2\/media?parent=13969"}],"wp:term":[{"taxonomy":"category","embeddable":true,"href":"https:\/\/wncri.org\/fr\/wp-json\/wp\/v2\/categories?post=13969"},{"taxonomy":"post_tag","embeddable":true,"href":"https:\/\/wncri.org\/fr\/wp-json\/wp\/v2\/tags?post=13969"}],"curies":[{"name":"wp","href":"https:\/\/api.w.org\/{rel}","templated":true}]}}