{"id":1395,"date":"2016-07-28T09:11:14","date_gmt":"2016-07-28T09:11:14","guid":{"rendered":"https:\/\/wncri.org\/frdev\/2016\/07\/28\/iran-une-prisonniere-en-greve-de-la-faim-transferee-a-l-infirmerie\/"},"modified":"2016-07-28T09:11:14","modified_gmt":"2016-07-28T09:11:14","slug":"iran-une-prisonniere-en-greve-de-la-faim-transferee-a-l-infirmerie","status":"publish","type":"post","link":"https:\/\/wncri.org\/fr\/2016\/07\/28\/iran-une-prisonniere-en-greve-de-la-faim-transferee-a-l-infirmerie\/","title":{"rendered":"Iran : Une prisonni\u00e8re en gr\u00e8ve de la faim transf\u00e9r\u00e9e \u00e0 l\u2019infirmerie"},"content":{"rendered":"<p>CNRI Femmes &#8211; A son 22e jour de gr\u00e8ve de la faim, la prisonni\u00e8re de conscience chr\u00e9tienne, Maryam Naghash Zargaran a<\/p>\n<p>  <!--more-->  <\/p>\n<p>\u00e9t\u00e9 transf\u00e9r\u00e9e \u00e0 l\u2019infirmerie de la prison vu la d\u00e9gradation de sa sant\u00e9.<\/p>\n<p>Bien que la m\u00e9decine judiciaire ait confirm\u00e9 ses probl\u00e8mes cardiaques, on lui refuse toujours de la laisser se faire soigner \u00e0 l\u2019ext\u00e9rieur de la prison.<\/p>\n<p>\u00a0<\/p>\n<p>Mme Zargaran avait obtenu une permission de sortie m\u00e9dicale le 6 juin, apr\u00e8s onze jours de gr\u00e8ve de la faim contre une caution de 100 millions de tomans, mais elle a \u00e9t\u00e9 renvoy\u00e9e en prison le 27 juin. Les autorit\u00e9s ne lui ont pas permis de prolonger son traitement m\u00e9dical.<\/p>\n","protected":false},"excerpt":{"rendered":"<p>CNRI Femmes &#8211; A son 22e jour de gr\u00e8ve de la faim, la prisonni\u00e8re de conscience chr\u00e9tienne, Maryam Naghash Zargaran a<\/p>\n","protected":false},"author":1,"featured_media":3942,"comment_status":"open","ping_status":"open","sticky":false,"template":"","format":"standard","meta":{"jnews-multi-image_gallery":[],"jnews_single_post":[],"jnews_primary_category":[],"jnews_social_meta":[],"jnews_override_counter":[],"footnotes":""},"categories":[3],"tags":[],"class_list":["post-1395","post","type-post","status-publish","format-standard","has-post-thumbnail","hentry","category-infos-des-femmes"],"_links":{"self":[{"href":"https:\/\/wncri.org\/fr\/wp-json\/wp\/v2\/posts\/1395","targetHints":{"allow":["GET"]}}],"collection":[{"href":"https:\/\/wncri.org\/fr\/wp-json\/wp\/v2\/posts"}],"about":[{"href":"https:\/\/wncri.org\/fr\/wp-json\/wp\/v2\/types\/post"}],"author":[{"embeddable":true,"href":"https:\/\/wncri.org\/fr\/wp-json\/wp\/v2\/users\/1"}],"replies":[{"embeddable":true,"href":"https:\/\/wncri.org\/fr\/wp-json\/wp\/v2\/comments?post=1395"}],"version-history":[{"count":0,"href":"https:\/\/wncri.org\/fr\/wp-json\/wp\/v2\/posts\/1395\/revisions"}],"wp:featuredmedia":[{"embeddable":true,"href":"https:\/\/wncri.org\/fr\/wp-json\/wp\/v2\/media\/3942"}],"wp:attachment":[{"href":"https:\/\/wncri.org\/fr\/wp-json\/wp\/v2\/media?parent=1395"}],"wp:term":[{"taxonomy":"category","embeddable":true,"href":"https:\/\/wncri.org\/fr\/wp-json\/wp\/v2\/categories?post=1395"},{"taxonomy":"post_tag","embeddable":true,"href":"https:\/\/wncri.org\/fr\/wp-json\/wp\/v2\/tags?post=1395"}],"curies":[{"name":"wp","href":"https:\/\/api.w.org\/{rel}","templated":true}]}}