{"id":13920,"date":"2021-08-17T16:47:00","date_gmt":"2021-08-17T14:47:00","guid":{"rendered":"https:\/\/wncri.org\/fr\/?p=13920"},"modified":"2023-10-09T13:29:34","modified_gmt":"2023-10-09T11:29:34","slug":"ebrahim-raissi-architecte","status":"publish","type":"post","link":"https:\/\/wncri.org\/fr\/2021\/08\/17\/ebrahim-raissi-architecte\/","title":{"rendered":"Ebrahim Ra\u00efssi, architecte du massacre des prisonniers politiques en Iran, doit faire face \u00e0 la justice."},"content":{"rendered":"\n<h2 class=\"wp-block-heading\">Ebrahim Ra\u00efssi, architecte du massacre des prisonniers politiques en Iran, doit faire face \u00e0 la justice.<\/h2>\n\n\n\n<h3 class=\"wp-block-heading\">Le massacre a emport\u00e9 les victimes et dans un m\u00eame souffle l\u2019\u00e2me de leurs proches.<\/h3>\n\n\n\n<p>CNRI Femmes &#8211; Ebrahim Ra\u00efssi, architecte du massacre des prisonniers politiques, doit faire face \u00e0 la justice.<\/p>\n\n\n\n<p>L&#8217;\u00e9t\u00e9 1988 a marqu\u00e9 le <a href=\"https:\/\/wncri.org\/fr\/2021\/08\/05\/le-massacre-de-1988-le-plus-grand-crime-contre-lhumanite-reste-impuni\/\" target=\"_blank\" rel=\"noreferrer noopener\">massacre<\/a> de quelque 30 000 prisonniers politiques en Iran, dont un nombre important de jeunes femmes et de jeunes filles. Les commissions de la mort ont actionn\u00e9 l\u2019effroyable machine \u00e0 tuer de ce massacre.<\/p>\n\n\n\n<p>En tant que membre des commissions de la mort, le nouveau pr\u00e9sident du r\u00e9gime cl\u00e9rical, Ebrahim Ra\u00efssi, est l&#8217;un des principaux responsables du g\u00e9nocide et du <a href=\"https:\/\/wncri.org\/fr\/2021\/01\/26\/iranien-des-comptes-sur-le-massacre-de-1988\/\" target=\"_blank\" rel=\"noreferrer noopener\">crime contre l&#8217;humanit\u00e9<\/a> qui ont eu lieu en Iran en 1988. Il doit \u00eatre traduit en justice.<\/p>\n\n\n\n<h3 class=\"wp-block-heading\"><strong>Les pr\u00e9paratifs du massacre ont commenc\u00e9 \u00e0 l&#8217;automne 1987<\/strong><\/h3>\n\n\n\n<p>Le massacre des prisonniers politiques en Iran est un projet qui a d\u00e9but\u00e9 \u00e0 l&#8217;automne 1987 et \u00e0 l&#8217;hiver 1988 par la classification et la r\u00e9partition des prisonniers.<\/p>\n\n\n\n<p>En mars 1988, personne ne comprenait pourquoi les prisonniers \u00e9taient class\u00e9s et d\u00e9plac\u00e9s d&#8217;une prison \u00e0 l&#8217;autre.<\/p>\n\n\n\n<p>Bien que les prisonniers aient fait l&#8217;exp\u00e9rience directe de la torture et des mauvais traitements, il n&#8217;est venu \u00e0 l&#8217;esprit d&#8217;aucun d&#8217;entre eux qu&#8217;ils pouvaient \u00eatre massacr\u00e9s, y compris ceux qui purgeaient leur peine de prison.<\/p>\n\n\n\n<p>Au cours de la m\u00eame p\u00e9riode, le Conseil judiciaire supr\u00eame s&#8217;est fr\u00e9quemment r\u00e9uni pour des r\u00e9unions urgentes, ce qui \u00e9tait \u00e9galement le signe de pr\u00e9paration de nouvelles mesures.<\/p>\n\n\n\n<h3 class=\"wp-block-heading\"><strong>Le massacre a commenc\u00e9 le 19 juillet 1988<\/strong><\/h3>\n\n\n\n<p>Le matin du 19 juillet 1988, de nombreux prisonniers ont \u00e9t\u00e9 transf\u00e9r\u00e9s des quartiers communs aux quartiers d&#8217;isolement. Le massacre a officiellement commenc\u00e9 le 19 juillet 1988.<\/p>\n\n\n\n<p>Le 27 juillet 1988, il est officiellement annonc\u00e9 qu&#8217;il n&#8217;y aura plus de visites pendant deux mois et que les familles des prisonniers ne pourraient pas voir leurs enfants. Le matin du jeudi 28 juillet 1988, la &#8220;Commission de la mort&#8221; a officiellement commenc\u00e9 son travail \u00e0 Evine.<\/p>\n\n\n<div class=\"wp-block-image\">\n<figure class=\"aligncenter size-full is-resized\"><img decoding=\"async\" src=\"data:image\/gif;base64,R0lGODlhAQABAIAAAAAAAP\/\/\/yH5BAEAAAAALAAAAAABAAEAAAIBRAA7\" data-src=\"https:\/\/wncri.org\/fr\/wp-content\/uploads\/2021\/08\/Victims-of-the-1988-massacre-Jasomeh-Heydari-Nasrin-Rajabi....jpg\" alt=\"Ra\u00efssi La premi\u00e8re s\u00e9rie de femmes a \u00e9t\u00e9 ex\u00e9cut\u00e9e le 20 juillet 1988.\" class=\"wp-image-13923 lazyload\" style=\"width:853px;height:427px\" width=\"853\" height=\"427\"\/><noscript><img decoding=\"async\" src=\"https:\/\/wncri.org\/fr\/wp-content\/uploads\/2021\/08\/Victims-of-the-1988-massacre-Jasomeh-Heydari-Nasrin-Rajabi....jpg\" alt=\"Ra\u00efssi La premi\u00e8re s\u00e9rie de femmes a \u00e9t\u00e9 ex\u00e9cut\u00e9e le 20 juillet 1988.\" class=\"wp-image-13923 lazyload\" style=\"width:853px;height:427px\" width=\"853\" height=\"427\" srcset=\"https:\/\/wncri.org\/fr\/wp-content\/uploads\/2021\/08\/Victims-of-the-1988-massacre-Jasomeh-Heydari-Nasrin-Rajabi....jpg 750w, https:\/\/wncri.org\/fr\/wp-content\/uploads\/2021\/08\/Victims-of-the-1988-massacre-Jasomeh-Heydari-Nasrin-Rajabi...-300x150.jpg 300w, https:\/\/wncri.org\/fr\/wp-content\/uploads\/2021\/08\/Victims-of-the-1988-massacre-Jasomeh-Heydari-Nasrin-Rajabi...-360x180.jpg 360w\" sizes=\"(max-width: 853px) 100vw, 853px\" \/><\/noscript><figcaption class=\"wp-element-caption\">La premi\u00e8re s\u00e9rie de femmes ex\u00e9cut\u00e9es lors du massacre de 1988, de gauche \u00e0 droite : Jasomeh Heydari-Zadeh, Nasrin Rajabi, Hakimeh Rizvandi, Farah Eslami.<\/figcaption><\/figure>\n<\/div>\n\n\n<h3 class=\"wp-block-heading\"><strong>La premi\u00e8re s\u00e9rie de femmes a \u00e9t\u00e9 ex\u00e9cut\u00e9e le 20 juillet 1988.<\/strong><\/h3>\n\n\n\n<p><a>Une note sur les femmes d\u00e9tenues \u00e0 la prison d&#8217;Ilam explique<\/a> : &#8220;Le 20 juillet 1988, les gardiens de la r\u00e9volution ont fait sortir de prison Farah Eslami, Hakimeh Rizvandi, Marzieh Rahmati, Nasrine Rajabi et Jasomeh Heydari sous pr\u00e9texte que la prison d&#8217;Ilam n&#8217;\u00e9tait pas s\u00fbre et qu&#8217;il fallait les transf\u00e9rer dans un endroit s\u00fbr. \u00c0 l&#8217;\u00e9poque, <a>nous pensions qu&#8217;elles avaient \u00e9t\u00e9 transf\u00e9r\u00e9es <\/a>dans les prisons de Kermanchah ou de T\u00e9h\u00e9ran. Mais nous avons d\u00e9couvert le lendemain que les prisonni\u00e8res avaient \u00e9t\u00e9 emmen\u00e9es sur une colline aux alentours de Salehabad et ex\u00e9cut\u00e9es par des pelotons d&#8217;ex\u00e9cution.&#8221;<\/p>\n\n\n<div class=\"wp-block-image\">\n<figure class=\"aligncenter size-full is-resized\"><img decoding=\"async\" src=\"data:image\/gif;base64,R0lGODlhAQABAIAAAAAAAP\/\/\/yH5BAEAAAAALAAAAAABAAEAAAIBRAA7\" data-src=\"https:\/\/wncri.org\/fr\/wp-content\/uploads\/2021\/08\/Victims-of-the-1988-massacre.jpg\" alt=\"Ra\u00efssi Ex\u00e9cutions massives de femmes\" class=\"wp-image-13924 lazyload\" style=\"width:862px;height:431px\" width=\"862\" height=\"431\"\/><noscript><img decoding=\"async\" src=\"https:\/\/wncri.org\/fr\/wp-content\/uploads\/2021\/08\/Victims-of-the-1988-massacre.jpg\" alt=\"Ra\u00efssi Ex\u00e9cutions massives de femmes\" class=\"wp-image-13924 lazyload\" style=\"width:862px;height:431px\" width=\"862\" height=\"431\" srcset=\"https:\/\/wncri.org\/fr\/wp-content\/uploads\/2021\/08\/Victims-of-the-1988-massacre.jpg 750w, https:\/\/wncri.org\/fr\/wp-content\/uploads\/2021\/08\/Victims-of-the-1988-massacre-300x150.jpg 300w, https:\/\/wncri.org\/fr\/wp-content\/uploads\/2021\/08\/Victims-of-the-1988-massacre-360x180.jpg 360w\" sizes=\"(max-width: 862px) 100vw, 862px\" \/><\/noscript><figcaption class=\"wp-element-caption\">Des victimes du massacre de 1988, de gauche \u00e0 droite : Fereshteh Hamidi, Fariba Ahmadi, Farahnaz Ahmadi, Maryam Saghari Khodaparast, Maliheh Aghvami.<\/figcaption><\/figure>\n<\/div>\n\n\n<h3 class=\"wp-block-heading\"><strong>Ex\u00e9cutions massives de femmes<\/strong><\/h3>\n\n\n\n<p>Selon des informations sur les femmes d\u00e9tenues \u00e0 la prison d&#8217;Evin, les autorit\u00e9s p\u00e9nitentiaires ont convoqu\u00e9 le 27 juillet 1988 <a href=\"https:\/\/wncri.org\/2016\/03\/17\/a-prisoner-s-wish-i-ll-open-a-beauty-parlor\/\" target=\"_blank\" rel=\"noreferrer noopener\">Ashraf Fada\u2019i<\/a>, Monir Abedini, Mojgan Sorbi, Fereshteh Hamidi et une vingtaine d&#8217;autres prisonni\u00e8res du quartier n\u00b02 pour les interroger. Elles ont \u00e9galement convoqu\u00e9 des prisonni\u00e8res du quartier n\u00b03. Les d\u00e9tenues sont revenues quelques heures plus tard et ont d\u00e9clar\u00e9 qu&#8217;on leur avait pos\u00e9 les m\u00eames vieilles questions sur leurs fonctions et la dur\u00e9e de leurs peines. Elles avaient \u00e9galement vu un fusil automatique install\u00e9 juste en face de la porte.<\/p>\n\n\n\n<p>\u00c0 23 heures, le haut-parleur de la salle a appel\u00e9 les noms de Maryam Saghari Khodaparast, Zahra Falahatpisheh, Fariba Omoumi et Homa Radmanesh et les gardiens les ont faites sortir de la salle.<\/p>\n\n\n\n<p>\u00c0 minuit, des prisonni\u00e8res ont \u00e9t\u00e9 sorties de l&#8217;isolement. Personne ne savait encore ce qui se passait, mais elles ne sont jamais revenues.<\/p>\n\n\n\n<p>Le matin du jeudi 28 juillet 1988, apr\u00e8s que la Commission de la mort ait commenc\u00e9 son travail \u00e0 Evine, des femmes plac\u00e9es en isolement \u00e0 Evine ont \u00e9t\u00e9 pendues. L&#8217;une d&#8217;entre elles \u00e9tait Soheila Mohammad Rahimi.<\/p>\n\n\n\n<p>Le jeudi 4 ao\u00fbt 1988, d&#8217;autres femmes, dont Maliheh Aghvami, ont \u00e9t\u00e9 ex\u00e9cut\u00e9es \u00e0 Evine. Le m\u00eame jour<a href=\"https:\/\/wncri.org\/fr\/2021\/06\/19\/40-annees-de-resistance-pour-la-liberte-par-la-generation-egalite-en-iran\/\" target=\"_blank\" rel=\"noreferrer noopener\">, Fariba et Farahnaz Ahmadi<\/a> ont \u00e9t\u00e9 ex\u00e9cut\u00e9es \u00e0 Ispahan.<\/p>\n\n\n\n<p>Des prisonni\u00e8res tr\u00e8s malades figuraient \u00e9galement parmi les ex\u00e9cut\u00e9es.<\/p>\n\n\n\n<p>Tayebeh Khosro-Abadi souffrait de paralysie cong\u00e9nitale. La vision de <a href=\"https:\/\/wncri.org\/fr\/2018\/02\/05\/zahra-bijanyar\/\" target=\"_blank\" rel=\"noreferrer noopener\">Zahra Bijanjyar<\/a> avait \u00e9t\u00e9 gravement alt\u00e9r\u00e9e par les coups de c\u00e2bles port\u00e9s \u00e0 la t\u00eate. Leila Dashti avait une tumeur au cerveau.<\/p>\n\n\n\n<p>Bien s\u00fbr, le nombre de prisonni\u00e8res politiques massacr\u00e9es ne se limite pas \u00e0 ces exemples.<\/p>\n\n\n\n<p>Le 13 ao\u00fbt 1988, plus de 70 prisonni\u00e8res politiques ont \u00e9t\u00e9 pendues \u00e0 la prison Gohardacht de Karadj entre 7h30 et 21h.<\/p>\n\n\n\n<p>Des centaines de prisonni\u00e8res politiques de la prison d&#8217;Evine ont \u00e9t\u00e9 ex\u00e9cut\u00e9es le dimanche 14 ao\u00fbt et le lundi 15 ao\u00fbt 1988.<\/p>\n\n\n\n<h3 class=\"wp-block-heading\"><strong>Des lyc\u00e9ennes parmi les ex\u00e9cut\u00e9es<\/strong><\/h3>\n\n\n\n<p>L&#8217;\u00e2ge moyen des prisonniers ex\u00e9cut\u00e9s lors du <a href=\"https:\/\/wncri.org\/fr\/2021\/08\/05\/le-massacre-de-1988-le-plus-grand-crime-contre-lhumanite-reste-impuni\/\" target=\"_blank\" rel=\"noreferrer noopener\">massacre de 1988<\/a> montre que nombre d&#8217;entre eux avaient 16 ou 17 ans et \u00e9taient lyc\u00e9ens au moment de leur arrestation.<\/p>\n\n\n\n<p>Un membre de la Commission de la mort a d\u00e9clar\u00e9 \u00e0 Montazeri : &#8220;Nous avons \u00e9galement une vingtaine d\u2019individus qui avaient environ 16-17 ans lorsqu&#8217;ils sont arriv\u00e9s en prison, et qui ont maintenant vingt-trois ou quatre ans&#8230;&#8221;<\/p>\n\n\n\n<p>Cette conversation a eu lieu lors de la r\u00e9union de la Commission de la mort avec Montazeri le 15 ao\u00fbt 1988, en plein massacre. Son fichier audio a \u00e9t\u00e9 divulgu\u00e9 en 2016.<\/p>\n\n\n\n<p>Leila Hajian, Soheila Hamidi, Roya Khosravi, Mehri Derakhshannia et Soheila Shams font partie des victimes qui avaient 16 ans au moment de leur arrestation.<\/p>\n\n\n\n<p>Soudabeh Rezazadeh, Mahtab Firouzi, Farahnaz Moslehi et Parvine Bagheri \u00e9taient \u00e9galement des ados arr\u00eat\u00e9es \u00e0 l&#8217;\u00e2ge de 15 ans.<\/p>\n\n\n<div class=\"wp-block-image\">\n<figure class=\"aligncenter size-full is-resized\"><img decoding=\"async\" src=\"data:image\/gif;base64,R0lGODlhAQABAIAAAAAAAP\/\/\/yH5BAEAAAAALAAAAAABAAEAAAIBRAA7\" data-src=\"https:\/\/wncri.org\/fr\/wp-content\/uploads\/2021\/08\/Victims-of-1988-massacre-Fatemeh-and-Esmat-Adabavaz.jpg\" alt=\"Ra\u00efssi Beaucoup \u00e9tudiantes et des sp\u00e9cialistes sont parmi les personnes ex\u00e9cut\u00e9es\" class=\"wp-image-13922 lazyload\" style=\"width:863px;height:432px\" width=\"863\" height=\"432\"\/><noscript><img decoding=\"async\" src=\"https:\/\/wncri.org\/fr\/wp-content\/uploads\/2021\/08\/Victims-of-1988-massacre-Fatemeh-and-Esmat-Adabavaz.jpg\" alt=\"Ra\u00efssi Beaucoup \u00e9tudiantes et des sp\u00e9cialistes sont parmi les personnes ex\u00e9cut\u00e9es\" class=\"wp-image-13922 lazyload\" style=\"width:863px;height:432px\" width=\"863\" height=\"432\" srcset=\"https:\/\/wncri.org\/fr\/wp-content\/uploads\/2021\/08\/Victims-of-1988-massacre-Fatemeh-and-Esmat-Adabavaz.jpg 750w, https:\/\/wncri.org\/fr\/wp-content\/uploads\/2021\/08\/Victims-of-1988-massacre-Fatemeh-and-Esmat-Adabavaz-300x150.jpg 300w, https:\/\/wncri.org\/fr\/wp-content\/uploads\/2021\/08\/Victims-of-1988-massacre-Fatemeh-and-Esmat-Adabavaz-360x180.jpg 360w\" sizes=\"(max-width: 863px) 100vw, 863px\" \/><\/noscript><figcaption class=\"wp-element-caption\">Victimes du massacre de 1988 : de gauche \u00e0 droite, Fatemeh et Esmat Adab Avaz, Forouzan Abdi, Razieh Ayatollah Zadeh, Effat Esmaili et Nasrin Shojaii.<\/figcaption><\/figure>\n<\/div>\n\n\n<h3 class=\"wp-block-heading\"><strong>Beaucoup \u00e9tudiantes et des sp\u00e9cialistes sont parmi les personnes ex\u00e9cut\u00e9es<\/strong><\/h3>\n\n\n\n<p>Selon des t\u00e9moins oculaires, lors du massacre de 1988, l&#8217;accent \u00e9tait mis sur les \u00e9tudiants, en particulier les femmes instruites. Ainsi, de nombreuses victimes \u00e9taient des \u00e9tudiantes et des dipl\u00f4m\u00e9es d&#8217;universit\u00e9, notamment :<\/p>\n\n\n\n<p>Hourieh Beheshti-Tabar, titulaire de deux ma\u00eetrises et d&#8217;une licence des universit\u00e9s de T\u00e9h\u00e9ran.<\/p>\n\n\n\n<p>Parvine Haeri \u00e9tait une \u00e9tudiante dipl\u00f4m\u00e9e en linguistique de l&#8217;universit\u00e9 de T\u00e9h\u00e9ran<\/p>\n\n\n\n<p><a href=\"https:\/\/wncri.org\/fr\/2016\/10\/26\/fatemeh-razieh-ayatollahzadeh-shirazi\/\" target=\"_blank\" rel=\"noreferrer noopener\">Razieh Ayatollah-Zadeh-Shirazi<\/a> \u00e9tait \u00e9tudiante en physique.<\/p>\n\n\n\n<p><a href=\"https:\/\/wncri.org\/2015\/08\/18\/in-memory-of-forozan-abdipour-member-of-iran-national-volleyball-team\/\" target=\"_blank\" rel=\"noreferrer noopener\">Forouzan Abdi<\/a> \u00e9tait \u00e9tudiante en \u00e9ducation physique \u00e0 T\u00e9h\u00e9ran et membre de l&#8217;\u00e9quipe nationale f\u00e9minine iranienne de volley-ball.<\/p>\n\n\n\n<p>La Shouranguiz Karimian \u00e9tait \u00e9tudiante en m\u00e9decine<\/p>\n\n\n\n<p><a href=\"https:\/\/wncri.org\/fr\/?s=Fazilat+Allameh+Haeri\" target=\"_blank\" rel=\"noreferrer noopener\">Fazilat Allameh<\/a> \u00e9tait \u00e9tudiante en g\u00e9nie \u00e9lectrique.<\/p>\n\n\n\n<p>Simine Behbahani-Dehkordi et Zahra Shab-Zendehdar \u00e9taient \u00e9tudiantes en m\u00e9decine au complexe m\u00e9dical Taleghani, \u00e0 T\u00e9h\u00e9ran.<\/p>\n\n\n\n<p>Azam Taghdareh \u00e9tait \u00e9tudiante en g\u00e9nie chimique \u00e0 l&#8217;\u00c9cole des sciences et de la technologie de T\u00e9h\u00e9ran.<\/p>\n\n\n\n<p>Maryam Golzadeh-Ghafouri et Fariba Omoumi \u00e9taient \u00e9tudiantes en math\u00e9matiques \u00e0 l&#8217;universit\u00e9 de T\u00e9h\u00e9ran.<\/p>\n\n\n\n<p>Mahine Ghorbani \u00e9tait \u00e0 l\u2019\u00e9cole de formation des enseignants de T\u00e9h\u00e9ran<\/p>\n\n\n\n<p>Mina Azkia \u00e9tait \u00e9tudiante \u00e0 l\u2019\u00e9cole de formation des enseignants de T\u00e9h\u00e9ran.<\/p>\n\n\n\n<p>Nayereh Fath&#8217;alian, Effat Esmaili, Soudabeh Mansouri, Soudabeh Shahpar et Homa Radmanesh \u00e9taient \u00e9galement \u00e9tudiantes \u00e0 l&#8217;universit\u00e9 de T\u00e9h\u00e9ran.<\/p>\n\n\n\n<h3 class=\"wp-block-heading\"><strong>Ex\u00e9cution de familles<\/strong><\/h3>\n\n\n\n<p>Selon les t\u00e9moignages d&#8217;anciens prisonniers, des dizaines de fr\u00e8res et s\u0153urs ont \u00e9t\u00e9 ex\u00e9cut\u00e9s rien que dans les prisons d&#8217;Evine et de Gohardasht. Il s&#8217;agit notamment de :<\/p>\n\n\n\n<p>Nahid et Hamid Tahsili, fr\u00e8re et s\u0153ur<\/p>\n\n\n\n<p><a href=\"https:\/\/wncri.org\/2020\/10\/02\/stories-of-womens-resistance\/\" target=\"_blank\" rel=\"noreferrer noopener\">Fariba et Farahnaz Ahmadi<\/a>, s\u0153urs<\/p>\n\n\n\n<p>Massoumeh, Hossein et Mostafa Mirza\u2019i, une s\u0153ur et deux fr\u00e8res, ex\u00e9cut\u00e9s. Le mari de Massoumeh a \u00e9galement \u00e9t\u00e9 ex\u00e9cut\u00e9.&nbsp;<\/p>\n\n\n\n<p>Entre cinq et six membres des familles Gholami, Adab-Avaz, Hariri, Rahimnejad, Shoja\u2019i, Davoudi, Borhani dans diff\u00e9rentes villes.<\/p>\n\n\n\n<h3 class=\"wp-block-heading\"><strong>Le massacre a emport\u00e9 l\u2019\u00e2me des proches en m\u00eame temps<\/strong><\/h3>\n\n\n\n<p>L&#8217;un des aspects les plus douloureux du massacre des prisonniers politiques a \u00e9t\u00e9 son impact sur les m\u00e8res, p\u00e8res, \u00e9pouses, enfants et proches.<\/p>\n\n\n\n<p>De nombreuses de m\u00e8res ont fait une crise cardiaque d\u00e8s qu&#8217;elles ont appris la nouvelle de l&#8217;ex\u00e9cution de leurs enfants, et certaines ont perdu la raison.<\/p>\n\n\n\n<p>De nombreuses m\u00e8res n\u2019ont pas cru et ne croient toujours pas \u00e0 l&#8217;ex\u00e9cution de leurs enfants, m\u00eame apr\u00e8s avoir re\u00e7u un sac d\u2019affaires et un testament.<\/p>\n\n\n\n<p>La m\u00e8re de Safdar Azadmehr est morte d&#8217;une crise cardiaque apr\u00e8s avoir appris la nouvelle de son ex\u00e9cution.<\/p>\n\n\n\n<p>La s\u0153ur de Safdar s&#8217;est suicid\u00e9e de d\u00e9sespoir.<\/p>\n\n\n\n<p>Un t\u00e9moin du massacre donne un autre exemple : &#8220;Les autorit\u00e9s ont appel\u00e9 une m\u00e8re et lui ont dit que son fils avait \u00e9t\u00e9 lib\u00e9r\u00e9, venez tel jour chercher votre fils au Comit\u00e9 (prison) de Zandjan. La m\u00e8re a inform\u00e9 tous les voisins. Avec l&#8217;aide des voisins, elle a d\u00e9cor\u00e9 une voiture avec des fleurs. Elle a rapidement organis\u00e9 une f\u00eate de bienvenue \u00e9labor\u00e9e pour son fils. Puis elle s&#8217;est rendue au Comit\u00e9 de Zandjan \u00e0 l&#8217;heure pr\u00e9vue. Mais au lieu de voir son fils, on lui a remis un sac avec l&#8217;adresse de sa tombe. A ce moment, la m\u00e8re n&#8217;a plus parl\u00e9 ni r\u00e9agi. Elle s&#8217;est content\u00e9e de fixer un point \u00e9loign\u00e9 et a lentement vers\u00e9 des larmes.&#8221;<\/p>\n\n\n\n<h3 class=\"wp-block-heading\"><strong>Un crime impuni<\/strong><\/h3>\n\n\n\n<p>L&#8217;histoire de l&#8217;Iran est le t\u00e9moin d&#8217;un massacre flagrant pour lequel justice <a href=\"https:\/\/www.maryam-rajavi.com\/fr\/international-khamenei-raissi-ejei-crimes-contre-lhumanite-sommet-mondial-iran-libre\/\" target=\"_blank\" rel=\"noreferrer noopener\">n&#8217;a pas encore \u00e9t\u00e9 rendue<\/a>.<\/p>\n\n\n\n<p>Ses commanditaires et ses auteurs n&#8217;ont pas encore \u00e9t\u00e9 jug\u00e9s ni punis. De nombreuses sc\u00e8nes et souvenirs non exprim\u00e9s par les t\u00e9moins de cette grande trag\u00e9die qui n&#8217;ont pas encore \u00e9t\u00e9 enregistr\u00e9s, et de nombreuses m\u00e8res ne savent m\u00eame pas o\u00f9 sont enterr\u00e9s les leurs.<\/p>\n\n\n\n<p>\u00c0 cet \u00e9gard, le r\u00f4le direct d\u2019Ebrahim Ra\u00efssi, le nouveau pr\u00e9sident du r\u00e9gime des mollahs, est ind\u00e9niable. Il est un architecte du massacre des prisonniers politiques et doit \u00eatre traduit en justice \u00e0 tout prix. L&#8217;histoire n&#8217;oubliera ni ne pardonnera jamais les crimes de ces assassins.<\/p>\n","protected":false},"excerpt":{"rendered":"<p>Ebrahim Ra\u00efssi, architecte du massacre des prisonniers politiques en Iran, doit faire face \u00e0 la justice. Le massacre a emport\u00e9 les victimes et dans un m\u00eame souffle l\u2019\u00e2me de leurs proches. CNRI Femmes &#8211; Ebrahim Ra\u00efssi, architecte du massacre des prisonniers politiques, doit faire face \u00e0 la justice. L&#8217;\u00e9t\u00e9 1988 a marqu\u00e9 le massacre de [&hellip;]<\/p>\n","protected":false},"author":4,"featured_media":13921,"comment_status":"closed","ping_status":"closed","sticky":false,"template":"","format":"standard","meta":{"jnews-multi-image_gallery":[],"jnews_single_post":{"subtitle":"","format":"standard","video":"","gallery":"","source_name":"","source_url":"","via_name":"","via_url":"","override_template":"0","override":[{"template":"1","single_blog_custom":"","parallax":"1","fullscreen":"1","layout":"right-sidebar","sidebar":"default-sidebar","second_sidebar":"default-sidebar","sticky_sidebar":"1","share_position":"top","share_float_style":"share-monocrhome","show_share_counter":"1","show_view_counter":"1","show_featured":"1","show_post_meta":"1","show_post_author":"1","show_post_author_image":"1","show_post_date":"1","post_date_format":"default","post_date_format_custom":"Y\/m\/d","show_post_category":"1","show_post_reading_time":"0","post_reading_time_wpm":"300","show_zoom_button":"0","zoom_button_out_step":"2","zoom_button_in_step":"3","show_post_tag":"1","show_prev_next_post":"1","show_popup_post":"1","number_popup_post":"1","show_author_box":"0","show_post_related":"1","show_inline_post_related":"0"}],"override_image_size":"0","image_override":[{"single_post_thumbnail_size":"crop-500","single_post_gallery_size":"crop-500"}],"trending_post":"0","trending_post_position":"meta","trending_post_label":"Trending","sponsored_post":"0","sponsored_post_label":"Sponsored by","sponsored_post_name":"","sponsored_post_url":"","sponsored_post_logo_enable":"0","sponsored_post_logo":"","sponsored_post_desc":"","disable_ad":"0"},"jnews_primary_category":{"id":"","hide":""},"jnews_social_meta":{"fb_title":"","fb_description":"","fb_image":"","twitter_title":"","twitter_description":"","twitter_image":""},"jnews_override_counter":{"override_view_counter":"0","view_counter_number":"0","override_share_counter":"0","share_counter_number":"0","override_like_counter":"0","like_counter_number":"0","override_dislike_counter":"0","dislike_counter_number":"0"},"footnotes":""},"categories":[8],"tags":[367,370,376],"class_list":["post-13920","post","type-post","status-publish","format-standard","has-post-thumbnail","hentry","category-articles","tag-execution","tag-prisonnieres","tag-violence-contre-les-femmes"],"_links":{"self":[{"href":"https:\/\/wncri.org\/fr\/wp-json\/wp\/v2\/posts\/13920","targetHints":{"allow":["GET"]}}],"collection":[{"href":"https:\/\/wncri.org\/fr\/wp-json\/wp\/v2\/posts"}],"about":[{"href":"https:\/\/wncri.org\/fr\/wp-json\/wp\/v2\/types\/post"}],"author":[{"embeddable":true,"href":"https:\/\/wncri.org\/fr\/wp-json\/wp\/v2\/users\/4"}],"replies":[{"embeddable":true,"href":"https:\/\/wncri.org\/fr\/wp-json\/wp\/v2\/comments?post=13920"}],"version-history":[{"count":2,"href":"https:\/\/wncri.org\/fr\/wp-json\/wp\/v2\/posts\/13920\/revisions"}],"predecessor-version":[{"id":19133,"href":"https:\/\/wncri.org\/fr\/wp-json\/wp\/v2\/posts\/13920\/revisions\/19133"}],"wp:featuredmedia":[{"embeddable":true,"href":"https:\/\/wncri.org\/fr\/wp-json\/wp\/v2\/media\/13921"}],"wp:attachment":[{"href":"https:\/\/wncri.org\/fr\/wp-json\/wp\/v2\/media?parent=13920"}],"wp:term":[{"taxonomy":"category","embeddable":true,"href":"https:\/\/wncri.org\/fr\/wp-json\/wp\/v2\/categories?post=13920"},{"taxonomy":"post_tag","embeddable":true,"href":"https:\/\/wncri.org\/fr\/wp-json\/wp\/v2\/tags?post=13920"}],"curies":[{"name":"wp","href":"https:\/\/api.w.org\/{rel}","templated":true}]}}