{"id":13900,"date":"2021-08-12T20:16:00","date_gmt":"2021-08-12T18:16:00","guid":{"rendered":"https:\/\/wncri.org\/fr\/?p=13900"},"modified":"2021-08-15T20:22:36","modified_gmt":"2021-08-15T18:22:36","slug":"atena-daemi-en-greve-de-la-faim-contre-labsence-de-communication","status":"publish","type":"post","link":"https:\/\/wncri.org\/fr\/2021\/08\/12\/atena-daemi-en-greve-de-la-faim-contre-labsence-de-communication\/","title":{"rendered":"Atena Daemi en Gr\u00e8ve de la faim contre l&#8217;absence de communication avec ses parents"},"content":{"rendered":"\n<p>Atena Daemi en Gr\u00e8ve de la faim contre l&#8217;absence de communication avec ses parents<\/p>\n\n\n\n<p>CNRI Femmes &#8211; La prisonni\u00e8re politique Atena Daemi a entam\u00e9 une nouvelle gr\u00e8ve de la faim pour protester contre le fait qu&#8217;elle ne peut pas t\u00e9l\u00e9phoner chez elle.<\/p>\n\n\n\n<p>Les lignes t\u00e9l\u00e9phoniques de la prison de Lakan, \u00e0 Racht, sont fr\u00e9quemment coup\u00e9es, ce qui l&#8217;emp\u00eache d&#8217;appeler chez elle et de parler \u00e0 ses parents. Aucun des responsables de la prison ne rend compte de ce probl\u00e8me.<\/p>\n\n\n\n<p>Le p\u00e8re d&#8217;Atena, Hossein Daemi, a post\u00e9 un tweet qui disait : &#8220;En raison du manque d&#8217;attention aux coupures fr\u00e9quentes des lignes t\u00e9l\u00e9phoniques de la prison Lakan de Racht, et de l&#8217;incapacit\u00e9 des responsables \u00e0 rendre compte de ce probl\u00e8me, Atena Daemi a d\u00e9clar\u00e9 aux autorit\u00e9s p\u00e9nitentiaires qu&#8217;elle allait entamer une gr\u00e8ve de la faim en signe de protestation (\u00e0 partir du 12 ao\u00fbt 2021). Elle a \u00e9galement d\u00e9clar\u00e9 qu&#8217;elle poursuivrait sa gr\u00e8ve de la faim jusqu&#8217;\u00e0 ce que ce probl\u00e8me soit r\u00e9solu.&#8221;<\/p>\n\n\n\n<p>M. Daemi a \u00e9galement indiqu\u00e9 que sa femme et lui ont contract\u00e9 le Covid-19 parce qu&#8217;ils ont d\u00fb se rendre \u00e0 Racht pour rendre visite \u00e0 Atena.<\/p>\n\n\n\n<p>Racht est la capitale de la province de Guilan, l&#8217;une des provinces les plus infect\u00e9es par le Covid, qui a fait un grand nombre de victimes.<\/p>\n\n\n\n<p><a href=\"https:\/\/www.amnesty.org\/fr\/get-involved\/take-action\/w4r-2018-iran-ateni-daemi\/\" target=\"_blank\" rel=\"noreferrer noopener\">Atena Daemi<\/a>, prisonni\u00e8re politique, a 32 ans. Elle a fini de purger sa peine de 5 ans de prison le 4 juillet 2020. Mais elle est rest\u00e9e en prison en raison de <a href=\"https:\/\/www.amnesty.org\/fr\/get-involved\/take-action\/w4r-2018-iran-ateni-daemi\/\" target=\"_blank\" rel=\"noreferrer noopener\">nouveaux dossiers d\u00e9pos\u00e9s<\/a> contre elle par les pasdarans et le minist\u00e8re du Renseignement (VEVAK). Deux tribunaux l&#8217;ont condamn\u00e9e \u00e0 <a href=\"https:\/\/wncri.org\/fr\/2021\/02\/25\/lappel-datena-daemi\/\" target=\"_blank\" rel=\"noreferrer noopener\">un total de cinq ans<\/a> de prison et 74 coups de fouet.<\/p>\n\n\n\n<p>Les autorit\u00e9s de la prison d&#8217;Evine ont brusquement et <a href=\"https:\/\/wncri.org\/fr\/2020\/11\/23\/la-violence-faite-aux-femmes-en-iran-parrainee-et-institutionnalisee-par-letat\/\" target=\"_blank\" rel=\"noreferrer noopener\">violemment<\/a> fait sortir Atena Daemi d&#8217;Evine pour la bannir \u00e0 la prison de Lakan, \u00e0 Racht, le 16 mars 2021.<\/p>\n","protected":false},"excerpt":{"rendered":"<p>Atena Daemi en Gr\u00e8ve de la faim contre l&#8217;absence de communication avec ses parents CNRI Femmes &#8211; La prisonni\u00e8re politique Atena Daemi a entam\u00e9 une nouvelle gr\u00e8ve de la faim pour protester contre le fait qu&#8217;elle ne peut pas t\u00e9l\u00e9phoner chez elle. Les lignes t\u00e9l\u00e9phoniques de la prison de Lakan, \u00e0 Racht, sont fr\u00e9quemment coup\u00e9es, [&hellip;]<\/p>\n","protected":false},"author":4,"featured_media":13901,"comment_status":"closed","ping_status":"closed","sticky":false,"template":"","format":"standard","meta":{"jnews-multi-image_gallery":[],"jnews_single_post":{"subtitle":"","format":"standard","video":"","gallery":"","source_name":"","source_url":"","via_name":"","via_url":"","override":[{"template":"1","single_blog_custom":"","parallax":"1","fullscreen":"1","layout":"right-sidebar","sidebar":"default-sidebar","second_sidebar":"default-sidebar","sticky_sidebar":"1","share_position":"top","share_float_style":"share-monocrhome","show_share_counter":"1","show_view_counter":"1","show_featured":"1","show_post_meta":"1","show_post_author":"1","show_post_author_image":"1","show_post_date":"1","post_date_format":"default","post_date_format_custom":"Y\/m\/d","show_post_category":"1","post_reading_time_wpm":"300","zoom_button_out_step":"2","zoom_button_in_step":"3","show_post_tag":"1","show_prev_next_post":"1","show_popup_post":"1","number_popup_post":"1"}],"image_override":[{"single_post_thumbnail_size":"crop-500","single_post_gallery_size":"crop-500"}],"trending_post_position":"meta","trending_post_label":"Trending","sponsored_post_label":"Sponsored by","sponsored_post_name":"","sponsored_post_url":"","sponsored_post_logo":"","sponsored_post_desc":""},"jnews_primary_category":{"id":""},"jnews_social_meta":[],"jnews_override_counter":{"view_counter_number":"0","share_counter_number":"0","like_counter_number":"0","dislike_counter_number":"0"},"footnotes":""},"categories":[3],"tags":[370],"class_list":["post-13900","post","type-post","status-publish","format-standard","has-post-thumbnail","hentry","category-infos-des-femmes","tag-prisonnieres"],"_links":{"self":[{"href":"https:\/\/wncri.org\/fr\/wp-json\/wp\/v2\/posts\/13900","targetHints":{"allow":["GET"]}}],"collection":[{"href":"https:\/\/wncri.org\/fr\/wp-json\/wp\/v2\/posts"}],"about":[{"href":"https:\/\/wncri.org\/fr\/wp-json\/wp\/v2\/types\/post"}],"author":[{"embeddable":true,"href":"https:\/\/wncri.org\/fr\/wp-json\/wp\/v2\/users\/4"}],"replies":[{"embeddable":true,"href":"https:\/\/wncri.org\/fr\/wp-json\/wp\/v2\/comments?post=13900"}],"version-history":[{"count":0,"href":"https:\/\/wncri.org\/fr\/wp-json\/wp\/v2\/posts\/13900\/revisions"}],"wp:featuredmedia":[{"embeddable":true,"href":"https:\/\/wncri.org\/fr\/wp-json\/wp\/v2\/media\/13901"}],"wp:attachment":[{"href":"https:\/\/wncri.org\/fr\/wp-json\/wp\/v2\/media?parent=13900"}],"wp:term":[{"taxonomy":"category","embeddable":true,"href":"https:\/\/wncri.org\/fr\/wp-json\/wp\/v2\/categories?post=13900"},{"taxonomy":"post_tag","embeddable":true,"href":"https:\/\/wncri.org\/fr\/wp-json\/wp\/v2\/tags?post=13900"}],"curies":[{"name":"wp","href":"https:\/\/api.w.org\/{rel}","templated":true}]}}