{"id":13883,"date":"2021-08-03T11:42:00","date_gmt":"2021-08-03T09:42:00","guid":{"rendered":"https:\/\/wncri.org\/fr\/?p=13883"},"modified":"2021-08-12T11:48:30","modified_gmt":"2021-08-12T09:48:30","slug":"le-juge-le-plus-misogyne-du-monde-a-la-tete-du-systeme-judiciaire-iranien","status":"publish","type":"post","link":"https:\/\/wncri.org\/fr\/2021\/08\/03\/le-juge-le-plus-misogyne-du-monde-a-la-tete-du-systeme-judiciaire-iranien\/","title":{"rendered":"Le juge le plus misogyne du monde \u00e0 la t\u00eate du syst\u00e8me judiciaire iranien"},"content":{"rendered":"\n<p>CNRI Femmes &#8211; Le juge le plus misogyne du monde devient chef du pouvoir judiciaire iranien. Gholam Hossein Mohseni Eje\u00ef a \u00e9t\u00e9 investi en tant que nouveau chef du pouvoir judiciaire du r\u00e9gime cl\u00e9rical en juillet 2021. Sa nomination \u00e0 ce poste est un signe de r\u00e9pression et de double oppression des femmes en Iran.<\/p>\n\n\n\n<div class=\"wp-block-image\"><figure class=\"aligncenter size-full is-resized\"><img decoding=\"async\" src=\"data:image\/gif;base64,R0lGODlhAQABAIAAAAAAAP\/\/\/yH5BAEAAAAALAAAAAABAAEAAAIBRAA7\" data-src=\"https:\/\/wncri.org\/fr\/wp-content\/uploads\/2021\/08\/Mohseni-Ejei-the-worlds-most-misogynist-judge-min.jpg\" alt=\"Qui est Mohseni Eje\u00ef \" class=\"wp-image-13887 lazyload\" width=\"643\" height=\"431\"\/><noscript><img decoding=\"async\" src=\"https:\/\/wncri.org\/fr\/wp-content\/uploads\/2021\/08\/Mohseni-Ejei-the-worlds-most-misogynist-judge-min.jpg\" alt=\"Qui est Mohseni Eje\u00ef \" class=\"wp-image-13887 lazyload\" width=\"643\" height=\"431\" srcset=\"https:\/\/wncri.org\/fr\/wp-content\/uploads\/2021\/08\/Mohseni-Ejei-the-worlds-most-misogynist-judge-min.jpg 400w, https:\/\/wncri.org\/fr\/wp-content\/uploads\/2021\/08\/Mohseni-Ejei-the-worlds-most-misogynist-judge-min-300x201.jpg 300w\" sizes=\"(max-width: 643px) 100vw, 643px\" \/><\/noscript><\/figure><\/div>\n\n\n\n<h3 class=\"wp-block-heading\"><strong>Qui est Mohseni Eje\u00ef ?<\/strong><\/h3>\n\n\n\n<p>Eje\u00ef a repr\u00e9sent\u00e9 le bureau du procureur de la r\u00e9volution au minist\u00e8re du renseignement dans les ann\u00e9es 1980. Au cours de cette d\u00e9cennie, il a jou\u00e9 un r\u00f4le tr\u00e8s actif dans l&#8217;arrestation et l&#8217;ex\u00e9cution de membres de la principale opposition, l&#8217;Organisation des Moudjahidine du peuple d&#8217;Iran (OMPI\/MEK). En tant que chef de la troisi\u00e8me branche du tribunal r\u00e9volutionnaire islamique, il a personnellement condamn\u00e9 \u00e0 mort des prisonniers politiques.<\/p>\n\n\n\n<p>Il a \u00e9galement servi le r\u00e9gime en tant que :&nbsp;<\/p>\n\n\n\n<p>&#8211; Officier du minist\u00e8re du renseignement charg\u00e9 du recrutement, 1984-1985.<\/p>\n\n\n\n<p>&#8211; Repr\u00e9sentant du pouvoir judiciaire au minist\u00e8re du renseignement, 1985-1988 (pendant le massacre des prisonniers politiques).<\/p>\n\n\n\n<p>&#8211; Chef du tribunal des affaires \u00e9conomiques de T\u00e9h\u00e9ran, 1989 et 1990<\/p>\n\n\n\n<p>&#8211; Repr\u00e9sentant du pouvoir judiciaire aupr\u00e8s du minist\u00e8re du renseignement, 1991-1994.<\/p>\n\n\n\n<p>&#8211; Procureur sp\u00e9cial du clerg\u00e9 de T\u00e9h\u00e9ran, 1995-1997<\/p>\n\n\n\n<p>&#8211; Procureur sp\u00e9cial de la Cour sp\u00e9ciale du clerg\u00e9, 1998-2005<\/p>\n\n\n\n<p>&#8211; Chef du complexe judiciaire sp\u00e9cial charg\u00e9 d&#8217;enqu\u00eater sur les d\u00e9lits commis par des fonctionnaires, 1998-2002<\/p>\n\n\n\n<p>&#8211; Ministre du renseignement sous Mahmoud Ahmadinejad 2005-2009<\/p>\n\n\n\n<p>&#8211; Procureur g\u00e9n\u00e9ral 2009-2014<\/p>\n\n\n\n<p>&#8211; Premier chef adjoint du pouvoir judiciaire 2014-2021<\/p>\n\n\n\n<h3 class=\"wp-block-heading\"><strong>Le prix international de la matraque d\u00e9cern\u00e9 au juge le plus misogyne du monde<\/strong><\/h3>\n\n\n\n<p>Gholam Hossein Mohseni Eje\u00ef a remport\u00e9 le Prix international de la matraque en 2011. Le 7 juin 2011, le Women&#8217;s Link Worldwide \u00e0 Madrid, en Espagne, lui a d\u00e9cern\u00e9, le prix international de la matraque. Ce prix d\u00e9cern\u00e9 en son absence, le qualifie de &#8220;juge le plus misogyne du monde&#8221;. La raison pour laquelle cette organisation l\u2019a choisi est qu&#8217;il a priv\u00e9 les femmes du droit au divorce.<\/p>\n\n\n\n<p>Selon des sources gouvernementales, Eje\u00ef avait accept\u00e9 l&#8217;abolition du droit des femmes au divorce avant que la plupart des juges ne puissent se prononcer.<\/p>\n\n\n\n<p>Chaque ann\u00e9e, Women&#8217;s Link Worldwide s\u00e9lectionne les meilleurs et les pires juges du monde pour leur impact positif ou n\u00e9gatif sur l&#8217;\u00e9galit\u00e9 des sexes. Le prix International de la matraque est d\u00e9cern\u00e9 aux juges les plus misogynes.<\/p>\n\n\n\n<div class=\"wp-block-image\"><figure class=\"aligncenter size-full is-resized\"><img decoding=\"async\" src=\"data:image\/gif;base64,R0lGODlhAQABAIAAAAAAAP\/\/\/yH5BAEAAAAALAAAAAABAAEAAAIBRAA7\" data-src=\"https:\/\/wncri.org\/fr\/wp-content\/uploads\/2021\/08\/Ejei-the-worlds-most-misogynist-judge-Reyhaneh-Jabbari-min.jpg\" alt=\"Insister sur l'ex\u00e9cution de Reyhaneh Jabbari\" class=\"wp-image-13884 lazyload\" width=\"860\" height=\"430\"\/><noscript><img decoding=\"async\" src=\"https:\/\/wncri.org\/fr\/wp-content\/uploads\/2021\/08\/Ejei-the-worlds-most-misogynist-judge-Reyhaneh-Jabbari-min.jpg\" alt=\"Insister sur l'ex\u00e9cution de Reyhaneh Jabbari\" class=\"wp-image-13884 lazyload\" width=\"860\" height=\"430\" srcset=\"https:\/\/wncri.org\/fr\/wp-content\/uploads\/2021\/08\/Ejei-the-worlds-most-misogynist-judge-Reyhaneh-Jabbari-min.jpg 750w, https:\/\/wncri.org\/fr\/wp-content\/uploads\/2021\/08\/Ejei-the-worlds-most-misogynist-judge-Reyhaneh-Jabbari-min-300x150.jpg 300w, https:\/\/wncri.org\/fr\/wp-content\/uploads\/2021\/08\/Ejei-the-worlds-most-misogynist-judge-Reyhaneh-Jabbari-min-360x180.jpg 360w\" sizes=\"(max-width: 860px) 100vw, 860px\" \/><\/noscript><\/figure><\/div>\n\n\n\n<h3 class=\"wp-block-heading\"><strong>Insister sur l&#8217;ex\u00e9cution de Reyhaneh Jabbari<\/strong><\/h3>\n\n\n\n<p>Ces derni\u00e8res ann\u00e9es, Eje\u00ef a \u00e9t\u00e9 l&#8217;une des principales armes des services de renseignement et du pouvoir judiciaire pour promouvoir l&#8217;ex\u00e9cution et le meurtre de femmes.<\/p>\n\n\n\n<p>Dans le cas de <a href=\"https:\/\/wncri.org\/fr\/2018\/06\/10\/iran-l-assassin-de-reyhaneh-jabbari-choisi-comme-avocat-de-confiance\/\" target=\"_blank\" rel=\"noreferrer noopener\">Reyhaneh Jabbari<\/a>, accus\u00e9e d&#8217;avoir tu\u00e9 en \u00e9tat de l\u00e9gitime d\u00e9fense un fonctionnaire du minist\u00e8re du Renseignement, Eje\u00ef a \u00e9t\u00e9 l&#8217;un des fervents partisans de l&#8217;ex\u00e9cution de Reyhaneh.<\/p>\n\n\n\n<p>Lors d&#8217;une conf\u00e9rence de presse en Allemagne le 29 octobre 2014, Fariborz Jabbari, l&#8217;oncle de Reyhaneh, a accus\u00e9 Eje\u00ef d&#8217;avoir &#8220;insist\u00e9&#8221; sur l&#8217;ex\u00e9cution de sa ni\u00e8ce, Reyhaneh. Fariborz Jabbari a d\u00e9clar\u00e9 qu&#8217;Eje\u00ef \u00e9tait le ministre du Renseignement au moment du meurtre de l&#8217;agent du minist\u00e8re du Renseignement.<\/p>\n\n\n\n<p>Reyhaneh Jabbari, 26 ans, a \u00e9t\u00e9 ex\u00e9cut\u00e9e \u00e0 l&#8217;aube le 24 novembre 2014 \u00e0 la prison de Gohardasht, \u00e0 Karadj. Elle a pass\u00e9 sept ans en prison \u00e0 huis clos.<\/p>\n\n\n\n<p>Reyhaneh Jabbari, 19 ans, architecte d&#8217;int\u00e9rieur d&#8217;une soci\u00e9t\u00e9 de publicit\u00e9 et de d\u00e9coration, \u00e9tait accus\u00e9e du meurtre de Morteza Sarbandi, un m\u00e9decin de 47 ans, mari\u00e9, p\u00e8re de trois enfants et fonctionnaire du minist\u00e8re du Renseignement.<\/p>\n\n\n\n<p>Reyhaneh a d\u00fb se d\u00e9fendre contre Sarbandi qui tentait de la violer.<\/p>\n\n\n\n<p>Ahmad Shahid, alors le rapporteur sp\u00e9cial des Nations unies sur les droits de l&#8217;homme en Iran, a d\u00e9clar\u00e9 : &#8220;Le cas de Mme Jabbari soul\u00e8ve de s\u00e9rieuses pr\u00e9occupations quant \u00e0 la r\u00e9gularit\u00e9 de la proc\u00e9dure, notamment en ce qui concerne son interrogatoire et la r\u00e9ticence du tribunal \u00e0 prendre en compte toutes les preuves circonstancielles pertinentes dans son jugement.&#8221; Il a soulign\u00e9 que &#8220;Mme Jabbari a peut-\u00eatre \u00e9t\u00e9 doublement victime ; d&#8217;abord par son agresseur, puis par le syst\u00e8me judiciaire, qui est cens\u00e9 prot\u00e9ger les victimes d&#8217;agressions sexuelles et physiques intentionnelles et r\u00e9elles.&#8221; (14 avril 2014)<strong><\/strong><\/p>\n\n\n\n<div class=\"wp-block-image\"><figure class=\"aligncenter size-full is-resized\"><img decoding=\"async\" src=\"data:image\/gif;base64,R0lGODlhAQABAIAAAAAAAP\/\/\/yH5BAEAAAAALAAAAAABAAEAAAIBRAA7\" data-src=\"https:\/\/wncri.org\/fr\/wp-content\/uploads\/2021\/08\/Ejei-the-worlds-most-misogynist-judge-Zahra-Kazemi-min.jpg\" alt=\"Acquittement du meurtrier de Zahra Kazemi\" class=\"wp-image-13885 lazyload\" width=\"849\" height=\"425\"\/><noscript><img decoding=\"async\" src=\"https:\/\/wncri.org\/fr\/wp-content\/uploads\/2021\/08\/Ejei-the-worlds-most-misogynist-judge-Zahra-Kazemi-min.jpg\" alt=\"Acquittement du meurtrier de Zahra Kazemi\" class=\"wp-image-13885 lazyload\" width=\"849\" height=\"425\" srcset=\"https:\/\/wncri.org\/fr\/wp-content\/uploads\/2021\/08\/Ejei-the-worlds-most-misogynist-judge-Zahra-Kazemi-min.jpg 750w, https:\/\/wncri.org\/fr\/wp-content\/uploads\/2021\/08\/Ejei-the-worlds-most-misogynist-judge-Zahra-Kazemi-min-300x150.jpg 300w, https:\/\/wncri.org\/fr\/wp-content\/uploads\/2021\/08\/Ejei-the-worlds-most-misogynist-judge-Zahra-Kazemi-min-360x180.jpg 360w\" sizes=\"(max-width: 849px) 100vw, 849px\" \/><\/noscript><\/figure><\/div>\n\n\n\n<h3 class=\"wp-block-heading\"><strong>Acquittement du meurtrier de Zahra Kazemi<\/strong><\/h3>\n\n\n\n<p>Le meurtre de <a href=\"https:\/\/www.maryam-rajavi.com\/fr\/declaration-de-maryam-radjavi-a-l-occasion-du-70e-anniversaire-de-la-declaration-universelle-des-droits-de-l-homme\/\" target=\"_blank\" rel=\"noreferrer noopener\">Zahra Kazemi <\/a>est un autre exemple dans lequel Eje\u00ef a jou\u00e9 un r\u00f4le dans l&#8217;acquittement du meurtrier.<\/p>\n\n\n\n<p>En 2003, le principal accus\u00e9 dans cette affaire \u00e9tait Sa\u00efd Mortazavi, le procureur de T\u00e9h\u00e9ran de l&#8217;\u00e9poque ayant des liens avec Eje\u00ef. Eje\u00ef et Ebrahim Ra\u00efssi, en collaboration, ont acquitt\u00e9 Mortazavi de l&#8217;accusation de meurtre de Zahra Kazemi.<\/p>\n\n\n\n<p>Le 11 juillet 2003, il a \u00e9t\u00e9 annonc\u00e9 qu&#8217;une journaliste irano-canadienne, Zahra Kazemi, \u00e9tait d\u00e9c\u00e9d\u00e9e \u00e0 l&#8217;h\u00f4pital militaire Baqiyatallah Azam. Zahra Kazemi avait \u00e9t\u00e9 arr\u00eat\u00e9e le 23 juin 2003 alors qu&#8217;elle photographiait un rassemblement de familles de prisonniers devant la prison d&#8217;Evine. Les premiers rapports et t\u00e9moignages indiquaient que la mort de la journaliste \u00e9tait due \u00e0 des coups violents pendant sa d\u00e9tention et \u00e0 des coups \u00e0 la t\u00eate.<\/p>\n\n\n\n<p>Les responsables du r\u00e9gime iranien ont cependant dissimul\u00e9 la v\u00e9rit\u00e9 et d\u00e9tourn\u00e9 les enqu\u00eates judiciaires sur le myst\u00e8re de la mort de Zahra Kazemi, afin d&#8217;\u00e9touffer la pol\u00e9mique sur la mort d&#8217;une journaliste binationale en prison en Iran.<\/p>\n\n\n\n<p>Le 10 juillet 2018, Reporters sans fronti\u00e8res a \u00e9crit dans un communiqu\u00e9 : Zahra Kazemi est le symbole de toutes les violations des droits de l&#8217;homme perp\u00e9tr\u00e9es en Iran depuis la prise du pouvoir par les religieux en 1979. C&#8217;\u00e9tait une femme et une journaliste qui voulait dire au monde entier les conditions terribles de la prison d&#8217;Evine \u00e0 T\u00e9h\u00e9ran, symbole de la r\u00e9pression implacable du r\u00e9gime.&#8221;<\/p>\n\n\n\n<h3 class=\"wp-block-heading\"><strong>D\u00e9fendre l&#8217;oppression des femmes<\/strong><\/h3>\n\n\n\n<p>Eje\u00ef s&#8217;est \u00e9galement fait l&#8217;avocat de la r\u00e9pression des femmes sous couvert d\u2019infraction au code vestimentaire obligatoire.<\/p>\n\n\n\n<p>Par exemple, Eje\u00ef a explicitement d\u00e9clar\u00e9 lors d&#8217;une conf\u00e9rence de presse : &#8220;Ces personnes qui cherchent \u00e0 promouvoir la culture de la vulgarit\u00e9, et qui en violation des lois de notre pays islamique commettent l&#8217;ind\u00e9cence, l&#8217;immoralit\u00e9, et enl\u00e8vent leur voile, et encouragent ces actions, nous les avertissons que la loi ne le leur permet pas parce que notre pays est islamique.&#8221;<\/p>\n\n\n\n<p>&#8220;Nous allons d&#8217;abord donner des conseils sur la question que j&#8217;ai soulev\u00e9e, et si n\u00e9cessaire, nous interviendrons dans ces actes d\u00e9lictuels, et la police et la justice s\u00e9viront&#8221;, a-t-il poursuivi. &#8220;Les institutions et les minist\u00e8res doivent \u00e9galement remplir leurs devoirs et leurs responsabilit\u00e9s \u00e0 cet \u00e9gard.&#8221; (Site Balatarinha.ir &#8211; 9 juin 2014)<\/p>\n\n\n\n<p>En nommant Gholam Hossein Mohseni Eje\u00ef \u00e0 la t\u00eate du pouvoir judiciaire, Khamenei a fait un pas de plus vers un r\u00e9gime encore plus r\u00e9pressif. Aux c\u00f4t\u00e9s d&#8217;Ebrahim Ra\u00efssi, \u00e0 la t\u00eate du pouvoir ex\u00e9cutif, et de Mohammad Baqer Qalibaf, \u00e0 la t\u00eate du pouvoir l\u00e9gislatif, il compl\u00e8te le puzzle d&#8217;un r\u00e9gime meurtrier, ce dont Khamenei a besoin pour r\u00e9primer les soul\u00e8vements populaires, surtout dans les circonstances actuelles.<\/p>\n\n\n\n<p>Tout en d\u00e9non\u00e7ant le r\u00f4le r\u00e9pressif de ces violateurs des droits humains et d&#8217;assujettissement des femmes, la commission des femmes du Conseil national de la R\u00e9sistance iranienne demande qu&#8217;ils soient poursuivis.<\/p>\n","protected":false},"excerpt":{"rendered":"<p>CNRI Femmes &#8211; Le juge le plus misogyne du monde devient chef du pouvoir judiciaire iranien. Gholam Hossein Mohseni Eje\u00ef a \u00e9t\u00e9 investi en tant que nouveau chef du pouvoir judiciaire du r\u00e9gime cl\u00e9rical en juillet 2021. Sa nomination \u00e0 ce poste est un signe de r\u00e9pression et de double oppression des femmes en Iran. [&hellip;]<\/p>\n","protected":false},"author":4,"featured_media":13886,"comment_status":"closed","ping_status":"closed","sticky":false,"template":"","format":"standard","meta":{"jnews-multi-image_gallery":[],"jnews_single_post":{"subtitle":"","format":"standard","video":"","gallery":"","source_name":"","source_url":"","via_name":"","via_url":"","override":[{"template":"1","single_blog_custom":"","parallax":"1","fullscreen":"1","layout":"right-sidebar","sidebar":"default-sidebar","second_sidebar":"default-sidebar","sticky_sidebar":"1","share_position":"top","share_float_style":"share-monocrhome","show_share_counter":"1","show_view_counter":"1","show_featured":"1","show_post_meta":"1","show_post_author":"1","show_post_author_image":"1","show_post_date":"1","post_date_format":"default","post_date_format_custom":"Y\/m\/d","show_post_category":"1","post_reading_time_wpm":"300","zoom_button_out_step":"2","zoom_button_in_step":"3","show_post_tag":"1","show_prev_next_post":"1","show_popup_post":"1","number_popup_post":"1"}],"image_override":[{"single_post_thumbnail_size":"crop-500","single_post_gallery_size":"crop-500"}],"trending_post_position":"meta","trending_post_label":"Trending","sponsored_post_label":"Sponsored by","sponsored_post_name":"","sponsored_post_url":"","sponsored_post_logo":"","sponsored_post_desc":""},"jnews_primary_category":{"id":""},"jnews_social_meta":[],"jnews_override_counter":{"view_counter_number":"0","share_counter_number":"0","like_counter_number":"0","dislike_counter_number":"0"},"footnotes":""},"categories":[8],"tags":[367,370,376],"class_list":["post-13883","post","type-post","status-publish","format-standard","has-post-thumbnail","hentry","category-articles","tag-execution","tag-prisonnieres","tag-violence-contre-les-femmes"],"_links":{"self":[{"href":"https:\/\/wncri.org\/fr\/wp-json\/wp\/v2\/posts\/13883","targetHints":{"allow":["GET"]}}],"collection":[{"href":"https:\/\/wncri.org\/fr\/wp-json\/wp\/v2\/posts"}],"about":[{"href":"https:\/\/wncri.org\/fr\/wp-json\/wp\/v2\/types\/post"}],"author":[{"embeddable":true,"href":"https:\/\/wncri.org\/fr\/wp-json\/wp\/v2\/users\/4"}],"replies":[{"embeddable":true,"href":"https:\/\/wncri.org\/fr\/wp-json\/wp\/v2\/comments?post=13883"}],"version-history":[{"count":0,"href":"https:\/\/wncri.org\/fr\/wp-json\/wp\/v2\/posts\/13883\/revisions"}],"wp:featuredmedia":[{"embeddable":true,"href":"https:\/\/wncri.org\/fr\/wp-json\/wp\/v2\/media\/13886"}],"wp:attachment":[{"href":"https:\/\/wncri.org\/fr\/wp-json\/wp\/v2\/media?parent=13883"}],"wp:term":[{"taxonomy":"category","embeddable":true,"href":"https:\/\/wncri.org\/fr\/wp-json\/wp\/v2\/categories?post=13883"},{"taxonomy":"post_tag","embeddable":true,"href":"https:\/\/wncri.org\/fr\/wp-json\/wp\/v2\/tags?post=13883"}],"curies":[{"name":"wp","href":"https:\/\/api.w.org\/{rel}","templated":true}]}}