{"id":13855,"date":"2021-08-05T10:49:00","date_gmt":"2021-08-05T08:49:00","guid":{"rendered":"https:\/\/wncri.org\/fr\/?p=13855"},"modified":"2021-08-06T10:55:25","modified_gmt":"2021-08-06T08:55:25","slug":"trois-femmes-en-iran-condamnees-a-de-lourdes-peines-de-prison","status":"publish","type":"post","link":"https:\/\/wncri.org\/fr\/2021\/08\/05\/trois-femmes-en-iran-condamnees-a-de-lourdes-peines-de-prison\/","title":{"rendered":"Trois femmes en Iran condamn\u00e9es \u00e0 de lourdes peines de prison"},"content":{"rendered":"\n<p>Trois femmes en Iran condamn\u00e9es \u00e0 de lourdes peines de prison<\/p>\n\n\n\n<p>CNRI Femmes &#8211; La 26e branche du tribunal r\u00e9volutionnaire de T\u00e9h\u00e9ran a prononc\u00e9 des peines de prison \u00e0 l&#8217;encontre de trois femmes en Iran, Somayyeh Kargar, Bahareh Soleimani et Nazanin Mohammad-Nejad.<\/p>\n\n\n\n<p>Somayyeh Kargar et Bahareh Soleimani ont \u00e9t\u00e9 condamn\u00e9es \u00e0 6 ans et 8 mois de prison chacune pour &#8220;participation \u00e0 la direction d&#8217;un groupe ill\u00e9gal&#8221; et &#8220;propagande contre l&#8217;\u00c9tat&#8221;.<\/p>\n\n\n\n<p>Nazanin Mohammad-Nejad a \u00e9t\u00e9 condamn\u00e9e \u00e0 3 ans et 4 mois de prison pour &#8220;complicit\u00e9 dans la gestion d&#8217;un groupe ill\u00e9gal&#8221; et &#8220;propagande contre l&#8217;\u00c9tat&#8221;.<\/p>\n\n\n\n<p><a href=\"https:\/\/wncri.org\/fr\/2020\/11\/28\/maintien-en-detention-dune-infirmiere-et-dune-philosophe-a-evine\/\" target=\"_blank\" rel=\"noreferrer noopener\">Somayyeh Kargar<\/a> est une Kurde d&#8217;Ilam. Elle est dipl\u00f4m\u00e9e en philosophie de l&#8217;universit\u00e9 de Tabriz. Des agents des services de renseignement l&#8217;ont arr\u00eat\u00e9e le 18 octobre 2020, \u00e0 son domicile \u00e0 T\u00e9h\u00e9ran. Ils l&#8217;ont interrog\u00e9e dans le terrible quartier 2A de la prison d&#8217;Evine pendant quatre mois, puis l&#8217;ont envoy\u00e9e \u00e0 la prison de Qarchak \u00e0 la mi-f\u00e9vrier.\u00a0<\/p>\n\n\n\n<p>Mme Kargar souffre d&#8217;un probl\u00e8me de vue. Pendant sa d\u00e9tention, les autorit\u00e9s p\u00e9nitentiaires l&#8217;ont priv\u00e9e de l&#8217;acc\u00e8s \u00e0 ses m\u00e9dicaments. Elle avait besoin de l&#8217;aide d&#8217;autres personnes pour effectuer ses t\u00e2ches quotidiennes. Elle a \u00e9t\u00e9 temporairement lib\u00e9r\u00e9e sous une lourde caution le 28 avril 2021.<\/p>\n\n\n\n<p>Les forces du minist\u00e8re des Renseignements ont arr\u00eat\u00e9 <a href=\"https:\/\/wncri.org\/fr\/2020\/11\/28\/maintien-en-detention-dune-infirmiere-et-dune-philosophe-a-evine\/\" target=\"_blank\" rel=\"noreferrer noopener\">Bahareh Soleimani<\/a> le 16 octobre 2020 et l&#8217;ont plac\u00e9e \u00e0 l&#8217;isolement dans le quartier 2A des services de renseignement des pasdarans, \u00e0 la prison d&#8217;Evine.<\/p>\n\n\n\n<p>Bahareh Soleimani, 43 ans, est infirmi\u00e8re. Elle a souffert de complications pulmonaires dues \u00e0 l&#8217;infection par le COVID-19, car elle s&#8217;occupait de patients depuis le d\u00e9but de l&#8217;\u00e9pid\u00e9mie de COVID-19. Elle a cependant \u00e9t\u00e9 priv\u00e9e de traitement m\u00e9dical et des m\u00e9dicaments dont elle avait besoin. Elle a \u00e9t\u00e9 temporairement lib\u00e9r\u00e9e sous caution le 24 f\u00e9vrier 2021.<\/p>\n\n\n\n<p><a href=\"https:\/\/wncri.org\/fr\/2020\/12\/10\/deux-militantes-arretees-en-iran-et-deux-prisonnieres-transferees-a-qarchak\/\" target=\"_blank\" rel=\"noreferrer noopener\">Nazanin Mohammad-Nejad<\/a>, 32 ans, \u00e9tait \u00e9tudiante en langue russe \u00e0 l&#8217;universit\u00e9 Allameh Tabataba\u2019i de T\u00e9h\u00e9ran. Des agents des services de renseignement l&#8217;ont arr\u00eat\u00e9e \u00e0 son domicile \u00e0 T\u00e9h\u00e9ran le 8 d\u00e9cembre 2020. Elle a \u00e9t\u00e9 plac\u00e9e \u00e0 l&#8217;isolement dans le quartier 209 de la prison d&#8217;Evine. Elle a \u00e9t\u00e9 priv\u00e9e de l&#8217;acc\u00e8s \u00e0 un avocat et des appels et visites de sa famille.<\/p>\n\n\n\n<p>Nazanin Mohammad Nejad a \u00e9t\u00e9 lib\u00e9r\u00e9e le 2 f\u00e9vrier 2021 dans l\u2019attente de son jugement.<\/p>\n","protected":false},"excerpt":{"rendered":"<p>Trois femmes en Iran condamn\u00e9es \u00e0 de lourdes peines de prison CNRI Femmes &#8211; La 26e branche du tribunal r\u00e9volutionnaire de T\u00e9h\u00e9ran a prononc\u00e9 des peines de prison \u00e0 l&#8217;encontre de trois femmes en Iran, Somayyeh Kargar, Bahareh Soleimani et Nazanin Mohammad-Nejad. Somayyeh Kargar et Bahareh Soleimani ont \u00e9t\u00e9 condamn\u00e9es \u00e0 6 ans et 8 [&hellip;]<\/p>\n","protected":false},"author":4,"featured_media":13856,"comment_status":"closed","ping_status":"closed","sticky":false,"template":"","format":"standard","meta":{"jnews-multi-image_gallery":[],"jnews_single_post":{"subtitle":"","format":"standard","video":"","gallery":"","source_name":"","source_url":"","via_name":"","via_url":"","override":[{"template":"1","single_blog_custom":"","parallax":"1","fullscreen":"1","layout":"right-sidebar","sidebar":"default-sidebar","second_sidebar":"default-sidebar","sticky_sidebar":"1","share_position":"top","share_float_style":"share-monocrhome","show_share_counter":"1","show_view_counter":"1","show_featured":"1","show_post_meta":"1","show_post_author":"1","show_post_author_image":"1","show_post_date":"1","post_date_format":"default","post_date_format_custom":"Y\/m\/d","show_post_category":"1","post_reading_time_wpm":"300","zoom_button_out_step":"2","zoom_button_in_step":"3","show_post_tag":"1","show_prev_next_post":"1","show_popup_post":"1","number_popup_post":"1"}],"image_override":[{"single_post_thumbnail_size":"crop-500","single_post_gallery_size":"crop-500"}],"trending_post_position":"meta","trending_post_label":"Trending","sponsored_post_label":"Sponsored by","sponsored_post_name":"","sponsored_post_url":"","sponsored_post_logo":"","sponsored_post_desc":""},"jnews_primary_category":{"id":""},"jnews_social_meta":[],"jnews_override_counter":{"view_counter_number":"0","share_counter_number":"0","like_counter_number":"0","dislike_counter_number":"0"},"footnotes":""},"categories":[3],"tags":[370],"class_list":["post-13855","post","type-post","status-publish","format-standard","has-post-thumbnail","hentry","category-infos-des-femmes","tag-prisonnieres"],"_links":{"self":[{"href":"https:\/\/wncri.org\/fr\/wp-json\/wp\/v2\/posts\/13855","targetHints":{"allow":["GET"]}}],"collection":[{"href":"https:\/\/wncri.org\/fr\/wp-json\/wp\/v2\/posts"}],"about":[{"href":"https:\/\/wncri.org\/fr\/wp-json\/wp\/v2\/types\/post"}],"author":[{"embeddable":true,"href":"https:\/\/wncri.org\/fr\/wp-json\/wp\/v2\/users\/4"}],"replies":[{"embeddable":true,"href":"https:\/\/wncri.org\/fr\/wp-json\/wp\/v2\/comments?post=13855"}],"version-history":[{"count":0,"href":"https:\/\/wncri.org\/fr\/wp-json\/wp\/v2\/posts\/13855\/revisions"}],"wp:featuredmedia":[{"embeddable":true,"href":"https:\/\/wncri.org\/fr\/wp-json\/wp\/v2\/media\/13856"}],"wp:attachment":[{"href":"https:\/\/wncri.org\/fr\/wp-json\/wp\/v2\/media?parent=13855"}],"wp:term":[{"taxonomy":"category","embeddable":true,"href":"https:\/\/wncri.org\/fr\/wp-json\/wp\/v2\/categories?post=13855"},{"taxonomy":"post_tag","embeddable":true,"href":"https:\/\/wncri.org\/fr\/wp-json\/wp\/v2\/tags?post=13855"}],"curies":[{"name":"wp","href":"https:\/\/api.w.org\/{rel}","templated":true}]}}