{"id":13848,"date":"2021-08-03T11:21:00","date_gmt":"2021-08-03T09:21:00","guid":{"rendered":"https:\/\/wncri.org\/fr\/?p=13848"},"modified":"2021-08-05T11:22:51","modified_gmt":"2021-08-05T09:22:51","slug":"azam-attarzadeh","status":"publish","type":"post","link":"https:\/\/wncri.org\/fr\/2021\/08\/03\/azam-attarzadeh\/","title":{"rendered":"Azam Attarzadeh"},"content":{"rendered":"\n<p>CNRI Femmes &#8211; Les amis d&#8217;Azam Attarzadeh la connaissent sous le nom de Shahrbanou. Elle est n\u00e9e en 1961 \u00e0 Boroujerd, dans la province occidentale du Lorestan.<\/p>\n\n\n\n<p>Elle a poursuivi ses \u00e9tudes secondaires jusqu&#8217;\u00e0 l&#8217;obtention de son dipl\u00f4me, puis a travaill\u00e9 dans un centre culturel et \u00e9ducatif o\u00f9 elle a fait la connaissance de l&#8217;Organisation des Moudjahidine du peuple d&#8217;Iran (OMPI\/MEK) et a commenc\u00e9 sa lutte pour la libert\u00e9.<\/p>\n\n\n\n<p>Azam a \u00e9t\u00e9 arr\u00eat\u00e9e et emprisonn\u00e9e le 8 septembre 1981 pour des activit\u00e9s de propagande contre Khomeiny. Pendant 7 ans, elle a \u00e9t\u00e9 tortur\u00e9e en prison. Pourtant, Azam gardait le moral, elle pr\u00e9parait m\u00eame des bonbons en prison pour cr\u00e9er une atmosph\u00e8re joyeuse lors des c\u00e9l\u00e9brations ou des f\u00eates.<\/p>\n\n\n\n<p>Azam <a href=\"https:\/\/wncri.org\/fr\/2021\/07\/28\/celles-et-ceux-qui-ont-repondu-a-l-appel-de-la-liberte-en-iran\/\" target=\"_blank\" rel=\"noreferrer noopener\">n\u2019a jamais pli\u00e9 devant les autorit\u00e9s<\/a> de la prison. Elle \u00e9tait forte et r\u00e9sistante, et \u00e0 cause de sa force, les agents p\u00e9nitentiaires ont souvent fait pression sur elle en la jetant en cachot d&#8217;isolement.<\/p>\n\n\n\n<p>Une de ses cod\u00e9tenues raconte : \u00ab&nbsp;La cellule de Shahrbanou \u00e9tait \u00e0 c\u00f4t\u00e9 de la mienne dans la prison de Gohardacht en 1987. Nous communiquions en morse. Nous nous r\u00e9veillions le matin. Apr\u00e8s le sport, nous \u00e9changions des nouvelles et discutions parfois de diverses questions sociales et politiques. Elle avait des pens\u00e9es profondes et des positions claires, et elle avait une analyse tr\u00e8s pr\u00e9cise de la situation.&nbsp;\u00bb<\/p>\n\n\n\n<p>Une autre prisonni\u00e8re a \u00e9crit dans ses m\u00e9moires : \u00ab&nbsp;Shahrbanou avait sur la colonne vert\u00e9brale de se trouvait une esp\u00e8ce de grosse glande qui, \u00e0 la moindre pression, la paralysait et lui causait de terribles douleurs. Lorsque les gardiens voulaient faire pression sur elle, ils lui infligeaient des coups incessants \u00e0 la colonne vert\u00e9brale. J&#8217;en ai \u00e9t\u00e9 t\u00e9moin une fois.&nbsp;\u00bb<\/p>\n\n\n\n<p>Azam Attarzadeh a termin\u00e9 sa peine le 8 septembre 1988. Alors que sa famille se pr\u00e9parait \u00e0 sa lib\u00e9ration, le r\u00e9gime s&#8217;activait au <a href=\"https:\/\/wncri.org\/fr\/2021\/01\/26\/iranien-des-comptes-sur-le-massacre-de-1988\/\" target=\"_blank\" rel=\"noreferrer noopener\">massacre de 30.000 prisonniers politiques<\/a>.<\/p>\n\n\n\n<p>Les responsables de la prison d&#8217;Evine ont pendu Azam, \u00e2g\u00e9e de 27 ans, alors qu&#8217;ils auraient d\u00fb la lib\u00e9rer.<\/p>\n\n\n\n<p>Deux ou trois mois plus tard, les responsables de la prison ont demand\u00e9 \u00e0 la famille de venir r\u00e9cup\u00e9rer les affaires de leur fille. Mais ils ne lui ont <a href=\"https:\/\/wncri.org\/fr\/2021\/07\/25\/la-campagne-pour-la-justice-en-faveur-des-victimes-du-massacre-de-1988\/\" target=\"_blank\" rel=\"noreferrer noopener\">donn\u00e9 aucune autre information<\/a>, la laissant sous le choc et incr\u00e9dule face \u00e0 la perte de leur fille.<\/p>\n","protected":false},"excerpt":{"rendered":"<p>CNRI Femmes &#8211; Les amis d&#8217;Azam Attarzadeh la connaissent sous le nom de Shahrbanou. Elle est n\u00e9e en 1961 \u00e0 Boroujerd, dans la province occidentale du Lorestan. Elle a poursuivi ses \u00e9tudes secondaires jusqu&#8217;\u00e0 l&#8217;obtention de son dipl\u00f4me, puis a travaill\u00e9 dans un centre culturel et \u00e9ducatif o\u00f9 elle a fait la connaissance de l&#8217;Organisation [&hellip;]<\/p>\n","protected":false},"author":4,"featured_media":13849,"comment_status":"closed","ping_status":"closed","sticky":false,"template":"","format":"standard","meta":{"jnews-multi-image_gallery":[],"jnews_single_post":{"subtitle":"","format":"standard","video":"","gallery":"","source_name":"","source_url":"","via_name":"","via_url":"","override":[{"template":"1","single_blog_custom":"","parallax":"1","fullscreen":"1","layout":"right-sidebar","sidebar":"default-sidebar","second_sidebar":"default-sidebar","sticky_sidebar":"1","share_position":"top","share_float_style":"share-monocrhome","show_share_counter":"1","show_view_counter":"1","show_featured":"1","show_post_meta":"1","show_post_author":"1","show_post_author_image":"1","show_post_date":"1","post_date_format":"default","post_date_format_custom":"Y\/m\/d","show_post_category":"1","post_reading_time_wpm":"300","zoom_button_out_step":"2","zoom_button_in_step":"3","show_post_tag":"1","show_prev_next_post":"1","show_popup_post":"1","number_popup_post":"1"}],"image_override":[{"single_post_thumbnail_size":"crop-500","single_post_gallery_size":"crop-500"}],"trending_post_position":"meta","trending_post_label":"Trending","sponsored_post_label":"Sponsored by","sponsored_post_name":"","sponsored_post_url":"","sponsored_post_logo":"","sponsored_post_desc":""},"jnews_primary_category":{"id":""},"jnews_social_meta":[],"jnews_override_counter":{"view_counter_number":"0","share_counter_number":"0","like_counter_number":"0","dislike_counter_number":"0"},"footnotes":""},"categories":[25],"tags":[367],"class_list":["post-13848","post","type-post","status-publish","format-standard","has-post-thumbnail","hentry","category-tombees-pour-la-liberte","tag-execution"],"_links":{"self":[{"href":"https:\/\/wncri.org\/fr\/wp-json\/wp\/v2\/posts\/13848","targetHints":{"allow":["GET"]}}],"collection":[{"href":"https:\/\/wncri.org\/fr\/wp-json\/wp\/v2\/posts"}],"about":[{"href":"https:\/\/wncri.org\/fr\/wp-json\/wp\/v2\/types\/post"}],"author":[{"embeddable":true,"href":"https:\/\/wncri.org\/fr\/wp-json\/wp\/v2\/users\/4"}],"replies":[{"embeddable":true,"href":"https:\/\/wncri.org\/fr\/wp-json\/wp\/v2\/comments?post=13848"}],"version-history":[{"count":0,"href":"https:\/\/wncri.org\/fr\/wp-json\/wp\/v2\/posts\/13848\/revisions"}],"wp:featuredmedia":[{"embeddable":true,"href":"https:\/\/wncri.org\/fr\/wp-json\/wp\/v2\/media\/13849"}],"wp:attachment":[{"href":"https:\/\/wncri.org\/fr\/wp-json\/wp\/v2\/media?parent=13848"}],"wp:term":[{"taxonomy":"category","embeddable":true,"href":"https:\/\/wncri.org\/fr\/wp-json\/wp\/v2\/categories?post=13848"},{"taxonomy":"post_tag","embeddable":true,"href":"https:\/\/wncri.org\/fr\/wp-json\/wp\/v2\/tags?post=13848"}],"curies":[{"name":"wp","href":"https:\/\/api.w.org\/{rel}","templated":true}]}}