{"id":13707,"date":"2021-07-18T10:28:00","date_gmt":"2021-07-18T08:28:00","guid":{"rendered":"https:\/\/wncri.org\/fr\/?p=13707"},"modified":"2021-08-06T11:03:56","modified_gmt":"2021-08-06T09:03:56","slug":"sommet-mondial-pour-un-iran-libre-lalternative-democratique-en-marche","status":"publish","type":"post","link":"https:\/\/wncri.org\/fr\/2021\/07\/18\/sommet-mondial-pour-un-iran-libre-lalternative-democratique-en-marche\/","title":{"rendered":"Sommet Mondial pour un Iran libre \u2013 L&#8217;alternative d\u00e9mocratique en marche vers la victoire"},"content":{"rendered":"\n<h2 class=\"wp-block-heading\"><em>1 029 personnalit\u00e9s politiques, dont 50 parlementaires d&#8217;Europe, du Canada, de pays arabes et musulmans, ainsi que 30 s\u00e9nateurs et membres du Congr\u00e8s am\u00e9ricains ont particip\u00e9 \u00e0 l&#8217;\u00e9v\u00e9nement.<\/em><\/h2>\n\n\n\n<p>Le Sommet mondial pour un Iran libre 2021 s&#8217;est tenu pendant trois jours, <a href=\"https:\/\/youtu.be\/YCNWn3HkELE\" target=\"_blank\" rel=\"noreferrer noopener\">du samedi 10 au 12 j<\/a>uillet 2021. L&#8217;\u00e9v\u00e9nement intitul\u00e9 \u00ab&nbsp;L&#8217;alternative d\u00e9mocratique en marche vers la victoire&nbsp;\u00bb a connect\u00e9 les membres de la diaspora iranienne et les partisans de la R\u00e9sistance iranienne en direct de 50.000 endroits dans 105 pays et des milliers de membres de la principale opposition iranienne, l&#8217;Organisation des Moudjahidine du peuple d&#8217;Iran (OMPI\/MEK), \u00e0 Achraf-3 en Albanie.<\/p>\n\n\n\n<p>En outre, 1 029 dignitaires politiques du monde entier, dont 11 anciens premiers ministres et 70 anciens ministres d&#8217;Europe, d&#8217;Am\u00e9rique du Nord et du Moyen-Orient, ainsi que 30 \u00e9minents s\u00e9nateurs am\u00e9ricains et membres de la Chambre des repr\u00e9sentants des partis d\u00e9mocrate et r\u00e9publicain ont assist\u00e9 \u00e0 ce sommet mondial, dont certains ont pris la parole. Quinze d\u00e9l\u00e9gations parlementaires europ\u00e9ennes, canadiennes et australiennes, ainsi que huit d\u00e9l\u00e9gations parlementaires arabes, ont \u00e9galement pris la parole.<\/p>\n\n\n\n<p>Simultan\u00e9ment, des milliers d&#8217;Iraniens se sont rassembl\u00e9s \u00e0 la porte de Brandebourg \u00e0 Berlin et dans 16 autres capitales et villes, dont Paris, Washington, Londres, Amsterdam, Stockholm, Oslo, Vienne, Rome et Gen\u00e8ve. Les rassemblements ont \u00e9t\u00e9 diffus\u00e9s en direct en m\u00eame temps que le sommet &#8220;Pour un Iran libre&#8221;.<\/p>\n\n\n\n<p>Le sommet a d\u00e9but\u00e9 chaque jour par un discours de<a href=\"https:\/\/wncri.org\/fr\/maryam-rajavi\/\" target=\"_blank\" rel=\"noreferrer noopener\"> Maryam Radjav<\/a><a href=\"https:\/\/www.maryam-rajavi.com\/en\/biography\/\" target=\"_blank\" rel=\"noreferrer noopener\">i<\/a>, pr\u00e9sidente \u00e9lue du CNRI, sur le statut du r\u00e9gime cl\u00e9rical et de la R\u00e9sistance iranienne, la menace nucl\u00e9aire du r\u00e9gime et la n\u00e9cessit\u00e9 d&#8217;enqu\u00eater sur les crimes des dirigeants du r\u00e9gime.&nbsp;<\/p>\n\n\n\n<p>Voici des extraits des discours de certaines des femmes les plus \u00e9minentes du monde qui se sont adress\u00e9es au Sommet mondial pour un Iran libre 2021, class\u00e9s par ordre alphab\u00e9tique.<\/p>\n\n\n\n<div class=\"wp-block-image\"><figure class=\"aligncenter size-full is-resized\"><img decoding=\"async\" src=\"data:image\/gif;base64,R0lGODlhAQABAIAAAAAAAP\/\/\/yH5BAEAAAAALAAAAAABAAEAAAIBRAA7\" data-src=\"https:\/\/wncri.org\/fr\/wp-content\/uploads\/2021\/07\/Michelle-Alliot-Marie-en.jpg\" alt=\"Mich\u00e8le Alliot-Marie\" class=\"wp-image-13742 lazyload\" width=\"881\" height=\"441\"\/><noscript><img decoding=\"async\" src=\"https:\/\/wncri.org\/fr\/wp-content\/uploads\/2021\/07\/Michelle-Alliot-Marie-en.jpg\" alt=\"Mich\u00e8le Alliot-Marie\" class=\"wp-image-13742 lazyload\" width=\"881\" height=\"441\" srcset=\"https:\/\/wncri.org\/fr\/wp-content\/uploads\/2021\/07\/Michelle-Alliot-Marie-en.jpg 750w, https:\/\/wncri.org\/fr\/wp-content\/uploads\/2021\/07\/Michelle-Alliot-Marie-en-300x150.jpg 300w, https:\/\/wncri.org\/fr\/wp-content\/uploads\/2021\/07\/Michelle-Alliot-Marie-en-360x180.jpg 360w\" sizes=\"(max-width: 881px) 100vw, 881px\" \/><\/noscript><\/figure><\/div>\n\n\n\n<h3 class=\"wp-block-heading\"><strong>Mich\u00e8le Alliot-Marie<\/strong><\/h3>\n\n\n\n<p><strong>Ancienne ministre des Affaires \u00e9trang\u00e8res, de la D\u00e9fense, de la Justice et de l&#8217;Int\u00e9rieur &#8211; France<\/strong><\/p>\n\n\n\n<p>Toutes mes salutations amicales \u00e0 Maryam Radjavi, je voudrais remercier votre pr\u00e9sidente de m&#8217;avoir invit\u00e9e une nouvelle fois \u00e0 venir participer \u00e0 votre grand rassemblement annuel. C&#8217;est vrai que ce rassemblement, une fois de plus, se passe dans des conditions particuli\u00e8res. Le Covid ne nous permet pas de nous rencontrer directement, que je pr\u00e9f\u00e8re d&#8217;une fa\u00e7on g\u00e9n\u00e9rale. Mais heureusement, la technologie nous permet n\u00e9anmoins de dialoguer. Et je pense que dans cette p\u00e9riode, c&#8217;est important, effectivement, de pouvoir continuer \u00e0 entretenir des relations, voire continuer \u00e0 r\u00e9fl\u00e9chir ensemble \u00e0 ce qui se passe dans le monde.<\/p>\n\n\n\n<p>Un monde toujours plus complexe, un monde qui a besoin de personnalit\u00e9s telles que Maryam Radjavi avec son attachement aux droits de l&#8217;homme, son attachement aux valeurs d\u00e9mocratiques, son attachement \u00e0 la la\u00efcit\u00e9 et aux droits des femmes \u00e0 pouvoir s&#8217;exprimer. Alors oui, Maryam Radjavi, que je vous souhaite une nouvelle fois de pouvoir continuer longtemps \u00e0 mener ce combat pour vos id\u00e9es, pour vos valeurs, qui est le v\u00f4tre.<\/p>\n\n\n\n<div class=\"wp-block-image\"><figure class=\"aligncenter size-full is-resized\"><img decoding=\"async\" src=\"data:image\/gif;base64,R0lGODlhAQABAIAAAAAAAP\/\/\/yH5BAEAAAAALAAAAAABAAEAAAIBRAA7\" data-src=\"https:\/\/wncri.org\/fr\/wp-content\/uploads\/2021\/07\/Attias-Dominioue-en.jpg\" alt=\"Dominique Attias\" class=\"wp-image-13711 lazyload\" width=\"855\" height=\"428\"\/><noscript><img decoding=\"async\" src=\"https:\/\/wncri.org\/fr\/wp-content\/uploads\/2021\/07\/Attias-Dominioue-en.jpg\" alt=\"Dominique Attias\" class=\"wp-image-13711 lazyload\" width=\"855\" height=\"428\" srcset=\"https:\/\/wncri.org\/fr\/wp-content\/uploads\/2021\/07\/Attias-Dominioue-en.jpg 750w, https:\/\/wncri.org\/fr\/wp-content\/uploads\/2021\/07\/Attias-Dominioue-en-300x150.jpg 300w, https:\/\/wncri.org\/fr\/wp-content\/uploads\/2021\/07\/Attias-Dominioue-en-360x180.jpg 360w\" sizes=\"(max-width: 855px) 100vw, 855px\" \/><\/noscript><\/figure><\/div>\n\n\n\n<h3 class=\"wp-block-heading\"><strong>Dominique Attias<\/strong><\/h3>\n\n\n\n<p><strong>Pr\u00e9sidente de la f\u00e9d\u00e9ration des&nbsp; barreaux d\u2019Europe, ancienne vice-b\u00e2tonni\u00e8re de Paris&nbsp;<\/strong><\/p>\n\n\n\n<p>Assassin ! L&#8217;Iran, ce grand pays, a \u00e0 sa t\u00eate d\u00e9sormais un assassin. Ebrahim Ra\u00efssi, ses mains rougies du sang de 30,000 hommes, femmes et enfants que sans piti\u00e9 alors qu&#8217;il \u00e9tait procureur g\u00e9n\u00e9ral adjoint de T\u00e9h\u00e9ran, il a fait assassiner. C&#8217;\u00e9tait en 1988. Pendant l&#8217;\u00e9t\u00e9. Depuis ce funeste \u00e9t\u00e9, aucune condamnation internationale n\u2019est intervenue. Apr\u00e8s le terrible massacre de Srebrenica en 1995, o\u00f9 8000 hommes avaient perdu la vie, Ratko Mladic a \u00e9t\u00e9 jug\u00e9 et condamn\u00e9 \u00e0 perp\u00e9tuit\u00e9. Ici, aujourd&#8217;hui, je vous parle de trente mille personnes. Qu&#8217;ont fait les Nations unies ? Que fait l\u2019Europe ? Que va faire l&#8217;Europe contre le r\u00e9gime iranien ? Et le d\u00e9sormais pr\u00e9sident, Ebrahim Ra\u00efssi, coupable, coupable d&#8217;un crime contre l&#8217;humanit\u00e9 ? Oui, je qualifie ces crimes, comme des crimes contre l&#8217;humanit\u00e9, il n&#8217;est pas envisageable que, pour des raisons \u00e9conomiques, les dirigeants europ\u00e9ens se taisent. Et ainsi, perdent leur \u00e2me. Comment faire croire \u00e0 nos concitoyens que l&#8217;Europe est l&#8217;Europe des peuples si l&#8217;ex\u00e9cution de 30,000 hommes, femmes et enfants est pass\u00e9e sous silence ? (\u2026) Ce qui est arriv\u00e9 \u00e0 nos portes peut un jour se produire chez nous. Il n&#8217;est pas envisageable de ne pas r\u00e9agir. En mai dernier, comme bien d&#8217;autres, j&#8217;ai sollicit\u00e9 de la Haute-Commissaire aux Nations unies que soit cr\u00e9\u00e9 une commission d&#8217;enqu\u00eate afin de faire toute la lumi\u00e8re sur ce massacre. &nbsp;<\/p>\n\n\n\n<div class=\"wp-block-image\"><figure class=\"aligncenter size-full is-resized\"><img decoding=\"async\" src=\"data:image\/gif;base64,R0lGODlhAQABAIAAAAAAAP\/\/\/yH5BAEAAAAALAAAAAABAAEAAAIBRAA7\" data-src=\"https:\/\/wncri.org\/fr\/wp-content\/uploads\/2021\/07\/Kelly-Ayotte-en-min.jpg\" alt=\"La s\u00e9natrice am\u00e9ricaine Kelly Ayotte (R\u00e9publicaine)\" class=\"wp-image-13732 lazyload\" width=\"882\" height=\"441\"\/><noscript><img decoding=\"async\" src=\"https:\/\/wncri.org\/fr\/wp-content\/uploads\/2021\/07\/Kelly-Ayotte-en-min.jpg\" alt=\"La s\u00e9natrice am\u00e9ricaine Kelly Ayotte (R\u00e9publicaine)\" class=\"wp-image-13732 lazyload\" width=\"882\" height=\"441\" srcset=\"https:\/\/wncri.org\/fr\/wp-content\/uploads\/2021\/07\/Kelly-Ayotte-en-min.jpg 750w, https:\/\/wncri.org\/fr\/wp-content\/uploads\/2021\/07\/Kelly-Ayotte-en-min-300x150.jpg 300w, https:\/\/wncri.org\/fr\/wp-content\/uploads\/2021\/07\/Kelly-Ayotte-en-min-360x180.jpg 360w\" sizes=\"(max-width: 882px) 100vw, 882px\" \/><\/noscript><\/figure><\/div>\n\n\n\n<h3 class=\"wp-block-heading\"><strong>La s\u00e9natrice am\u00e9ricaine Kelly Ayotte (R\u00e9publicaine)<\/strong><\/h3>\n\n\n\n<p><strong>Ancien membre de la commission des services arm\u00e9s du S\u00e9nat (2011-2017), 27e procureur g\u00e9n\u00e9ral du New Hampshire &#8211; USA<\/strong><\/p>\n\n\n\n<p>Nous savons que Ra\u00efssi a \u00e9t\u00e9 choisi par le guide supr\u00eame et ses hommes de main. Il a un long pass\u00e9 de violation des droits humains. Il a \u00e9t\u00e9 impliqu\u00e9 dans le meurtre de plus de 30 000 prisonniers politiques. Ses victimes ont \u00e9t\u00e9 tortur\u00e9es, viol\u00e9es, assassin\u00e9es et jet\u00e9es dans des tombes non marqu\u00e9es o\u00f9 les membres de leur famille n&#8217;ont m\u00eame pas pu les enterrer correctement ou bien savoir o\u00f9 elles se trouvent.&nbsp;<\/p>\n\n\n\n<p>Les Nations unies doivent enqu\u00eater sur ces meurtres. Et ne doivent donner aucune l\u00e9gitimit\u00e9 \u00e0 la pr\u00e9sidence d&#8217;Ebrahim Ra\u00efssi. Mais nous savons heureusement qu&#8217;il existe une alternative et qu&#8217;il y a de l&#8217;espoir pour le peuple iranien. Mme Radjavi et le CNRI ont un plan en 10 points qui envisage un avenir pacifique pour l&#8217;Iran. Un avenir d\u00e9mocratique pour l&#8217;Iran.<\/p>\n\n\n\n<p>J&#8217;appelle le pr\u00e9sident Biden \u00e0 rejeter toute complaisance avec le guide supr\u00eame Khamenei, ou le nouveau pr\u00e9sident en Iran. Il est temps de r\u00e9imposer des sanctions plus s\u00e9v\u00e8res \u00e0 l&#8217;Iran. Il est temps de soutenir pleinement le peuple iranien et de se tenir aux c\u00f4t\u00e9s du CNRI.<\/p>\n\n\n\n<div class=\"wp-block-image\"><figure class=\"aligncenter size-full is-resized\"><img decoding=\"async\" src=\"data:image\/gif;base64,R0lGODlhAQABAIAAAAAAAP\/\/\/yH5BAEAAAAALAAAAAABAAEAAAIBRAA7\" data-src=\"https:\/\/wncri.org\/fr\/wp-content\/uploads\/2021\/07\/Betty-Boothroyd.jpg\" alt=\"Baroness Betty Boothroyd\" class=\"wp-image-13714 lazyload\" width=\"884\" height=\"442\"\/><noscript><img decoding=\"async\" src=\"https:\/\/wncri.org\/fr\/wp-content\/uploads\/2021\/07\/Betty-Boothroyd.jpg\" alt=\"Baroness Betty Boothroyd\" class=\"wp-image-13714 lazyload\" width=\"884\" height=\"442\" srcset=\"https:\/\/wncri.org\/fr\/wp-content\/uploads\/2021\/07\/Betty-Boothroyd.jpg 750w, https:\/\/wncri.org\/fr\/wp-content\/uploads\/2021\/07\/Betty-Boothroyd-300x150.jpg 300w, https:\/\/wncri.org\/fr\/wp-content\/uploads\/2021\/07\/Betty-Boothroyd-360x180.jpg 360w\" sizes=\"(max-width: 884px) 100vw, 884px\" \/><\/noscript><\/figure><\/div>\n\n\n\n<h3 class=\"wp-block-heading\"><strong>Baroness Betty Boothroyd, ancienne pr\u00e9sidente de la Chambre des communes du Royaume-Uni (1992-2000)<\/strong><\/h3>\n\n\n\n<p>Le peuple iranien n&#8217;a pas eu le choix, mais il a fait un choix tr\u00e8s clair. Le moment venu, son choix s&#8217;est port\u00e9 sur un boycott national retentissant de l&#8217;\u00e9lection bidon du r\u00e9gime. Comme l&#8217;a dit mon amie Maryam, le peuple a montr\u00e9 au dictateur iranien et au monde entier qu&#8217;il voulait un vrai changement, un changement authentique et non une mascarade d&#8217;homme d&#8217;Etat&#8230;<\/p>\n\n\n\n<p>Ce n&#8217;est pas un hasard si des femmes de tous \u00e2ges sont \u00e0 l&#8217;avant-garde de ce mouvement de r\u00e9sistance populaire contre le r\u00e9gime. J&#8217;admire le r\u00f4le que les femmes jouent et le courage dont elles font preuve&#8230;<\/p>\n\n\n\n<p>Mes amis, le temps est venu de reconna\u00eetre cette alternative d\u00e9mocratique et ce mouvement populaire \u00e0 sa marche certaine vers la victoire pour un Iran libre.<\/p>\n\n\n\n<div class=\"wp-block-image\"><figure class=\"aligncenter size-full is-resized\"><img decoding=\"async\" src=\"data:image\/gif;base64,R0lGODlhAQABAIAAAAAAAP\/\/\/yH5BAEAAAAALAAAAAABAAEAAAIBRAA7\" data-src=\"https:\/\/wncri.org\/fr\/wp-content\/uploads\/2021\/07\/Donna-Brazile-en.jpg\" alt=\"Donna Brazile\" class=\"wp-image-13718 lazyload\" width=\"917\" height=\"459\"\/><noscript><img decoding=\"async\" src=\"https:\/\/wncri.org\/fr\/wp-content\/uploads\/2021\/07\/Donna-Brazile-en.jpg\" alt=\"Donna Brazile\" class=\"wp-image-13718 lazyload\" width=\"917\" height=\"459\" srcset=\"https:\/\/wncri.org\/fr\/wp-content\/uploads\/2021\/07\/Donna-Brazile-en.jpg 750w, https:\/\/wncri.org\/fr\/wp-content\/uploads\/2021\/07\/Donna-Brazile-en-300x150.jpg 300w, https:\/\/wncri.org\/fr\/wp-content\/uploads\/2021\/07\/Donna-Brazile-en-360x180.jpg 360w\" sizes=\"(max-width: 917px) 100vw, 917px\" \/><\/noscript><\/figure><\/div>\n\n\n\n<p><strong>Donna Brazile<\/strong><strong><\/strong><\/p>\n\n\n\n<p><strong>Pr\u00e9sidente du parti d\u00e9mocrate am\u00e9ricain (2016-2017) &nbsp;<\/strong><\/p>\n\n\n\n<p>Aujourd&#8217;hui, je me joins \u00e0 vous en signe de solidarit\u00e9. Et c&#8217;est le 40e anniversaire de la fondation du Conseil national de la R\u00e9sistance iranienne. Applaudissons pour ces 40 ann\u00e9es d\u2019existence et pour le leadership de la pr\u00e9sidente \u00e9lue, Mme Maryam Radjavi.<\/p>\n\n\n\n<p>La lutte pour l&#8217;autod\u00e9termination, l&#8217;\u00e9galit\u00e9 et les droits humains est souvent difficile et toujours longue. N&#8217;abandonnez jamais, ne baissez jamais les bras. Vous ne devez jamais oublier que lorsque vous \u00eates du c\u00f4t\u00e9 de l&#8217;\u00e9galit\u00e9 universelle, vous \u00eates du c\u00f4t\u00e9 de la v\u00e9rit\u00e9. Je veux que vous sachiez personnellement que cette fille du Sud que je suis, cette ancienne pr\u00e9sidente du Parti d\u00e9mocrate, cette femme qui continue de croire en la justice et l&#8217;\u00e9galit\u00e9, est avec vous. Et les voix de vos compatriotes am\u00e9ricains sont avec vous. Nous nous inspirerons de votre courage et de votre pers\u00e9v\u00e9rance, et nous serons \u00e0 vos c\u00f4t\u00e9s, et nous serons avec vous, le jour o\u00f9 nous pourrons nous rassembler sur cette place.<\/p>\n\n\n\n<div class=\"wp-block-image\"><figure class=\"aligncenter size-full is-resized\"><img decoding=\"async\" src=\"data:image\/gif;base64,R0lGODlhAQABAIAAAAAAAP\/\/\/yH5BAEAAAAALAAAAAABAAEAAAIBRAA7\" data-src=\"https:\/\/wncri.org\/fr\/wp-content\/uploads\/2021\/07\/Candice-Bergen.jpg\" alt=\"Candice Bergen\" class=\"wp-image-13715 lazyload\" width=\"880\" height=\"440\"\/><noscript><img decoding=\"async\" src=\"https:\/\/wncri.org\/fr\/wp-content\/uploads\/2021\/07\/Candice-Bergen.jpg\" alt=\"Candice Bergen\" class=\"wp-image-13715 lazyload\" width=\"880\" height=\"440\" srcset=\"https:\/\/wncri.org\/fr\/wp-content\/uploads\/2021\/07\/Candice-Bergen.jpg 750w, https:\/\/wncri.org\/fr\/wp-content\/uploads\/2021\/07\/Candice-Bergen-300x150.jpg 300w, https:\/\/wncri.org\/fr\/wp-content\/uploads\/2021\/07\/Candice-Bergen-360x180.jpg 360w\" sizes=\"(max-width: 880px) 100vw, 880px\" \/><\/noscript><\/figure><\/div>\n\n\n\n<h3 class=\"wp-block-heading\"><strong>Candice Bergen<\/strong><\/h3>\n\n\n\n<p><strong>D\u00e9put\u00e9e, vice-pr\u00e9sidente du Parti conservateur &#8211; Canada<\/strong><\/p>\n\n\n\n<p>Je suis la vice-pr\u00e9sidente chef adjoint du Parti conservateur du Canada et je suis ici pour apporter notre soutien au grand mouvement pour la libert\u00e9 en Iran. Les conservateurs du Canada soutiennent ce \u00e0 quoi vous aspirez et le travail que vous accomplissez.<\/p>\n\n\n\n<p>En fait, nous avons pr\u00e9sent\u00e9 une motion au Parlement canadien pour d\u00e9signer les gardiens de la r\u00e9volution comme une entit\u00e9 terroriste.<\/p>\n\n\n\n<p>Seulement 10 % des Iraniens se sont pr\u00e9sent\u00e9s \u00e0 cette soi-disant \u00e9lection qui a mis au pouvoir un des hommes les plus horribles et les plus violents que m\u00eame Amnesty International a qualifi\u00e9 de boucher.<\/p>\n\n\n\n<p>Le peuple iranien m\u00e9rite la libert\u00e9. Il m\u00e9rite l&#8217;\u00e9galit\u00e9. Ils m\u00e9ritent des opportunit\u00e9s, et cet horrible r\u00e9gime en Iran doit \u00eatre renvers\u00e9, et c&#8217;est pourquoi nous vous soutenons.<\/p>\n\n\n\n<div class=\"wp-block-image\"><figure class=\"aligncenter size-full is-resized\"><img decoding=\"async\" src=\"data:image\/gif;base64,R0lGODlhAQABAIAAAAAAAP\/\/\/yH5BAEAAAAALAAAAAABAAEAAAIBRAA7\" data-src=\"https:\/\/wncri.org\/fr\/wp-content\/uploads\/2021\/07\/Ingrid-Betancourt-en-min.jpg\" alt=\"Ingrid Betancourt\" class=\"wp-image-13727 lazyload\" width=\"873\" height=\"437\"\/><noscript><img decoding=\"async\" src=\"https:\/\/wncri.org\/fr\/wp-content\/uploads\/2021\/07\/Ingrid-Betancourt-en-min.jpg\" alt=\"Ingrid Betancourt\" class=\"wp-image-13727 lazyload\" width=\"873\" height=\"437\" srcset=\"https:\/\/wncri.org\/fr\/wp-content\/uploads\/2021\/07\/Ingrid-Betancourt-en-min.jpg 750w, https:\/\/wncri.org\/fr\/wp-content\/uploads\/2021\/07\/Ingrid-Betancourt-en-min-300x150.jpg 300w, https:\/\/wncri.org\/fr\/wp-content\/uploads\/2021\/07\/Ingrid-Betancourt-en-min-360x180.jpg 360w\" sizes=\"(max-width: 873px) 100vw, 873px\" \/><\/noscript><\/figure><\/div>\n\n\n\n<h3 class=\"wp-block-heading\"><strong>Ingrid Betancourt<\/strong><\/h3>\n\n\n\n<p><strong>Franco-colombienne, ancienne s\u00e9natrice et candidate \u00e0 la pr\u00e9sidence de la Colombie<\/strong><\/p>\n\n\n\n<p>Alors que je vous observe tous, en particulier Maryam Radjavi, son attitude, son comportement et sa d\u00e9termination, je suis frapp\u00e9e et \u00e9mue par le contraste et le sens existant entre cette femme, un v\u00e9ritable leader exceptionnel, hissant le drapeau du courage et de la d\u00e9termination, le drapeau de la r\u00e9sistance et de la d\u00e9mocratie, des droits humains, de l&#8217;\u00e9tat de droit et de l&#8217;\u00e9galit\u00e9 des sexes, et cet autre homme, Ebrahim Ra\u00efssi, le pr\u00e9sident officiellement d\u00e9sign\u00e9 de l&#8217;Iran arrivant au pouvoir apr\u00e8s une \u00e9lection truqu\u00e9e et ridiculis\u00e9e par le plus faible taux de participation jamais enregistr\u00e9. Une \u00e9lection men\u00e9e sous une r\u00e9pression extr\u00eame, dans laquelle les femmes, les minorit\u00e9s religieuses et les opposants ont \u00e9t\u00e9 priv\u00e9s de la possibilit\u00e9 de se pr\u00e9senter. Une \u00e9lection o\u00f9 les citoyens ont \u00e9t\u00e9 intimid\u00e9s et les journalistes arr\u00eat\u00e9s pour les emp\u00eacher d&#8217;informer sur cet homme, l&#8217;ancien chef du pouvoir judiciaire iranien, connu aussi comme &#8220;le boucher&#8221; pour ses crimes contre l&#8217;humanit\u00e9, les meurtres de masse depuis 1988 qui se poursuivent jusqu&#8217;\u00e0 aujourd&#8217;hui, les disparitions forc\u00e9es et les tortures (\u2026)&nbsp;&nbsp;<\/p>\n\n\n\n<p>Peu importe le masque qu&#8217;ils choisissent de porter, Ahmadinejad, Rohani, Ra\u00efssi, ils sont tous pareils. Ils font tous partie de ce monstre assoiff\u00e9 de sang assis dans l&#8217;histoire au m\u00e9pris des valeurs que nous partageons (\u2026)<\/p>\n\n\n\n<p>Mais ils savent qu&#8217;ils ne l&#8217;emporteront pas. La fin est l\u00e0, elle a un nom et un visage. Le nom est celui de chaque Achrafien, et le visage est le v\u00f4tre, Maryam Radjavi. C&#8217;est gr\u00e2ce \u00e0 l&#8217;exemple de votre r\u00e9silience et de votre d\u00e9termination que les jeunes en Iran osent d\u00e9fier ce r\u00e9gime homicide (\u2026)<\/p>\n\n\n\n<p>C&#8217;est parce que les jeunes Iraniens le savent, qu&#8217;ils vous suivent. C&#8217;est parce qu&#8217;il y a le visage de la femme qui a souffert et qui n&#8217;abandonne pas, qui repr\u00e9sente la force et le bien en pur contraste avec les visages mal\u00e9fiques des mollahs que les Iraniens envisagent aujourd&#8217;hui la fin de leur cauchemar.<\/p>\n\n\n\n<p>C&#8217;est gr\u00e2ce \u00e0 vous, Achrafiens, que les gens dans toutes les r\u00e9gions d&#8217;Iran s&#8217;organisent. Ils veulent \u00eatre pr\u00eats pour la transition vers la d\u00e9mocratie que Maryam Radjavi leur a promise.<\/p>\n\n\n\n<p>Les sacrifices que chacun de vous a faits, chaque goutte de sang et de sueur, chaque expression d&#8217;espoir et d&#8217;affection, chaque effort que vous avez accompli pour survivre ont port\u00e9 leurs fruits. Rien n&#8217;est perdu. Chaque mot s&#8217;\u00e9panouit. Vous \u00eates la fin de la tyrannie.<\/p>\n\n\n\n<p>Chacun d&#8217;entre vous est la cl\u00e9 de la libert\u00e9 (&#8230;) Nous sommes ici en sachant que vous \u00eates irrempla\u00e7ables et indispensables \u00e0 la survie de l&#8217;Iran. Avec notre admiration et notre foi en votre triomphe, nous voulons magnifier vos r\u00e9alisations, honorer votre choix h\u00e9ro\u00efque et nous tenir \u00e0 vos c\u00f4t\u00e9s. Parce que le moment est venu d&#8217;avancer au rythme de la victoire jusqu&#8217;\u00e0 ce que vous gagniez.&nbsp;<\/p>\n\n\n\n<div class=\"wp-block-image\"><figure class=\"aligncenter size-full is-resized\"><img decoding=\"async\" src=\"data:image\/gif;base64,R0lGODlhAQABAIAAAAAAAP\/\/\/yH5BAEAAAAALAAAAAABAAEAAAIBRAA7\" data-src=\"https:\/\/wncri.org\/fr\/wp-content\/uploads\/2021\/07\/Anna-BONFRISCO-en.jpg\" alt=\"Anna Bonfrisco\" class=\"wp-image-13709 lazyload\" width=\"885\" height=\"443\"\/><noscript><img decoding=\"async\" src=\"https:\/\/wncri.org\/fr\/wp-content\/uploads\/2021\/07\/Anna-BONFRISCO-en.jpg\" alt=\"Anna Bonfrisco\" class=\"wp-image-13709 lazyload\" width=\"885\" height=\"443\" srcset=\"https:\/\/wncri.org\/fr\/wp-content\/uploads\/2021\/07\/Anna-BONFRISCO-en.jpg 750w, https:\/\/wncri.org\/fr\/wp-content\/uploads\/2021\/07\/Anna-BONFRISCO-en-300x150.jpg 300w, https:\/\/wncri.org\/fr\/wp-content\/uploads\/2021\/07\/Anna-BONFRISCO-en-360x180.jpg 360w\" sizes=\"(max-width: 885px) 100vw, 885px\" \/><\/noscript><\/figure><\/div>\n\n\n\n<p><strong>Anna Bonfrisco<\/strong><\/p>\n\n\n\n<p><strong>Eurod\u00e9put\u00e9e italienne, membre de la commission des affaires \u00e9trang\u00e8res<\/strong><\/p>\n\n\n\n<p>Je m&#8217;exprime en tant que membre du Parlement europ\u00e9en et de sa commission des affaires \u00e9trang\u00e8res, pour soutenir le peuple iranien, et en particulier les femmes d&#8217;Iran, qui ont \u00e9t\u00e9 soumises \u00e0 la pire des r\u00e9pressions et des in\u00e9galit\u00e9s pendant plus de quatre d\u00e9cennies sous le r\u00e8gne d&#8217;un r\u00e9gime r\u00e9trograde et sanguinaire. Une discrimination sexiste inacceptable dans la loi, dans la pratique et dans les opinions a d\u00e9pouill\u00e9 les femmes et les filles de leur dignit\u00e9 et les a priv\u00e9es de la possibilit\u00e9 de participer \u00e0 la vie sociale et de b\u00e9n\u00e9ficier d&#8217;une assistance.<\/p>\n\n\n\n<p>N\u00e9anmoins, les femmes courageuses d&#8217;Iran et les m\u00e8res des victimes du soul\u00e8vement de novembre 2019 ont jou\u00e9 un r\u00f4le central dans la campagne de boycott des \u00e9lections du r\u00e9gime.<\/p>\n\n\n\n<p>En tant que membre du Parlement europ\u00e9en et en tant que citoyenne europ\u00e9enne, je demande au haut repr\u00e9sentant et aux chefs des \u00c9tats d\u00e9mocratiques d\u2019Europe, comment ils ont pu reconna\u00eetre la pr\u00e9sidence de Ra\u00efssi ? Comment pourraient-ils accepter comme leader politique quelqu&#8217;un qui a \u00e9mis des d\u00e9crets de mort ?<\/p>\n\n\n\n<p>Dans le cadre des n\u00e9gociations avec les repr\u00e9sentants d&#8217;un tel r\u00e9gime, il reste \u00e0 l&#8217;Union europ\u00e9enne \u00e0 condamner de mani\u00e8re d\u00e9cisive et sans crainte les pourparlers et \u00e0 y mettre fin.&nbsp;<\/p>\n\n\n\n<p>Il est imp\u00e9ratif de mettre fin \u00e0 l&#8217;impunit\u00e9 de ce r\u00e9gime et de poursuivre les auteurs de violations flagrantes des droits humains et de crimes contre l&#8217;humanit\u00e9, ainsi que de l&#8217;utilisation et de l&#8217;exportation des formes les plus violentes de terrorisme. Afin que le peuple iranien puisse jouir du bien-\u00eatre et de plus de ressources \u00e0 l&#8217;avenir.<\/p>\n\n\n\n<p>Je voudrais assurer Madame Radjavi, la dirigeante de la R\u00e9sistance iranienne, et toutes les m\u00e8res \u00e0 qui ont a enlev\u00e9 les enfants trop t\u00f4t, que vous avez mon ferme soutien.<\/p>\n\n\n\n<div class=\"wp-block-image\"><figure class=\"aligncenter size-full is-resized\"><img decoding=\"async\" src=\"data:image\/gif;base64,R0lGODlhAQABAIAAAAAAAP\/\/\/yH5BAEAAAAALAAAAAABAAEAAAIBRAA7\" data-src=\"https:\/\/wncri.org\/fr\/wp-content\/uploads\/2021\/07\/Maria-Candida-Almeida.jpg\" alt=\"Maria Candida Almeida\" class=\"wp-image-13739 lazyload\" width=\"893\" height=\"447\"\/><noscript><img decoding=\"async\" src=\"https:\/\/wncri.org\/fr\/wp-content\/uploads\/2021\/07\/Maria-Candida-Almeida.jpg\" alt=\"Maria Candida Almeida\" class=\"wp-image-13739 lazyload\" width=\"893\" height=\"447\" srcset=\"https:\/\/wncri.org\/fr\/wp-content\/uploads\/2021\/07\/Maria-Candida-Almeida.jpg 750w, https:\/\/wncri.org\/fr\/wp-content\/uploads\/2021\/07\/Maria-Candida-Almeida-300x150.jpg 300w, https:\/\/wncri.org\/fr\/wp-content\/uploads\/2021\/07\/Maria-Candida-Almeida-360x180.jpg 360w\" sizes=\"(max-width: 893px) 100vw, 893px\" \/><\/noscript><\/figure><\/div>\n\n\n\n<h3 class=\"wp-block-heading\"><strong>Maria Candida Almeida<\/strong><\/h3>\n\n\n\n<p><strong>Premi\u00e8re femme magistrat du Portugal, Procureur g\u00e9n\u00e9ral du Portugal jusqu&#8217;en 2015, Procureur g\u00e9n\u00e9ral adjoint en 2019<\/strong><\/p>\n\n\n\n<p>J&#8217;ai servi mon pays, le Portugal, en tant que procureur g\u00e9n\u00e9ral pendant 45 ans. Je suis fi\u00e8re de participer \u00e0 vos conf\u00e9rences, s\u00e9minaires et r\u00e9unions car avec vous, j&#8217;apprends toujours quelque chose de fondamental pour la vie des gens.<\/p>\n\n\n\n<p>Votre lutte pour la libert\u00e9, la d\u00e9mocratie et les droits humains est pour moi une le\u00e7on de r\u00e9sistance, de d\u00e9vouement, d&#8217;amour pour les autres et pour votre patrie.<\/p>\n\n\n\n<p>Mme Radjavi est une source d&#8217;inspiration pour moi ! Une combattante pour la libert\u00e9, une femme exceptionnelle et courageuse qui consacre sa vie \u00e0 son pays, luttant pour les droits \u00e9l\u00e9mentaires et fondamentaux des hommes et des femmes.<\/p>\n\n\n\n<div class=\"wp-block-image\"><figure class=\"aligncenter size-full is-resized\"><img decoding=\"async\" src=\"data:image\/gif;base64,R0lGODlhAQABAIAAAAAAAP\/\/\/yH5BAEAAAAALAAAAAABAAEAAAIBRAA7\" data-src=\"https:\/\/wncri.org\/fr\/wp-content\/uploads\/2021\/07\/Linda-chavez-en-min.jpg\" alt=\"Linda Chavez\" class=\"wp-image-13735 lazyload\" width=\"877\" height=\"439\"\/><noscript><img decoding=\"async\" src=\"https:\/\/wncri.org\/fr\/wp-content\/uploads\/2021\/07\/Linda-chavez-en-min.jpg\" alt=\"Linda Chavez\" class=\"wp-image-13735 lazyload\" width=\"877\" height=\"439\" srcset=\"https:\/\/wncri.org\/fr\/wp-content\/uploads\/2021\/07\/Linda-chavez-en-min.jpg 750w, https:\/\/wncri.org\/fr\/wp-content\/uploads\/2021\/07\/Linda-chavez-en-min-300x150.jpg 300w, https:\/\/wncri.org\/fr\/wp-content\/uploads\/2021\/07\/Linda-chavez-en-min-360x180.jpg 360w\" sizes=\"(max-width: 877px) 100vw, 877px\" \/><\/noscript><\/figure><\/div>\n\n\n\n<h3 class=\"wp-block-heading\"><strong>Linda Chavez<\/strong><\/h3>\n\n\n\n<p><strong>Ancienne directrice de l&#8217;Office des liaisons publiques de la Maison Blanche et pr\u00e9sidente du Centre pour l&#8217;\u00e9galit\u00e9 des chances &#8211; USA<\/strong><\/p>\n\n\n\n<p>Je pense qu&#8217;il est important de comprendre que l&#8217;Iran ne pers\u00e9cute pas seulement son propre peuple \u00e0 l&#8217;int\u00e9rieur de ses fronti\u00e8res, mais que sa port\u00e9e est mondiale. Ils sont constamment \u00e0 l&#8217;assaut pour essayer de tenir en \u00e9chec ceux qui veulent apporter la d\u00e9mocratie en Iran.<\/p>\n\n\n\n<p>Le g\u00e9n\u00e9ral Jones et d&#8217;autres intervenants nous ont parl\u00e9 tout au long de la journ\u00e9e des cons\u00e9quences incroyables du simulacre d&#8217;\u00e9lection cette ann\u00e9e en Iran, au cours de laquelle un v\u00e9ritable boucher a \u00e9t\u00e9 \u00e9lu. Ce n&#8217;est pas un homme dont les mains sont tremp\u00e9es de sang, c&#8217;est un homme dont tout le corps est tremp\u00e9 dans le sang des martyrs de la libert\u00e9 en Iran. Ce n&#8217;est pas quelqu&#8217;un avec qui les gouvernements raisonnables, les gouvernements d\u00e9mocratiques devraient traiter. Ce n&#8217;est pas quelqu&#8217;un qui repr\u00e9sente le peuple iranien. Il est simplement un repr\u00e9sentant des mollahs.<\/p>\n\n\n\n<p>Je dirais que le moment est venu pour ceux qui soutiennent la libert\u00e9 et la d\u00e9mocratie en Iran de se lever, de faire entendre leur voix, et pour ceux d&#8217;entre nous qui, en Occident, jouissent d\u00e9j\u00e0 de ces libert\u00e9s, de se tenir aux c\u00f4t\u00e9s de ceux qui sont en fait les phares de la libert\u00e9 pour le peuple iranien.<\/p>\n\n\n\n<div class=\"wp-block-image\"><figure class=\"aligncenter size-full is-resized\"><img decoding=\"async\" src=\"data:image\/gif;base64,R0lGODlhAQABAIAAAAAAAP\/\/\/yH5BAEAAAAALAAAAAABAAEAAAIBRAA7\" data-src=\"https:\/\/wncri.org\/fr\/wp-content\/uploads\/2021\/07\/Judy-Chu-en-min.jpg\" alt=\"Judy Chu \" class=\"wp-image-13730 lazyload\" width=\"879\" height=\"440\"\/><noscript><img decoding=\"async\" src=\"https:\/\/wncri.org\/fr\/wp-content\/uploads\/2021\/07\/Judy-Chu-en-min.jpg\" alt=\"Judy Chu \" class=\"wp-image-13730 lazyload\" width=\"879\" height=\"440\" srcset=\"https:\/\/wncri.org\/fr\/wp-content\/uploads\/2021\/07\/Judy-Chu-en-min.jpg 750w, https:\/\/wncri.org\/fr\/wp-content\/uploads\/2021\/07\/Judy-Chu-en-min-300x150.jpg 300w, https:\/\/wncri.org\/fr\/wp-content\/uploads\/2021\/07\/Judy-Chu-en-min-360x180.jpg 360w\" sizes=\"(max-width: 879px) 100vw, 879px\" \/><\/noscript><\/figure><\/div>\n\n\n\n<p><strong>Judy Chu (D\u00e9mocrate)<\/strong><\/p>\n\n\n\n<p><strong>Membre de la Chambre des repr\u00e9sentants am\u00e9ricaine<\/strong><\/p>\n\n\n\n<p>J&#8217;ai \u00e9t\u00e9 tr\u00e8s fi\u00e8re de coparrainer la r\u00e9solution 118 de la Chambre des repr\u00e9sentants. Cette r\u00e9solution condamne les attaques terroristes parrain\u00e9es par l&#8217;\u00c9tat iranien et exprime son soutien au peuple iranien qui est engag\u00e9 dans une protestation l\u00e9gitime et pacifique contre ce r\u00e9gime. Je suis fi\u00e8re que cette r\u00e9solution ait d\u00e9j\u00e0 246 coparrains bipartisans, soit la majorit\u00e9 de la Chambre.<\/p>\n\n\n\n<p>Le fait d&#8217;avoir un projet de loi bipartisan d&#8217;une telle ampleur condamnant le soutien du gouvernement iranien au terrorisme, envoie un signal clair au peuple iranien qu&#8217;il n&#8217;est pas seul. Ce message est d&#8217;autant plus important aujourd&#8217;hui que l&#8217;un des tueurs les plus brutaux d&#8217;Iran, Ebrahim Ra\u00efssi, vient d&#8217;\u00eatre \u00e9lu pr\u00e9sident lors d&#8217;une \u00e9lection qui n&#8217;\u00e9tait ni \u00e9quitable ni libre. Le peuple iranien m\u00e9rite d&#8217;\u00eatre lib\u00e9r\u00e9 de la domination dure et violente des mollahs iraniens. Et le monde m\u00e9rite d&#8217;\u00eatre \u00e0 l&#8217;abri du soutien iranien \u00e0 la terreur et \u00e0 la violence.<\/p>\n\n\n\n<div class=\"wp-block-image\"><figure class=\"aligncenter size-full is-resized\"><img decoding=\"async\" src=\"data:image\/gif;base64,R0lGODlhAQABAIAAAAAAAP\/\/\/yH5BAEAAAAALAAAAAABAAEAAAIBRAA7\" data-src=\"https:\/\/wncri.org\/fr\/wp-content\/uploads\/2021\/07\/Angie-Craig-en.jpg\" alt=\"Angie Craig \" class=\"wp-image-13708 lazyload\" width=\"893\" height=\"447\"\/><noscript><img decoding=\"async\" src=\"https:\/\/wncri.org\/fr\/wp-content\/uploads\/2021\/07\/Angie-Craig-en.jpg\" alt=\"Angie Craig \" class=\"wp-image-13708 lazyload\" width=\"893\" height=\"447\" srcset=\"https:\/\/wncri.org\/fr\/wp-content\/uploads\/2021\/07\/Angie-Craig-en.jpg 750w, https:\/\/wncri.org\/fr\/wp-content\/uploads\/2021\/07\/Angie-Craig-en-300x150.jpg 300w, https:\/\/wncri.org\/fr\/wp-content\/uploads\/2021\/07\/Angie-Craig-en-360x180.jpg 360w\" sizes=\"(max-width: 893px) 100vw, 893px\" \/><\/noscript><\/figure><\/div>\n\n\n\n<h3 class=\"wp-block-heading\"><strong>Angie Craig (D\u00e9mocrate)<\/strong><\/h3>\n\n\n\n<p><strong>Membre de la Chambre des repr\u00e9sentants am\u00e9ricaine<\/strong><\/p>\n\n\n\n<p>Au Congr\u00e8s, je m&#8217;efforce de soutenir la paix et la stabilit\u00e9 au Moyen-Orient en coparrainant la r\u00e9solution HR118, qui affirme sans ambigu\u00eft\u00e9 que le Congr\u00e8s am\u00e9ricain est du c\u00f4t\u00e9 du peuple iranien dans la lutte en cours pour apporter un changement fondamental et durable \u00e0 votre pays. En coparrainant cette r\u00e9solution, je me range aux c\u00f4t\u00e9s des membres des deux partis pour condamner les violations des droits humains commises par le r\u00e9gime iranien, notamment ses actions violentes visant \u00e0 r\u00e9primer un mouvement de protestation d\u00e9mocratique en 2019, qui ont entra\u00een\u00e9 la mort de pr\u00e8s de 1 500 Iraniens innocents. \u00c0 ce jour, d&#8217;innombrables Iraniens sont en d\u00e9tention pour le simple crime d&#8217;avoir exprim\u00e9 leur d\u00e9sir d&#8217;une d\u00e9mocratie v\u00e9ritable et ouverte.<\/p>\n\n\n\n<p>Les \u00c9tats-Unis doivent continuer \u00e0 travailler pour tenir ce r\u00e9gime responsable de son comportement hostile et ill\u00e9gal \u00e0 la fois contre ses propres citoyens et \u00e0 travers le monde. Je pense que le peuple iranien doit d\u00e9terminer l&#8217;avenir de l&#8217;Iran, et soutenir ces braves gens qui se sont courageusement dress\u00e9s contre le r\u00e9gime pour exiger des libert\u00e9s fondamentales pour leurs compatriotes.<\/p>\n\n\n\n<div class=\"wp-block-image\"><figure class=\"aligncenter size-full is-resized\"><img decoding=\"async\" src=\"data:image\/gif;base64,R0lGODlhAQABAIAAAAAAAP\/\/\/yH5BAEAAAAALAAAAAABAAEAAAIBRAA7\" data-src=\"https:\/\/wncri.org\/fr\/wp-content\/uploads\/2021\/07\/Lucinda-Creighton-en-min.jpg\" alt=\"Lucinda Creighton\" class=\"wp-image-13736 lazyload\" width=\"900\" height=\"450\"\/><noscript><img decoding=\"async\" src=\"https:\/\/wncri.org\/fr\/wp-content\/uploads\/2021\/07\/Lucinda-Creighton-en-min.jpg\" alt=\"Lucinda Creighton\" class=\"wp-image-13736 lazyload\" width=\"900\" height=\"450\" srcset=\"https:\/\/wncri.org\/fr\/wp-content\/uploads\/2021\/07\/Lucinda-Creighton-en-min.jpg 750w, https:\/\/wncri.org\/fr\/wp-content\/uploads\/2021\/07\/Lucinda-Creighton-en-min-300x150.jpg 300w, https:\/\/wncri.org\/fr\/wp-content\/uploads\/2021\/07\/Lucinda-Creighton-en-min-360x180.jpg 360w\" sizes=\"(max-width: 900px) 100vw, 900px\" \/><\/noscript><\/figure><\/div>\n\n\n\n<h3 class=\"wp-block-heading\"><strong>Lucinda Creighton<\/strong><strong><\/strong><\/h3>\n\n\n\n<p><strong>Ministre&nbsp; des affaires europ\u00e9ennes (2011-2013) &#8211; Irlande<\/strong><\/p>\n\n\n\n<p>La R\u00e9publique islamique d&#8217;Iran repr\u00e9sente une menace s\u00e9rieuse pour le Moyen-Orient et la communaut\u00e9 internationale en g\u00e9n\u00e9ral, en raison de son programme nucl\u00e9aire et de son soutien financier et logistique \u00e0 divers groupes terroristes.<\/p>\n\n\n\n<p>Pour moi, le processus non d\u00e9mocratique et les r\u00e9sultats des \u00e9lections sont un signe clair que l&#8217;\u00e9lite dirigeante en Iran est principalement int\u00e9ress\u00e9e \u00e0 perp\u00e9tuer son propre pouvoir, ce qui se fait aux d\u00e9pens de la population iranienne. Une population qui recherche d\u00e9sesp\u00e9r\u00e9ment la libert\u00e9 et la fin de la tyrannie.<\/p>\n\n\n\n<p>La situation des Iraniens ordinaires est tout simplement d\u00e9sastreuse. Depuis 2018, le pays a connu des soul\u00e8vements et des protestations \u00e0 l&#8217;\u00e9chelle nationale. Plus de 75 % des Iraniens sont contraints de survivre avec des revenus inf\u00e9rieurs au seuil de pauvret\u00e9.<\/p>\n\n\n\n<p>Certes, des \u00e9lections libres et \u00e9quitables n&#8217;ont jamais exist\u00e9 depuis la fondation de la R\u00e9publique islamique, mais la r\u00e9cente \u00e9lection a vu un abus flagrant du syst\u00e8me puisque Ra\u00efssi a \u00e9t\u00e9 d\u00e9sign\u00e9 comme le prochain pr\u00e9sident.<\/p>\n\n\n\n<p>Il a \u00e9t\u00e9 intimement impliqu\u00e9 dans les pratiques brutales du r\u00e9gime au fil des ans. Il a jou\u00e9 un r\u00f4le d\u00e9terminant et a \u00e9t\u00e9 officiellement impliqu\u00e9 dans les ex\u00e9cutions massives d&#8217;opposants au r\u00e9gime \u00e0 la fin des ann\u00e9es 1980, ainsi que dans la r\u00e9pression des manifestants en 2009. En tant que chef du pouvoir judiciaire, il a \u00e9galement \u00e9t\u00e9 impliqu\u00e9 dans les poursuites contre les dissidents jusqu&#8217;\u00e0 r\u00e9cemment.<\/p>\n\n\n\n<p>La s\u00e9lection de Ra\u00efssi repr\u00e9sente un obstacle suppl\u00e9mentaire \u00e0 la normalisation des relations avec l&#8217;Iran. Son \u00e9l\u00e9vation exacerbera les probl\u00e8mes int\u00e9rieurs et r\u00e9gionaux dans lesquels l&#8217;Iran est impliqu\u00e9, d&#8217;une mani\u00e8re ou d&#8217;une autre, dans tout le Moyen-Orient.<\/p>\n\n\n\n<div class=\"wp-block-image\"><figure class=\"aligncenter size-full is-resized\"><img decoding=\"async\" src=\"data:image\/gif;base64,R0lGODlhAQABAIAAAAAAAP\/\/\/yH5BAEAAAAALAAAAAABAAEAAAIBRAA7\" data-src=\"https:\/\/wncri.org\/fr\/wp-content\/uploads\/2021\/07\/Margarita-Duran-Vadell.jpg\" alt=\"Dr. Margarita Dur\u00e1n Vadell\" class=\"wp-image-13738 lazyload\" width=\"871\" height=\"436\"\/><noscript><img decoding=\"async\" src=\"https:\/\/wncri.org\/fr\/wp-content\/uploads\/2021\/07\/Margarita-Duran-Vadell.jpg\" alt=\"Dr. Margarita Dur\u00e1n Vadell\" class=\"wp-image-13738 lazyload\" width=\"871\" height=\"436\" srcset=\"https:\/\/wncri.org\/fr\/wp-content\/uploads\/2021\/07\/Margarita-Duran-Vadell.jpg 750w, https:\/\/wncri.org\/fr\/wp-content\/uploads\/2021\/07\/Margarita-Duran-Vadell-300x150.jpg 300w, https:\/\/wncri.org\/fr\/wp-content\/uploads\/2021\/07\/Margarita-Duran-Vadell-360x180.jpg 360w\" sizes=\"(max-width: 871px) 100vw, 871px\" \/><\/noscript><\/figure><\/div>\n\n\n\n<h3 class=\"wp-block-heading\"><strong>Dr. Margarita Dur\u00e1n Vadell<\/strong><\/h3>\n\n\n\n<p><strong>S\u00e9natrice espagnole (2011-2015), docteur en histoire et journaliste<\/strong><\/p>\n\n\n\n<p>Je veux exprimer ma solidarit\u00e9 et mon soutien au peuple iranien et saluer chaleureusement la dirigeante de la R\u00e9sistance, Maryam Radjavi.<\/p>\n\n\n\n<p>Le fait qu&#8217;Ebrahim Ra\u00efssi ait \u00e9t\u00e9 impliqu\u00e9 dans des violations flagrantes des droits humains au cours des quatre derni\u00e8res d\u00e9cennies, le fait qu&#8217;Ebrahim Ra\u00efssi ait \u00e9t\u00e9 en 1988 l&#8217;un des principaux responsables du crime le plus horrible du r\u00e9gime, \u00e0 savoir le massacre d&#8217;au moins 30.000 prisonniers politiques (en majorit\u00e9 des partisans de l&#8217;OMPI) ; cela d\u00e9montre le bienfond\u00e9 de l&#8217;\u00e9valuation de la r\u00e9sistance iranienne et de sa position au cours des 40 derni\u00e8res ann\u00e9es, comme quoi ce r\u00e9gime est incapable de r\u00e9formes, et nous montre bien, que le visage de Ra\u00efssi est le vrai visage du r\u00e9gime iranien.<\/p>\n\n\n\n<div class=\"wp-block-image\"><figure class=\"aligncenter size-full is-resized\"><img decoding=\"async\" src=\"data:image\/gif;base64,R0lGODlhAQABAIAAAAAAAP\/\/\/yH5BAEAAAAALAAAAAABAAEAAAIBRAA7\" data-src=\"https:\/\/wncri.org\/fr\/wp-content\/uploads\/2021\/07\/Joni-Ernst-en-min.jpg\" alt=\"Joni Ernst   \" class=\"wp-image-13729 lazyload\" width=\"878\" height=\"439\"\/><noscript><img decoding=\"async\" src=\"https:\/\/wncri.org\/fr\/wp-content\/uploads\/2021\/07\/Joni-Ernst-en-min.jpg\" alt=\"Joni Ernst   \" class=\"wp-image-13729 lazyload\" width=\"878\" height=\"439\" srcset=\"https:\/\/wncri.org\/fr\/wp-content\/uploads\/2021\/07\/Joni-Ernst-en-min.jpg 750w, https:\/\/wncri.org\/fr\/wp-content\/uploads\/2021\/07\/Joni-Ernst-en-min-300x150.jpg 300w, https:\/\/wncri.org\/fr\/wp-content\/uploads\/2021\/07\/Joni-Ernst-en-min-360x180.jpg 360w\" sizes=\"(max-width: 878px) 100vw, 878px\" \/><\/noscript><\/figure><\/div>\n\n\n\n<h3 class=\"wp-block-heading\"><strong>Joni Ernst &nbsp;&nbsp;<\/strong><\/h3>\n\n\n\n<p><strong>S\u00e9natrice r\u00e9publicaine des Etats-Unis<\/strong><\/p>\n\n\n\n<p>En tant que v\u00e9t\u00e9rante ayant servi les \u00c9tats-Unis en uniforme pendant plus de 23 ans, j&#8217;ai \u00e9t\u00e9 fier de me battre pour les libert\u00e9s et les droits que nous ch\u00e9rissons dans mon pays, les m\u00eames valeurs pour lesquelles vous vous battez aujourd&#8217;hui. Je continuerai d&#8217;exhorter le pr\u00e9sident des \u00c9tats-Unis \u00e0 se souvenir de la menace que repr\u00e9sentent les dirigeants iraniens tels qu&#8217;ils existent aujourd&#8217;hui et \u00e0 prendre des mesures pour ce qui est le mieux pour la paix et la s\u00e9curit\u00e9 dans le monde. J&#8217;esp\u00e8re que le peuple iranien pourra un jour se lib\u00e9rer de l&#8217;autoritarisme. J&#8217;attends avec impatience le jour o\u00f9 tous les hommes, femmes et enfants iraniens obtiendront la repr\u00e9sentation et les droits d&#8217;un peuple libre.<\/p>\n\n\n\n<div class=\"wp-block-image\"><figure class=\"aligncenter size-full is-resized\"><img decoding=\"async\" src=\"data:image\/gif;base64,R0lGODlhAQABAIAAAAAAAP\/\/\/yH5BAEAAAAALAAAAAABAAEAAAIBRAA7\" data-src=\"https:\/\/wncri.org\/fr\/wp-content\/uploads\/2021\/07\/Laurence-Fehlmann-Rielle-en-min.jpg\" alt=\"Laurence Fehlmann Rielle\" class=\"wp-image-13734 lazyload\" width=\"881\" height=\"441\"\/><noscript><img decoding=\"async\" src=\"https:\/\/wncri.org\/fr\/wp-content\/uploads\/2021\/07\/Laurence-Fehlmann-Rielle-en-min.jpg\" alt=\"Laurence Fehlmann Rielle\" class=\"wp-image-13734 lazyload\" width=\"881\" height=\"441\" srcset=\"https:\/\/wncri.org\/fr\/wp-content\/uploads\/2021\/07\/Laurence-Fehlmann-Rielle-en-min.jpg 750w, https:\/\/wncri.org\/fr\/wp-content\/uploads\/2021\/07\/Laurence-Fehlmann-Rielle-en-min-300x150.jpg 300w, https:\/\/wncri.org\/fr\/wp-content\/uploads\/2021\/07\/Laurence-Fehlmann-Rielle-en-min-360x180.jpg 360w\" sizes=\"(max-width: 881px) 100vw, 881px\" \/><\/noscript><\/figure><\/div>\n\n\n\n<p><strong>Laurence Fehlmann Rielle<\/strong><\/p>\n\n\n\n<p><strong>D\u00e9put\u00e9e f\u00e9d\u00e9rale suisse, pr\u00e9sidente de la commission des Affaires juridiques<\/strong><\/p>\n\n\n\n<p>Je suis t\u00e9moin de combats de Maryam Radjavi pour surmonter les obstacles et les facteurs qui s&#8217;opposent \u00e0 l&#8217;instauration de la libert\u00e9 en Iran. Je suis t\u00e9moin des nombreux obstacles qui se dressent sur son chemin. Malgr\u00e9 toutes ces difficult\u00e9s, elle n&#8217;abandonne jamais. Avec le mouvement de r\u00e9sistance, elle travaille avec courage pour r\u00e9aliser les aspirations des Iraniens \u00e0 la libert\u00e9 et \u00e0 la d\u00e9mocratie.<\/p>\n\n\n\n<p>Le r\u00e9gime des mollahs est au pouvoir depuis 42 ans. Il s&#8217;est livr\u00e9 \u00e0 de nombreux crime au nom de la religion. Une femme a tenu t\u00eate \u00e0 ce pouvoir misogyne, et surtout a ouvert la voie \u00e0 des milliers de femmes pour lutter dans ce sens. C&#8217;est une grande le\u00e7on pour nous.<\/p>\n\n\n\n<p>Le mouvement de la r\u00e9sistance iranienne est devenu une source d&#8217;espoir pour les Iraniens de l&#8217;int\u00e9rieur. Les femmes sont tr\u00e8s nombreuses dans les unit\u00e9s de r\u00e9sistance, c&#8217;est un signe de force et d&#8217;espoir. Le plan en 10 points de Maryam Radjavi pour l&#8217;avenir de l&#8217;Iran m\u00e9rite notre soutien parce qu&#8217;il garantit l&#8217;instauration de la d\u00e9mocratie en Iran Je souhaite vivement qu&#8217;un nouveau r\u00e9gime bas\u00e9 sur la d\u00e9mocratie, la la\u00efcit\u00e9, l&#8217;\u00e9galit\u00e9 entre femmes et hommes et la libert\u00e9 d&#8217;impose en Iran dans un proche avenir.<\/p>\n\n\n\n<div class=\"wp-block-image\"><figure class=\"aligncenter size-full is-resized\"><img decoding=\"async\" src=\"data:image\/gif;base64,R0lGODlhAQABAIAAAAAAAP\/\/\/yH5BAEAAAAALAAAAAABAAEAAAIBRAA7\" data-src=\"https:\/\/wncri.org\/fr\/wp-content\/uploads\/2021\/07\/Anna-Fotyga-en.jpg\" alt=\"Anna Fotyga \" class=\"wp-image-13710 lazyload\" width=\"870\" height=\"435\"\/><noscript><img decoding=\"async\" src=\"https:\/\/wncri.org\/fr\/wp-content\/uploads\/2021\/07\/Anna-Fotyga-en.jpg\" alt=\"Anna Fotyga \" class=\"wp-image-13710 lazyload\" width=\"870\" height=\"435\" srcset=\"https:\/\/wncri.org\/fr\/wp-content\/uploads\/2021\/07\/Anna-Fotyga-en.jpg 750w, https:\/\/wncri.org\/fr\/wp-content\/uploads\/2021\/07\/Anna-Fotyga-en-300x150.jpg 300w, https:\/\/wncri.org\/fr\/wp-content\/uploads\/2021\/07\/Anna-Fotyga-en-360x180.jpg 360w\" sizes=\"(max-width: 870px) 100vw, 870px\" \/><\/noscript><\/figure><\/div>\n\n\n\n<h3 class=\"wp-block-heading\"><strong>Anna Fotyga<\/strong><\/h3>\n\n\n\n<p><strong>Eurod\u00e9put\u00e9e, Secr\u00e9taire g\u00e9n\u00e9ral du parti ECR, ministre des affaires \u00e9trang\u00e8res de la Pologne (2006-2007)<\/strong><\/p>\n\n\n\n<p>Je m&#8217;adresse \u00e0 vous pour transmettre mes salutations et mes meilleurs v\u0153ux \u00e0 votre courageuse dirigeante, Maryam Radjavi, et \u00e0 vous tous.<\/p>\n\n\n\n<p>Je comprends que l&#8217;annonce des r\u00e9sultats de l\u2019\u00e9lection pr\u00e9sidentielle soit un sujet de d\u00e9ception pour beaucoup d&#8217;entre vous, sinon pour tous. Je pense que cela signifie une humiliation pour l&#8217;ensemble de la communaut\u00e9 internationale. Et soyez s\u00fbrs que nous sommes avec vous, que nous voulons soulever la question des droits humains en Iran, des droits r\u00e9els du peuple iranien \u00e0 avoir son pays souverain, d\u00e9mocratique, b\u00e9n\u00e9fique pour tous les gens ordinaires et se d\u00e9veloppant de mani\u00e8re \u00e0 leur permettre de vivre en paix.<\/p>\n\n\n\n<div class=\"wp-block-image\"><figure class=\"aligncenter size-full is-resized\"><img decoding=\"async\" src=\"data:image\/gif;base64,R0lGODlhAQABAIAAAAAAAP\/\/\/yH5BAEAAAAALAAAAAABAAEAAAIBRAA7\" data-src=\"https:\/\/wncri.org\/fr\/wp-content\/uploads\/2021\/07\/Elona-Gebrea.jpg\" alt=\"Elona Gjebrea\" class=\"wp-image-13719 lazyload\" width=\"876\" height=\"438\"\/><noscript><img decoding=\"async\" src=\"https:\/\/wncri.org\/fr\/wp-content\/uploads\/2021\/07\/Elona-Gebrea.jpg\" alt=\"Elona Gjebrea\" class=\"wp-image-13719 lazyload\" width=\"876\" height=\"438\" srcset=\"https:\/\/wncri.org\/fr\/wp-content\/uploads\/2021\/07\/Elona-Gebrea.jpg 750w, https:\/\/wncri.org\/fr\/wp-content\/uploads\/2021\/07\/Elona-Gebrea-300x150.jpg 300w, https:\/\/wncri.org\/fr\/wp-content\/uploads\/2021\/07\/Elona-Gebrea-360x180.jpg 360w\" sizes=\"(max-width: 876px) 100vw, 876px\" \/><\/noscript><\/figure><\/div>\n\n\n\n<h3 class=\"wp-block-heading\"><strong>Elona Gjebrea<\/strong><\/h3>\n\n\n\n<p><strong>D\u00e9put\u00e9e, secr\u00e9taire de la commission parlementaire des affaires \u00e9trang\u00e8res, ancienne vice-ministre de l&#8217;int\u00e9rieur &#8211; Albanie<\/strong><\/p>\n\n\n\n<p>Nous avons exprim\u00e9 notre pr\u00e9occupation concernant les violations des droits humains en Iran. Notre gouvernement a expuls\u00e9 l&#8217;ambassadeur du r\u00e9gime iranien d\u2019Albanie ainsi que trois diplomates de l&#8217;ambassade d&#8217;Iran pour leur r\u00f4le dans les complots terroristes \u00e0 Tirana.<\/p>\n\n\n\n<p>Comme l&#8217;a d\u00e9clar\u00e9 Madame Radjavi, l&#8217;installation de Ra\u00efssi refl\u00e8te le d\u00e9sespoir du r\u00e9gime face \u00e0 la perspective de son renversement. Ra\u00efssi doit \u00eatre jug\u00e9 par un tribunal international.<\/p>\n\n\n\n<p>La plupart des membres du Parlement albanais soutiennent le soul\u00e8vement national du peuple iranien et sa juste r\u00e9sistance pour la libert\u00e9 et la d\u00e9mocratie. Nous tous en Albanie, de diff\u00e9rents partis politiques, sommes unis pour la libert\u00e9 et la d\u00e9mocratie en Iran et pour soutenir la R\u00e9sistance iranienne, Madame Radjavi, et les habitants d&#8217;Achraf.<\/p>\n\n\n\n<div class=\"wp-block-image\"><figure class=\"aligncenter size-full is-resized\"><img decoding=\"async\" src=\"data:image\/gif;base64,R0lGODlhAQABAIAAAAAAAP\/\/\/yH5BAEAAAAALAAAAAABAAEAAAIBRAA7\" data-src=\"https:\/\/wncri.org\/fr\/wp-content\/uploads\/2021\/07\/Klajda-Gjusha-en-min.jpg\" alt=\"Klajda Gjusha\" class=\"wp-image-13733 lazyload\" width=\"874\" height=\"437\"\/><noscript><img decoding=\"async\" src=\"https:\/\/wncri.org\/fr\/wp-content\/uploads\/2021\/07\/Klajda-Gjusha-en-min.jpg\" alt=\"Klajda Gjusha\" class=\"wp-image-13733 lazyload\" width=\"874\" height=\"437\" srcset=\"https:\/\/wncri.org\/fr\/wp-content\/uploads\/2021\/07\/Klajda-Gjusha-en-min.jpg 750w, https:\/\/wncri.org\/fr\/wp-content\/uploads\/2021\/07\/Klajda-Gjusha-en-min-300x150.jpg 300w, https:\/\/wncri.org\/fr\/wp-content\/uploads\/2021\/07\/Klajda-Gjusha-en-min-360x180.jpg 360w\" sizes=\"(max-width: 874px) 100vw, 874px\" \/><\/noscript><\/figure><\/div>\n\n\n\n<h3 class=\"wp-block-heading\"><strong>Klajda Gjusha<\/strong><\/h3>\n\n\n\n<p><strong>Ministre de l&#8217;int\u00e9gration europ\u00e9enne (2013-2017) &#8211; Albanie<\/strong><\/p>\n\n\n\n<p>Je tiens \u00e0 vous f\u00e9liciter pour avoir organis\u00e9 un \u00e9v\u00e9nement international aussi extraordinaire afin que la voix du peuple iranien soit entendue dans le monde entier. J&#8217;appr\u00e9cie vraiment le travail de Madame Radjavi, de l\u2019OMPI et des \u00e9quipes qui se battent chaque jour pour la d\u00e9mocratie et les droits humains du peuple iranien.&nbsp;<\/p>\n\n\n\n<p>Je suis tr\u00e8s fi\u00e8re que l&#8217;Albanie soit devenue un refuge pour l&#8217;opposition iranienne et pour les personnes qui ont souffert et se sont oppos\u00e9es au r\u00e9gime qui s&#8217;est empar\u00e9 de l&#8217;\u00c9tat iranien.<\/p>\n\n\n\n<p>Ils repr\u00e9sentent une grande alternative pour l&#8217;avenir de l&#8217;Iran. Nous les soutenons donc ici en Albanie. Ce qui se passe en Iran est absolument inacceptable. Nous devrions tous tourner notre attention vers le peuple d&#8217;Iran.<\/p>\n\n\n\n<p>Je tiens \u00e0 vous rassurer que l&#8217;Albanie sera toujours un grand soutien du peuple iranien.<\/p>\n\n\n\n<div class=\"wp-block-image\"><figure class=\"aligncenter size-full is-resized\"><img decoding=\"async\" src=\"data:image\/gif;base64,R0lGODlhAQABAIAAAAAAAP\/\/\/yH5BAEAAAAALAAAAAABAAEAAAIBRAA7\" data-src=\"https:\/\/wncri.org\/fr\/wp-content\/uploads\/2021\/07\/Maggi-Hassan-en-min.jpg\" alt=\"Margaret Hassan \" class=\"wp-image-13737 lazyload\" width=\"883\" height=\"442\"\/><noscript><img decoding=\"async\" src=\"https:\/\/wncri.org\/fr\/wp-content\/uploads\/2021\/07\/Maggi-Hassan-en-min.jpg\" alt=\"Margaret Hassan \" class=\"wp-image-13737 lazyload\" width=\"883\" height=\"442\" srcset=\"https:\/\/wncri.org\/fr\/wp-content\/uploads\/2021\/07\/Maggi-Hassan-en-min.jpg 750w, https:\/\/wncri.org\/fr\/wp-content\/uploads\/2021\/07\/Maggi-Hassan-en-min-300x150.jpg 300w, https:\/\/wncri.org\/fr\/wp-content\/uploads\/2021\/07\/Maggi-Hassan-en-min-360x180.jpg 360w\" sizes=\"(max-width: 883px) 100vw, 883px\" \/><\/noscript><\/figure><\/div>\n\n\n\n<h3 class=\"wp-block-heading\"><strong>Margaret Hassan<\/strong><\/h3>\n\n\n\n<p><strong>S\u00e9natrice d\u00e9mocrate des Etats-Unis<\/strong><\/p>\n\n\n\n<p>Je suis fi\u00e8re de me consid\u00e9rer comme une alli\u00e9e et une amie dans ce combat pour la libert\u00e9, comme en t\u00e9moigne le soutien bipartisan \u00e0 cette conf\u00e9rence. D\u00e9mocrates et r\u00e9publicains sont solidaires de vous tous. Je continuerai \u00e0 soutenir une politique \u00e9trang\u00e8re am\u00e9ricaine qui d\u00e9fend les droits humains et soutient les mouvements d\u00e9mocratiques dans les pays opprim\u00e9s. Le r\u00e9gime de T\u00e9h\u00e9ran doit \u00eatre tenu pour responsable de ce qu&#8217;il traite les femmes comme des citoyens de seconde zone et qu&#8217;il pers\u00e9cute les d\u00e9fenseurs des droits humains, les journalistes et les minorit\u00e9s ethniques, et il doit surtout \u00eatre tenu pour responsable de son soutien continu au terrorisme.<\/p>\n\n\n\n<div class=\"wp-block-image\"><figure class=\"aligncenter size-full is-resized\"><img decoding=\"async\" src=\"data:image\/gif;base64,R0lGODlhAQABAIAAAAAAAP\/\/\/yH5BAEAAAAALAAAAAABAAEAAAIBRAA7\" data-src=\"https:\/\/wncri.org\/fr\/wp-content\/uploads\/2021\/07\/sheila-jackson-lee-en-min.jpg\" alt=\"Sheila Jackson Lee  \" class=\"wp-image-13750 lazyload\" width=\"873\" height=\"437\"\/><noscript><img decoding=\"async\" src=\"https:\/\/wncri.org\/fr\/wp-content\/uploads\/2021\/07\/sheila-jackson-lee-en-min.jpg\" alt=\"Sheila Jackson Lee  \" class=\"wp-image-13750 lazyload\" width=\"873\" height=\"437\" srcset=\"https:\/\/wncri.org\/fr\/wp-content\/uploads\/2021\/07\/sheila-jackson-lee-en-min.jpg 750w, https:\/\/wncri.org\/fr\/wp-content\/uploads\/2021\/07\/sheila-jackson-lee-en-min-300x150.jpg 300w, https:\/\/wncri.org\/fr\/wp-content\/uploads\/2021\/07\/sheila-jackson-lee-en-min-360x180.jpg 360w\" sizes=\"(max-width: 873px) 100vw, 873px\" \/><\/noscript><\/figure><\/div>\n\n\n\n<h3 class=\"wp-block-heading\"><strong>Sheila Jackson Lee &nbsp;<\/strong><\/h3>\n\n\n\n<p><strong>Membre d\u00e9mocrate de la Chambre des Repr\u00e9sentants des Etats-Unis<\/strong><\/p>\n\n\n\n<p>Cette conf\u00e9rence est si importante que, dans le cadre de mes fonctions ici au Congr\u00e8s am\u00e9ricain, j&#8217;ai pens\u00e9 qu&#8217;il \u00e9tait majeur de saluer la conf\u00e9rence 2021 Free Iran parce que nous voulons un Iran libre. Et nous voulons la d\u00e9mocratie qui est n\u00e9cessaire pour permettre aux femmes, aux enfants, aux jeunes et aux familles de dire \u00ab&nbsp;\u00e7a suffit, nous exigeons la d\u00e9mocratie&nbsp;\u00bb. Merci \u00e0 la s\u0153ur Maryam Radjavi qui a pr\u00e9sent\u00e9 son plan en 10 points pour exposer le r\u00f4le que l&#8217;Iran devrait jouer dans la protection des citoyens iraniens.<\/p>\n\n\n\n<p>J&#8217;ai \u00e9t\u00e9 heureuse de participer \u00e0 la lutte pour vous retirer, vous et l&#8217;opposition, de la liste des organisations terroristes. C&#8217;est un honneur de pouvoir me tenir \u00e0 vos c\u00f4t\u00e9s, vous qui aimez la d\u00e9mocratie. Merci Madame Maryam Radjavi pour votre leadership et tout ce que vous faites en tant que leader du peuple libre d&#8217;Iran.<\/p>\n\n\n\n<div class=\"wp-block-image\"><figure class=\"aligncenter size-full is-resized\"><img decoding=\"async\" src=\"data:image\/gif;base64,R0lGODlhAQABAIAAAAAAAP\/\/\/yH5BAEAAAAALAAAAAABAAEAAAIBRAA7\" data-src=\"https:\/\/wncri.org\/fr\/wp-content\/uploads\/2021\/07\/Deborah-Lee-James-en.jpg\" alt=\" Deborah Lee James\" class=\"wp-image-13717 lazyload\" width=\"886\" height=\"443\"\/><noscript><img decoding=\"async\" src=\"https:\/\/wncri.org\/fr\/wp-content\/uploads\/2021\/07\/Deborah-Lee-James-en.jpg\" alt=\" Deborah Lee James\" class=\"wp-image-13717 lazyload\" width=\"886\" height=\"443\" srcset=\"https:\/\/wncri.org\/fr\/wp-content\/uploads\/2021\/07\/Deborah-Lee-James-en.jpg 750w, https:\/\/wncri.org\/fr\/wp-content\/uploads\/2021\/07\/Deborah-Lee-James-en-300x150.jpg 300w, https:\/\/wncri.org\/fr\/wp-content\/uploads\/2021\/07\/Deborah-Lee-James-en-360x180.jpg 360w\" sizes=\"(max-width: 886px) 100vw, 886px\" \/><\/noscript><\/figure><\/div>\n\n\n\n<h3 class=\"wp-block-heading\"><strong>Deborah Lee James<\/strong><\/h3>\n\n\n\n<p><strong>23e ministre de l\u2019Arm\u00e9e de l\u2019air des Etats-Unis &nbsp;<\/strong><\/p>\n\n\n\n<p>Gr\u00e2ce \u00e0 vos efforts collectifs et au leadership de Mme Radjavi, vous avez envoy\u00e9 un message puissant au guide supr\u00eame de l&#8217;Iran, Khamenei, et \u00e0 ses acolytes. Ce message \u00e9tait tout simplement : Nous ne prendrons pas part \u00e0 votre simulacre d&#8217;\u00e9lection. Votre boycott r\u00e9ussi de l&#8217;\u00e9lection du 18 juin 2021, a bien s\u00fbr suivi quatre ann\u00e9es de protestations populaires. Ces \u00e9v\u00e9nements montrent au monde et au r\u00e9gime au pouvoir que le peuple iranien en a assez, assez des promesses non tenues, de l&#8217;incomp\u00e9tence \u00e9conomique, de la corruption syst\u00e9mique, du non-respect des droits humains et du traitement misogyne des femmes en Iran.<\/p>\n\n\n\n<p>Permettez-moi de r\u00e9fl\u00e9chir un instant \u00e0 ce dernier point, le traitement misogyne des femmes en Iran. Quelle ironie que les dirigeants traitent les femmes comme des moins que rien alors que ce mouvement de r\u00e9sistance est dirig\u00e9 par une femme et compos\u00e9 \u00e0 50 % de femmes. C&#8217;est ce m\u00eame mouvement qui finira par les faire tomber et quel jour de justice ce sera&nbsp;!<\/p>\n\n\n\n<p>Ebrahim Ra\u00efssi a le sang de beaucoup de personnes sur ses mains et le monde entier le sait. Selon Human Rights Watch et Amnesty International, cet homme devrait faire l&#8217;objet d&#8217;une enqu\u00eate et \u00eatre jug\u00e9 pour crimes contre l&#8217;humanit\u00e9, et non devenir le prochain pr\u00e9sident de l&#8217;Iran.<\/p>\n\n\n\n<p>Je vous le r\u00e9p\u00e8te, prenez courage. Le d\u00e9fi reste certainement tr\u00e8s difficile \u00e0 relever, mais votre unit\u00e9, votre sacrifice et votre pers\u00e9v\u00e9rance donneront certainement des r\u00e9sultats.<\/p>\n\n\n\n<div class=\"wp-block-image\"><figure class=\"aligncenter size-full is-resized\"><img decoding=\"async\" src=\"data:image\/gif;base64,R0lGODlhAQABAIAAAAAAAP\/\/\/yH5BAEAAAAALAAAAAABAAEAAAIBRAA7\" data-src=\"https:\/\/wncri.org\/fr\/wp-content\/uploads\/2021\/07\/mimi-kodheli-en-min.jpg\" alt=\"Mimi Kodheli\" class=\"wp-image-13743 lazyload\" width=\"904\" height=\"452\"\/><noscript><img decoding=\"async\" src=\"https:\/\/wncri.org\/fr\/wp-content\/uploads\/2021\/07\/mimi-kodheli-en-min.jpg\" alt=\"Mimi Kodheli\" class=\"wp-image-13743 lazyload\" width=\"904\" height=\"452\" srcset=\"https:\/\/wncri.org\/fr\/wp-content\/uploads\/2021\/07\/mimi-kodheli-en-min.jpg 750w, https:\/\/wncri.org\/fr\/wp-content\/uploads\/2021\/07\/mimi-kodheli-en-min-300x150.jpg 300w, https:\/\/wncri.org\/fr\/wp-content\/uploads\/2021\/07\/mimi-kodheli-en-min-360x180.jpg 360w\" sizes=\"(max-width: 904px) 100vw, 904px\" \/><\/noscript><\/figure><\/div>\n\n\n\n<h3 class=\"wp-block-heading\"><strong>Mimi Kodheli<\/strong><\/h3>\n\n\n\n<p><strong>D\u00e9put\u00e9e albanaise, pr\u00e9sidente de la commission des affaires \u00e9trang\u00e8res, vice-pr\u00e9sidente de l\u2019assembl\u00e9e parlementaire de l\u2019OTAN, ministre de la d\u00e9fense (2013-2017)&nbsp;&nbsp;<\/strong><\/p>\n\n\n\n<p>Je commencerai par f\u00e9liciter les organisateurs de cet \u00e9v\u00e9nement important et sp\u00e9cial, d&#8217;exprimer mon soutien au d\u00e9sir du peuple iranien d&#8217;avoir une r\u00e9publique d&#8217;Iran d\u00e9mocratique, la\u00efque, prosp\u00e8re et non nucl\u00e9aire, et de condamner les violations des droits humains et le terrorisme d&#8217;\u00c9tat.<\/p>\n\n\n\n<p>L&#8217;Albanie s&#8217;aligne pleinement sur les positions de l&#8217;UE, de l&#8217;OTAN, du Conseil de l&#8217;Europe et de l&#8217;AIEA sur les questions de d\u00e9mocratie, de droits humains, de s\u00e9curit\u00e9 internationale et nucl\u00e9aire li\u00e9es \u00e0 l&#8217;Iran. L&#8217;Albanie croit fermement et reste engag\u00e9e dans la sauvegarde et la promotion des principes et valeurs d\u00e9mocratiques.<\/p>\n\n\n\n<p>L&#8217;Albanie reste fermement engag\u00e9e aux c\u00f4t\u00e9s de l&#8217;OTAN, des \u00c9tats-Unis et d&#8217;autres pays partenaires dans la lutte contre le terrorisme international et contre tout acte mettant en danger la stabilit\u00e9 et la paix dans le monde.<\/p>\n\n\n\n<div class=\"wp-block-image\"><figure class=\"aligncenter size-full is-resized\"><img decoding=\"async\" src=\"data:image\/gif;base64,R0lGODlhAQABAIAAAAAAAP\/\/\/yH5BAEAAAAALAAAAAABAAEAAAIBRAA7\" data-src=\"https:\/\/wncri.org\/fr\/wp-content\/uploads\/2021\/07\/Ranjana-Kumari-en-min.jpg\" alt=\"Ranjana Kumari\" class=\"wp-image-13747 lazyload\" width=\"864\" height=\"432\"\/><noscript><img decoding=\"async\" src=\"https:\/\/wncri.org\/fr\/wp-content\/uploads\/2021\/07\/Ranjana-Kumari-en-min.jpg\" alt=\"Ranjana Kumari\" class=\"wp-image-13747 lazyload\" width=\"864\" height=\"432\" srcset=\"https:\/\/wncri.org\/fr\/wp-content\/uploads\/2021\/07\/Ranjana-Kumari-en-min.jpg 750w, https:\/\/wncri.org\/fr\/wp-content\/uploads\/2021\/07\/Ranjana-Kumari-en-min-300x150.jpg 300w, https:\/\/wncri.org\/fr\/wp-content\/uploads\/2021\/07\/Ranjana-Kumari-en-min-360x180.jpg 360w\" sizes=\"(max-width: 864px) 100vw, 864px\" \/><\/noscript><\/figure><\/div>\n\n\n\n<h3 class=\"wp-block-heading\"><strong>Ranjana Kumari<\/strong><\/h3>\n\n\n\n<p><strong>Directrice du Centre de Recherche Sociale (Inde)&nbsp;<\/strong><\/p>\n\n\n\n<p>Cet \u00e9v\u00e9nement intervient alors qu&#8217;un nouveau pr\u00e9sident a \u00e9t\u00e9 choisi pour &nbsp;les mollahs. Ebrahim Ra\u00efssi, \u00e9tait membre de la &#8220;commission de la mort&#8221; qui a envoy\u00e9 des milliers de prisonniers politiques \u00e0 la potence en 1988. Aucun de ces prisonniers n&#8217;avait \u00e9t\u00e9 condamn\u00e9 \u00e0 mort.<\/p>\n\n\n\n<p>Mais aujourd&#8217;hui, je voudrais vous parler de l&#8217;envers de cette tyrannie, \u00e0 savoir la r\u00e9sistance florissante de l&#8217;opposition iranienne et le pouvoir des femmes.<\/p>\n\n\n\n<p>Mme Radjavi a d\u00e9clar\u00e9 un jour, lors d&#8217;une conf\u00e9rence de femmes dont je me souviens tr\u00e8s bien, que l&#8217;exp\u00e9rience au sein de la R\u00e9sistance a clairement montr\u00e9 que vaincre le fl\u00e9au de l&#8217;in\u00e9galit\u00e9 est impossible sans un bond en avant. Ce qui signifie que les femmes comp\u00e9tentes devaient assumer des responsabilit\u00e9s du leadership sans le moindre degr\u00e9 d&#8217;anxi\u00e9t\u00e9. L&#8217;h\u00e9g\u00e9monie des femmes dans la R\u00e9sistance iranienne, en tant que changement de paradigme, a ouvert la voie \u00e0 la prise de responsabilit\u00e9s par les femmes dans tous les domaines.<\/p>\n\n\n\n<p>Lorsque vous vous attaquez \u00e0 la misogynie des mollahs, vous visez le c\u0153ur de leur id\u00e9ologie. C&#8217;est pourquoi il est important de se tenir aux c\u00f4t\u00e9s de Mme Radjavi et des femmes d&#8217;Iran.<\/p>\n\n\n\n<div class=\"wp-block-image\"><figure class=\"aligncenter size-full is-resized\"><img decoding=\"async\" src=\"data:image\/gif;base64,R0lGODlhAQABAIAAAAAAAP\/\/\/yH5BAEAAAAALAAAAAABAAEAAAIBRAA7\" data-src=\"https:\/\/wncri.org\/fr\/wp-content\/uploads\/2021\/07\/Mary-Landrieu-en-min.jpg\" alt=\"Mary Landrieu\" class=\"wp-image-13740 lazyload\" width=\"871\" height=\"436\"\/><noscript><img decoding=\"async\" src=\"https:\/\/wncri.org\/fr\/wp-content\/uploads\/2021\/07\/Mary-Landrieu-en-min.jpg\" alt=\"Mary Landrieu\" class=\"wp-image-13740 lazyload\" width=\"871\" height=\"436\" srcset=\"https:\/\/wncri.org\/fr\/wp-content\/uploads\/2021\/07\/Mary-Landrieu-en-min.jpg 750w, https:\/\/wncri.org\/fr\/wp-content\/uploads\/2021\/07\/Mary-Landrieu-en-min-300x150.jpg 300w, https:\/\/wncri.org\/fr\/wp-content\/uploads\/2021\/07\/Mary-Landrieu-en-min-360x180.jpg 360w\" sizes=\"(max-width: 871px) 100vw, 871px\" \/><\/noscript><\/figure><\/div>\n\n\n\n<h3 class=\"wp-block-heading\"><strong>Mary Landrieu<\/strong><\/h3>\n\n\n\n<p><strong>S\u00e9natrice des Etats-Unis (1997-2015) &nbsp;<\/strong><\/p>\n\n\n\n<p>Merci pour le leadership de votre pr\u00e9sidente \u00e9lue, une femme forte et courageuse qui incarne nos espoirs pour tous les peuples dans l&#8217;avenir de l&#8217;Iran, en particulier les femmes qui recherchent la libert\u00e9 et l&#8217;\u00e9galit\u00e9. C&#8217;est un plaisir pour moi de me joindre \u00e0 vous tous aujourd&#8217;hui et d&#8217;ajouter ma voix \u00e0 votre grand et noble travail pour lib\u00e9rer l&#8217;Iran d&#8217;un pouvoir oppressif.<\/p>\n\n\n\n<p>La s\u00e9lection actuelle d&#8217;un nouveau pr\u00e9sident a rendu votre t\u00e2che encore plus difficile. Mais il y a de l&#8217;espoir si nous restons unis et concentr\u00e9s sur l&#8217;inspiration et l&#8217;espoir des objectifs de libert\u00e9, de libert\u00e9 personnelle, de libert\u00e9 \u00e9conomique, d&#8217;\u00e9galit\u00e9 pour les femmes, de libert\u00e9 de religion, de droit de vote et d&#8217;\u00e9lections libres. Ce sont les \u00e9l\u00e9ments qui constituent les fondements de la d\u00e9mocratie.<\/p>\n\n\n\n<p>Votre travail pour mettre l&#8217;Iran sur une voie plus forte, plus dynamique et plus prometteuse aidera non seulement votre pays, mais aussi les personnes \u00e9prises de libert\u00e9 dans le monde. Merci de continuer \u00e0 \u00e9lever votre voix contre ce r\u00e9gime r\u00e9pressif. Nous sommes \u00e0 vos c\u00f4t\u00e9s.<\/p>\n\n\n\n<div class=\"wp-block-image\"><figure class=\"aligncenter size-full is-resized\"><img decoding=\"async\" src=\"data:image\/gif;base64,R0lGODlhAQABAIAAAAAAAP\/\/\/yH5BAEAAAAALAAAAAABAAEAAAIBRAA7\" data-src=\"https:\/\/wncri.org\/fr\/wp-content\/uploads\/2021\/07\/Corinne-Lepage-en.jpg\" alt=\"Corinne Lepage\" class=\"wp-image-13716 lazyload\" width=\"871\" height=\"436\"\/><noscript><img decoding=\"async\" src=\"https:\/\/wncri.org\/fr\/wp-content\/uploads\/2021\/07\/Corinne-Lepage-en.jpg\" alt=\"Corinne Lepage\" class=\"wp-image-13716 lazyload\" width=\"871\" height=\"436\" srcset=\"https:\/\/wncri.org\/fr\/wp-content\/uploads\/2021\/07\/Corinne-Lepage-en.jpg 750w, https:\/\/wncri.org\/fr\/wp-content\/uploads\/2021\/07\/Corinne-Lepage-en-300x150.jpg 300w, https:\/\/wncri.org\/fr\/wp-content\/uploads\/2021\/07\/Corinne-Lepage-en-360x180.jpg 360w\" sizes=\"(max-width: 871px) 100vw, 871px\" \/><\/noscript><\/figure><\/div>\n\n\n\n<h3 class=\"wp-block-heading\"><strong>Corinne Lepage<\/strong><\/h3>\n\n\n\n<p><strong>Minister of the Environment (1995-1997) &#8211; France<\/strong><\/p>\n\n\n\n<p>Le travail et les propositions de Mme Radjavi s&#8217;inscrivent effectivement dans une vision d\u00e9mocratique et universaliste qui s&#8217;appliquerait \u00e0 un pays dont l&#8217;histoire, dont la tradition, dont la culture, dont la civilisation sont mill\u00e9naires et ont beaucoup compt\u00e9 pour toutes les civilisations du monde, de la plan\u00e8te.<\/p>\n\n\n\n<p>En tant qu&#8217;universaliste, tr\u00e8s attach\u00e9e \u00e0 la d\u00e9fense des droits, attach\u00e9e aussi \u00e0 la d\u00e9fense des droits de l&#8217;humanit\u00e9, je ne peux que m&#8217;inscrire dans la d\u00e9marche qu&#8217;est la v\u00f4tre. De permettre aux Iraniennes et aux Iraniens de disposer d&#8217;un bien extr\u00eamement pr\u00e9cieux qui est celui de la libert\u00e9. La libert\u00e9 de choisir ses dirigeants, la libert\u00e9 de choisir son destin, la libert\u00e9 de choisir sa religion, de choisir son conjoint, de choisir l&#8217;\u00e9ducation que l&#8217;on veut donner \u00e0 ses enfants, de choisir son m\u00e9tier, de choisir sa mani\u00e8re de vivre, quelle qu&#8217;elle soit, et quelles que soient ses envies et ses tendances.<\/p>\n\n\n\n<p>L&#8217;\u00e9lection r\u00e9cente d&#8217;Ibrahim Ra\u00efssi, \u00e9videmment ne facilite \u00e9videmment pas les choses et chacun ne peut \u00eatre que tr\u00e8s attentif au cri d&#8217;alarme lanc\u00e9 par Amnesty International r\u00e9clamant que la cour p\u00e9nale internationale soit saisie des crimes commis par cette personne.<\/p>\n\n\n\n<p>En tant que d\u00e9mocrate, r\u00e9publicaine, attach\u00e9e \u00e0 toutes ces valeurs universalistes, je ne peux donc que dire aux Iraniennes et aux Iraniens qui me font l&#8217;honneur de m&#8217;\u00e9couter aujourd&#8217;hui, combien je suis \u00e0 leurs c\u00f4t\u00e9s, combien je les soutiens, combien je comprends leur lutte et combien je souhaite que les d\u00e9mocraties occidentales soient plus courageuses, dans l&#8217;expression de leurs principes lorsqu&#8217;il s&#8217;agit de parler de l&#8217;Iran.<\/p>\n\n\n\n<p>L&#8217;Iran est un grand pays et on peut comprendre dans un univers g\u00e9opolitique qui est incertain que certains dirigeants choisissent la prudence. La prudence certes est n\u00e9cessaire mais elle ne conduit pas une politique et surtout elle ne permet pas d&#8217;affirmer la d\u00e9fense des valeurs qui sont celles de la d\u00e9mocratie, de la libert\u00e9, des droits des individus, de l&#8217;int\u00e9grit\u00e9 physique, de la libert\u00e9 de choix.<\/p>\n\n\n\n<p>Pour toutes ces raisons, je veux dire ici combien je pense important que les d\u00e9mocraties lib\u00e9rales, puisqu&#8217;aujourd&#8217;hui nous avons affaire aussi \u00e0 des d\u00e9mocraties lib\u00e9rales, mais qu&#8217;au moins les lib\u00e9rales soient courageuses, affirment leurs valeurs parce que c&#8217;est non seulement ce que leurs peuples attendent mais c&#8217;est ce que les peuples qui se battent pour la libert\u00e9 dans le monde attendent aussi.<\/p>\n\n\n\n<div class=\"wp-block-image\"><figure class=\"aligncenter size-full is-resized\"><img decoding=\"async\" src=\"data:image\/gif;base64,R0lGODlhAQABAIAAAAAAAP\/\/\/yH5BAEAAAAALAAAAAABAAEAAAIBRAA7\" data-src=\"https:\/\/wncri.org\/fr\/wp-content\/uploads\/2021\/07\/Valentina-Leskaj-en-min.jpg\" alt=\"Valentina Leskaj \" class=\"wp-image-13754 lazyload\" width=\"856\" height=\"428\"\/><noscript><img decoding=\"async\" src=\"https:\/\/wncri.org\/fr\/wp-content\/uploads\/2021\/07\/Valentina-Leskaj-en-min.jpg\" alt=\"Valentina Leskaj \" class=\"wp-image-13754 lazyload\" width=\"856\" height=\"428\" srcset=\"https:\/\/wncri.org\/fr\/wp-content\/uploads\/2021\/07\/Valentina-Leskaj-en-min.jpg 750w, https:\/\/wncri.org\/fr\/wp-content\/uploads\/2021\/07\/Valentina-Leskaj-en-min-300x150.jpg 300w, https:\/\/wncri.org\/fr\/wp-content\/uploads\/2021\/07\/Valentina-Leskaj-en-min-360x180.jpg 360w\" sizes=\"(max-width: 856px) 100vw, 856px\" \/><\/noscript><\/figure><\/div>\n\n\n\n<h3 class=\"wp-block-heading\"><strong>Valentina Leskaj<\/strong><\/h3>\n\n\n\n<p><strong>Ancienne pr\u00e9sidente du Parlement albanais, ancienne vice-pr\u00e9sidente de la CEPA et ancienne ministre du travail.<\/strong><\/p>\n\n\n\n<p>C&#8217;est un plaisir pour moi de m&#8217;adresser \u00e0 cette extraordinaire conf\u00e9rence internationale, avec un auditoire si int\u00e9ressant et tant de personnes du monde entier. Cela t\u00e9moigne du grand soutien \u00e0 la R\u00e9sistance et de l&#8217;engagement fort des organisateurs et de la direction de l\u2019OMPI.<\/p>\n\n\n\n<p>Les derni\u00e8res \u00e9lections pr\u00e9sidentielles en Iran ont montr\u00e9 la d\u00e9termination du r\u00e9gime des mollahs \u00e0 continuer de la m\u00eame mani\u00e8re, en utilisant des atrocit\u00e9s et l&#8217;injustice.<\/p>\n\n\n\n<p>Mais je crois fermement que l&#8217;OMPI a transmis un message fort concernant les droits des femmes en tant que droits humains. Cette r\u00e9sistance a montr\u00e9 son respect pour les droits des femmes et la justice en choisissant d&#8217;avoir une femme, Madame Radjavi, comme dirigeante face au r\u00e9gime des mollahs.<\/p>\n\n\n\n<div class=\"wp-block-image\"><figure class=\"aligncenter size-full is-resized\"><img decoding=\"async\" src=\"data:image\/gif;base64,R0lGODlhAQABAIAAAAAAAP\/\/\/yH5BAEAAAAALAAAAAABAAEAAAIBRAA7\" data-src=\"https:\/\/wncri.org\/fr\/wp-content\/uploads\/2021\/07\/Nicole-Malliotakis-en-min.jpg\" alt=\"Nicole Malliotakis \" class=\"wp-image-13744 lazyload\" width=\"861\" height=\"431\"\/><noscript><img decoding=\"async\" src=\"https:\/\/wncri.org\/fr\/wp-content\/uploads\/2021\/07\/Nicole-Malliotakis-en-min.jpg\" alt=\"Nicole Malliotakis \" class=\"wp-image-13744 lazyload\" width=\"861\" height=\"431\" srcset=\"https:\/\/wncri.org\/fr\/wp-content\/uploads\/2021\/07\/Nicole-Malliotakis-en-min.jpg 750w, https:\/\/wncri.org\/fr\/wp-content\/uploads\/2021\/07\/Nicole-Malliotakis-en-min-300x150.jpg 300w, https:\/\/wncri.org\/fr\/wp-content\/uploads\/2021\/07\/Nicole-Malliotakis-en-min-360x180.jpg 360w\" sizes=\"(max-width: 861px) 100vw, 861px\" \/><\/noscript><\/figure><\/div>\n\n\n\n<h3 class=\"wp-block-heading\"><strong>Nicole Malliotakis<\/strong><\/h3>\n\n\n\n<p><strong>Membre r\u00e9publicaine de la chambre des Repr\u00e9sentants des Etats-Unis<\/strong><\/p>\n\n\n\n<p>L&#8217;\u00e9lection de Ra\u00efssi, quelqu&#8217;un qui fait l&#8217;objet de sanctions am\u00e9ricaines, quelqu&#8217;un qui est responsable de la mort de milliers d&#8217;Iraniens qui ne faisaient que d\u00e9fendre leurs droits et leur libert\u00e9, est tr\u00e8s inqui\u00e9tante. Nous devons continuer \u00e0 nous unir pour exiger que l&#8217;Iran organise des \u00e9lections libres et \u00e9quitables, qu&#8217;il lib\u00e8re les otages am\u00e9ricains et qu&#8217;il am\u00e9liore les droits humains. Nous continuons, en tant que membres de la commission des affaires \u00e9trang\u00e8res, \u00e0 plaider en ce sens.<\/p>\n\n\n\n<div class=\"wp-block-image\"><figure class=\"aligncenter size-full is-resized\"><img decoding=\"async\" src=\"data:image\/gif;base64,R0lGODlhAQABAIAAAAAAAP\/\/\/yH5BAEAAAAALAAAAAABAAEAAAIBRAA7\" data-src=\"https:\/\/wncri.org\/fr\/wp-content\/uploads\/2021\/07\/Zamaswazi-Dlamini-Mandela-en-min.jpg\" alt=\"Zamaswazi Dlamini- Mandela \" class=\"wp-image-13756 lazyload\" width=\"859\" height=\"430\"\/><noscript><img decoding=\"async\" src=\"https:\/\/wncri.org\/fr\/wp-content\/uploads\/2021\/07\/Zamaswazi-Dlamini-Mandela-en-min.jpg\" alt=\"Zamaswazi Dlamini- Mandela \" class=\"wp-image-13756 lazyload\" width=\"859\" height=\"430\" srcset=\"https:\/\/wncri.org\/fr\/wp-content\/uploads\/2021\/07\/Zamaswazi-Dlamini-Mandela-en-min.jpg 750w, https:\/\/wncri.org\/fr\/wp-content\/uploads\/2021\/07\/Zamaswazi-Dlamini-Mandela-en-min-300x150.jpg 300w, https:\/\/wncri.org\/fr\/wp-content\/uploads\/2021\/07\/Zamaswazi-Dlamini-Mandela-en-min-360x180.jpg 360w\" sizes=\"(max-width: 859px) 100vw, 859px\" \/><\/noscript><\/figure><\/div>\n\n\n\n<h3 class=\"wp-block-heading\"><strong>Zamaswazi Dlamini- Mandela<\/strong><\/h3>\n\n\n\n<p><strong>Militante sud-africaine des droits humains et des droits des femmes, petite-fille de Nelson Mandela<\/strong><\/p>\n\n\n\n<p>C&#8217;est un plaisir et un honneur de m&#8217;adresser \u00e0 vous aujourd&#8217;hui pour rester solidaire des femmes en Iran, dans leur lutte pour obtenir les droits humains fondamentaux et du genre.<\/p>\n\n\n\n<p>Le r\u00e9gime iranien doit \u00eatre tenu responsable par les Nations unies de ses crimes contre l&#8217;humanit\u00e9. Il est temps de demander des comptes \u00e0 Ebrahim Ra\u00efssi pour le massacre, en 1988, des partisans de l\u2019OMPI et d&#8217;autres prisonniers politiques. L&#8217;heure n&#8217;est pas au silence et \u00e0 l&#8217;inaction.<\/p>\n\n\n\n<p>Nous demandons \u00e0 la communaut\u00e9 internationale de condamner ces actes. Ils doivent soutenir le peuple iranien contre ce r\u00e9gime brutal. Nous devons reconna\u00eetre les femmes et les hommes courageux qui ont donn\u00e9 leur vie et tout ce qu\u2019ils avaient contre le syst\u00e8me. Le Conseil national de la R\u00e9sistance iranienne, dirig\u00e9 par sa pr\u00e9sidente \u00e9lue Maryam Radjavi, incarne l&#8217;opposition du peuple iranien au r\u00e9gime actuel.<\/p>\n\n\n\n<div class=\"wp-block-image\"><figure class=\"aligncenter size-full is-resized\"><img decoding=\"async\" src=\"data:image\/gif;base64,R0lGODlhAQABAIAAAAAAAP\/\/\/yH5BAEAAAAALAAAAAABAAEAAAIBRAA7\" data-src=\"https:\/\/wncri.org\/fr\/wp-content\/uploads\/2021\/07\/Hon.-Susana-Medina-en-min.jpg\" alt=\"Susana Medina \" class=\"wp-image-13726 lazyload\" width=\"897\" height=\"449\"\/><noscript><img decoding=\"async\" src=\"https:\/\/wncri.org\/fr\/wp-content\/uploads\/2021\/07\/Hon.-Susana-Medina-en-min.jpg\" alt=\"Susana Medina \" class=\"wp-image-13726 lazyload\" width=\"897\" height=\"449\" srcset=\"https:\/\/wncri.org\/fr\/wp-content\/uploads\/2021\/07\/Hon.-Susana-Medina-en-min.jpg 750w, https:\/\/wncri.org\/fr\/wp-content\/uploads\/2021\/07\/Hon.-Susana-Medina-en-min-300x150.jpg 300w, https:\/\/wncri.org\/fr\/wp-content\/uploads\/2021\/07\/Hon.-Susana-Medina-en-min-360x180.jpg 360w\" sizes=\"(max-width: 897px) 100vw, 897px\" \/><\/noscript><\/figure><\/div>\n\n\n\n<h3 class=\"wp-block-heading\"><strong>Susana Medina<\/strong><\/h3>\n\n\n\n<p><strong>Juriste, pr\u00e9sidente honoraire de la F\u00e9d\u00e9ration internationale des femmes de carri\u00e8res juridiques &#8211; Argentine<\/strong><\/p>\n\n\n\n<p>La situation g\u00e9n\u00e9rale des droits humains en R\u00e9publique islamique d&#8217;Iran, y compris les droits fondamentaux des femmes, est tr\u00e8s pr\u00e9occupante pour la communaut\u00e9 internationale. L&#8217;absence de mise en place d&#8217;un m\u00e9canisme conforme au droit international permettant de demander des comptes et d&#8217;obtenir r\u00e9paration pour les violations commises dans le cadre des manifestations de novembre 2019, est embl\u00e9matique.<\/p>\n\n\n\n<p>Les manifestants, les d\u00e9fenseurs des droits humains, les avocats et les acteurs de la soci\u00e9t\u00e9 civile continuent de faire l&#8217;objet d&#8217;actes d&#8217;intimidation, de d\u00e9tentions arbitraires et de poursuites p\u00e9nales. Un grand nombre de ces victimes sont des femmes. La violation syst\u00e9matique de ces droits par l&#8217;\u00c9tat sont des crimes qui portent atteinte \u00e0 la dignit\u00e9 et \u00e0 la libert\u00e9, sont des crimes contre l&#8217;humanit\u00e9, et nous devons le d\u00e9noncer devant la communaut\u00e9 internationale pour aider \u00e0 construire un Iran libre, \u00e9galitaire, d\u00e9mocratique, non st\u00e9r\u00e9otyp\u00e9, non sexiste et respectueux des droits humains de tous, en particulier des femmes.<\/p>\n\n\n\n<div class=\"wp-block-image\"><figure class=\"aligncenter size-full is-resized\"><img decoding=\"async\" src=\"data:image\/gif;base64,R0lGODlhAQABAIAAAAAAAP\/\/\/yH5BAEAAAAALAAAAAABAAEAAAIBRAA7\" data-src=\"https:\/\/wncri.org\/fr\/wp-content\/uploads\/2021\/07\/Zinat-Mir-Hashemi-en-min.jpg\" alt=\"Zinat Mir-Hashemi\" class=\"wp-image-13757 lazyload\" width=\"863\" height=\"432\"\/><noscript><img decoding=\"async\" src=\"https:\/\/wncri.org\/fr\/wp-content\/uploads\/2021\/07\/Zinat-Mir-Hashemi-en-min.jpg\" alt=\"Zinat Mir-Hashemi\" class=\"wp-image-13757 lazyload\" width=\"863\" height=\"432\" srcset=\"https:\/\/wncri.org\/fr\/wp-content\/uploads\/2021\/07\/Zinat-Mir-Hashemi-en-min.jpg 750w, https:\/\/wncri.org\/fr\/wp-content\/uploads\/2021\/07\/Zinat-Mir-Hashemi-en-min-300x150.jpg 300w, https:\/\/wncri.org\/fr\/wp-content\/uploads\/2021\/07\/Zinat-Mir-Hashemi-en-min-360x180.jpg 360w\" sizes=\"(max-width: 863px) 100vw, 863px\" \/><\/noscript><\/figure><\/div>\n\n\n\n<h3 class=\"wp-block-heading\"><strong>Zinat Mir-Hashemi<\/strong><\/h3>\n\n\n\n<p><strong>R\u00e9dactrice en chef de la publication Nabard-e Khalq, membre du comit\u00e9 central de l&#8217;organisation des fedayins du peuple, une organisation membre du CNRI.<\/strong><\/p>\n\n\n\n<p>La col\u00e8re bouillonnante du peuple iranien est le r\u00e9sultat de ce que le r\u00e9gime a fait au cours des quatre derni\u00e8res d\u00e9cennies. Il r\u00e9colte ce qu&#8217;il a sem\u00e9. Il a sacrifi\u00e9 tout ce que le peuple avait pour sa propre survie. Mais il n&#8217;a pas pu d\u00e9truire l&#8217;espoir du peuple dans le changement et un meilleur avenir. Aujourd&#8217;hui, la r\u00e9sistance a des racines partout en Iran.<\/p>\n\n\n\n<p>Le r\u00e9gime du guide supr\u00eame a tout d\u00e9truit au cours des 42 derni\u00e8res ann\u00e9es. Il a tout br\u00fbl\u00e9 pour la survie du r\u00e9gime. Mais une chose n&#8217;a pas pu \u00eatre d\u00e9truite, la r\u00e9sistance et l&#8217;espoir dans l&#8217;avenir pour la r\u00e9alisation de la vie humaine.<\/p>\n\n\n\n<p>La r\u00e9sistance organis\u00e9e du peuple, qui a dit non au r\u00e9gime en place d\u00e8s le premier jour, a plant\u00e9 les graines qui ont germ\u00e9 dans les soul\u00e8vements populaires, et l\u2019on peut voir \u00e9clore partout ses fleurs. L&#8217;Organisation des Fedayines du peuple d&#8217;Iran est fi\u00e8re d&#8217;avoir dit NON \u00e0 la dictature tout au long de ses 50 ans d&#8217;existence.<\/p>\n\n\n\n<p>Le grand rassemblement pour un Iran libre, qui en est \u00e0 son troisi\u00e8me jour, a \u00e9t\u00e9 glorieux et r\u00e9ussi. Ce succ\u00e8s est dans l&#8217;int\u00e9r\u00eat de la r\u00e9sistance et du peuple. La conf\u00e9rence a pr\u00e9sent\u00e9 la d\u00e9termination et la puissance de cette alternative.<\/p>\n\n\n\n<div class=\"wp-block-image\"><figure class=\"aligncenter size-full is-resized\"><img decoding=\"async\" src=\"data:image\/gif;base64,R0lGODlhAQABAIAAAAAAAP\/\/\/yH5BAEAAAAALAAAAAABAAEAAAIBRAA7\" data-src=\"https:\/\/wncri.org\/fr\/wp-content\/uploads\/2021\/07\/Fawzieh-Golderi.jpg\" alt=\"Fawzia Nasiryar Guldarye\" class=\"wp-image-13721 lazyload\" width=\"854\" height=\"427\"\/><noscript><img decoding=\"async\" src=\"https:\/\/wncri.org\/fr\/wp-content\/uploads\/2021\/07\/Fawzieh-Golderi.jpg\" alt=\"Fawzia Nasiryar Guldarye\" class=\"wp-image-13721 lazyload\" width=\"854\" height=\"427\" srcset=\"https:\/\/wncri.org\/fr\/wp-content\/uploads\/2021\/07\/Fawzieh-Golderi.jpg 750w, https:\/\/wncri.org\/fr\/wp-content\/uploads\/2021\/07\/Fawzieh-Golderi-300x150.jpg 300w, https:\/\/wncri.org\/fr\/wp-content\/uploads\/2021\/07\/Fawzieh-Golderi-360x180.jpg 360w\" sizes=\"(max-width: 854px) 100vw, 854px\" \/><\/noscript><\/figure><\/div>\n\n\n\n<h3 class=\"wp-block-heading\"><strong>Fawzia Nasiryar Guldarye<\/strong><\/h3>\n\n\n\n<p><strong>D\u00e9put\u00e9e afghane<\/strong><\/p>\n\n\n\n<p>En tant que musulmane, je suis tr\u00e8s fi\u00e8re de voir que le Conseil national de la R\u00e9sistance iranienne est dirig\u00e9 par une femme musulmane et combattante, Mme Maryam Radjavi. Le statut \u00e9minent des femmes dans ce mouvement ne se retrouve dans aucun autre pays ni aucun mouvement musulman.<\/p>\n\n\n\n<p>Pendant des ann\u00e9es, les femmes et le peuple afghans ont \u00e9t\u00e9 victimes d&#8217;un fondamentalisme oppressif. Les Iraniennes ont beaucoup souffert sous le r\u00e9gime cl\u00e9rical misogyne. Des milliers de nos s\u0153urs en Iran ont \u00e9t\u00e9 tu\u00e9es pour avoir r\u00e9clam\u00e9 la libert\u00e9 et la justice.<\/p>\n\n\n\n<p>Les objectifs de libert\u00e9 et de justice que vous poursuivez dans la R\u00e9sistance iranienne sont les m\u00eames que les objectifs et les aspirations du peuple afghan, en particulier des Afghanes.<\/p>\n\n\n\n<p>Je voudrais profiter de cette occasion pour d\u00e9clarer mon soutien \u00e0 Mme Radjavi et \u00e0 son plan en dix points qui est une charte de libert\u00e9, de justice et d&#8217;\u00e9galit\u00e9. Tous ces plans correspondent aux souhaits de notre peuple, et en particulier des femmes, en Afghanistan.<\/p>\n\n\n\n<p>Mme Maryam Radjavi, les femmes d&#8217;Afghanistan vous soutiennent. Votre combat est juste. Le monde de l&#8217;ignorance, de l&#8217;esclavage et de la misogynie prendra fin.<\/p>\n\n\n\n<div class=\"wp-block-image\"><figure class=\"aligncenter size-full is-resized\"><img decoding=\"async\" src=\"data:image\/gif;base64,R0lGODlhAQABAIAAAAAAAP\/\/\/yH5BAEAAAAALAAAAAABAAEAAAIBRAA7\" data-src=\"https:\/\/wncri.org\/fr\/wp-content\/uploads\/2021\/07\/Orjola-Pampuri-min.jpg\" alt=\"Orjola Pampuri\" class=\"wp-image-13745 lazyload\" width=\"863\" height=\"432\"\/><noscript><img decoding=\"async\" src=\"https:\/\/wncri.org\/fr\/wp-content\/uploads\/2021\/07\/Orjola-Pampuri-min.jpg\" alt=\"Orjola Pampuri\" class=\"wp-image-13745 lazyload\" width=\"863\" height=\"432\" srcset=\"https:\/\/wncri.org\/fr\/wp-content\/uploads\/2021\/07\/Orjola-Pampuri-min.jpg 750w, https:\/\/wncri.org\/fr\/wp-content\/uploads\/2021\/07\/Orjola-Pampuri-min-300x150.jpg 300w, https:\/\/wncri.org\/fr\/wp-content\/uploads\/2021\/07\/Orjola-Pampuri-min-360x180.jpg 360w\" sizes=\"(max-width: 863px) 100vw, 863px\" \/><\/noscript><\/figure><\/div>\n\n\n\n<h3 class=\"wp-block-heading\"><strong>Orjola Pampuri<\/strong><\/h3>\n\n\n\n<p><strong>D\u00e9put\u00e9e albanaise<\/strong><\/p>\n\n\n\n<p>Nous savons par exp\u00e9rience en Albanie que les dictateurs ne sont pas \u00e9ternels. En Iran aussi, nous sommes heureux de voir que le vent du changement souffle pour la libert\u00e9.<\/p>\n\n\n\n<p>Les activit\u00e9s de l&#8217;OMPI pour le renversement du r\u00e9gime gagnent du terrain. Nous sommes conscients que tant qu&#8217;il y aura un guide supr\u00eame qui n&#8217;a de pouvoir que gr\u00e2ce \u00e0 la r\u00e9pression \u00e0 l&#8217;int\u00e9rieur et qui pr\u00f4ne le terrorisme \u00e0 l&#8217;ext\u00e9rieur, le monde ne connaitra pas un Iran libre.<\/p>\n\n\n\n<p>Nous sommes donc unis au sein du Parlement albanais pour soutenir votre objectif et vos efforts visant \u00e0 apporter la libert\u00e9 et la d\u00e9mocratie en Iran sous la grande direction de Madame Radjavi.<\/p>\n\n\n\n<div class=\"wp-block-image\"><figure class=\"aligncenter size-full is-resized\"><img decoding=\"async\" src=\"data:image\/gif;base64,R0lGODlhAQABAIAAAAAAAP\/\/\/yH5BAEAAAAALAAAAAABAAEAAAIBRAA7\" data-src=\"https:\/\/wncri.org\/fr\/wp-content\/uploads\/2021\/07\/Theresa-Payton-en-min.jpg\" alt=\"Theresa Payton\" class=\"wp-image-13752 lazyload\" width=\"848\" height=\"424\"\/><noscript><img decoding=\"async\" src=\"https:\/\/wncri.org\/fr\/wp-content\/uploads\/2021\/07\/Theresa-Payton-en-min.jpg\" alt=\"Theresa Payton\" class=\"wp-image-13752 lazyload\" width=\"848\" height=\"424\" srcset=\"https:\/\/wncri.org\/fr\/wp-content\/uploads\/2021\/07\/Theresa-Payton-en-min.jpg 750w, https:\/\/wncri.org\/fr\/wp-content\/uploads\/2021\/07\/Theresa-Payton-en-min-300x150.jpg 300w, https:\/\/wncri.org\/fr\/wp-content\/uploads\/2021\/07\/Theresa-Payton-en-min-360x180.jpg 360w\" sizes=\"(max-width: 848px) 100vw, 848px\" \/><\/noscript><\/figure><\/div>\n\n\n\n<h3 class=\"wp-block-heading\"><strong>Theresa Payton<\/strong><strong><\/strong><\/h3>\n\n\n\n<p><strong>Directrice de l&#8217;information de la Maison Blanche (CIO) (2006-2008)<\/strong><\/p>\n\n\n\n<p>J&#8217;esp\u00e8re sinc\u00e8rement que vous parviendrez un jour \u00e0 instaurer une r\u00e9publique d\u00e9mocratique avec l&#8217;\u00e9galit\u00e9 des genres. Le r\u00e9gime a affect\u00e9 un grand nombre de personnes pour influencer les pages de la plupart des espaces sur Internet. Le gouvernement utilise de mani\u00e8re magistrale des plateformes telles que Wikip\u00e9dia, de faux comptes sur les m\u00e9dias sociaux et m\u00e8ne des campagnes de manipulation sophistiqu\u00e9es sur le Net pour r\u00e9primer les Iraniens.<\/p>\n\n\n\n<p>Le gouvernement iranien est un danger non seulement pour le peuple iranien mais aussi pour toutes les d\u00e9mocraties du monde. C&#8217;est notre appel \u00e0 l&#8217;action. Le monde doit se rassembler et se consacrer \u00e0 une nouvelle approche audacieuse pour la libert\u00e9 du peuple iranien.<\/p>\n\n\n\n<p>Premi\u00e8re \u00e9tape : nous avons besoin d&#8217;une strat\u00e9gie globale \u00e0 travers tous les pays qui travaillent avec les gouvernements et le secteur priv\u00e9 pour permettre aux Iraniens de parvenir \u00e0 une R\u00e9publique d&#8217;Iran libre et d\u00e9mocratique.<\/p>\n\n\n\n<p>Deuxi\u00e8me \u00e9tape : nous devons faire en sorte que le peuple iranien puisse partager en temps r\u00e9el les menaces pouvant avoir un impact sur ses manifestations contre le r\u00e9gime et ses appels \u00e0 la d\u00e9mocratie.<\/p>\n\n\n\n<p>Troisi\u00e8me \u00e9tape : nous devons continuer \u00e0 fournir un soutien financier et des conseils d&#8217;experts aux m\u00e9dias traditionnels et aux campagnes d&#8217;influence sur les m\u00e9dias sociaux afin de soutenir la libert\u00e9, l&#8217;honn\u00eatet\u00e9 et la transparence pour le peuple iranien.<\/p>\n\n\n\n<div class=\"wp-block-image\"><figure class=\"aligncenter size-full is-resized\"><img decoding=\"async\" src=\"data:image\/gif;base64,R0lGODlhAQABAIAAAAAAAP\/\/\/yH5BAEAAAAALAAAAAABAAEAAAIBRAA7\" data-src=\"https:\/\/wncri.org\/fr\/wp-content\/uploads\/2021\/07\/Stefania-Pezzopane-en-min.jpg\" alt=\"Stefania Pezzopane\" class=\"wp-image-13751 lazyload\" width=\"864\" height=\"432\"\/><noscript><img decoding=\"async\" src=\"https:\/\/wncri.org\/fr\/wp-content\/uploads\/2021\/07\/Stefania-Pezzopane-en-min.jpg\" alt=\"Stefania Pezzopane\" class=\"wp-image-13751 lazyload\" width=\"864\" height=\"432\" srcset=\"https:\/\/wncri.org\/fr\/wp-content\/uploads\/2021\/07\/Stefania-Pezzopane-en-min.jpg 750w, https:\/\/wncri.org\/fr\/wp-content\/uploads\/2021\/07\/Stefania-Pezzopane-en-min-300x150.jpg 300w, https:\/\/wncri.org\/fr\/wp-content\/uploads\/2021\/07\/Stefania-Pezzopane-en-min-360x180.jpg 360w\" sizes=\"(max-width: 864px) 100vw, 864px\" \/><\/noscript><\/figure><\/div>\n\n\n\n<h3 class=\"wp-block-heading\"><strong>Stefania Pezzopane<\/strong><\/h3>\n\n\n\n<p><strong>D\u00e9put\u00e9e italienne<\/strong><\/p>\n\n\n\n<p>Nous continuerons \u00e0 insister sur le fait que nos relations avec l&#8217;Iran doivent \u00eatre conditionn\u00e9es \u00e0 l&#8217;am\u00e9lioration des droits humains. Il s&#8217;agit d&#8217;une priorit\u00e9. Nous ne devons pas renoncer \u00e0 nos convictions. Et l&#8217;UE ne doit pas accepter d&#8217;avoir quelqu&#8217;un comme le pr\u00e9sident actuel comme point de r\u00e9f\u00e9rence pour l&#8217;Iran. Nous continuerons \u00e0 faire de notre mieux pour que le peuple courageux d&#8217;Iran sache qu&#8217;il n&#8217;est pas seul.<\/p>\n\n\n\n<p>Vous \u00eates confront\u00e9s \u00e0 un r\u00e9gime autoritaire misogyne qui s&#8217;aggrave chaque jour et qui est contraire aux droits humains. Il y a eu des arrestations, des tortures et une grave r\u00e9pression, y compris contre les femmes et les enfants. Mais gr\u00e2ce \u00e0 notre exp\u00e9rience, nous savons que les dictateurs ne sont pas \u00e9ternels et que lorsque le peuple rel\u00e8ve la t\u00eate et d\u00e9cide d&#8217;\u00eatre le ma\u00eetre de son avenir, le pouvoir d&#8217;une nation est de beaucoup le plus fort.<\/p>\n\n\n\n<div class=\"wp-block-image\"><figure class=\"aligncenter size-full is-resized\"><img decoding=\"async\" src=\"data:image\/gif;base64,R0lGODlhAQABAIAAAAAAAP\/\/\/yH5BAEAAAAALAAAAAABAAEAAAIBRAA7\" data-src=\"https:\/\/wncri.org\/fr\/wp-content\/uploads\/2021\/07\/Jeane-Shaheen-min.jpg\" alt=\"Jeanne Shaheen   \" class=\"wp-image-13728 lazyload\" width=\"857\" height=\"429\"\/><noscript><img decoding=\"async\" src=\"https:\/\/wncri.org\/fr\/wp-content\/uploads\/2021\/07\/Jeane-Shaheen-min.jpg\" alt=\"Jeanne Shaheen   \" class=\"wp-image-13728 lazyload\" width=\"857\" height=\"429\" srcset=\"https:\/\/wncri.org\/fr\/wp-content\/uploads\/2021\/07\/Jeane-Shaheen-min.jpg 750w, https:\/\/wncri.org\/fr\/wp-content\/uploads\/2021\/07\/Jeane-Shaheen-min-300x150.jpg 300w, https:\/\/wncri.org\/fr\/wp-content\/uploads\/2021\/07\/Jeane-Shaheen-min-360x180.jpg 360w\" sizes=\"(max-width: 857px) 100vw, 857px\" \/><\/noscript><\/figure><\/div>\n\n\n\n<h3 class=\"wp-block-heading\"><strong>Jeanne Shaheen&nbsp;&nbsp;<\/strong><\/h3>\n\n\n\n<p><strong>S\u00e9natrice des Etats-Unis<\/strong><\/p>\n\n\n\n<p>Le processus \u00e9lectoral a \u00e9t\u00e9 fauss\u00e9 en faveur du candidat du r\u00e9gime et au d\u00e9triment du peuple iranien. Malgr\u00e9 cela, le peuple iranien continue de militer pour un Iran d\u00e9mocratique, la\u00efc et pacifique. Les \u00c9tats-Unis et la communaut\u00e9 internationale soutiennent vos efforts. Les droits humains sont depuis longtemps un pilier de la politique \u00e9trang\u00e8re am\u00e9ricaine. Alors que nous continuons \u00e0 nous engager avec l&#8217;Iran, les droits humains doivent \u00eatre un \u00e9l\u00e9ment essentiel de l&#8217;approche am\u00e9ricaine.<\/p>\n\n\n\n<div class=\"wp-block-image\"><figure class=\"aligncenter size-full is-resized\"><img decoding=\"async\" src=\"data:image\/gif;base64,R0lGODlhAQABAIAAAAAAAP\/\/\/yH5BAEAAAAALAAAAAABAAEAAAIBRAA7\" data-src=\"https:\/\/wncri.org\/fr\/wp-content\/uploads\/2021\/07\/Judy-Sgro-en-min.jpg\" alt=\"Judy Sgro\" class=\"wp-image-13731 lazyload\" width=\"868\" height=\"434\"\/><noscript><img decoding=\"async\" src=\"https:\/\/wncri.org\/fr\/wp-content\/uploads\/2021\/07\/Judy-Sgro-en-min.jpg\" alt=\"Judy Sgro\" class=\"wp-image-13731 lazyload\" width=\"868\" height=\"434\" srcset=\"https:\/\/wncri.org\/fr\/wp-content\/uploads\/2021\/07\/Judy-Sgro-en-min.jpg 750w, https:\/\/wncri.org\/fr\/wp-content\/uploads\/2021\/07\/Judy-Sgro-en-min-300x150.jpg 300w, https:\/\/wncri.org\/fr\/wp-content\/uploads\/2021\/07\/Judy-Sgro-en-min-360x180.jpg 360w\" sizes=\"(max-width: 868px) 100vw, 868px\" \/><\/noscript><\/figure><\/div>\n\n\n\n<h3 class=\"wp-block-heading\"><strong>Judy Sgro<\/strong><\/h3>\n\n\n\n<p><strong>D\u00e9put\u00e9e canadienne et Ministre de la Citoyennet\u00e9 et de l&#8217;Immigration (2003-2005) \u2013<\/strong><\/p>\n\n\n\n<p>L&#8217;arriv\u00e9e au pouvoir d&#8217;Ebrahim Ra\u00efssi a suscit\u00e9 une condamnation internationale pour les crimes contre l&#8217;humanit\u00e9 qu&#8217;il a commis au cours des 40 derni\u00e8res ann\u00e9es, les titres des journaux le qualifiant de &#8220;boucher&#8221; et de &#8220;meurtrier de masse&#8221;.<\/p>\n\n\n\n<p>Ce qui me frappe le plus dans ce simulacre d&#8217;\u00e9lection, c&#8217;est le boycott massif des diverses couches de la soci\u00e9t\u00e9 iranienne qui, dans des centaines et des milliers de messages en ligne, ont d\u00e9clar\u00e9 que leur vote visait \u00e0 renverser ce r\u00e9gime tyrannique.<\/p>\n\n\n\n<p>Nous avons \u00e9galement eu notre part des atrocit\u00e9s commises par ce r\u00e9gime tyrannique, notamment la destruction du vol 752 par des missiles des pasdarans, tuant les 176 personnes \u00e0 bord, dont des dizaines de Canadiens.<\/p>\n\n\n\n<p>Je crois que la r\u00e9silience et l&#8217;engagement des habitants d&#8217;Achraf 3 pour un Iran libre et d\u00e9mocratique pendant ces moments difficiles inimaginables, alors qu&#8217;ils \u00e9taient constamment attaqu\u00e9s par des roquettes du r\u00e9gime iranien, ont finalement pay\u00e9.<\/p>\n\n\n\n<p>Je crois fermement que le plan en dix points de Mme Radjavi pour l&#8217;Iran est \u00e0 la fois pratique et tout \u00e0 fait r\u00e9alisable. Comme beaucoup d&#8217;unit\u00e9s de r\u00e9sistance en Iran qui ont d\u00e9clar\u00e9 \u00eatre pr\u00eates pour le changement, je d\u00e9clare \u00e9galement que je suis pr\u00eate, comme vous dites, &#8220;hazer&#8221;, pour ce changement bienvenu et \u00e0 port\u00e9e de main.<\/p>\n\n\n\n<div class=\"wp-block-image\"><figure class=\"aligncenter size-full is-resized\"><img decoding=\"async\" src=\"data:image\/gif;base64,R0lGODlhAQABAIAAAAAAAP\/\/\/yH5BAEAAAAALAAAAAABAAEAAAIBRAA7\" data-src=\"https:\/\/wncri.org\/fr\/wp-content\/uploads\/2021\/07\/Rita-Sussmuth-en-min.jpg\" alt=\"Rita S\u00fcssmuth\" class=\"wp-image-13748 lazyload\" width=\"871\" height=\"436\"\/><noscript><img decoding=\"async\" src=\"https:\/\/wncri.org\/fr\/wp-content\/uploads\/2021\/07\/Rita-Sussmuth-en-min.jpg\" alt=\"Rita S\u00fcssmuth\" class=\"wp-image-13748 lazyload\" width=\"871\" height=\"436\" srcset=\"https:\/\/wncri.org\/fr\/wp-content\/uploads\/2021\/07\/Rita-Sussmuth-en-min.jpg 750w, https:\/\/wncri.org\/fr\/wp-content\/uploads\/2021\/07\/Rita-Sussmuth-en-min-300x150.jpg 300w, https:\/\/wncri.org\/fr\/wp-content\/uploads\/2021\/07\/Rita-Sussmuth-en-min-360x180.jpg 360w\" sizes=\"(max-width: 871px) 100vw, 871px\" \/><\/noscript><\/figure><\/div>\n\n\n\n<h3 class=\"wp-block-heading\"><strong>Rita S\u00fcssmuth<\/strong><\/h3>\n\n\n\n<p><strong>Pr\u00e9sidente du Bundestag allemand (1988-1998), ancienne ministre f\u00e9d\u00e9rale<\/strong><\/p>\n\n\n\n<p>Le r\u00e9gime se d\u00e9robe \u00e0 des changements pourtant si urgents et indispensables pour le peuple. Mais il existe des alternatives. Oui, il y a une r\u00e9sistance et il y a un nouveau d\u00e9part. Il y a le courage que la grande organisation de la Pr\u00e9sidente Maryam Radjavi a d\u00e9velopp\u00e9 avec son plan en dix points.<\/p>\n\n\n\n<p>Vous devez pouvoir vivre dans un monde o\u00f9 vous pourrez librement d\u00e9velopper et fa\u00e7onner votre vie, et cela ne sera possible que si nous soutenons une telle alternative.<\/p>\n\n\n\n<p>Maryam Radjavi se bat avec toute une s\u00e9rie de femmes \u00e9mancip\u00e9es. Les femmes ne sont pas seulement la force du changement mais aussi la force qui construit l&#8217;avenir. Les femmes sont fortes et vivent de mani\u00e8re responsable, et cela appartient \u00e0 l&#8217;avenir de l&#8217;Iran.<\/p>\n\n\n\n<div class=\"wp-block-image\"><figure class=\"aligncenter size-full is-resized\"><img decoding=\"async\" src=\"data:image\/gif;base64,R0lGODlhAQABAIAAAAAAAP\/\/\/yH5BAEAAAAALAAAAAABAAEAAAIBRAA7\" data-src=\"https:\/\/wncri.org\/fr\/wp-content\/uploads\/2021\/07\/Aude-DE-Thuin-en.jpg\" alt=\"Aude de Thuin \" class=\"wp-image-13712 lazyload\" width=\"894\" height=\"447\"\/><noscript><img decoding=\"async\" src=\"https:\/\/wncri.org\/fr\/wp-content\/uploads\/2021\/07\/Aude-DE-Thuin-en.jpg\" alt=\"Aude de Thuin \" class=\"wp-image-13712 lazyload\" width=\"894\" height=\"447\" srcset=\"https:\/\/wncri.org\/fr\/wp-content\/uploads\/2021\/07\/Aude-DE-Thuin-en.jpg 750w, https:\/\/wncri.org\/fr\/wp-content\/uploads\/2021\/07\/Aude-DE-Thuin-en-300x150.jpg 300w, https:\/\/wncri.org\/fr\/wp-content\/uploads\/2021\/07\/Aude-DE-Thuin-en-360x180.jpg 360w\" sizes=\"(max-width: 894px) 100vw, 894px\" \/><\/noscript><\/figure><\/div>\n\n\n\n<h3 class=\"wp-block-heading\"><strong>Aude de Thuin<\/strong><\/h3>\n\n\n\n<p><strong>Femmes d\u2019affaires, fondatrice et pr\u00e9sidente de Women in Africa<\/strong><\/p>\n\n\n\n<p>La r\u00e9cente \u00e9lection en Iran a donn\u00e9 le pire des r\u00e9sultats. Et bien s\u00fbr, la pire chose s&#8217;\u00e9tait produite dans le pass\u00e9 avec la m\u00eame personne. Comment un pays, un r\u00e9gime qui a assassin\u00e9 des femmes, et m\u00eame des jeunes femmes enceintes, face \u00e0 un monde qui ne montre aucune r\u00e9action, peut-il mettre en place un pr\u00e9sident qui a viol\u00e9 les droits de l&#8217;homme ?&nbsp;<\/p>\n\n\n\n<p>La communaut\u00e9 internationale doit condamner cette situation et nous ne pouvons pas rester indiff\u00e9rents simplement parce que cela n&#8217;arrive pas \u00e0 nos voisins. Si nous ne faisons pas attention, et si nous les laissons faire tout ce qu&#8217;ils veulent sans montrer de r\u00e9action, ces crimes continueront dans un pays o\u00f9 les femmes ont un r\u00f4le tr\u00e8s important. Les femmes iraniennes sont courageuses.<\/p>\n\n\n\n<p>Il est maintenant temps d&#8217;agir. En notre nom \u00e0 tous, femmes et citoyens du monde, nous devons accompagner Mme Radjavi dans son combat. Nous ne devons pas fermer les yeux.<\/p>\n\n\n\n<div class=\"wp-block-image\"><figure class=\"aligncenter size-full is-resized\"><img decoding=\"async\" src=\"data:image\/gif;base64,R0lGODlhAQABAIAAAAAAAP\/\/\/yH5BAEAAAAALAAAAAABAAEAAAIBRAA7\" data-src=\"https:\/\/wncri.org\/fr\/wp-content\/uploads\/2021\/07\/Baroness-Verma.jpg\" alt=\"Baroness Sandy Verma\" class=\"wp-image-13713 lazyload\" width=\"889\" height=\"445\"\/><noscript><img decoding=\"async\" src=\"https:\/\/wncri.org\/fr\/wp-content\/uploads\/2021\/07\/Baroness-Verma.jpg\" alt=\"Baroness Sandy Verma\" class=\"wp-image-13713 lazyload\" width=\"889\" height=\"445\" srcset=\"https:\/\/wncri.org\/fr\/wp-content\/uploads\/2021\/07\/Baroness-Verma.jpg 750w, https:\/\/wncri.org\/fr\/wp-content\/uploads\/2021\/07\/Baroness-Verma-300x150.jpg 300w, https:\/\/wncri.org\/fr\/wp-content\/uploads\/2021\/07\/Baroness-Verma-360x180.jpg 360w\" sizes=\"(max-width: 889px) 100vw, 889px\" \/><\/noscript><\/figure><\/div>\n\n\n\n<h3 class=\"wp-block-heading\"><strong>Baroness Sandy Verma<\/strong><strong><\/strong><\/h3>\n\n\n\n<p><strong>Membre de la chambre des Lords britannique et ancienne sous-secr\u00e9taire d&#8217;\u00c9tat parlementaire au d\u00e9veloppement international<\/strong><\/p>\n\n\n\n<p>Vous pouvez voir qu&#8217;il y a vraiment une alternative d\u00e9mocratique qui a un plan ainsi qu&#8217;un soutien international populaire pour fournir au peuple d&#8217;Iran une feuille de route viable afin d\u2019\u00e9tablir une r\u00e9publique libre, d\u00e9mocratique et la\u00efque qui sortira l&#8217;Iran de l&#8217;obscurit\u00e9 pour trouver sa place l\u00e9gitime parmi les nations libres du monde.<\/p>\n\n\n\n<p>Ce mouvement de protestation est vivant, bien portant et fort, comme en t\u00e9moigne le fait que la majorit\u00e9 du peuple iranien a r\u00e9pondu \u00e0 l&#8217;appel du CNRI et de Madame Radjavi, la pr\u00e9sidente \u00e9lue, \u00e0 boycotter le simulacre d&#8217;\u00e9lection pr\u00e9sidentielle du r\u00e9gime.<\/p>\n\n\n\n<p>Madame Radjavi, permettez-moi de promettre avec mes coll\u00e8gues qu&#8217;au Parlement britannique, tous partis confondus, nous ferons tout ce qui est en notre pouvoir pour nous assurer de traduire Ebrahim Ra\u00efssi en justice et de lui faire payer ses crimes contre l&#8217;humanit\u00e9.<\/p>\n\n\n\n<div class=\"wp-block-image\"><figure class=\"aligncenter size-full is-resized\"><img decoding=\"async\" src=\"data:image\/gif;base64,R0lGODlhAQABAIAAAAAAAP\/\/\/yH5BAEAAAAALAAAAAABAAEAAAIBRAA7\" data-src=\"https:\/\/wncri.org\/fr\/wp-content\/uploads\/2021\/07\/Theresa-Villires-en-min.jpg\" alt=\"Theresa Villiers \" class=\"wp-image-13753 lazyload\" width=\"892\" height=\"446\"\/><noscript><img decoding=\"async\" src=\"https:\/\/wncri.org\/fr\/wp-content\/uploads\/2021\/07\/Theresa-Villires-en-min.jpg\" alt=\"Theresa Villiers \" class=\"wp-image-13753 lazyload\" width=\"892\" height=\"446\" srcset=\"https:\/\/wncri.org\/fr\/wp-content\/uploads\/2021\/07\/Theresa-Villires-en-min.jpg 750w, https:\/\/wncri.org\/fr\/wp-content\/uploads\/2021\/07\/Theresa-Villires-en-min-300x150.jpg 300w, https:\/\/wncri.org\/fr\/wp-content\/uploads\/2021\/07\/Theresa-Villires-en-min-360x180.jpg 360w\" sizes=\"(max-width: 892px) 100vw, 892px\" \/><\/noscript><\/figure><\/div>\n\n\n\n<h3 class=\"wp-block-heading\"><strong>Theresa Villiers<\/strong><\/h3>\n\n\n\n<p><strong>D\u00e9put\u00e9e britannique, Secr\u00e9taire d&#8217;\u00c9tat \u00e0 l&#8217;environnement, \u00e0 l&#8217;alimentation et aux affaires rurales (2019-2020), ancienne secr\u00e9taire d&#8217;\u00c9tat \u00e0 l&#8217;Irlande du Nord &#8211; UK<\/strong><\/p>\n\n\n\n<p>La promotion d&#8217;Ebrahim Ra\u00efssi \u00e0 la pr\u00e9sidence apr\u00e8s un simulacre d&#8217;\u00e9lection montre que le r\u00e9gime n&#8217;a pas l&#8217;intention de modifier son approche antagoniste de la communaut\u00e9 internationale. Je crains que sa nomination ne fasse qu&#8217;aggraver la situation des droits humains.<\/p>\n\n\n\n<p>L&#8217;\u00e9norme participation \u00e0 cette conf\u00e9rence en ligne montre une fois de plus qu&#8217;il y a des dizaines de milliers d&#8217;Iraniens qui veulent un avenir meilleur pour leur pays, o\u00f9 l&#8217;on respecte l&#8217;\u00c9tat de droit, l&#8217;\u00e9galit\u00e9 entre les femmes et les hommes et les droits humains. Un avenir fond\u00e9 sur les principes de libert\u00e9, de d\u00e9mocratie et d&#8217;\u00e9galit\u00e9, comme l&#8217;a soulign\u00e9 Mme Radjavi dans son discours d&#8217;aujourd&#8217;hui. Je me tiendrai aux c\u00f4t\u00e9s de tous ceux qui souhaitent un avenir d\u00e9mocratique et libre pour l&#8217;Iran, et je continuerai \u00e0 plaider pour les droits humains, le respect de l&#8217;\u00c9tat de droit, la d\u00e9mocratie et la justice pour que l&#8217;Iran soit libre.<\/p>\n\n\n\n<div class=\"wp-block-image\"><figure class=\"aligncenter size-full is-resized\"><img decoding=\"async\" src=\"data:image\/gif;base64,R0lGODlhAQABAIAAAAAAAP\/\/\/yH5BAEAAAAALAAAAAABAAEAAAIBRAA7\" data-src=\"https:\/\/wncri.org\/fr\/wp-content\/uploads\/2021\/07\/Frances-Townsend-en.jpg\" alt=\"Frances Townsend\" class=\"wp-image-13724 lazyload\" width=\"897\" height=\"449\"\/><noscript><img decoding=\"async\" src=\"https:\/\/wncri.org\/fr\/wp-content\/uploads\/2021\/07\/Frances-Townsend-en.jpg\" alt=\"Frances Townsend\" class=\"wp-image-13724 lazyload\" width=\"897\" height=\"449\" srcset=\"https:\/\/wncri.org\/fr\/wp-content\/uploads\/2021\/07\/Frances-Townsend-en.jpg 750w, https:\/\/wncri.org\/fr\/wp-content\/uploads\/2021\/07\/Frances-Townsend-en-300x150.jpg 300w, https:\/\/wncri.org\/fr\/wp-content\/uploads\/2021\/07\/Frances-Townsend-en-360x180.jpg 360w\" sizes=\"(max-width: 897px) 100vw, 897px\" \/><\/noscript><\/figure><\/div>\n\n\n\n<h3 class=\"wp-block-heading\"><strong>Frances Townsend<\/strong><\/h3>\n\n\n\n<p><strong>Conseill\u00e8re du pr\u00e9sident des \u00c9tats-Unis pour la s\u00e9curit\u00e9 int\u00e9rieure (2004-2007)<\/strong><\/p>\n\n\n\n<p>Le r\u00e9gime actuel n&#8217;a aucun int\u00e9r\u00eat pour une r\u00e9forme significative qui l&#8217;\u00e9carterait n\u00e9cessairement du pouvoir.<\/p>\n\n\n\n<p>Alors que le monde dialogue avec l&#8217;Iran sur son programme d&#8217;armes nucl\u00e9aires, les nombreuses autres activit\u00e9s malveillantes du r\u00e9gime ne doivent pas \u00eatre ignor\u00e9es.<\/p>\n\n\n\n<p>Le simulacre d&#8217;\u00e9lection d&#8217;Ebrahim Ra\u00efssi rappelle aux gouvernements d&#8217;Europe et des \u00c9tats-Unis que faire des concessions \u00e0 ce r\u00e9gime, sous quelque pr\u00e9texte que ce soit, est contre-productif. Ra\u00efssi est un violeur en s\u00e9rie des droits humains fondamentaux qui devrait \u00eatre jug\u00e9 et faire l&#8217;objet d&#8217;une enqu\u00eate pour ses crimes contre l&#8217;humanit\u00e9.<\/p>\n\n\n\n<p>Le plan en dix points de Mme Radjavi pour l&#8217;avenir de l&#8217;Iran reste un cadre solide pour une future r\u00e9publique d\u00e9mocratique. Il existe une alternative viable \u00e0 la situation actuelle, et nous ne devons pas l&#8217;oublier.<\/p>\n\n\n\n<p>Je ne me d\u00e9tournerai jamais d&#8217;un combat que je sais pouvoir gagner, et je soutiendrai l\u2019OMPI, le CNRI, et les efforts continus pour faire respecter les droits humains en Iran et dans le monde.<\/p>\n\n\n\n<div class=\"wp-block-image\"><figure class=\"aligncenter size-full is-resized\"><img decoding=\"async\" src=\"data:image\/gif;base64,R0lGODlhAQABAIAAAAAAAP\/\/\/yH5BAEAAAAALAAAAAABAAEAAAIBRAA7\" data-src=\"https:\/\/wncri.org\/fr\/wp-content\/uploads\/2021\/07\/Els-van-Hoof.jpg\" alt=\"Els Van Hoof\" class=\"wp-image-13720 lazyload\" width=\"888\" height=\"444\"\/><noscript><img decoding=\"async\" src=\"https:\/\/wncri.org\/fr\/wp-content\/uploads\/2021\/07\/Els-van-Hoof.jpg\" alt=\"Els Van Hoof\" class=\"wp-image-13720 lazyload\" width=\"888\" height=\"444\" srcset=\"https:\/\/wncri.org\/fr\/wp-content\/uploads\/2021\/07\/Els-van-Hoof.jpg 750w, https:\/\/wncri.org\/fr\/wp-content\/uploads\/2021\/07\/Els-van-Hoof-300x150.jpg 300w, https:\/\/wncri.org\/fr\/wp-content\/uploads\/2021\/07\/Els-van-Hoof-360x180.jpg 360w\" sizes=\"(max-width: 888px) 100vw, 888px\" \/><\/noscript><\/figure><\/div>\n\n\n\n<h3 class=\"wp-block-heading\"><strong>Els Van Hoof<\/strong><\/h3>\n\n\n\n<p><strong>D\u00e9put\u00e9e belge, Pr\u00e9sidente de la commission des Affaires \u00e9trang\u00e8res&nbsp;<\/strong><\/p>\n\n\n\n<p>La discrimination \u00e0 l&#8217;\u00e9gard des femmes est ancr\u00e9e dans la l\u00e9gislation et la pratique iraniennes. La situation a encore empir\u00e9 pendant la pand\u00e9mie.<\/p>\n\n\n\n<p>L&#8217;Iran se situe au bas de l&#8217;indice mondial de l&#8217;\u00e9cart entre les sexes \u00e9tabli par le Forum \u00e9conomique mondial et a m\u00eame perdu dix places en deux ans. Seuls cinq pour cent des parlementaires iraniens sont des femmes. Seuls trois pour cent des 27 millions de femmes ont un emploi. Le revenu des femmes iraniennes ne repr\u00e9sente que 18 % de celui des hommes. Les femmes sont constamment victimes de discriminations dans leur vie quotidienne.<\/p>\n\n\n\n<p>J&#8217;esp\u00e8re sinc\u00e8rement que les choses vont changer. Cependant, avec l&#8217;\u00e9lection du conservateur Ebrahim Ra\u00efssi, nous ne devons pas \u00eatre na\u00effs. Je pense que notre gouvernement en Belgique ainsi que l&#8217;UE devraient jouer un r\u00f4le plus actif en soutenant la lutte du peuple iranien pour ses droits. Toutes les relations avec l&#8217;Iran doivent \u00eatre conditionn\u00e9es \u00e0 l&#8217;am\u00e9lioration des droits humains et des droits des femmes.<\/p>\n\n\n\n<div class=\"wp-block-image\"><figure class=\"aligncenter size-full is-resized\"><img decoding=\"async\" src=\"data:image\/gif;base64,R0lGODlhAQABAIAAAAAAAP\/\/\/yH5BAEAAAAALAAAAAABAAEAAAIBRAA7\" data-src=\"https:\/\/wncri.org\/fr\/wp-content\/uploads\/2021\/07\/Michele-de-Vaucouleurs-min.jpg\" alt=\"Mich\u00e8le de Vaucouleurs\" class=\"wp-image-13741 lazyload\" width=\"883\" height=\"442\"\/><noscript><img decoding=\"async\" src=\"https:\/\/wncri.org\/fr\/wp-content\/uploads\/2021\/07\/Michele-de-Vaucouleurs-min.jpg\" alt=\"Mich\u00e8le de Vaucouleurs\" class=\"wp-image-13741 lazyload\" width=\"883\" height=\"442\" srcset=\"https:\/\/wncri.org\/fr\/wp-content\/uploads\/2021\/07\/Michele-de-Vaucouleurs-min.jpg 750w, https:\/\/wncri.org\/fr\/wp-content\/uploads\/2021\/07\/Michele-de-Vaucouleurs-min-300x150.jpg 300w, https:\/\/wncri.org\/fr\/wp-content\/uploads\/2021\/07\/Michele-de-Vaucouleurs-min-360x180.jpg 360w\" sizes=\"(max-width: 883px) 100vw, 883px\" \/><\/noscript><\/figure><\/div>\n\n\n\n<h3 class=\"wp-block-heading\"><strong>Mich\u00e8le de Vaucouleurs<\/strong><\/h3>\n\n\n\n<p><strong>D\u00e9put\u00e9e fran\u00e7aise, pr\u00e9sidente du Comit\u00e9 parlementaire pour un Iran d\u00e9mocratique,<\/strong><\/p>\n\n\n\n<p>Avec mes coll\u00e8gues, nous sommes heureux aujourd&#8217;hui de participer \u00e0 ce grand rassemblement international \u00e0 un moment politique charni\u00e8re pour le peuple iranien ainsi que pour les relations internationales que nous entretenons avec l&#8217;Iran, aux c\u00f4t\u00e9s de mes coll\u00e8gues parlementaires de diff\u00e9rents pays. Nous sommes r\u00e9unis en solidarit\u00e9 avec la cause de la d\u00e9mocratie en Iran, autour de la pr\u00e9sidente Maryam Radjavi, que nous saluons ici avec mes coll\u00e8gues du CPD.<\/p>\n\n\n\n<p>Notre comit\u00e9 est engag\u00e9 pour la d\u00e9fense des droits humains et l&#8217;av\u00e8nement d&#8217;une vraie d\u00e9mocratie en Iran au lieu de la th\u00e9ocratie despotique qui r\u00e8gne dans ce pays. Il soutient aussi la lutte contre le terrorisme, qui est un objectif majeur de notre gouvernement dans ces domaines. Nous sommes fiers d&#8217;avoir pu attirer l&#8217;attention des plus hautes autorit\u00e9s de notre pays sur les agissements terroristes du r\u00e9gime iranien en France, tels que l&#8217;attentat d\u00e9jou\u00e9 de Villepinte et sur la r\u00e9pression impitoyable de ce r\u00e9gime \u00e0 l&#8217;encontre de son peuple.<\/p>\n\n\n\n<p>Dans l&#8217;un comme dans l&#8217;autre de ces domaines, nous attendons des mesures appropri\u00e9es de notre gouvernement, d&#8217;autant plus que les r\u00e9centes \u00e9lections en Iran ont confirm\u00e9 le durcissement du pouvoir, mettant fin \u00e0 toute illusion r\u00e9formiste. La nomination \u00e0 la t\u00eate du pays d&#8217;un homme connu particuli\u00e8rement pour son r\u00f4le dans le massacre de plus de 30 000 prisonniers politiques en Iran en 1988, qualifi\u00e9e comme crime contre l&#8217;humanit\u00e9 par des experts de l&#8217;ONU, n&#8217;est pas un \u00e9v\u00e9nement que le CPD peut taire tant il est lourd de cons\u00e9quences.<\/p>\n\n\n\n<div class=\"wp-block-image\"><figure class=\"aligncenter size-full is-resized\"><img decoding=\"async\" src=\"data:image\/gif;base64,R0lGODlhAQABAIAAAAAAAP\/\/\/yH5BAEAAAAALAAAAAABAAEAAAIBRAA7\" data-src=\"https:\/\/wncri.org\/fr\/wp-content\/uploads\/2021\/07\/Veronika-Vrecionova-en-min.jpg\" alt=\"Veronika Vrecionova\" class=\"wp-image-13755 lazyload\" width=\"904\" height=\"452\"\/><noscript><img decoding=\"async\" src=\"https:\/\/wncri.org\/fr\/wp-content\/uploads\/2021\/07\/Veronika-Vrecionova-en-min.jpg\" alt=\"Veronika Vrecionova\" class=\"wp-image-13755 lazyload\" width=\"904\" height=\"452\" srcset=\"https:\/\/wncri.org\/fr\/wp-content\/uploads\/2021\/07\/Veronika-Vrecionova-en-min.jpg 750w, https:\/\/wncri.org\/fr\/wp-content\/uploads\/2021\/07\/Veronika-Vrecionova-en-min-300x150.jpg 300w, https:\/\/wncri.org\/fr\/wp-content\/uploads\/2021\/07\/Veronika-Vrecionova-en-min-360x180.jpg 360w\" sizes=\"(max-width: 904px) 100vw, 904px\" \/><\/noscript><\/figure><\/div>\n\n\n\n<h3 class=\"wp-block-heading\"><strong>Veronika Vrecionova<\/strong><\/h3>\n\n\n\n<p><strong>Europd\u00e9put\u00e9e de la r\u00e9publique tch\u00e8que<\/strong><\/p>\n\n\n\n<p>Vous vous \u00eates battus pendant 40 ans pour faire de l&#8217;Iran un endroit o\u00f9 il fera bon vivre. Pour que la libert\u00e9 ne soit pas seulement un r\u00eave, mais une r\u00e9alit\u00e9 quotidienne pour le peuple iranien.<\/p>\n\n\n\n<p>La r\u00e9cente \u00e9lection pr\u00e9sidentielle a confirm\u00e9 une opposition croissante au r\u00e9gime actuel. Depuis trois ans, nous assistons \u00e0 des manifestations r\u00e9p\u00e9t\u00e9es contre le r\u00e9gime en place. Et nous observons \u00e9galement les terribles r\u00e9actions du pouvoir d&#8217;\u00c9tat.<\/p>\n\n\n\n<p>Je tiens \u00e0 vous assurer que le Parlement europ\u00e9en et moi-m\u00eame ne fermerons pas les yeux sur ces horreurs. Nous rappellerons constamment ces atrocit\u00e9s, et nous penserons aussi \u00e0 ceux qui sont emprisonn\u00e9s pour leurs opinions politiques.<\/p>\n\n\n\n<div class=\"wp-block-image\"><figure class=\"aligncenter size-full is-resized\"><img decoding=\"async\" src=\"data:image\/gif;base64,R0lGODlhAQABAIAAAAAAAP\/\/\/yH5BAEAAAAALAAAAAABAAEAAAIBRAA7\" data-src=\"https:\/\/wncri.org\/fr\/wp-content\/uploads\/2021\/07\/Rama-Yade-en-min.jpg\" alt=\"Rama Yade\" class=\"wp-image-13746 lazyload\" width=\"886\" height=\"443\"\/><noscript><img decoding=\"async\" src=\"https:\/\/wncri.org\/fr\/wp-content\/uploads\/2021\/07\/Rama-Yade-en-min.jpg\" alt=\"Rama Yade\" class=\"wp-image-13746 lazyload\" width=\"886\" height=\"443\" srcset=\"https:\/\/wncri.org\/fr\/wp-content\/uploads\/2021\/07\/Rama-Yade-en-min.jpg 750w, https:\/\/wncri.org\/fr\/wp-content\/uploads\/2021\/07\/Rama-Yade-en-min-300x150.jpg 300w, https:\/\/wncri.org\/fr\/wp-content\/uploads\/2021\/07\/Rama-Yade-en-min-360x180.jpg 360w\" sizes=\"(max-width: 886px) 100vw, 886px\" \/><\/noscript><\/figure><\/div>\n\n\n\n<h3 class=\"wp-block-heading\"><strong>Rama Yade<\/strong><\/h3>\n\n\n\n<p><strong>Ancienne secr\u00e9taire d\u2019Etat fran\u00e7aise aux droits humains (2007-2009) &nbsp;<\/strong><\/p>\n\n\n\n<p>L\u2019Iran officiel, elle, ne change pas. Un pr\u00e9sident d\u00e9sign\u00e9 a remplac\u00e9 un autre pr\u00e9sident d\u00e9sign\u00e9. Les m\u00eames cercles. Et le peuple iranien, lui, semble crier dans le vide. \u00ab&nbsp;<em>Business as usual<\/em>&nbsp;\u00bb, on reprend les n\u00e9gociations sur le nucl\u00e9aire. On ne r\u00e9agit pas davantage \u00e0 la d\u00e9signation du nouveau pr\u00e9sident iranien.<\/p>\n\n\n\n<p>Il faut se demander pourquoi ni le ton, ni la politique \u00e0 l\u2019\u00e9gard de l\u2019Iran semblent ne jamais changer. Je pense que la communaut\u00e9 internationale n\u2019est pas na\u00efve \u00e0 l\u2019\u00e9gard de l\u2019Iran. Elle n\u2019ignore rien des violations des droits de l\u2019homme. Elle sait tout du massacre de 1988. Amnesty international dit tout, chaque jour, et Amnesty a son si\u00e8ge \u00e0 Londres.<\/p>\n\n\n\n<p>Il faut circuler dans les all\u00e9es de l\u2019exposition Achraf 3 et voir les visages graves des fondateurs de l\u2019Iran, croiser le regard de Radjavi, avoir le tournis devant les portraits de centaines de jeunes, de femmes, de sportifs assassin\u00e9s par le r\u00e9gime. \u00catre boulevers\u00e9 devant les photos de dizaines de fosses communes. Reculer devant les photos gla\u00e7antes du massacre d\u2019Achraf en Irak. Un massacre jusque dans les h\u00f4pitaux.<\/p>\n\n\n\n<p>Il faut aussi comprendre le prix \u00e9lev\u00e9 qu\u2019ont pay\u00e9 ces combattants de la libert\u00e9. Voil\u00e0 Achraf 3, trois lieux de m\u00e9moire et d\u2019esp\u00e9rance. T\u00e9moignage vivant de ce qu\u2019est la r\u00e9pression et de la foi en l\u2019avenir.<\/p>\n\n\n\n<p>Aujourd\u2019hui, cette violence se poursuit \u2013 et comme je le dis souvent au sujet des combattants de la libert\u00e9 \u2013 les Iraniens sont fatigu\u00e9s de se battre seuls. Si nous ne r\u00e9agissons pas, les h\u00e9ros de la R\u00e9sistance qui ont pay\u00e9 tellement fort le prix de leur engagement, seront isol\u00e9s.<\/p>\n\n\n\n<p>Je ne crois pas non plus que la communaut\u00e9 internationale soit ignorante de l\u2019existence d\u2019une opposition cr\u00e9dible. Tout le monde conna\u00eet les Moudjahidine du Peuple, avec ses rassemblements g\u00e9ants dans toutes les capitales du monde et des milliers de participants.<\/p>\n\n\n\n<p>On conna\u00eet vos sacrifices. On conna\u00eet le prix \u00e9lev\u00e9 que vous avez pay\u00e9 pour un Iran libre et que vous continuez \u00e0 payer. On conna\u00eet votre programme \u00ab \u00c9galit\u00e9 homme-femme \u00bb. On conna\u00eet votre programme de s\u00e9paration de l\u2019\u00c9glise et de l\u2019\u00c9tat\u2026<\/p>\n\n\n\n<p>On a vu Achraf 3, cette cit\u00e9 b\u00e2tie en moins de deux ans, \u00e0 partir de rien. Des h\u00f4tels, des maisons, des h\u00f4pitaux, des \u00e9coles, des boulangeries, au milieu de nulle part, \u00e0 40 minutes de Tirana et de la c\u00f4te adriatique. C\u2019est une ville qui s\u2019\u00e9rige d\u00e9sormais, ce qui \u00e9tait un champ de boue il y a seulement quelques mois.<\/p>\n\n\n\n<p>Elle a vu le peuple aussi, sortir des maisons\u2026 ces printemps perses. Il y en a tous les jours. Il fallait voir comment le monde, la communaut\u00e9 internationale, a \u00e9t\u00e9 pris de court devant les appels \u00e0 la fin de la dictature qui se r\u00e9pandait dans les tr\u00e9fonds du pays. Ce n\u2019est pas que le monde ou la communaut\u00e9 internationale ne le savait pas. Elle n\u2019a juste pas voulu croire. Elle n\u2019a pas voulu voir.<\/p>\n\n\n\n<p>Puissions-nous \u00eatre plus nombreux, plus d\u00e9termin\u00e9s pour conduire cet indispensable changement, en soutenant le d\u00e9sir du peuple iranien pour le changement de r\u00e9gime et l\u2019instauration d\u2019une r\u00e9publique la\u00efque fond\u00e9e sur la s\u00e9paration de la religion et de l\u2019Etat, l\u2019\u00e9galit\u00e9 des genres et la libert\u00e9 d\u2019expression. Il en va de la morale et de la s\u00e9curit\u00e9.<\/p>\n\n\n\n<div class=\"wp-block-image\"><figure class=\"aligncenter size-full is-resized\"><img decoding=\"async\" src=\"data:image\/gif;base64,R0lGODlhAQABAIAAAAAAAP\/\/\/yH5BAEAAAAALAAAAAABAAEAAAIBRAA7\" data-src=\"https:\/\/wncri.org\/fr\/wp-content\/uploads\/2021\/07\/Ghadigeh-Alzoomi-en-min.jpg\" alt=\"Khadija Al-Zumi\" class=\"wp-image-13725 lazyload\" width=\"887\" height=\"444\"\/><noscript><img decoding=\"async\" src=\"https:\/\/wncri.org\/fr\/wp-content\/uploads\/2021\/07\/Ghadigeh-Alzoomi-en-min.jpg\" alt=\"Khadija Al-Zumi\" class=\"wp-image-13725 lazyload\" width=\"887\" height=\"444\" srcset=\"https:\/\/wncri.org\/fr\/wp-content\/uploads\/2021\/07\/Ghadigeh-Alzoomi-en-min.jpg 750w, https:\/\/wncri.org\/fr\/wp-content\/uploads\/2021\/07\/Ghadigeh-Alzoomi-en-min-300x150.jpg 300w, https:\/\/wncri.org\/fr\/wp-content\/uploads\/2021\/07\/Ghadigeh-Alzoomi-en-min-360x180.jpg 360w\" sizes=\"(max-width: 887px) 100vw, 887px\" \/><\/noscript><\/figure><\/div>\n\n\n\n<h3 class=\"wp-block-heading\"><strong>Khadija Al-Zumi<\/strong><\/h3>\n\n\n\n<p><strong>S\u00e9natrice marocaine<\/strong><\/p>\n\n\n\n<p>Je respecte et soutiens Maryam Radjavi. Elle a d\u00e9fi\u00e9 la dictature. Elle d\u00e9fend la d\u00e9mocratie. Nous devons la ch\u00e9rir en tant que femmes dans le monde. Vous \u00eates un mod\u00e8le qui montre que les femmes n&#8217;accepteront rien de moins que la justice, la dignit\u00e9, la libert\u00e9 et la d\u00e9mocratie.<\/p>\n\n\n\n<p>D\u00e9fendre la d\u00e9mocratie est une grande responsabilit\u00e9 sur nos \u00e9paules. Nous soutenons Madame Radjavi. Nous savons que le chemin de la libert\u00e9 est sem\u00e9 d&#8217;obstacles. Mais ceux qui persistent, sont toujours victorieux.<\/p>\n\n\n\n<p>Je demande \u00e0 Dieu de vous aider, de vous guider et de vous faire triompher au plut\u00f4t.<\/p>\n\n\n\n<h3 class=\"wp-block-heading\"><strong>Orateurs \u00e9minents qui se sont adress\u00e9s au Sommet mondial pour un Iran libre 2021<\/strong><\/h3>\n\n\n\n<h3 class=\"wp-block-heading\"><strong>Premier jour<\/strong><\/h3>\n\n\n\n<p>Janez Jan\u0161a, Premier ministre slov\u00e8ne ; Mike Pompeo, secr\u00e9taire d&#8217;\u00c9tat am\u00e9ricain jusqu&#8217;en 2021 ; Donna Brazile, pr\u00e9sidente par int\u00e9rim du parti d\u00e9mocrate am\u00e9ricain (2016-2017) ; Stephen Harper, Premier ministre canadien (2006-2015) ; Franco Frattini, ministre italien des Affaires \u00e9trang\u00e8res (2008-2011) ; John Bercow, pr\u00e9sident de la Chambre des communes (2009-2019) ;&nbsp; Pandeli Majko, ancien premier ministre de l&#8217;Albanie ; des dizaines de s\u00e9nateurs et de d\u00e9put\u00e9s am\u00e9ricains de premier plan des partis d\u00e9mocrate et r\u00e9publicain, notamment les s\u00e9nateurs Robert Menendez, Ted Cruz, Roy Blunt, Ben Cardin, Jeanne Shaheen, Cory Booker, Thom Tillis, John Cornyn, Maggie Hassan, Joni Ernst et Rick Scott, et les d\u00e9put\u00e9s Kevin McCarthy, Hakeem Jeffries, Brad Sherman, Tom McClintock, Joe Wilson, Dean Phillips, Steve Cohen, Sheila Jackson Lee, Brian Fitzpatrick, Judy Chu, Scott Perry, Don Bacon, Gus Bilirakis, Angie Craig, Brad Schneider, Tom Emmer, French Hill, Pete Sessions, Raul Ruiz, Nicole Malliotakis; Patrick Kennedy, d\u00e9put\u00e9 (1995-2011); Kelly Ayotte, ancienne s\u00e9natrice et le 27\u00e8me procureur g\u00e9n\u00e9ral du New Hampshire; Martin Luther King III, c\u00e9l\u00e8bre militant des droits de l&#8217;homme et fils du d\u00e9funt leader des droits civiques Martin Luther King, le s\u00e9nateur Doug Jones d\u2019Alabama; Gary Locke, 36e secr\u00e9taire d&#8217;\u00c9tat am\u00e9ricain au commerce ; le g\u00e9n\u00e9ral James Jones, conseiller du pr\u00e9sident Obama pour la s\u00e9curit\u00e9 nationale ; Bill Ritter, gouverneur du Colorado (2007-2011);&nbsp; Stephen Bullock, gouverneur&nbsp; du Montana (2013-2021); Philip Bredesen, gouverneur du Tennessee (2003-2011); Tim Broas, ambassadeur des \u00c9tats-Unis aux Pays-Bas jusqu&#8217;\u00e0 2016; l\u2019ambassadeur Mitchell Reiss, ancien directeur de la planification des politiques du d\u00e9partement d&#8217;\u00c9tat am\u00e9ricain et envoy\u00e9 sp\u00e9cial pour l&#8217;Irlande du Nord ; Liam Fox, Secr\u00e9taire d&#8217;\u00c9tat britannique \u00e0 la d\u00e9fense (2010 \u2013 2011); Theresa Villiers, d\u00e9put\u00e9e britannique, Secr\u00e9taire d&#8217;\u00c9tat pour l&#8217;Irlande du Nord&nbsp; (2012-2016); Mich\u00e8le Alliot-Marie, Ministre fran\u00e7aise des Affaires \u00e9trang\u00e8res, de la D\u00e9fense, de la Justice et de l\u2019Int\u00e9rieur (2002-2011); Bernard Kouchner, ministre fran\u00e7ais des Affaires \u00e9trang\u00e8res (2007-2010); Giulio Terzi, Ministre italien des affaires \u00e9trang\u00e8res &nbsp;(2011-2013); G\u00e9rard Longuet, ministre fran\u00e7ais des Affaires \u00e9trang\u00e8res et des anciens combattants (2011\u20132012); Lulzim Basha, pr\u00e9sident du parti d\u00e9mocrate albanais ; Fatmir Mediu, ancien ministre de la d\u00e9fense et leader du parti r\u00e9publicain d&#8217;Albanie.<\/p>\n\n\n\n<h3 class=\"wp-block-heading\"><strong>Deuxi\u00e8me jour<\/strong><\/h3>\n\n\n\n<p>Sid Ahmed Ghozali, ancien premier ministre alg\u00e9rien ; John Perry, ancien ministre irlandais des petites entreprises ; Kimo Sassi, ancien ministre finlandais du commerce ext\u00e9rieur ; Edvard S\u00f3lnes, ancien ministre islandais de l&#8217;environnement ; Uffe Elb\u00e6k, ancien ministre danois de la culture ; Alain Vivien, ancien secr\u00e9taire d&#8217;\u00c9tat fran\u00e7ais aux affaires \u00e9trang\u00e8res ; Azzam al-Ahmad, repr\u00e9sentant de l&#8217;Organisation de lib\u00e9ration de la Palestine ; Ashraf Rifi, ancien ministre libanais de la justice ; Ahmad Fatfat, ministre libanais de l&#8217;int\u00e9rieur (2006) ; Saleh Al-Qallab, ancien ministre jordanien de l&#8217;information ; Hatam al-Asr Ali, ministre soudanais du commerce ; Riyadh Yassin, ancien ministre des affaires \u00e9trang\u00e8res du Y\u00e9men ; Bassam al-Omoush, ancien ministre jordanien et ambassadeur \u00e0 T\u00e9h\u00e9ran ; Tariq Mehdi Abdul-Tawab, ancien chef d&#8217;\u00e9tat-major de l&#8217;arm\u00e9e de l&#8217;air, membre du Conseil supr\u00eame des forces arm\u00e9es d&#8217;\u00c9gypte ; Rita S\u00fcssmuth, pr\u00e9sidente du Bundestag allemand (1988-1998) ; Martin Pazelt, d\u00e9put\u00e9 allemand ; Christoph de Vreis, d\u00e9put\u00e9 allemand ; Lucio Malan, s\u00e9nateur italien; Antonio Tasso, d\u00e9put\u00e9 italien ; Stefania Pezzopane, d\u00e9put\u00e9e italienne ; Lars Rise, ancien d\u00e9put\u00e9 norv\u00e9gien ; Magnus Oscarsson, d\u00e9put\u00e9 su\u00e9dois ; Geir Sigbj\u00f8rn Toskedal, membre de la commission des affaires \u00e9trang\u00e8res du Parlement norv\u00e9gien ; Alejo Vidal Quadras, ancien vice-pr\u00e9sident du Parlement europ\u00e9en (1999-2014) et pr\u00e9sident du International Committee In Serach of Justice (ISJ)\u00a0 ; Struan Stevenson, ancien d\u00e9put\u00e9 europ\u00e9en et pr\u00e9sident de la d\u00e9l\u00e9gation du PE pour les relations avec l&#8217;Irak ; Paulo Casaca, ancien d\u00e9put\u00e9 europ\u00e9en du Portugal et pr\u00e9sident de l&#8217;association de coop\u00e9ration internationale ARCHumankind ; Antonio L\u00f3pez-Ist\u00fariz White, d\u00e9put\u00e9 europ\u00e9en et secr\u00e9taire g\u00e9n\u00e9ral du Parti populaire europ\u00e9en ; Radoslaw Sikorski, d\u00e9put\u00e9 europ\u00e9en de Pologne, ministre des affaires \u00e9trang\u00e8res (2007-2014), ministre de la d\u00e9fense (2005-2007) ; Anna Fotyga, d\u00e9put\u00e9e europ\u00e9ene de Pologne, secr\u00e9taire g\u00e9n\u00e9rale du parti ECR, ministre des affaires \u00e9trang\u00e8res (2006-2007) ; Javier Zarzalejos, d\u00e9put\u00e9 europ\u00e9en d&#8217;Espagne, ancien secr\u00e9taire g\u00e9n\u00e9ral du cabinet du Premier ministre espagnol (1996-2004) ; Milan Zver, d\u00e9put\u00e9 europ\u00e9en de Slov\u00e9nie, ministre de l&#8217;\u00e9ducation et des sports (2004-2008) ; Petras Au\u0161trevi\u010dius, d\u00e9put\u00e9 europ\u00e9en, membre de la commission des affaires \u00e9trang\u00e8res, pr\u00e9sident de la d\u00e9l\u00e9gation du PE pour les relations avec l&#8217;Afghanistan ; Franck Bogovi\u010d, d\u00e9put\u00e9 europ\u00e9en de Slov\u00e9nie, et vice-pr\u00e9sident de la d\u00e9l\u00e9gation du PE de la commission parlementaire de stabilisation et d&#8217;association UE-Serbie, ancien ministre de l&#8217;environnement et de l&#8217;agriculture de Slov\u00e9nie ; Zamaswazi Dlamini-Mandela, d\u00e9fenseure des droits humains et petite-fille de Nelson Mandela ; la baronne Betty Boothroyd, pr\u00e9sidente de la Chambre des communes du Royaume-Uni (1992-2000) ; la baronne Verma, ancienne sous-secr\u00e9taire parlementaire du minist\u00e8re du D\u00e9veloppement international ; Matthew Offord, d\u00e9put\u00e9 britannique ; David Jones, d\u00e9put\u00e9 britannique, secr\u00e9taire d&#8217;\u00c9tat pour le Pays de Galles (2012-2014) et ministre du Brexit (2016-2017) ; Sir David Amess, d\u00e9put\u00e9 et co-pr\u00e9sident du Comit\u00e9 parlementaire britannique pour la libert\u00e9 en Iran ; Steve McCabe, d\u00e9put\u00e9 britannique ; Bob Blackman, d\u00e9put\u00e9 britannique ; les d\u00e9put\u00e9s fran\u00e7ais Philippe Gosselin, Mich\u00e8le de Vaucouleurs, Herv\u00e9 Saulignac, <a>Andr\u00e9 <\/a>Chassaigne, Yannick Favennec ; Jean-Fran\u00e7ois Legaret, conseiller r\u00e9gional et ancien maire de Paris 1<sup>er<\/sup> ; Jean-Pierre Muller, conseiller r\u00e9gional et ancien maire de Magny-en-Vexin ; Raffaele Fitto, d\u00e9put\u00e9 europ\u00e9en d&#8217;Italie et ancien ministre des relations avec les r\u00e9gions d&#8217;Italie (2008-2011) ; Edmond Spaho, d\u00e9put\u00e9 et chef de la faction parlementaire du Parti d\u00e9mocratique d&#8217;Albanie, et ancien ministre du tourisme ; Elona Gjebrea, d\u00e9put\u00e9 et secr\u00e9taire de la commission des relations ext\u00e9rieures, ancienne vice-ministre de l&#8217;int\u00e9rieur d&#8217;Albanie ; Namik Kopliku, ancien d\u00e9put\u00e9 albanais ; Orjola Pampuri, d\u00e9put\u00e9e albanaise ; Klevis Baliu, d\u00e9put\u00e9 albanais ; Aude de Thuin, femme d&#8217;affaires fran\u00e7aise, fondatrice et pr\u00e9sidente de Women in Africa\u00a0;Valentina Leskaj, ancienne pr\u00e9sidente du Parlement albanais, ancienne ministre du travail et ancienne vice-pr\u00e9sidente de l&#8217;ECPA ; Dominique Attias, pr\u00e9sidente de la F\u00e9d\u00e9ration des barreaux europ\u00e9ens, ancienne vice-b\u00e2tonni\u00e8re de Paris et premi\u00e8re femme \u00e0 occuper ce poste ; Ranjana Kumari, directrice du Centre for Social Research (Inde), sp\u00e9cialiste de l&#8217;\u00e9galit\u00e9 des genres aux Nations unies et l&#8217;une des 100 personnes les plus influentes en mati\u00e8re de politique d&#8217;\u00e9galit\u00e9 des sexes pour 2020 ; Susana Medina, juriste, pr\u00e9sidente honoraire de la F\u00e9d\u00e9ration internationale des femmes de carri\u00e8res juridiques &#8211; Argentine ; Laurence Fehlmann Rielle, membre du Parlement f\u00e9d\u00e9ral suisse et pr\u00e9sidente de la commission judiciaire ; Els van Hoof, d\u00e9put\u00e9e belge, pr\u00e9sidente de la commission des affaires \u00e9trang\u00e8res ; le s\u00e9nateur. Mark Demesmaeker de Belgique ; Luis Leite Ramos, d\u00e9put\u00e9 du Portugal ; James Bezan, d\u00e9put\u00e9 du Canada ; <a>Candice Bergen<\/a>, d\u00e9put\u00e9e et vice-pr\u00e9sidente du Parti conservateur du Canada ; Eric Abetz, pr\u00e9sident de la commission des affaires \u00e9trang\u00e8res, de la d\u00e9fense et des affaires juridiques du Parlement f\u00e9d\u00e9ral d&#8217;Australie ; Rob Mitcheal, d\u00e9put\u00e9 principal et vice-pr\u00e9sident du Parlement f\u00e9d\u00e9ral d&#8217;Australie et vice-pr\u00e9sident du Parti travailliste ; Fawzia Nasiryar Guldarye, d\u00e9put\u00e9e d&#8217;Afghanistan ; Aiham Alsammarae, ancien ministre de l&#8217;\u00e9lectricit\u00e9 d&#8217;Irak ; la s\u00e9natrice Khadija Al-Zumi du Maroc ; Mohammad Amin Al-Shakhari, ancien ministre de l&#8217;industrie de Tunisie ; Mohammad Al-Homairi, d\u00e9put\u00e9 du Y\u00e9men ; Ata Ebdah, d\u00e9put\u00e9 de Jordanie ; Ahmad Jarallah, r\u00e9dacteur en chef du journal Assiayssa, Kowe\u00eft ; Abdusalam Horma, d\u00e9put\u00e9 de Mauritanie ; Saber Rostam Khanli, d\u00e9put\u00e9 d&#8217;Azerba\u00efdjan.<\/p>\n\n\n\n<p><strong>3e jour<\/strong><\/p>\n\n\n\n<p>Matteo Rentzi, Premier ministre italien (2014-2016) ; Guy Verhofstadt, d\u00e9put\u00e9 europ\u00e9en et Premier ministre belge (1999 &#8211; 2009) ; Enda Kenny, Premier ministre irlandais (2011 &#8211; 2017) ; Carlo Cottarelli, \u00e9conomiste italien et ancien directeur au FMI, Premier ministre int\u00e9rimaire d&#8217;Italie (2018) ; Frederic Reinfeldt, Premier ministre su\u00e9dois (2006 \u00e0 2014) ; Petre Roman, Premier ministre roumain (1989-1991) ; et des partisans \u00e9minents de la R\u00e9sistance iranienne : Ingrid Betancourt, ancienne s\u00e9natrice et candidate \u00e0 la pr\u00e9sidence de Colombie ; Rudy Giuliani, ancien maire de New York ; John Bolton, conseiller \u00e0 la s\u00e9curit\u00e9 nationale des \u00c9tats-Unis (2018-2019) ; le s\u00e9nateur Joseph Lieberman, membre du S\u00e9nat am\u00e9ricain (1989-2013) et candidat \u00e0 la pr\u00e9sidence en 2000 ; le s\u00e9nateur Robert Torricelli, le juge Michael Mukasey, ancien ministre de la justice des \u00c9tats-Unis ; Louis Freeh, ancien directeur du FBI ; l&#8217;ambassadeur Robert Joseph, sous-secr\u00e9taire d&#8217;\u00c9tat am\u00e9ricain pour le contr\u00f4le de l\u2019armement et de la s\u00e9curit\u00e9 internationale (2005-2007) ; Marc Ginsberg, ambassadeur des \u00c9tats-Unis au Maroc (1994-1998) ; l&#8217;ambassadeur Lincoln Bloomfield Jr, secr\u00e9taire d&#8217;\u00c9tat adjoint aux affaires politico-militaires (2001-2005) ; Frances Townsend, conseill\u00e8re en s\u00e9curit\u00e9 int\u00e9rieure du pr\u00e9sident des \u00c9tats-Unis (2004 &#8211; 2007) ; Theresa Payton, ancienne directrice de l&#8217;information de la Maison-Blanche (2006-2008) ; John Baird, ministre des Affaires \u00e9trang\u00e8res du Canada (2011-2015) ; Tony Clement, pr\u00e9sident du Conseil du Tr\u00e9sor du Canada (2011-2015), ministre de l&#8217;Industrie (2008-2011), ministre de la Sant\u00e9 (2006-2008) ; Wayne Easter, secr\u00e9taire parlementaire du ministre de l&#8217;Agriculture et de l&#8217;Agroalimentaire du Canada (2004-2006) ; Judy Sgro, ministre de la citoyennet\u00e9 et de l&#8217;immigration (2003-2005) ; Rama Yade, secr\u00e9taire d\u2019Etat fran\u00e7aise aux droits de l&#8217;homme (2007-2009) ; Corinne Lepage, ancienne ministre fran\u00e7aise de l&#8217;environnement (1995-1997) ; Timo Soini vice-premier ministre de Finlande (2015-2017) et ministre des affaires \u00e9trang\u00e8res (2015-2019) ; Audronius A\u017eubalis, ministre lituanien des affaires \u00e9trang\u00e8res (2010-2012) ; Eduard Kukan, ministre slovaque des affaires \u00e9trang\u00e8res (1998-2006) ; Tom Kitt, secr\u00e9taire d&#8217;\u00c9tat irlandais (2002-2004) ; Lucinda Creighton, ministre d&#8217;\u00c9tat aux affaires europ\u00e9ennes (2011-2013) ; Lord Henry Bellingham, sous-secr\u00e9taire d&#8217;\u00c9tat au minist\u00e8re britannique des affaires \u00e9trang\u00e8res et du Commonwealth (2010-2012) ; Alexandr Vondra, d\u00e9put\u00e9 europ\u00e9en, ministre de la d\u00e9fense (2010-2012) et vice-premier ministre (2007-2009) de la R\u00e9publique tch\u00e8que ; Micha\u0142 Kami\u0144ski, ancien vice-pr\u00e9sident du S\u00e9nat polonais et secr\u00e9taire aux relations avec les m\u00e9dias \u00e0 la chancellerie du pr\u00e9sident (2007-2009) ; Ryszard Kalisz, ministre de l&#8217;Int\u00e9rieur et de l&#8217;Administration (2004-2005) ; Tritan Shehu, ministre des Affaires \u00e9trang\u00e8res d&#8217;Albanie (1996-1997) ; Klajda Gjusha, ministre de l&#8217;Int\u00e9gration europ\u00e9enne de l&#8217;Albanie (2017) ; Mimi Kodheli, ministre de la D\u00e9fense (2013-2017) et actuelle pr\u00e9sidente de la commission des Affaires \u00e9trang\u00e8res au Parlement albanais ; des commandants militaires am\u00e9ricains de haut rang, dont le g\u00e9n\u00e9ral James Conway, le g\u00e9n\u00e9ral Jack Keane et le g\u00e9n\u00e9ral Charles Wald ; James Woolsey, ancien directeur de la CIA (1993-1995), Mario Diaz-Balart, membre du Congr\u00e8s am\u00e9ricain ; Harry Reid, s\u00e9nateur am\u00e9ricain, chef de la majorit\u00e9 au S\u00e9nat (2007-2015) et chef de la minorit\u00e9 (2015-2017) ; Mary Landrieu, s\u00e9natrice am\u00e9ricaine, pr\u00e9sidente de la commission s\u00e9natoriale de l&#8217;\u00e9nergie (1997-2015) ; Nathan Sales, sous-secr\u00e9taire d&#8217;\u00c9tat am\u00e9ricain \u00e0 la s\u00e9curit\u00e9 civile, \u00e0 la d\u00e9mocratie et aux droits de l&#8217;homme (2017-2021) ; le s\u00e9nateur am\u00e9ricain John Boozman, membre de la commission s\u00e9natoriale de l&#8217;agriculture, et des personnalit\u00e9s politiques de premier plan, telles que Adrianus Melkert, ancien repr\u00e9sentant de la MANUI en Irak et ancien dirigeant du parti travailliste n\u00e9erlandais, Garry Kasparov, grand ma\u00eetre d&#8217;\u00e9checs russe, et Gilbert Mitterrand, pr\u00e9sident de la Fondation France Libert\u00e9s.<\/p>\n\n\n\n<p>.<\/p>\n","protected":false},"excerpt":{"rendered":"<p>1 029 personnalit\u00e9s politiques, dont 50 parlementaires d&#8217;Europe, du Canada, de pays arabes et musulmans, ainsi que 30 s\u00e9nateurs et membres du Congr\u00e8s am\u00e9ricains ont particip\u00e9 \u00e0 l&#8217;\u00e9v\u00e9nement. Le Sommet mondial pour un Iran libre 2021 s&#8217;est tenu pendant trois jours, du samedi 10 au 12 juillet 2021. L&#8217;\u00e9v\u00e9nement intitul\u00e9 \u00ab&nbsp;L&#8217;alternative d\u00e9mocratique en marche vers [&hellip;]<\/p>\n","protected":false},"author":4,"featured_media":13723,"comment_status":"closed","ping_status":"closed","sticky":false,"template":"","format":"standard","meta":{"jnews-multi-image_gallery":[],"jnews_single_post":{"subtitle":"","format":"standard","video":"","gallery":"","source_name":"","source_url":"","via_name":"","via_url":"","override":[{"template":"1","single_blog_custom":"","parallax":"1","fullscreen":"1","layout":"right-sidebar","sidebar":"default-sidebar","second_sidebar":"default-sidebar","sticky_sidebar":"1","share_position":"top","share_float_style":"share-monocrhome","show_share_counter":"1","show_view_counter":"1","show_featured":"1","show_post_meta":"1","show_post_author":"1","show_post_author_image":"1","show_post_date":"1","post_date_format":"default","post_date_format_custom":"Y\/m\/d","show_post_category":"1","post_reading_time_wpm":"300","zoom_button_out_step":"2","zoom_button_in_step":"3","show_post_tag":"1","show_prev_next_post":"1","show_popup_post":"1","number_popup_post":"1"}],"image_override":[{"single_post_thumbnail_size":"crop-500","single_post_gallery_size":"crop-500"}],"trending_post_position":"meta","trending_post_label":"Trending","sponsored_post_label":"Sponsored by","sponsored_post_name":"","sponsored_post_url":"","sponsored_post_logo":"","sponsored_post_desc":""},"jnews_primary_category":{"id":""},"jnews_social_meta":[],"jnews_override_counter":{"view_counter_number":"0","share_counter_number":"0","like_counter_number":"0","dislike_counter_number":"0"},"footnotes":""},"categories":[8],"tags":[373],"class_list":["post-13707","post","type-post","status-publish","format-standard","has-post-thumbnail","hentry","category-articles","tag-le-leadership-des-femmes"],"_links":{"self":[{"href":"https:\/\/wncri.org\/fr\/wp-json\/wp\/v2\/posts\/13707","targetHints":{"allow":["GET"]}}],"collection":[{"href":"https:\/\/wncri.org\/fr\/wp-json\/wp\/v2\/posts"}],"about":[{"href":"https:\/\/wncri.org\/fr\/wp-json\/wp\/v2\/types\/post"}],"author":[{"embeddable":true,"href":"https:\/\/wncri.org\/fr\/wp-json\/wp\/v2\/users\/4"}],"replies":[{"embeddable":true,"href":"https:\/\/wncri.org\/fr\/wp-json\/wp\/v2\/comments?post=13707"}],"version-history":[{"count":0,"href":"https:\/\/wncri.org\/fr\/wp-json\/wp\/v2\/posts\/13707\/revisions"}],"wp:featuredmedia":[{"embeddable":true,"href":"https:\/\/wncri.org\/fr\/wp-json\/wp\/v2\/media\/13723"}],"wp:attachment":[{"href":"https:\/\/wncri.org\/fr\/wp-json\/wp\/v2\/media?parent=13707"}],"wp:term":[{"taxonomy":"category","embeddable":true,"href":"https:\/\/wncri.org\/fr\/wp-json\/wp\/v2\/categories?post=13707"},{"taxonomy":"post_tag","embeddable":true,"href":"https:\/\/wncri.org\/fr\/wp-json\/wp\/v2\/tags?post=13707"}],"curies":[{"name":"wp","href":"https:\/\/api.w.org\/{rel}","templated":true}]}}