{"id":13673,"date":"2021-07-19T08:08:00","date_gmt":"2021-07-19T06:08:00","guid":{"rendered":"https:\/\/wncri.org\/fr\/?p=13673"},"modified":"2021-07-20T08:11:25","modified_gmt":"2021-07-20T06:11:25","slug":"dautres-detenues-touchees-par-le-covid-19-dans-la-prison-des-femmes","status":"publish","type":"post","link":"https:\/\/wncri.org\/fr\/2021\/07\/19\/dautres-detenues-touchees-par-le-covid-19-dans-la-prison-des-femmes\/","title":{"rendered":"D&#8217;autres d\u00e9tenues touch\u00e9es par le Covid-19 dans la prison des femmes d\u2019Evine"},"content":{"rendered":"\n<p>D&#8217;autres d\u00e9tenues touch\u00e9es par le Covid-19 dans la prison des femmes d\u2019Evine<\/p>\n\n\n\n<h2 class=\"wp-block-heading\"><em>Le directeur adjoint d&#8217;Evine : Dehors, c&#8217;est pareil. Vous allez mourir, vous aussi !<\/em><\/h2>\n\n\n\n<p>CNRI Femmes &#8211; L&#8217;inqui\u00e9tude grandit quant \u00e0 une infection g\u00e9n\u00e9ralis\u00e9e par le Covid-19 dans la prison des femmes d&#8217;Evine \u00e0 T\u00e9h\u00e9ran.<\/p>\n\n\n\n<p>Des informations plus r\u00e9centes en provenance la prison des femmes d&#8217;Evine indiquent que davantage de d\u00e9tenues pr\u00e9sentent les sympt\u00f4mes du Covid-19.<\/p>\n\n\n\n<p><a href=\"https:\/\/wncri.org\/fr\/2020\/10\/11\/des-militantes\/\">Aliyeh Motallebazadeh<\/a>, photographe et militante des droits des femmes, qui est actuellement d\u00e9tenue dans le quartier des femmes d&#8217;Evine, a envoy\u00e9 un fichier audio le samedi 17 juillet, affirmant que ses cod\u00e9tenues contractent le Covid-19.<\/p>\n\n\n\n<p>Au moins trois d\u00e9tenues ont \u00e9t\u00e9 transf\u00e9r\u00e9es en quarantaine au cours des quatre derniers jours, a d\u00e9clar\u00e9 Mme Motallebazadeh. Elles ont \u00e9t\u00e9 enferm\u00e9es dans une pi\u00e8ce. Aucun soin m\u00e9dical ne leur est fourni.<\/p>\n\n\n\n<p>La commission des Femmes du CNRI a lanc\u00e9 une alerte sur l&#8217;\u00e9pid\u00e9mie le 13 juillet 2021. La commission a enregistr\u00e9 jusqu&#8217;\u00e0 pr\u00e9sent les infections des prisonni\u00e8res politiques <a href=\"https:\/\/wncri.org\/fr\/2021\/06\/04\/lenseignante-a-la-retraite-nahid-fathalian-positive-au-covid-19\/\" target=\"_blank\" rel=\"noreferrer noopener\">Nahid Fat&#8217;halian<\/a>, <a href=\"https:\/\/wncri.org\/fr\/2020\/09\/16\/quatre-femmes-parmi\/\" target=\"_blank\" rel=\"noreferrer noopener\">Zeinab Hamrang<\/a>, et de l\u2019\u00e9cologiste d\u00e9tenue Sepideh Kashani qui ont \u00e9t\u00e9 test\u00e9es positives.<\/p>\n\n\n\n<p>Les autorit\u00e9s de la prison d&#8217;Evine n&#8217;ont pas pris de mesures pour tester toutes les d\u00e9tenues afin de d\u00e9terminer celles qui sont positives au Covid-19.<\/p>\n\n\n\n<p>Mme Motallebzadeh a d\u00e9clar\u00e9 dans son fichier audio que trois d\u00e9tenues, dont Arezou Qassemi et Zahra Jamali, sont dans un \u00e9tat critique et que Mojgan Kavousi pr\u00e9sente d\u00e9j\u00e0 les sympt\u00f4mes du Covid-19.<\/p>\n\n\n\n<p>Elle rapporte que les d\u00e9tenues du quartier des femmes ont paniqu\u00e9 \u00e0 l&#8217;annonce des infections et du refus de leur donner des traitements m\u00e9dicaux. Elles ne nettoient pas le quartier comme elles le faisaient auparavant, ce qui contribue \u00e0 l&#8217;insalubrit\u00e9.<\/p>\n\n\n\n<p>En r\u00e9ponse \u00e0 la demande de Mme Motallebzadeh de s&#8217;occuper des d\u00e9tenues malades dans le quartier de la quarantaine, le directeur adjoint d&#8217;Evine a d\u00e9clar\u00e9 : &#8221; \u00c0 l&#8217;ext\u00e9rieur, c&#8217;est la m\u00eame chose. Les gens meurent l\u00e0-bas. Quelle est la diff\u00e9rence ? Vous allez mourir aussi.&#8221;<\/p>\n\n\n\n<p>Depuis le d\u00e9but de l&#8217;\u00e9pid\u00e9mie, le r\u00e9gime cl\u00e9rical a adopt\u00e9 la politique des morts massives pour repousser la menace de soul\u00e8vements populaires. Dans les prisons, les autorit\u00e9s n&#8217;ont pas fourni l&#8217;\u00e9quipement sanitaire minimal aux d\u00e9tenus, utilisant le coronavirus comme un outil pour torturer davantage les prisonniers et les tuer.<\/p>\n\n\n\n<p>L&#8217;Organisation des Moudjahidine du peuple d&#8217;Iran a indiqu\u00e9 qu&#8217;au dimanche soir 18 juillet 2021, le nombre de d\u00e9c\u00e8s dus au coronavirus en Iran <a href=\"https:\/\/www.ncr-iran.org\/fr\/communiques-cnri\/droits-humains\/iran-plus-de-332-100-deces-dus-au-coronavirus\/\" target=\"_blank\" rel=\"noreferrer noopener\">avait d\u00e9pass\u00e9 les 332 100<\/a>.<\/p>\n","protected":false},"excerpt":{"rendered":"<p>D&#8217;autres d\u00e9tenues touch\u00e9es par le Covid-19 dans la prison des femmes d\u2019Evine Le directeur adjoint d&#8217;Evine : Dehors, c&#8217;est pareil. Vous allez mourir, vous aussi ! CNRI Femmes &#8211; L&#8217;inqui\u00e9tude grandit quant \u00e0 une infection g\u00e9n\u00e9ralis\u00e9e par le Covid-19 dans la prison des femmes d&#8217;Evine \u00e0 T\u00e9h\u00e9ran. Des informations plus r\u00e9centes en provenance la prison [&hellip;]<\/p>\n","protected":false},"author":4,"featured_media":13674,"comment_status":"closed","ping_status":"closed","sticky":false,"template":"","format":"standard","meta":{"jnews-multi-image_gallery":[],"jnews_single_post":{"subtitle":"","format":"standard","video":"","gallery":"","source_name":"","source_url":"","via_name":"","via_url":"","override":[{"template":"1","single_blog_custom":"","parallax":"1","fullscreen":"1","layout":"right-sidebar","sidebar":"default-sidebar","second_sidebar":"default-sidebar","sticky_sidebar":"1","share_position":"top","share_float_style":"share-monocrhome","show_share_counter":"1","show_view_counter":"1","show_featured":"1","show_post_meta":"1","show_post_author":"1","show_post_author_image":"1","show_post_date":"1","post_date_format":"default","post_date_format_custom":"Y\/m\/d","show_post_category":"1","post_reading_time_wpm":"300","zoom_button_out_step":"2","zoom_button_in_step":"3","show_post_tag":"1","show_prev_next_post":"1","show_popup_post":"1","number_popup_post":"1"}],"image_override":[{"single_post_thumbnail_size":"crop-500","single_post_gallery_size":"crop-500"}],"trending_post_position":"meta","trending_post_label":"Trending","sponsored_post_label":"Sponsored by","sponsored_post_name":"","sponsored_post_url":"","sponsored_post_logo":"","sponsored_post_desc":""},"jnews_primary_category":{"id":""},"jnews_social_meta":[],"jnews_override_counter":{"view_counter_number":"0","share_counter_number":"0","like_counter_number":"0","dislike_counter_number":"0"},"footnotes":""},"categories":[3],"tags":[370],"class_list":["post-13673","post","type-post","status-publish","format-standard","has-post-thumbnail","hentry","category-infos-des-femmes","tag-prisonnieres"],"_links":{"self":[{"href":"https:\/\/wncri.org\/fr\/wp-json\/wp\/v2\/posts\/13673","targetHints":{"allow":["GET"]}}],"collection":[{"href":"https:\/\/wncri.org\/fr\/wp-json\/wp\/v2\/posts"}],"about":[{"href":"https:\/\/wncri.org\/fr\/wp-json\/wp\/v2\/types\/post"}],"author":[{"embeddable":true,"href":"https:\/\/wncri.org\/fr\/wp-json\/wp\/v2\/users\/4"}],"replies":[{"embeddable":true,"href":"https:\/\/wncri.org\/fr\/wp-json\/wp\/v2\/comments?post=13673"}],"version-history":[{"count":0,"href":"https:\/\/wncri.org\/fr\/wp-json\/wp\/v2\/posts\/13673\/revisions"}],"wp:featuredmedia":[{"embeddable":true,"href":"https:\/\/wncri.org\/fr\/wp-json\/wp\/v2\/media\/13674"}],"wp:attachment":[{"href":"https:\/\/wncri.org\/fr\/wp-json\/wp\/v2\/media?parent=13673"}],"wp:term":[{"taxonomy":"category","embeddable":true,"href":"https:\/\/wncri.org\/fr\/wp-json\/wp\/v2\/categories?post=13673"},{"taxonomy":"post_tag","embeddable":true,"href":"https:\/\/wncri.org\/fr\/wp-json\/wp\/v2\/tags?post=13673"}],"curies":[{"name":"wp","href":"https:\/\/api.w.org\/{rel}","templated":true}]}}