{"id":13670,"date":"2021-07-17T08:05:00","date_gmt":"2021-07-17T06:05:00","guid":{"rendered":"https:\/\/wncri.org\/fr\/?p=13670"},"modified":"2021-07-20T08:08:21","modified_gmt":"2021-07-20T06:08:21","slug":"raheleh-ahmadi-souffre-dune-mauvaise-sante-suite-au-deces-de-sa-mere","status":"publish","type":"post","link":"https:\/\/wncri.org\/fr\/2021\/07\/17\/raheleh-ahmadi-souffre-dune-mauvaise-sante-suite-au-deces-de-sa-mere\/","title":{"rendered":"Raheleh Ahmadi souffre d&#8217;une mauvaise sant\u00e9, suite au d\u00e9c\u00e8s de sa m\u00e8re"},"content":{"rendered":"\n<p><strong>CNRI Femmes &#8211; <\/strong>Depuis samedi 17 juillet 2021, la prisonni\u00e8re d&#8217;opinion Raheleh Ahmadi souffre d&#8217;une mauvaise sant\u00e9 due au stress nerveux qui a aggrav\u00e9 la douleur caus\u00e9e par un disque lombaire.<\/p>\n\n\n\n<p>Raheleh Ahmadi, d\u00e9tenue dans le quartier des femmes de la prison d&#8217;Evine \u00e0 T\u00e9h\u00e9ran, n&#8217;a pas \u00e9t\u00e9 autoris\u00e9e \u00e0 rendre visite \u00e0 sa m\u00e8re malade dans les derniers jours de sa vie. Les autorit\u00e9s de la prison d&#8217;Evine n&#8217;ont m\u00eame pas accord\u00e9 une courte permission \u00e0 Mme Ahmadi pour assister aux fun\u00e9railles de sa m\u00e8re apr\u00e8s son d\u00e9c\u00e8s.<\/p>\n\n\n\n<p>En cons\u00e9quence, Mme Raheleh Ahmadi, qui \u00e9tait d\u00e9j\u00e0 en mauvaise sant\u00e9, a souffert de stress nerveux, ce qui a aggrav\u00e9 ses douleurs du disque lombaire. Elle n&#8217;est pas en mesure de marcher sans aide.<\/p>\n\n\n\n<p>Raheleh Ahmadi est condamn\u00e9e \u00e0 31 mois de prison et incarc\u00e9r\u00e9e depuis le 15 f\u00e9vrier 2020. Elle <a href=\"https:\/\/wncri.org\/fr\/2019\/07\/11\/raheleh-ahmadi-arretee-quarante-jours-apres-sa-fille-en-iran\/\" target=\"_blank\" rel=\"noreferrer noopener\">a \u00e9t\u00e9 arr\u00eat\u00e9e<\/a> pour faire pression sur sa fille, Saba Kord Afshari, afin que cette derni\u00e8re fasse des aveux forc\u00e9s.<\/p>\n\n\n\n<p>Elle souffre de dysfonctionnements de la thyro\u00efde qui affectent son syst\u00e8me immunitaire, la rendant plus vuln\u00e9rable au COVID-19.<\/p>\n\n\n\n<p>Apr\u00e8s <a href=\"https:\/\/wncri.org\/fr\/2021\/04\/05\/bannissement-de-prisonnieres-politiques\/\" target=\"_blank\" rel=\"noreferrer noopener\">l&#8217;exil<\/a> de Saba \u00e0 la prison de Qarchak, Mme Ahmadi a \u00e9t\u00e9 confront\u00e9e \u00e0 des probl\u00e8mes m\u00e9dicaux dus au stress et a subi une rupture de disque, et a d\u00fb utiliser un d\u00e9ambulateur pour marcher. N\u00e9anmoins, elle n&#8217;a pas re\u00e7u de traitement m\u00e9dical appropri\u00e9.<\/p>\n\n\n\n<p>Le m\u00e9decin de la clinique de la prison a d\u00e9clar\u00e9 que son incapacit\u00e9 \u00e0 marcher \u00e9tait due \u00e0 une pression nerveuse et qu&#8217;elle devait \u00eatre examin\u00e9e par un m\u00e9decin sp\u00e9cialiste des neurones.<\/p>\n\n\n\n<p>Le 14 mars 2021, elle a obtenu une autorisation de sortie qui a pris fin le 10 avril. Les autorit\u00e9s p\u00e9nitentiaires ont rejet\u00e9 sa demande de prolongation de cong\u00e9. En raison d&#8217;une rupture de disque, elle doit subir une op\u00e9ration et se reposer pendant deux mois.<\/p>\n\n\n\n<h3 class=\"wp-block-heading\"><strong>En Iran, les autorit\u00e9s p\u00e9nitentiaires refusent les soins m\u00e9dicaux aux d\u00e9tenuse<\/strong><\/h3>\n\n\n\n<p>Priver les prisonni\u00e8res politiques de traitement m\u00e9dical est une pratique courante dans les prisons du r\u00e9gime cl\u00e9rical.<\/p>\n\n\n\n<p>Lorsqu&#8217;un ou une prisonnier(e) politique a besoin d&#8217;un traitement m\u00e9dical urgent, les autorit\u00e9s de la prison d&#8217;Evine obligent les familles et les avocats \u00e0 passer par plusieurs \u00e9tapes de renvoi \u00e0 diff\u00e9rents responsables et organismes. La proc\u00e9dure est g\u00e9n\u00e9ralement longue et sans r\u00e9ponse.<\/p>\n\n\n\n<p>Le responsable du dispensaire de la prison et ses m\u00e9decins ont \u00e9galement le pouvoir d&#8217;envoyer un prisonnier \u00e0 l&#8217;h\u00f4pital en cas d&#8217;urgence, mais ils ne le font pas. Parfois, les h\u00f4pitaux qui ont sign\u00e9 des contrats avec les prisons ne fournissent pas de services sp\u00e9cialis\u00e9s. Et le ou la d\u00e9tenu(e) ne re\u00e7oit pas le traitement sp\u00e9cialis\u00e9 dont il ou elle a besoin.<\/p>\n\n\n\n<p>Dans d&#8217;autres cas, lorsqu&#8217;un m\u00e9decin ordonne l&#8217;hospitalisation d&#8217;un(e) d\u00e9tenu(e), le procureur adjoint de la prison ne l&#8217;autorise pas \u00e0 rester hospitalis\u00e9(e).<\/p>\n\n\n\n<p>Le manque de coop\u00e9ration et la lenteur des autorit\u00e9s p\u00e9nitentiaires entra\u00eenent une d\u00e9t\u00e9rioration de l&#8217;\u00e9tat de sant\u00e9 et, dans certains cas, le d\u00e9c\u00e8s du ou de la d\u00e9tenu(e).<\/p>\n","protected":false},"excerpt":{"rendered":"<p>CNRI Femmes &#8211; Depuis samedi 17 juillet 2021, la prisonni\u00e8re d&#8217;opinion Raheleh Ahmadi souffre d&#8217;une mauvaise sant\u00e9 due au stress nerveux qui a aggrav\u00e9 la douleur caus\u00e9e par un disque lombaire. Raheleh Ahmadi, d\u00e9tenue dans le quartier des femmes de la prison d&#8217;Evine \u00e0 T\u00e9h\u00e9ran, n&#8217;a pas \u00e9t\u00e9 autoris\u00e9e \u00e0 rendre visite \u00e0 sa m\u00e8re [&hellip;]<\/p>\n","protected":false},"author":4,"featured_media":13671,"comment_status":"closed","ping_status":"closed","sticky":false,"template":"","format":"standard","meta":{"jnews-multi-image_gallery":[],"jnews_single_post":{"subtitle":"","format":"standard","video":"","gallery":"","source_name":"","source_url":"","via_name":"","via_url":"","override":[{"template":"1","single_blog_custom":"","parallax":"1","fullscreen":"1","layout":"right-sidebar","sidebar":"default-sidebar","second_sidebar":"default-sidebar","sticky_sidebar":"1","share_position":"top","share_float_style":"share-monocrhome","show_share_counter":"1","show_view_counter":"1","show_featured":"1","show_post_meta":"1","show_post_author":"1","show_post_author_image":"1","show_post_date":"1","post_date_format":"default","post_date_format_custom":"Y\/m\/d","show_post_category":"1","post_reading_time_wpm":"300","zoom_button_out_step":"2","zoom_button_in_step":"3","show_post_tag":"1","show_prev_next_post":"1","show_popup_post":"1","number_popup_post":"1"}],"image_override":[{"single_post_thumbnail_size":"crop-500","single_post_gallery_size":"crop-500"}],"trending_post_position":"meta","trending_post_label":"Trending","sponsored_post_label":"Sponsored by","sponsored_post_name":"","sponsored_post_url":"","sponsored_post_logo":"","sponsored_post_desc":""},"jnews_primary_category":{"id":""},"jnews_social_meta":[],"jnews_override_counter":{"view_counter_number":"0","share_counter_number":"0","like_counter_number":"0","dislike_counter_number":"0"},"footnotes":""},"categories":[3],"tags":[370],"class_list":["post-13670","post","type-post","status-publish","format-standard","has-post-thumbnail","hentry","category-infos-des-femmes","tag-prisonnieres"],"_links":{"self":[{"href":"https:\/\/wncri.org\/fr\/wp-json\/wp\/v2\/posts\/13670","targetHints":{"allow":["GET"]}}],"collection":[{"href":"https:\/\/wncri.org\/fr\/wp-json\/wp\/v2\/posts"}],"about":[{"href":"https:\/\/wncri.org\/fr\/wp-json\/wp\/v2\/types\/post"}],"author":[{"embeddable":true,"href":"https:\/\/wncri.org\/fr\/wp-json\/wp\/v2\/users\/4"}],"replies":[{"embeddable":true,"href":"https:\/\/wncri.org\/fr\/wp-json\/wp\/v2\/comments?post=13670"}],"version-history":[{"count":0,"href":"https:\/\/wncri.org\/fr\/wp-json\/wp\/v2\/posts\/13670\/revisions"}],"wp:featuredmedia":[{"embeddable":true,"href":"https:\/\/wncri.org\/fr\/wp-json\/wp\/v2\/media\/13671"}],"wp:attachment":[{"href":"https:\/\/wncri.org\/fr\/wp-json\/wp\/v2\/media?parent=13670"}],"wp:term":[{"taxonomy":"category","embeddable":true,"href":"https:\/\/wncri.org\/fr\/wp-json\/wp\/v2\/categories?post=13670"},{"taxonomy":"post_tag","embeddable":true,"href":"https:\/\/wncri.org\/fr\/wp-json\/wp\/v2\/tags?post=13670"}],"curies":[{"name":"wp","href":"https:\/\/api.w.org\/{rel}","templated":true}]}}