{"id":13588,"date":"2021-06-29T10:02:00","date_gmt":"2021-06-29T08:02:00","guid":{"rendered":"https:\/\/wncri.org\/fr\/?p=13588"},"modified":"2021-06-30T10:05:29","modified_gmt":"2021-06-30T08:05:29","slug":"zahra-ahmadizadeh-a-donne-sa-vie-pour-la-liberte-de-liran","status":"publish","type":"post","link":"https:\/\/wncri.org\/fr\/2021\/06\/29\/zahra-ahmadizadeh-a-donne-sa-vie-pour-la-liberte-de-liran\/","title":{"rendered":"Zahra Ahmadizadeh"},"content":{"rendered":"\n<p>Zahra Ahmadizadeh est n\u00e9e \u00e0 Abadan, dans le sud-ouest de l&#8217;Iran, en 1955 dans une famille religieuse de la classe moyenne. Ses activit\u00e9s politiques ont d\u00e9but\u00e9 pendant la r\u00e9volution antimonarchique de 1979.<\/p>\n\n\n\n<p>Elle s&#8217;est familiaris\u00e9e avec l&#8217;Organisation des Moudjahidine du peuple d&#8217;Iran (<a href=\"https:\/\/english.mojahedin.org\/\" target=\"_blank\" rel=\"noreferrer noopener\">OMPI<\/a>\/MEK) au fil de ses \u00e9tudes. Zahra a particip\u00e9 aux manifestations anti-chah et s&#8217;est employ\u00e9e \u00e0 copier et distribuer les biographies des membres martyrs de l&#8217;OMPI.<\/p>\n\n\n\n<p>Elle est entr\u00e9e en contact avec la section de l&#8217;OMPI \u00e0 Abadan apr\u00e8s la r\u00e9volution de 1979 et a particip\u00e9 aux classes et aux stages de formation de l&#8217;OMPI. Sa principale responsabilit\u00e9 \u00e9tait de copier et de distribuer les d\u00e9clarations de l&#8217;OMPI.<\/p>\n\n\n\n<p>Lorsque le <a href=\"https:\/\/wncri.org\/fr\/2021\/06\/19\/40-annees-de-resistance-pour-la-liberte-par-la-generation-egalite-en-iran\/\" target=\"_blank\" rel=\"noreferrer noopener\">dirigeant<\/a> de l&#8217;OMPI, Massoud Radjavi, \u00e9tait candidat \u00e0 la pr\u00e9sidence, elle a particip\u00e9 \u00e0 la campagne \u00e9lectorale en pr\u00e9parant des affiches et des annonces pendant la nuit. Lorsque la province du Khouzistan a \u00e9t\u00e9 inond\u00e9e, elle a \u00e9t\u00e9 l&#8217;une des chefs d&#8217;\u00e9quipe pour aider les victimes des inondations.<\/p>\n\n\n\n<p>Elle s&#8217;est rendue \u00e0 T\u00e9h\u00e9ran en 1980 et a particip\u00e9 au grand rassemblement du 20 juin 1981 contre les pratiques dictatoriales du nouveau r\u00e9gime.<\/p>\n\n\n\n<p>Lorsque la r\u00e9pression du r\u00e9gime cl\u00e9rical a atteint de nouveaux sommets, elle entre dans la clandestinit\u00e9, comme les autres militants politiques. Le 27 septembre 1981, elle participe au rassemblement au cours duquel les Iraniens scandent pour la premi\u00e8re fois &#8221; A bas Khomeiny &#8220;. Ceux qui l&#8217;accompagnaient ont d\u00e9clar\u00e9 qu&#8217;elle a jou\u00e9 un r\u00f4le tr\u00e8s efficace dans le rassemblement et qu&#8217;elle avait dit qu&#8217;elle ne serait &#8220;jamais faite prisonni\u00e8re&#8221;.<\/p>\n\n\n\n<p>Elle a \u00e9t\u00e9 tu\u00e9e morte par les forces du r\u00e9gime durant la r\u00e9pression de la manifestation du 27 septembre.<\/p>\n\n\n\n<p>Quatre d\u00e9cennies plus tard, les Iraniens se souviennent encore des cris dans les rues de &#8220;A bas Khomeiny&#8221; de ce jour historique avec les images de jeunes innocents comme Zahra Ahmadizadeh.<\/p>\n\n\n\n<p>Elle ne sera jamais oubli\u00e9e.<\/p>\n","protected":false},"excerpt":{"rendered":"<p>Zahra Ahmadizadeh est n\u00e9e \u00e0 Abadan, dans le sud-ouest de l&#8217;Iran, en 1955 dans une famille religieuse de la classe moyenne. Ses activit\u00e9s politiques ont d\u00e9but\u00e9 pendant la r\u00e9volution antimonarchique de 1979. Elle s&#8217;est familiaris\u00e9e avec l&#8217;Organisation des Moudjahidine du peuple d&#8217;Iran (OMPI\/MEK) au fil de ses \u00e9tudes. Zahra a particip\u00e9 aux manifestations anti-chah et [&hellip;]<\/p>\n","protected":false},"author":4,"featured_media":13589,"comment_status":"closed","ping_status":"closed","sticky":false,"template":"","format":"standard","meta":{"jnews-multi-image_gallery":[],"jnews_single_post":{"subtitle":"","format":"standard","video":"","gallery":"","source_name":"","source_url":"","via_name":"","via_url":"","override":[{"single_blog_custom":"","sidebar":"","second_sidebar":"","share_position":"","share_float_style":"","post_date_format":"","post_date_format_custom":"","post_reading_time_wpm":"","zoom_button_out_step":"1","zoom_button_in_step":"1","number_popup_post":"1"}],"image_override":[{"single_post_thumbnail_size":"","single_post_gallery_size":""}],"trending_post_position":"","trending_post_label":"","sponsored_post_label":"","sponsored_post_name":"","sponsored_post_url":"","sponsored_post_logo":"","sponsored_post_desc":""},"jnews_primary_category":{"id":""},"jnews_social_meta":[],"jnews_override_counter":{"view_counter_number":"0","share_counter_number":"0","like_counter_number":"0","dislike_counter_number":"0"},"footnotes":""},"categories":[25],"tags":[367],"class_list":["post-13588","post","type-post","status-publish","format-standard","has-post-thumbnail","hentry","category-tombees-pour-la-liberte","tag-execution"],"_links":{"self":[{"href":"https:\/\/wncri.org\/fr\/wp-json\/wp\/v2\/posts\/13588","targetHints":{"allow":["GET"]}}],"collection":[{"href":"https:\/\/wncri.org\/fr\/wp-json\/wp\/v2\/posts"}],"about":[{"href":"https:\/\/wncri.org\/fr\/wp-json\/wp\/v2\/types\/post"}],"author":[{"embeddable":true,"href":"https:\/\/wncri.org\/fr\/wp-json\/wp\/v2\/users\/4"}],"replies":[{"embeddable":true,"href":"https:\/\/wncri.org\/fr\/wp-json\/wp\/v2\/comments?post=13588"}],"version-history":[{"count":0,"href":"https:\/\/wncri.org\/fr\/wp-json\/wp\/v2\/posts\/13588\/revisions"}],"wp:featuredmedia":[{"embeddable":true,"href":"https:\/\/wncri.org\/fr\/wp-json\/wp\/v2\/media\/13589"}],"wp:attachment":[{"href":"https:\/\/wncri.org\/fr\/wp-json\/wp\/v2\/media?parent=13588"}],"wp:term":[{"taxonomy":"category","embeddable":true,"href":"https:\/\/wncri.org\/fr\/wp-json\/wp\/v2\/categories?post=13588"},{"taxonomy":"post_tag","embeddable":true,"href":"https:\/\/wncri.org\/fr\/wp-json\/wp\/v2\/tags?post=13588"}],"curies":[{"name":"wp","href":"https:\/\/api.w.org\/{rel}","templated":true}]}}