{"id":13508,"date":"2021-06-16T17:13:00","date_gmt":"2021-06-16T15:13:00","guid":{"rendered":"https:\/\/wncri.org\/fr\/?p=13508"},"modified":"2021-06-17T17:18:19","modified_gmt":"2021-06-17T15:18:19","slug":"le-candidat-a-la-presidence-en-iran-a-personnellement-execute","status":"publish","type":"post","link":"https:\/\/wncri.org\/fr\/2021\/06\/16\/le-candidat-a-la-presidence-en-iran-a-personnellement-execute\/","title":{"rendered":"Le candidat \u00e0 la pr\u00e9sidence en Iran a personnellement ex\u00e9cut\u00e9 de nombreuses personnes &#8211; The National"},"content":{"rendered":"\n<p>Le candidat \u00e0 la pr\u00e9sidence en Iran a personnellement ex\u00e9cut\u00e9 de nombreuses personnes &#8211; The National<\/p>\n\n\n\n<h2 class=\"wp-block-heading\">L&#8217;\u00e9lection est une blague, d\u00e9clare un dissident iranien depuis T\u00e9h\u00e9ran<\/h2>\n\n\n\n<p>CNRI Femmes &#8211; Sans qualifications religieuses ou acad\u00e9miques, Ebrahim Ra\u00efssi a gravi les \u00e9chelons des voyous qui, pendant 40 ans, ont multipli\u00e9 les ex\u00e9cutions et la r\u00e9pression, a \u00e9crit le 13 juin le journal <a href=\"https:\/\/www.thenational.scot\/news\/19368869.iranian-academic-brands-upcoming-presidential-election-a-sham\/\" target=\"_blank\" rel=\"noreferrer noopener\">Scottish National<\/a> sur la pr\u00e9sidentielle qui se pr\u00e9pare en Iran.<\/p>\n\n\n\n<p>Les \u00e9lections en Iran ont \u00e9t\u00e9 qualifi\u00e9es de &#8220;truqu\u00e9es&#8221; et de &#8220;simul\u00e9es&#8221; depuis que le Conseil des gardiens, compos\u00e9 de 12 membres, a r\u00e9duit pr\u00e8s de 600 candidats \u00e0 seulement sept partisans de la ligne dure, pour faciliter l\u2019arriv\u00e9e d\u2019Ebrahim Ra\u00efssi, candidat favori du guide supr\u00eame des mollahs, Ali Khamenei, \u00e0 la pr\u00e9sidence, a ajout\u00e9 le quotidien \u00e9cossais. Le National pr\u00e9sente Ra\u00efssi comme &#8220;l&#8217;homme de main du <a href=\"https:\/\/wncri.org\/fr\/?s=massacre+1988\" target=\"_blank\" rel=\"noreferrer noopener\">massacre de 1988<\/a>&#8221; \u2013 qui a envoy\u00e9 \u00e0 la mort 30 000 prisonniers politiques, pour la plupart des militants ou des sympathisants de l&#8217;OMPI et dans lequel il a jou\u00e9 un r\u00f4le de premier plan. Ra\u00efssi \u00e9tait membre de la Commission de la mort dans les prisons d&#8217;Evine et de Gohardacht en 1988, jouant le r\u00f4le de procureur, \u00e9crit le journal \u00e9cossais.<\/p>\n\n\n\n<p>Mais qui est vraiment Ebrahim Ra\u00efssi ?<\/p>\n\n\n\n<p>Pour en savoir plus, le Scottish National a interview\u00e9 deux dissidents iraniens. Hamid, 58 ans et universitaire, originaire de T\u00e9h\u00e9ran, et <a href=\"https:\/\/wncri.org\/fr\/2016\/12\/07\/farideh-goudarzi-torturee-pendant-sa-grossesse-en-iran\/\" target=\"_blank\" rel=\"noreferrer noopener\">Farideh Goudarzi<\/a>, ancienne prisonni\u00e8re politique d\u00e9tenue pendant six ans pour ses liens avec l&#8217;organisation d&#8217;opposition d\u00e9mocratique, les Moudjahidine du peuple d\u2019Iran (OMPI\/MEK).<\/p>\n\n\n\n<p>Hamid a d\u00e9clar\u00e9 au National que l&#8217;\u00e9lection de vendredi prochain \u00e9tait une blague. &#8220;Nous voyons la r\u00e9pression, les arrestations, les ex\u00e9cutions, la censure et la dictature&#8221;, a d\u00e9clar\u00e9 M. Hamid.<\/p>\n\n\n\n<p>Farideh Goudarzi, t\u00e9moin des crimes d&#8217;Ebrahim Ra\u00efssi en prison, a racont\u00e9 au National ses tortures en prison.<\/p>\n\n\n\n<p>Farideh Goudarzi a \u00e9t\u00e9 arr\u00eat\u00e9e en 1983, accus\u00e9e de soutenir l&#8217;OMPI, et a pass\u00e9 pr\u00e8s de six ans dans les prisons de Hamedan et de Nahavand &#8211; alors que Ra\u00efssi n&#8217;avait que 21 ans et \u00e9tait d\u00e9j\u00e0 nomm\u00e9 procureur.<\/p>\n\n\n\n<p>&#8220;Lorsque j&#8217;ai \u00e9t\u00e9 arr\u00eat\u00e9e \u00e0 l&#8217;\u00e9t\u00e9 1983 \u00e0 Hamedan, j&#8217;\u00e9tais enceinte de neuf mois et je devais accoucher dans les jours qui suivaient&#8221;, a-t-elle d\u00e9clar\u00e9.<\/p>\n\n\n\n<p>&#8220;D\u00e8s la premi\u00e8re heure de mon arrestation, alors que je ne me sentais pas tr\u00e8s bien physiquement, j&#8217;ai \u00e9t\u00e9 emmen\u00e9e dans une salle de torture comme tous les autres prisonniers.<\/p>\n\n\n\n<p>C&#8217;\u00e9tait une pi\u00e8ce avec un lit au milieu et un certain nombre de c\u00e2bles \u00e9lectriques de diff\u00e9rents diam\u00e8tres sur le sol et du sang r\u00e9pandu par terre, ce qui indiquait qu&#8217;un prisonnier avait \u00e9t\u00e9 tortur\u00e9 \u00e0 cet endroit.<\/p>\n\n\n\n<p>&#8220;Lorsque j&#8217;ai \u00e9t\u00e9 fouett\u00e9 au c\u00e2ble, il y avait sept ou huit personnes dans la pi\u00e8ce. L&#8217;une d&#8217;entre elles \u00e9tait ce criminel de Ra\u00efssi. Bien s\u00fbr, je ne savais pas qui il \u00e9tait&#8230; pendant un moment&#8230; et puis j&#8217;ai d\u00e9couvert qu\u2019il \u00e9tait le procureur de Hamedan.&#8221;<\/p>\n\n\n\n<p>Se r\u00e9f\u00e9rant au dossier d&#8217;Ibrahim Ra\u00efssi, Goudarzi a d\u00e9clar\u00e9 : &#8220;De 1982 \u00e0 1985, il a \u00e9t\u00e9 directement impliqu\u00e9 dans la d\u00e9tention, la torture et l&#8217;ex\u00e9cution de nombreux prisonniers politiques, en particulier des partisans de l\u2019OMPI, et je dois souligner qu&#8217;il en a personnellement ex\u00e9cut\u00e9 beaucoup et qu&#8217;il \u00e9tait pr\u00e9sent sur place pour appliquer les verdicts.&#8221;<\/p>\n\n\n\n<p>Elle a lu une liste de noms de jeunes femmes, dont certaines n&#8217;avaient que 16 ans, qui ont \u00e9t\u00e9 viol\u00e9es avant d&#8217;\u00eatre ex\u00e9cut\u00e9es dans les prisons.<\/p>\n\n\n\n<p>Farideh Goudarzi a ensuite rev\u00e9cu la torture inflig\u00e9e \u00e0 son fils d&#8217;un mois en prison. Lorsque les gardiens de la r\u00e9volution sont entr\u00e9s dans sa cellule \u00e0 1 heure du matin : &#8220;Quand ils sont entr\u00e9s dans ma cellule, ils ont pris mon fils, alors qu&#8217;il dormait, et l&#8217;ont jet\u00e9 sur le sol de mani\u00e8re cruelle et impitoyable.<\/p>\n\n\n\n<p>; ignorant ses cris, ils l&#8217;ont d\u00e9shabill\u00e9. Ils ont dit qu&#8217;ils cherchaient des documents et des preuves [contre moi]. Le lendemain, de 8 heures \u00e0 14 heures, j&#8217;ai \u00e9t\u00e9 emmen\u00e9e au tribunal avec mon fils et interrog\u00e9e.<\/p>\n\n\n\n<p>Plus de 10 tortionnaires \u00e9taient pr\u00e9sents dans la salle d&#8217;interrogatoire, dont l&#8217;un \u00e9tait Ibrahim Ra\u00efssi, aujourd&#8217;hui candidat \u00e0 la pr\u00e9sidence.<\/p>\n\n\n\n<p>&#8220;Pendant six heures d&#8217;interrogatoire, l&#8217;un d\u2019eux a pris mon fils par la main et alors qu\u2019il n\u2019arr\u00eatait pas de pleurer parce qu&#8217;il avait faim, il l&#8217;a gifl\u00e9 dans le dos sous mes yeux et les autres ont ri. Ra\u00efssi assistait \u00e9galement \u00e0 cette sc\u00e8ne&#8221;.<\/p>\n\n\n\n<p>Elle dit avoir \u00e9galement \u00e9voqu\u00e9 le souvenir de sa m\u00e8re qui est all\u00e9e rendre visite \u00e0 son fils \u00e0 la prison d&#8217;Evine, o\u00f9 il \u00e9tait incarc\u00e9r\u00e9 depuis six ans.<\/p>\n\n\n\n<p>&#8220;J&#8217;entends encore ma m\u00e8re pleurer et g\u00e9mir, une m\u00e8re qui est all\u00e9e rendre visite \u00e0 son fils au cours de cet \u00e9t\u00e9 sanglant et on lui a tendu les v\u00eatements tremp\u00e9s de sang de mon fr\u00e8re, Parviz Goudarzi, ex\u00e9cut\u00e9 \u00e0 la prison de Hamedan pendant le massacre&#8221;. &#8220;Nous ne connaitrons pas de r\u00e9pit jusqu&#8217;au jour o\u00f9 tous les auteurs de crimes contre l&#8217;humanit\u00e9 en Iran seront traduits en justice, et ce jour n&#8217;est pas si loin&#8221;, a martel\u00e9 Farideh Goudarzi.<\/p>\n","protected":false},"excerpt":{"rendered":"<p>Le candidat \u00e0 la pr\u00e9sidence en Iran a personnellement ex\u00e9cut\u00e9 de nombreuses personnes &#8211; The National L&#8217;\u00e9lection est une blague, d\u00e9clare un dissident iranien depuis T\u00e9h\u00e9ran CNRI Femmes &#8211; Sans qualifications religieuses ou acad\u00e9miques, Ebrahim Ra\u00efssi a gravi les \u00e9chelons des voyous qui, pendant 40 ans, ont multipli\u00e9 les ex\u00e9cutions et la r\u00e9pression, a \u00e9crit [&hellip;]<\/p>\n","protected":false},"author":4,"featured_media":13509,"comment_status":"closed","ping_status":"closed","sticky":false,"template":"","format":"standard","meta":{"jnews-multi-image_gallery":[],"jnews_single_post":{"subtitle":"","format":"standard","video":"","gallery":"","source_name":"","source_url":"","via_name":"","via_url":"","override":[{"single_blog_custom":"","sidebar":"","second_sidebar":"","share_position":"","share_float_style":"","post_date_format":"","post_date_format_custom":"","post_reading_time_wpm":"","zoom_button_out_step":"1","zoom_button_in_step":"1","number_popup_post":"1"}],"image_override":[{"single_post_thumbnail_size":"","single_post_gallery_size":""}],"trending_post_position":"","trending_post_label":"","sponsored_post_label":"","sponsored_post_name":"","sponsored_post_url":"","sponsored_post_logo":"","sponsored_post_desc":""},"jnews_primary_category":{"id":""},"jnews_social_meta":[],"jnews_override_counter":{"view_counter_number":"0","share_counter_number":"0","like_counter_number":"0","dislike_counter_number":"0"},"footnotes":""},"categories":[8],"tags":[367],"class_list":["post-13508","post","type-post","status-publish","format-standard","has-post-thumbnail","hentry","category-articles","tag-execution"],"_links":{"self":[{"href":"https:\/\/wncri.org\/fr\/wp-json\/wp\/v2\/posts\/13508","targetHints":{"allow":["GET"]}}],"collection":[{"href":"https:\/\/wncri.org\/fr\/wp-json\/wp\/v2\/posts"}],"about":[{"href":"https:\/\/wncri.org\/fr\/wp-json\/wp\/v2\/types\/post"}],"author":[{"embeddable":true,"href":"https:\/\/wncri.org\/fr\/wp-json\/wp\/v2\/users\/4"}],"replies":[{"embeddable":true,"href":"https:\/\/wncri.org\/fr\/wp-json\/wp\/v2\/comments?post=13508"}],"version-history":[{"count":0,"href":"https:\/\/wncri.org\/fr\/wp-json\/wp\/v2\/posts\/13508\/revisions"}],"wp:featuredmedia":[{"embeddable":true,"href":"https:\/\/wncri.org\/fr\/wp-json\/wp\/v2\/media\/13509"}],"wp:attachment":[{"href":"https:\/\/wncri.org\/fr\/wp-json\/wp\/v2\/media?parent=13508"}],"wp:term":[{"taxonomy":"category","embeddable":true,"href":"https:\/\/wncri.org\/fr\/wp-json\/wp\/v2\/categories?post=13508"},{"taxonomy":"post_tag","embeddable":true,"href":"https:\/\/wncri.org\/fr\/wp-json\/wp\/v2\/tags?post=13508"}],"curies":[{"name":"wp","href":"https:\/\/api.w.org\/{rel}","templated":true}]}}