{"id":13478,"date":"2021-06-12T16:00:00","date_gmt":"2021-06-12T14:00:00","guid":{"rendered":"https:\/\/wncri.org\/fr\/?p=13478"},"modified":"2021-06-16T16:08:33","modified_gmt":"2021-06-16T14:08:33","slug":"des-agents-en-civil-brutalisent-la-famille-de-navid-afkari-devant","status":"publish","type":"post","link":"https:\/\/wncri.org\/fr\/2021\/06\/12\/des-agents-en-civil-brutalisent-la-famille-de-navid-afkari-devant\/","title":{"rendered":"Des agents en civil brutalisent la famille de Navid Afkari devant la prison de Chiraz"},"content":{"rendered":"\n<p><strong>CNRI Femmes &#8211; <\/strong>Des agents en civil ont frapp\u00e9 et brutalis\u00e9 la famille Afkari devant la prison Adelabad de Chiraz, le samedi 12 juin 2021, a tweet\u00e9 Sa\u00efd Afkari.<\/p>\n\n\n\n<p>Le champion de lutte <a href=\"https:\/\/wncri.org\/fr\/2020\/09\/12\/le-regime-en-iran-execute-navid-afkari-malgre-les-protestations-du-monde\/\" target=\"_blank\" rel=\"noreferrer noopener\">Navid Afkari<\/a>, 27 ans, a \u00e9t\u00e9 ex\u00e9cut\u00e9 le 12 septembre 2020 pour avoir particip\u00e9 \u00e0 des manifestations antigouvernementales durant l&#8217;\u00e9t\u00e9 2018. Ses fr\u00e8res, Vahid et Habib, sont d\u00e9tenus au secret et \u00e0 l&#8217;isolement.<\/p>\n\n\n\n<p>Sa\u00efd Afkari a \u00e9crit dans son tweet : &#8221; Ma famille et mes proches se sont rendus \u00e0 la prison d&#8217;Adelabad, aujourd&#8217;hui, pour protester contre la mise \u00e0 l&#8217;isolement de mes fr\u00e8res depuis 280 jours. Des agents en civil ont battu ma m\u00e8re, ma s\u0153ur, mon p\u00e8re et mes tantes, et brutalis\u00e9 les autres. Les agents ont confisqu\u00e9 leurs t\u00e9l\u00e9phones portables. Ils ont arr\u00eat\u00e9 ma s\u0153ur et une autre femme, mais les ont rel\u00e2ch\u00e9es au bout d&#8217;une heure.&nbsp;\u00bb<\/p>\n\n\n\n<p>Dans un autre tweet, Sa\u00efd Afkari a \u00e9crit : \u00ab&nbsp;Mon p\u00e8re a essay\u00e9 de prot\u00e9ger (ma s\u0153ur) Elham. Plusieurs agents ont emmen\u00e9 mon p\u00e8re, et cinq agents f\u00e9minins qui portaient des tchadors ont attaqu\u00e9 Elham. Elles l&#8217;ont battue jusqu&#8217;\u00e0 ce qu&#8217;elle perde connaissance. Ma m\u00e8re et mes tantes ont \u00e9galement \u00e9t\u00e9 violemment battues.&nbsp;\u00bb<\/p>\n\n\n\n<figure class=\"wp-block-image size-large is-resized\"><img decoding=\"async\" src=\"data:image\/gif;base64,R0lGODlhAQABAIAAAAAAAP\/\/\/yH5BAEAAAAALAAAAAABAAEAAAIBRAA7\" data-src=\"https:\/\/wncri.org\/fr\/wp-content\/uploads\/2021\/06\/famille-Afkari.jpg\" alt=\"famille Afkari\" class=\"wp-image-13480 lazyload\" width=\"869\" height=\"435\"\/><noscript><img decoding=\"async\" src=\"https:\/\/wncri.org\/fr\/wp-content\/uploads\/2021\/06\/famille-Afkari.jpg\" alt=\"famille Afkari\" class=\"wp-image-13480 lazyload\" width=\"869\" height=\"435\" srcset=\"https:\/\/wncri.org\/fr\/wp-content\/uploads\/2021\/06\/famille-Afkari.jpg 750w, https:\/\/wncri.org\/fr\/wp-content\/uploads\/2021\/06\/famille-Afkari-300x150.jpg 300w, https:\/\/wncri.org\/fr\/wp-content\/uploads\/2021\/06\/famille-Afkari-360x180.jpg 360w\" sizes=\"(max-width: 869px) 100vw, 869px\" \/><\/noscript><\/figure>\n\n\n\n<p>Elham Afkari a annonc\u00e9 la semaine derni\u00e8re <a href=\"https:\/\/wncri.org\/fr\/2021\/06\/06\/la-soeur-de-navid-afkari-jure-de-ne-pas-voter-pour-ne-pas-trahir\/\" target=\"_blank\" rel=\"noreferrer noopener\">qu&#8217;elle ne voterait pas<\/a> \u00e0 l&#8217;\u00e9lection pr\u00e9sidentielle fictive du r\u00e9gime cl\u00e9rical. Elle a jur\u00e9 de ne jamais trahir le sang pur de son fr\u00e8re innocent, Navid.<\/p>\n\n\n\n<p>Elham Afkari a publi\u00e9 une photo de son fr\u00e8re Navid Afkari sur son compte Instagram et a \u00e9crit : \u00ab&nbsp;Navid \u00e9tait au service militaire au moment de l&#8217;\u00e9lection pr\u00e9sidentielle de 2013. Je me souviens qu&#8217;il a dit : \u2018Ils ont fait tout ce qu\u2019ils ont pu mais je n&#8217;ai pas vot\u00e9.&#8217; Ils lui avaient m\u00eame dit qu&#8217;ils prolongeraient la dur\u00e9e de son service militaire dans l&#8217;arm\u00e9e s&#8217;il ne votait pas, mais Navid a dit : &#8216;Je ne voterai pas. M\u00eame si je dois d\u00e9chirer ma carte d\u2019identit\u00e9, je ne trahirai pas mon peuple\u2019.&nbsp;\u00bb<\/p>\n\n\n\n<p>La s\u0153ur de Navid Afkari poursuit : &#8220;Maintenant, je ne trahirai pas 80 millions d&#8217;Iraniens. Je ne trahirai pas ceux qui ont \u00e9t\u00e9 tu\u00e9s lors du <a href=\"https:\/\/wncri.org\/fr\/2019\/12\/23\/1500-personnes-dont-400-femmes-tuees-dans-le-soulevement-en-iran-reuters\/\" target=\"_blank\" rel=\"noreferrer noopener\">soul\u00e8vement de novembre 2019<\/a>. Je ne trahirai pas <a href=\"https:\/\/wncri.org\/fr\/2020\/01\/10\/81-femmes-et-15-enfants-tues-dans-le-crash-de-lavion-ukrainien-en-iran\/\" target=\"_blank\" rel=\"noreferrer noopener\">176 innocents<\/a> qui ont p\u00e9ri dans le ciel (c&#8217;est-\u00e0-dire les victimes de l&#8217;avion de ligne ukrainien abattu par les gardiens de la r\u00e9volution). Je ne trahirai pas le sang pur de mon fr\u00e8re innocent, Navid. Je ne trahirai pas mes fr\u00e8res qui sont incarc\u00e9r\u00e9s \u00e0 l&#8217;isolement depuis 273 jours, et je ne voterai pas.&#8221;<\/p>\n","protected":false},"excerpt":{"rendered":"<p>CNRI Femmes &#8211; Des agents en civil ont frapp\u00e9 et brutalis\u00e9 la famille Afkari devant la prison Adelabad de Chiraz, le samedi 12 juin 2021, a tweet\u00e9 Sa\u00efd Afkari. Le champion de lutte Navid Afkari, 27 ans, a \u00e9t\u00e9 ex\u00e9cut\u00e9 le 12 septembre 2020 pour avoir particip\u00e9 \u00e0 des manifestations antigouvernementales durant l&#8217;\u00e9t\u00e9 2018. Ses [&hellip;]<\/p>\n","protected":false},"author":4,"featured_media":13479,"comment_status":"closed","ping_status":"closed","sticky":false,"template":"","format":"standard","meta":{"jnews-multi-image_gallery":[],"jnews_single_post":{"subtitle":"","format":"standard","video":"","gallery":"","source_name":"","source_url":"","via_name":"","via_url":"","override":[{"single_blog_custom":"","sidebar":"","second_sidebar":"","share_position":"","share_float_style":"","post_date_format":"","post_date_format_custom":"","post_reading_time_wpm":"","zoom_button_out_step":"1","zoom_button_in_step":"1","number_popup_post":"1"}],"image_override":[{"single_post_thumbnail_size":"","single_post_gallery_size":""}],"trending_post_position":"","trending_post_label":"","sponsored_post_label":"","sponsored_post_name":"","sponsored_post_url":"","sponsored_post_logo":"","sponsored_post_desc":""},"jnews_primary_category":{"id":""},"jnews_social_meta":[],"jnews_override_counter":{"view_counter_number":"0","share_counter_number":"0","like_counter_number":"0","dislike_counter_number":"0"},"footnotes":""},"categories":[3],"tags":[369],"class_list":["post-13478","post","type-post","status-publish","format-standard","has-post-thumbnail","hentry","category-infos-des-femmes","tag-manifestations"],"_links":{"self":[{"href":"https:\/\/wncri.org\/fr\/wp-json\/wp\/v2\/posts\/13478","targetHints":{"allow":["GET"]}}],"collection":[{"href":"https:\/\/wncri.org\/fr\/wp-json\/wp\/v2\/posts"}],"about":[{"href":"https:\/\/wncri.org\/fr\/wp-json\/wp\/v2\/types\/post"}],"author":[{"embeddable":true,"href":"https:\/\/wncri.org\/fr\/wp-json\/wp\/v2\/users\/4"}],"replies":[{"embeddable":true,"href":"https:\/\/wncri.org\/fr\/wp-json\/wp\/v2\/comments?post=13478"}],"version-history":[{"count":0,"href":"https:\/\/wncri.org\/fr\/wp-json\/wp\/v2\/posts\/13478\/revisions"}],"wp:featuredmedia":[{"embeddable":true,"href":"https:\/\/wncri.org\/fr\/wp-json\/wp\/v2\/media\/13479"}],"wp:attachment":[{"href":"https:\/\/wncri.org\/fr\/wp-json\/wp\/v2\/media?parent=13478"}],"wp:term":[{"taxonomy":"category","embeddable":true,"href":"https:\/\/wncri.org\/fr\/wp-json\/wp\/v2\/categories?post=13478"},{"taxonomy":"post_tag","embeddable":true,"href":"https:\/\/wncri.org\/fr\/wp-json\/wp\/v2\/tags?post=13478"}],"curies":[{"name":"wp","href":"https:\/\/api.w.org\/{rel}","templated":true}]}}