{"id":13402,"date":"2021-06-02T08:42:00","date_gmt":"2021-06-02T06:42:00","guid":{"rendered":"https:\/\/wncri.org\/fr\/?p=13402"},"modified":"2021-06-03T09:13:42","modified_gmt":"2021-06-03T07:13:42","slug":"les-jeunes-enseignants-continueront-a-manifester-pour-leurs-droits-en-iran","status":"publish","type":"post","link":"https:\/\/wncri.org\/fr\/2021\/06\/02\/les-jeunes-enseignants-continueront-a-manifester-pour-leurs-droits-en-iran\/","title":{"rendered":"Les jeunes enseignants continueront \u00e0 manifester pour leurs droits en Iran"},"content":{"rendered":"\n<p>CNRI Femmes &#8211; Les enseignants iraniens travaillant sous diverses formes de contrats temporaires ont manifest\u00e9 \u00e0 T\u00e9h\u00e9ran et Ispahan du 29 mai au 2 juin 2021. Les jeunes enseignants ont l\u2019intention de poursuivre leur <a href=\"https:\/\/wncri.org\/fr\/2021\/05\/09\/des-femmes-dans-les-manifestations-des-pensionnes-de-la-securite-sociale\/\" target=\"_blank\" rel=\"noreferrer noopener\">mouvement de protestation<\/a> jusqu&#8217;\u00e0 ce que leurs demandes soient satisfaites.<\/p>\n\n\n\n<p>Des professeurs d&#8217;universit\u00e9 des provinces du Khouzistan et Fars, ainsi que des \u00e9pargnants spoli\u00e9s par les Cr\u00e9dits Caspian et Estelak \u00e0 T\u00e9h\u00e9ran ont \u00e9galement organis\u00e9 des manifestations.<\/p>\n\n\n\n<p>Les femmes \u00e9taient partout en premi\u00e8re ligne et ont jou\u00e9 un r\u00f4le de premier plan.<\/p>\n\n\n\n<h3 class=\"wp-block-heading\"><strong>Manifestations des enseignants<\/strong><\/h3>\n\n\n\n<p>Le 29 mai 2021, de jeunes enseignants ont manifest\u00e9 devant le minist\u00e8re de l&#8217;\u00c9ducation \u00e0 T\u00e9h\u00e9ran. Ces jeunes enseignants, principalement des femmes, ont organis\u00e9 des manifestations tout au long des mois d&#8217;avril et de mai devant le Parlement et le minist\u00e8re de l&#8217;\u00c9ducation. Mais ils n&#8217;ont pas encore atteint leurs revendications.<\/p>\n\n\n\n<figure class=\"wp-block-image size-large is-resized\"><img decoding=\"async\" src=\"data:image\/gif;base64,R0lGODlhAQABAIAAAAAAAP\/\/\/yH5BAEAAAAALAAAAAABAAEAAAIBRAA7\" data-src=\"https:\/\/wncri.org\/fr\/wp-content\/uploads\/2021\/06\/Manifestations-des-enseignants.jpg\" alt=\"Manifestations des enseignants\" class=\"wp-image-13405 lazyload\" width=\"824\" height=\"412\"\/><noscript><img decoding=\"async\" src=\"https:\/\/wncri.org\/fr\/wp-content\/uploads\/2021\/06\/Manifestations-des-enseignants.jpg\" alt=\"Manifestations des enseignants\" class=\"wp-image-13405 lazyload\" width=\"824\" height=\"412\" srcset=\"https:\/\/wncri.org\/fr\/wp-content\/uploads\/2021\/06\/Manifestations-des-enseignants.jpg 750w, https:\/\/wncri.org\/fr\/wp-content\/uploads\/2021\/06\/Manifestations-des-enseignants-300x150.jpg 300w, https:\/\/wncri.org\/fr\/wp-content\/uploads\/2021\/06\/Manifestations-des-enseignants-360x180.jpg 360w\" sizes=\"(max-width: 824px) 100vw, 824px\" \/><\/noscript><\/figure>\n\n\n\n<p>Le 30 mai, les enseignants d&#8217;Ispahan qui travaillent sous contrat temporaire dans des \u00e9tablissements priv\u00e9s ont organis\u00e9 une manifestation devant le rectorat de la province. Les femmes tenaient des pancartes sur lesquelles on pouvait lire : &#8220;L&#8217;emploi est le droit ind\u00e9niable des enseignants des \u00e9coles priv\u00e9es&#8221;.<\/p>\n\n\n\n<p>Parall\u00e8lement, les enseignants des \u00e9coles priv\u00e9es de T\u00e9h\u00e9ran ont \u00e9galement organis\u00e9 une manifestation devant le Parlement. Ces femmes tenaient une pancarte sur laquelle on pouvait lire : &#8220;Le gouvernement doit rendre des comptes, nous voulons la justice&#8221;.<\/p>\n\n\n\n<h3 class=\"wp-block-heading\"><strong>Professeurs d&#8217;universit\u00e9<\/strong><\/h3>\n\n\n\n<figure class=\"wp-block-image size-large is-resized\"><img decoding=\"async\" src=\"data:image\/gif;base64,R0lGODlhAQABAIAAAAAAAP\/\/\/yH5BAEAAAAALAAAAAABAAEAAAIBRAA7\" data-src=\"https:\/\/wncri.org\/fr\/wp-content\/uploads\/2021\/06\/Professeurs-duniversite.jpg\" alt=\"Professeurs d'universit\u00e9\" class=\"wp-image-13404 lazyload\" width=\"823\" height=\"412\"\/><noscript><img decoding=\"async\" src=\"https:\/\/wncri.org\/fr\/wp-content\/uploads\/2021\/06\/Professeurs-duniversite.jpg\" alt=\"Professeurs d'universit\u00e9\" class=\"wp-image-13404 lazyload\" width=\"823\" height=\"412\" srcset=\"https:\/\/wncri.org\/fr\/wp-content\/uploads\/2021\/06\/Professeurs-duniversite.jpg 750w, https:\/\/wncri.org\/fr\/wp-content\/uploads\/2021\/06\/Professeurs-duniversite-300x150.jpg 300w, https:\/\/wncri.org\/fr\/wp-content\/uploads\/2021\/06\/Professeurs-duniversite-360x180.jpg 360w\" sizes=\"(max-width: 823px) 100vw, 823px\" \/><\/noscript><\/figure>\n\n\n\n<p>Les professeurs de l&#8217;Universit\u00e9 Azad \u00e0 Ahwaz ont organis\u00e9 une manifestation le 30 mai 2021 pour protester contre leurs conditions de vie d\u00e9plorables. L&#8217;un des manifestants a regrett\u00e9 les \u00ab&nbsp;graves probl\u00e8mes dont souffrent certains de [leurs] coll\u00e8gues&nbsp;\u00bb.<\/p>\n\n\n\n<p>Le 30 mai \u00e9galement, les professeurs mal pay\u00e9s de l&#8217;universit\u00e9 Azad de Chiraz ont organis\u00e9 une manifestation. Ils se sont rassembl\u00e9s devant l\u2019universit\u00e9 pour r\u00e9clamer une augmentation de leurs salaires afin d\u2019am\u00e9liorer leurs conditions de vie.<\/p>\n\n\n\n<h3 class=\"wp-block-heading\"><strong>Personnel hospitalier \u00e0 T\u00e9h\u00e9ran et \u00e0 Karadj<\/strong><\/h3>\n\n\n\n<figure class=\"wp-block-image size-large is-resized\"><img decoding=\"async\" src=\"data:image\/gif;base64,R0lGODlhAQABAIAAAAAAAP\/\/\/yH5BAEAAAAALAAAAAABAAEAAAIBRAA7\" data-src=\"https:\/\/wncri.org\/fr\/wp-content\/uploads\/2021\/06\/Personnel-hospitalier-a-Teheran-et-a-Karadj.jpg\" alt=\"Personnel hospitalier \u00e0 T\u00e9h\u00e9ran et \u00e0 Karadj\" class=\"wp-image-13406 lazyload\" width=\"835\" height=\"418\"\/><noscript><img decoding=\"async\" src=\"https:\/\/wncri.org\/fr\/wp-content\/uploads\/2021\/06\/Personnel-hospitalier-a-Teheran-et-a-Karadj.jpg\" alt=\"Personnel hospitalier \u00e0 T\u00e9h\u00e9ran et \u00e0 Karadj\" class=\"wp-image-13406 lazyload\" width=\"835\" height=\"418\" srcset=\"https:\/\/wncri.org\/fr\/wp-content\/uploads\/2021\/06\/Personnel-hospitalier-a-Teheran-et-a-Karadj.jpg 750w, https:\/\/wncri.org\/fr\/wp-content\/uploads\/2021\/06\/Personnel-hospitalier-a-Teheran-et-a-Karadj-300x150.jpg 300w, https:\/\/wncri.org\/fr\/wp-content\/uploads\/2021\/06\/Personnel-hospitalier-a-Teheran-et-a-Karadj-360x180.jpg 360w\" sizes=\"(max-width: 835px) 100vw, 835px\" \/><\/noscript><\/figure>\n\n\n\n<p>Le <a href=\"https:\/\/wncri.org\/fr\/2021\/01\/06\/infirmieres-et-le-personnel-soignant\/\" target=\"_blank\" rel=\"noreferrer noopener\">personnel de l&#8217;h\u00f4pital<\/a> principal de Karadj a organis\u00e9 des manifestations les 28 et 29 mai 2021 \u00e0 l&#8217;int\u00e9rieur du complexe hospitalier. Le personnel vit dans des conditions tr\u00e8s difficiles. Les femmes ont activement jou\u00e9 un r\u00f4le de premier plan dans cette manifestation. Elles ont scand\u00e9 : &#8220;Nous entendons des mensonges depuis cinq ans&#8221; et &#8220;assez de promesses creuses, nos paniers sont vides&#8221;.<\/p>\n\n\n\n<p>\u00c0 T\u00e9h\u00e9ran, le personnel de l&#8217;h\u00f4pital Bou Ali a \u00e9galement organis\u00e9 une manifestation le 28 mai contre leurs salaires de mis\u00e8re. Ils ont d\u00e9nonc\u00e9 la gestion corrompue et incomp\u00e9tente de l&#8217;h\u00f4pital.<\/p>\n\n\n\n<h3 class=\"wp-block-heading\"><strong>Epargnants spoli\u00e9s&nbsp;<\/strong><\/h3>\n\n\n\n<figure class=\"wp-block-image size-large is-resized\"><img decoding=\"async\" src=\"data:image\/gif;base64,R0lGODlhAQABAIAAAAAAAP\/\/\/yH5BAEAAAAALAAAAAABAAEAAAIBRAA7\" data-src=\"https:\/\/wncri.org\/fr\/wp-content\/uploads\/2021\/06\/Epargnants-spolies.jpg\" alt=\"Epargnants spoli\u00e9s\" class=\"wp-image-13407 lazyload\" width=\"832\" height=\"416\"\/><noscript><img decoding=\"async\" src=\"https:\/\/wncri.org\/fr\/wp-content\/uploads\/2021\/06\/Epargnants-spolies.jpg\" alt=\"Epargnants spoli\u00e9s\" class=\"wp-image-13407 lazyload\" width=\"832\" height=\"416\" srcset=\"https:\/\/wncri.org\/fr\/wp-content\/uploads\/2021\/06\/Epargnants-spolies.jpg 750w, https:\/\/wncri.org\/fr\/wp-content\/uploads\/2021\/06\/Epargnants-spolies-300x150.jpg 300w, https:\/\/wncri.org\/fr\/wp-content\/uploads\/2021\/06\/Epargnants-spolies-360x180.jpg 360w\" sizes=\"(max-width: 832px) 100vw, 832px\" \/><\/noscript><\/figure>\n\n\n\n<p>Des <a href=\"https:\/\/wncri.org\/fr\/2019\/05\/31\/des-epargnants-spolies-enseignants-et-personnels-hospitaliers-ont-manifeste\/\" target=\"_blank\" rel=\"noreferrer noopener\">\u00e9pargnants spoli\u00e9s<\/a> par le Cr\u00e9dit Caspian ont organis\u00e9 une manifestation devant le b\u00e2timent du pouvoir judiciaire \u00e0 T\u00e9h\u00e9ran le 30 mai. Ces \u00e9pargnants n&#8217;ont toujours pas recouvr\u00e9 l\u2019argent qu\u2019ils y ont d\u00e9pos\u00e9 au bout de cinq ans.<\/p>\n\n\n\n<p>Le 1er juin 2021, des propri\u00e9taires de terrains de la phase 6 de Pardis ont organis\u00e9 une manifestation \u00e0 T\u00e9h\u00e9ran devant le b\u00e2timent du pouvoir judiciaire. Ils ont protest\u00e9 contre la soci\u00e9t\u00e9 charg\u00e9e de la construction de la nouvelle ville de Pardis. L&#8217;entreprise a siphonn\u00e9 tous leurs investissements.<\/p>\n","protected":false},"excerpt":{"rendered":"<p>CNRI Femmes &#8211; Les enseignants iraniens travaillant sous diverses formes de contrats temporaires ont manifest\u00e9 \u00e0 T\u00e9h\u00e9ran et Ispahan du 29 mai au 2 juin 2021. Les jeunes enseignants ont l\u2019intention de poursuivre leur mouvement de protestation jusqu&#8217;\u00e0 ce que leurs demandes soient satisfaites. Des professeurs d&#8217;universit\u00e9 des provinces du Khouzistan et Fars, ainsi que [&hellip;]<\/p>\n","protected":false},"author":4,"featured_media":13403,"comment_status":"closed","ping_status":"closed","sticky":false,"template":"","format":"standard","meta":{"jnews-multi-image_gallery":[],"jnews_single_post":{"subtitle":"","format":"standard","video":"","gallery":"","source_name":"","source_url":"","via_name":"","via_url":"","override":[{"single_blog_custom":"","sidebar":"","second_sidebar":"","share_position":"","share_float_style":"","post_date_format":"","post_date_format_custom":"","post_reading_time_wpm":"","zoom_button_out_step":"1","zoom_button_in_step":"1","number_popup_post":"1"}],"image_override":[{"single_post_thumbnail_size":"","single_post_gallery_size":""}],"trending_post_position":"","trending_post_label":"","sponsored_post_label":"","sponsored_post_name":"","sponsored_post_url":"","sponsored_post_logo":"","sponsored_post_desc":""},"jnews_primary_category":{"id":""},"jnews_social_meta":[],"jnews_override_counter":{"view_counter_number":"0","share_counter_number":"0","like_counter_number":"0","dislike_counter_number":"0"},"footnotes":""},"categories":[3],"tags":[379,378,369],"class_list":["post-13402","post","type-post","status-publish","format-standard","has-post-thumbnail","hentry","category-infos-des-femmes","tag-enseignantes","tag-infirmieres","tag-manifestations"],"_links":{"self":[{"href":"https:\/\/wncri.org\/fr\/wp-json\/wp\/v2\/posts\/13402","targetHints":{"allow":["GET"]}}],"collection":[{"href":"https:\/\/wncri.org\/fr\/wp-json\/wp\/v2\/posts"}],"about":[{"href":"https:\/\/wncri.org\/fr\/wp-json\/wp\/v2\/types\/post"}],"author":[{"embeddable":true,"href":"https:\/\/wncri.org\/fr\/wp-json\/wp\/v2\/users\/4"}],"replies":[{"embeddable":true,"href":"https:\/\/wncri.org\/fr\/wp-json\/wp\/v2\/comments?post=13402"}],"version-history":[{"count":0,"href":"https:\/\/wncri.org\/fr\/wp-json\/wp\/v2\/posts\/13402\/revisions"}],"wp:featuredmedia":[{"embeddable":true,"href":"https:\/\/wncri.org\/fr\/wp-json\/wp\/v2\/media\/13403"}],"wp:attachment":[{"href":"https:\/\/wncri.org\/fr\/wp-json\/wp\/v2\/media?parent=13402"}],"wp:term":[{"taxonomy":"category","embeddable":true,"href":"https:\/\/wncri.org\/fr\/wp-json\/wp\/v2\/categories?post=13402"},{"taxonomy":"post_tag","embeddable":true,"href":"https:\/\/wncri.org\/fr\/wp-json\/wp\/v2\/tags?post=13402"}],"curies":[{"name":"wp","href":"https:\/\/api.w.org\/{rel}","templated":true}]}}