{"id":13374,"date":"2021-05-30T20:41:00","date_gmt":"2021-05-30T18:41:00","guid":{"rendered":"https:\/\/wncri.org\/fr\/?p=13374"},"modified":"2021-06-02T21:05:10","modified_gmt":"2021-06-02T19:05:10","slug":"rapport-mensuel-de-mai-2021-manifestations-des-femmes-iraniennes","status":"publish","type":"post","link":"https:\/\/wncri.org\/fr\/2021\/05\/30\/rapport-mensuel-de-mai-2021-manifestations-des-femmes-iraniennes\/","title":{"rendered":"Rapport mensuel de mai 2021 &#8211; manifestations des femmes iraniennes"},"content":{"rendered":"\n<div class=\"wp-block-file\"><a href=\"https:\/\/wncri.org\/fr\/wp-content\/uploads\/2021\/06\/Monthly-May-2021_FR.pdf\">Rapport mensuel de mai 2021<\/a><a href=\"https:\/\/wncri.org\/fr\/wp-content\/uploads\/2021\/06\/Monthly-May-2021_FR.pdf\" class=\"wp-block-file__button\" download>Download<\/a><\/div>\n\n\n\n<p><strong>Nouveau pic des manifestations des femmes iraniennes avec pour mot d&#8217;ordre de boycott \u00e9lectoral<\/strong><strong><\/strong><\/p>\n\n\n\n<p>CNRI Femmes &#8211; Tout au long du mois de mai, les rues des grandes villes d&#8217;Iran ont \u00e9t\u00e9 le th\u00e9\u00e2tre de manifestations de femmes iraniennes scandant NON \u00e0 la prochaine farce \u00e9lectorale pr\u00e9sidentielle du r\u00e9gime.<\/p>\n\n\n\n<p>Le r\u00e9gime cl\u00e9rical a intensifi\u00e9 la r\u00e9pression ces derniers mois, multipliant les ex\u00e9cutions et d\u2019autres violations des droits humains. C\u2019est pourquoi, malgr\u00e9 les circonstances catastrophiques de la pand\u00e9mie et son lourd bilan d\u00e9passant les 300 000 morts, des personnes issues de divers secteurs sociaux sont descendues dans la rue tous les jours pour r\u00e9clamer leurs droits, et les manifestations ont atteint de nouveaux sommets.<\/p>\n\n\n\n<figure class=\"wp-block-image size-large is-resized\"><img decoding=\"async\" src=\"data:image\/gif;base64,R0lGODlhAQABAIAAAAAAAP\/\/\/yH5BAEAAAAALAAAAAABAAEAAAIBRAA7\" data-src=\"https:\/\/wncri.org\/fr\/wp-content\/uploads\/2021\/06\/Nouveau-pic-des-manifestations-des-femmes-iraniennes-avec-pour-mot-dordre-de-boycott-electoral.jpg\" alt=\"Nouveau pic des manifestations des femmes iraniennes avec pour mot d'ordre de boycott \u00e9lectoral\" class=\"wp-image-13388 lazyload\" width=\"788\" height=\"394\"\/><noscript><img decoding=\"async\" src=\"https:\/\/wncri.org\/fr\/wp-content\/uploads\/2021\/06\/Nouveau-pic-des-manifestations-des-femmes-iraniennes-avec-pour-mot-dordre-de-boycott-electoral.jpg\" alt=\"Nouveau pic des manifestations des femmes iraniennes avec pour mot d'ordre de boycott \u00e9lectoral\" class=\"wp-image-13388 lazyload\" width=\"788\" height=\"394\" srcset=\"https:\/\/wncri.org\/fr\/wp-content\/uploads\/2021\/06\/Nouveau-pic-des-manifestations-des-femmes-iraniennes-avec-pour-mot-dordre-de-boycott-electoral.jpg 750w, https:\/\/wncri.org\/fr\/wp-content\/uploads\/2021\/06\/Nouveau-pic-des-manifestations-des-femmes-iraniennes-avec-pour-mot-dordre-de-boycott-electoral-300x150.jpg 300w, https:\/\/wncri.org\/fr\/wp-content\/uploads\/2021\/06\/Nouveau-pic-des-manifestations-des-femmes-iraniennes-avec-pour-mot-dordre-de-boycott-electoral-360x180.jpg 360w\" sizes=\"(max-width: 788px) 100vw, 788px\" \/><\/noscript><\/figure>\n\n\n\n<p>Le mois dernier, des femmes de tous horizons, notamment des enseignantes, des infirmi\u00e8res, des pharmaciennes, des \u00e9tudiantes, des retrait\u00e9es, des clientes escroqu\u00e9es et des parentes de victimes de l&#8217;avion ukrainien abattu l&#8217;an dernier par les pasdarans, ont organis\u00e9 des manifestations dans la plupart des villes. Les femmes de divers villages et r\u00e9gions ont \u00e9galement manifest\u00e9 contre les p\u00e9nuries d&#8217;eau, les coupures de courant et la d\u00e9molition de leurs habitations par les autorit\u00e9s. Des familles d&#8217;agriculteurs et d&#8217;ouvriers se sont aussi jointes aux protestations.<\/p>\n\n\n\n<p>&#8220;Le ch\u00f4mage g\u00e9n\u00e9ralis\u00e9, les in\u00e9galit\u00e9s socio-\u00e9conomiques sans pr\u00e9c\u00e9dent, la richesse astronomique (d&#8217;une petite minorit\u00e9), la corruption administrative, culturelle et sociale in\u00e9gal\u00e9e, l&#8217;affaiblissement du pouvoir d&#8217;achat de la population et la crise des moyens de subsistance d&#8217;une grande partie des gens, la toxicomanie galopante, la croissance effr\u00e9n\u00e9e des crimes, de la violence et du suicide, (le ph\u00e9nom\u00e8ne des) femmes \u00e0 la rue, le travail des enfants, la fuite des cerveaux, la fuite des capitaux, etc. &#8221; s\u2019inscrivent au nombre des probl\u00e8mes de la soci\u00e9t\u00e9 iranienne mentionn\u00e9s par le quotidien officiel Sharq le 8 mai 2021.<\/p>\n\n\n\n<p>L\u2019autre face de tant de probl\u00e8mes et de pauvret\u00e9 est la mont\u00e9e des manifestations des Iraniens qui ont d\u00e9cid\u00e9 de boycotter la farce \u00e9lectorale pr\u00e9sidentielle pr\u00e9vu pour le 18 juin.<\/p>\n\n\n\n<figure class=\"wp-block-image size-large is-resized\"><img decoding=\"async\" src=\"data:image\/gif;base64,R0lGODlhAQABAIAAAAAAAP\/\/\/yH5BAEAAAAALAAAAAABAAEAAAIBRAA7\" data-src=\"https:\/\/wncri.org\/fr\/wp-content\/uploads\/2021\/06\/sinscrivent-au-nombre-des-problemes-de-la-societe-iranienne-mentionnes-par-le-quotidien-officiel-Sharq-le-8-mai-2021..jpg\" alt=\"s\u2019inscrivent au nombre des probl\u00e8mes de la soci\u00e9t\u00e9 iranienne mentionn\u00e9s par le quotidien officiel Sharq le 8 mai 2021.\" class=\"wp-image-13393 lazyload\" width=\"773\" height=\"387\"\/><noscript><img decoding=\"async\" src=\"https:\/\/wncri.org\/fr\/wp-content\/uploads\/2021\/06\/sinscrivent-au-nombre-des-problemes-de-la-societe-iranienne-mentionnes-par-le-quotidien-officiel-Sharq-le-8-mai-2021..jpg\" alt=\"s\u2019inscrivent au nombre des probl\u00e8mes de la soci\u00e9t\u00e9 iranienne mentionn\u00e9s par le quotidien officiel Sharq le 8 mai 2021.\" class=\"wp-image-13393 lazyload\" width=\"773\" height=\"387\" srcset=\"https:\/\/wncri.org\/fr\/wp-content\/uploads\/2021\/06\/sinscrivent-au-nombre-des-problemes-de-la-societe-iranienne-mentionnes-par-le-quotidien-officiel-Sharq-le-8-mai-2021..jpg 750w, https:\/\/wncri.org\/fr\/wp-content\/uploads\/2021\/06\/sinscrivent-au-nombre-des-problemes-de-la-societe-iranienne-mentionnes-par-le-quotidien-officiel-Sharq-le-8-mai-2021.-300x150.jpg 300w, https:\/\/wncri.org\/fr\/wp-content\/uploads\/2021\/06\/sinscrivent-au-nombre-des-problemes-de-la-societe-iranienne-mentionnes-par-le-quotidien-officiel-Sharq-le-8-mai-2021.-360x180.jpg 360w\" sizes=\"(max-width: 773px) 100vw, 773px\" \/><\/noscript><\/figure>\n\n\n\n<p>Le boycott \u00e9lectoral fait partie des principaux slogans de toutes ces protestations. En criant &#8220;nous ne voterons plus&#8221;, les manifestants attestent de l&#8217;ill\u00e9gitimit\u00e9 absolue du simulacre d&#8217;\u00e9lection. Ebrahim Ra\u00efssi, le bourreau du massacre des prisonniers politiques de l\u2019\u00e9t\u00e9 1988, choisi par le guide supr\u00eame des mollahs, symbolise cette ill\u00e9gitimit\u00e9.<\/p>\n\n\n\n<p>Les manifestants ont \u00e9galement conspu\u00e9 les dirigeants du r\u00e9gime en scandant des slogans tels que &#8220;A bas Rohani\u201d.<\/p>\n\n\n\n<figure class=\"wp-block-image size-large is-resized\"><img decoding=\"async\" src=\"data:image\/gif;base64,R0lGODlhAQABAIAAAAAAAP\/\/\/yH5BAEAAAAALAAAAAABAAEAAAIBRAA7\" data-src=\"https:\/\/wncri.org\/fr\/wp-content\/uploads\/2021\/06\/Reagissant-aux-manifestations-et-aux-cris-de-Nous-ne-voterons-plus-Qassem-Rezai-commandant-par-interim-des-forces-de-police-a-declare.jpg\" alt=\"R\u00e9agissant aux manifestations et aux cris de Nous ne voterons plus, Qassem Reza\u00ef, commandant par int\u00e9rim des forces de police, a d\u00e9clar\u00e9\" class=\"wp-image-13391 lazyload\" width=\"780\" height=\"208\"\/><noscript><img decoding=\"async\" src=\"https:\/\/wncri.org\/fr\/wp-content\/uploads\/2021\/06\/Reagissant-aux-manifestations-et-aux-cris-de-Nous-ne-voterons-plus-Qassem-Rezai-commandant-par-interim-des-forces-de-police-a-declare.jpg\" alt=\"R\u00e9agissant aux manifestations et aux cris de Nous ne voterons plus, Qassem Reza\u00ef, commandant par int\u00e9rim des forces de police, a d\u00e9clar\u00e9\" class=\"wp-image-13391 lazyload\" width=\"780\" height=\"208\" srcset=\"https:\/\/wncri.org\/fr\/wp-content\/uploads\/2021\/06\/Reagissant-aux-manifestations-et-aux-cris-de-Nous-ne-voterons-plus-Qassem-Rezai-commandant-par-interim-des-forces-de-police-a-declare.jpg 750w, https:\/\/wncri.org\/fr\/wp-content\/uploads\/2021\/06\/Reagissant-aux-manifestations-et-aux-cris-de-Nous-ne-voterons-plus-Qassem-Rezai-commandant-par-interim-des-forces-de-police-a-declare-300x80.jpg 300w\" sizes=\"(max-width: 780px) 100vw, 780px\" \/><\/noscript><\/figure>\n\n\n\n<p>Ayant l&#8217;exp\u00e9rience des manifestations de col\u00e8re publique, des femmes et des jeunes lors de plusieurs grands mouvements de manifestations successives ces derni\u00e8res ann\u00e9es, la dictature religieuse voit sa seule porte de sortie dans la r\u00e9pression de toute dissidence, comme elle l\u2019a toujours fait en 42 ans de pouvoir.<\/p>\n\n\n\n<p>R\u00e9agissant aux manifestations et aux cris de &#8220;Nous ne voterons plus&#8221;, Qassem Reza\u00ef, commandant par int\u00e9rim des forces de police, a d\u00e9clar\u00e9 : &#8220;Nous s\u00e9virons contre tout s\u00e9ditieux qui veut troubler l\u2019ordre public !&#8221;. (Agence Entekhab &#8211; 20 mai 2021)<\/p>\n\n\n\n<h3 class=\"wp-block-heading\"><strong>Manifestations des femmes iraniennes de tous horizons<\/strong><\/h3>\n\n\n\n<p>Les manifestations de femmes iraniennes se sont \u00e9lev\u00e9es \u00e0 au moins 127 au cours du mois de mai.<\/p>\n\n\n\n<p>Les enseignantes ont organis\u00e9 au moins <a href=\"https:\/\/wncri.org\/fr\/2021\/05\/09\/des-femmes-dans-les-manifestations-des-pensionnes-de-la-securite-sociale\/\" target=\"_blank\" rel=\"noreferrer noopener\">29 manifestations<\/a> en mai. Ces jeunes enseignantes ont protest\u00e9 pendant quatre jours cons\u00e9cutifs. La plupart sont titulaires d&#8217;une ma\u00eetrise ou d&#8217;un doctorat. Elles veulent un emploi officiel, mais les autorit\u00e9s ne leur en donne pas la possibilit\u00e9. Les enseignantes en alphab\u00e9tisation ont \u00e9galement protest\u00e9 pendant trois jours d\u2019affil\u00e9.<\/p>\n\n\n\n<p>De leurs c\u00f4t\u00e9s, les retrait\u00e9es du secteur de la sant\u00e9 veulent des pensions \u00e9gales \u00e0 celles des employ\u00e9es. Dans leurs slogans, elles ont protest\u00e9 contre leurs paniers vides.<\/p>\n\n\n\n<p>Des <a href=\"https:\/\/wncri.org\/fr\/2021\/05\/05\/des-milliers-detudiants-iraniens-protestent-contre-les-examens\/\" target=\"_blank\" rel=\"noreferrer noopener\">\u00e9tudiantes<\/a> ont particip\u00e9 \u00e0 au moins 42 manifestations de protestation ce mois-ci contre les examens devant \u00eatre pass\u00e9s en personne. Elles r\u00e9clament des examens en ligne.<\/p>\n\n\n\n<figure class=\"wp-block-image size-large is-resized\"><img decoding=\"async\" src=\"data:image\/gif;base64,R0lGODlhAQABAIAAAAAAAP\/\/\/yH5BAEAAAAALAAAAAABAAEAAAIBRAA7\" data-src=\"https:\/\/wncri.org\/fr\/wp-content\/uploads\/2021\/06\/Manifestations-des-femmes-iraniennes-de-tous-horizons.jpg\" alt=\"Manifestations des femmes iraniennes de tous horizons\" class=\"wp-image-13385 lazyload\" width=\"779\" height=\"390\"\/><noscript><img decoding=\"async\" src=\"https:\/\/wncri.org\/fr\/wp-content\/uploads\/2021\/06\/Manifestations-des-femmes-iraniennes-de-tous-horizons.jpg\" alt=\"Manifestations des femmes iraniennes de tous horizons\" class=\"wp-image-13385 lazyload\" width=\"779\" height=\"390\" srcset=\"https:\/\/wncri.org\/fr\/wp-content\/uploads\/2021\/06\/Manifestations-des-femmes-iraniennes-de-tous-horizons.jpg 750w, https:\/\/wncri.org\/fr\/wp-content\/uploads\/2021\/06\/Manifestations-des-femmes-iraniennes-de-tous-horizons-300x150.jpg 300w, https:\/\/wncri.org\/fr\/wp-content\/uploads\/2021\/06\/Manifestations-des-femmes-iraniennes-de-tous-horizons-360x180.jpg 360w\" sizes=\"(max-width: 779px) 100vw, 779px\" \/><\/noscript><\/figure>\n\n\n\n<p>Les infirmi\u00e8res et le personnel hospitalier, exc\u00e9d\u00e9s par le non-paiement des salaires et des prestations pendant l&#8217;\u00e9pid\u00e9mie de coronavirus, ont \u00e9galement organis\u00e9 des manifestations.<\/p>\n\n\n\n<h3 class=\"wp-block-heading\"><strong>Activit\u00e9s des femmes dans les unit\u00e9s de r\u00e9sistance<\/strong><\/h3>\n\n\n\n<figure class=\"wp-block-image size-large is-resized\"><img decoding=\"async\" src=\"data:image\/gif;base64,R0lGODlhAQABAIAAAAAAAP\/\/\/yH5BAEAAAAALAAAAAABAAEAAAIBRAA7\" data-src=\"https:\/\/wncri.org\/fr\/wp-content\/uploads\/2021\/06\/Activites-des-femmes-dans-les-unites-de-resistance.jpg\" alt=\"Activit\u00e9s des femmes dans les unit\u00e9s de r\u00e9sistance\" class=\"wp-image-13375 lazyload\" width=\"773\" height=\"206\"\/><noscript><img decoding=\"async\" src=\"https:\/\/wncri.org\/fr\/wp-content\/uploads\/2021\/06\/Activites-des-femmes-dans-les-unites-de-resistance.jpg\" alt=\"Activit\u00e9s des femmes dans les unit\u00e9s de r\u00e9sistance\" class=\"wp-image-13375 lazyload\" width=\"773\" height=\"206\" srcset=\"https:\/\/wncri.org\/fr\/wp-content\/uploads\/2021\/06\/Activites-des-femmes-dans-les-unites-de-resistance.jpg 750w, https:\/\/wncri.org\/fr\/wp-content\/uploads\/2021\/06\/Activites-des-femmes-dans-les-unites-de-resistance-300x80.jpg 300w\" sizes=\"(max-width: 773px) 100vw, 773px\" \/><\/noscript><\/figure>\n\n\n\n<p>Les femmes courageuses des unit\u00e9s de r\u00e9sistance maintiennent chaque jour allum\u00e9e la flamme de la r\u00e9sistance, des manifestations et du boycott \u00e9lectoral dans les villes.<\/p>\n\n\n\n<p>Elles installent des pancartes sur les routes et autoroutes et taguent des graffitis anti-r\u00e9gime sur les murs, appelant au boycott de la farce \u00e9lectorale dans tout le pays pour r\u00e9pondre aux assassins des 1 500 martyrs du soul\u00e8vement de novembre 2019. T\u00e9h\u00e9ran, Machad, Ispahan, Chiraz, Ilam, Kermanchah, Hamedan, Lahidjan, Gorgan, Nichapour, Saqqez et d&#8217;autres grandes villes ont \u00e9t\u00e9 le th\u00e9\u00e2tre de ces activit\u00e9s.<\/p>\n\n\n\n<p>Par exemple, du 18 au 22 mai 2021, des femmes et des jeunes des unit\u00e9s de r\u00e9sistance ont distribu\u00e9 des tracts portant ces messages : &#8220;Le boycott \u00e9lectoral est un devoir patriotique&#8221;. Ils ont noirci les murs de la ville avec le slogan : &#8220;Je vote pour le renversement du r\u00e9gime&#8221;.<\/p>\n\n\n\n<p>Des femmes et des filles des unit\u00e9s de r\u00e9sistance, prennent des vid\u00e9os de leurs activit\u00e9s et les postent sur les m\u00e9dias sociaux. Ces actions audacieuses font briller l&#8217;espoir dans le c\u0153ur des Iraniens et fissurent les murs de la peur et de la r\u00e9pression dans chaque ville.<\/p>\n\n\n\n<h3 class=\"wp-block-heading\"><strong>Les m\u00e8res des martyrs de novembre 2019<\/strong><\/h3>\n\n\n\n<p>Les m\u00e8res des martyrs de novembre 2019 ont \u00e9t\u00e9 \u00e0 l&#8217;avant-garde des manifestations des femmes iraniennes. Elles ont profit\u00e9 de toutes les occasions pour d\u00e9clarer ce pour quoi elles votent&nbsp;: &nbsp;renverser le r\u00e9gime corrompu et sanguinaire des mollahs.<\/p>\n\n\n\n<figure class=\"wp-block-image size-large is-resized\"><img decoding=\"async\" src=\"data:image\/gif;base64,R0lGODlhAQABAIAAAAAAAP\/\/\/yH5BAEAAAAALAAAAAABAAEAAAIBRAA7\" data-src=\"https:\/\/wncri.org\/fr\/wp-content\/uploads\/2021\/06\/Les-meres-des-martyrs-de-novembre-2019.jpg\" alt=\"Les m\u00e8res des martyrs de novembre 2019\" class=\"wp-image-13384 lazyload\" width=\"765\" height=\"383\"\/><noscript><img decoding=\"async\" src=\"https:\/\/wncri.org\/fr\/wp-content\/uploads\/2021\/06\/Les-meres-des-martyrs-de-novembre-2019.jpg\" alt=\"Les m\u00e8res des martyrs de novembre 2019\" class=\"wp-image-13384 lazyload\" width=\"765\" height=\"383\" srcset=\"https:\/\/wncri.org\/fr\/wp-content\/uploads\/2021\/06\/Les-meres-des-martyrs-de-novembre-2019.jpg 750w, https:\/\/wncri.org\/fr\/wp-content\/uploads\/2021\/06\/Les-meres-des-martyrs-de-novembre-2019-300x150.jpg 300w, https:\/\/wncri.org\/fr\/wp-content\/uploads\/2021\/06\/Les-meres-des-martyrs-de-novembre-2019-360x180.jpg 360w\" sizes=\"(max-width: 765px) 100vw, 765px\" \/><\/noscript><\/figure>\n\n\n\n<p>Elles ont publi\u00e9 des dizaines de clips vid\u00e9o, de lettres et de messages sur les m\u00e9dias sociaux. Elles ont \u00e9galement organis\u00e9 divers rassemblements de protestation, brandissant les photos de leurs enfants tu\u00e9s et <a href=\"https:\/\/wncri.org\/fr\/2021\/05\/23\/soyez-la-voix-des-meres-la-mere-des-martyrs-de-novembre-2019\/\" target=\"_blank\" rel=\"noreferrer noopener\">demandant justice<\/a>. Dans l\u2019une de ces r\u00e9unions, des m\u00e8res des martyrs de novembre 2019 ont jur\u00e9 d\u2019appeler \u00e0 la justice pour leurs enfants jusqu&#8217;\u00e0 leur dernier souffle.<\/p>\n\n\n\n<p>Elles n\u2019ont pas h\u00e9sit\u00e9 \u00e0 d\u00e9clarer ensemble ouvertement : &#8220;Nous voulons le renversement de ce r\u00e9gime. Nous votons pour le renversement du r\u00e9gime.&#8221;<\/p>\n\n\n\n<p>Une m\u00e8re a dit : \u00ab&nbsp;Ceux qui votent \u00e0 cette \u00e9lection sont tout aussi coupables que les responsables qui ont ordonn\u00e9 le meurtre de nos enfants. Nous ne pardonnerons jamais. Toute personne qui d\u00e9pose un bulletin de vote et participe \u00e0 cette \u00e9lection commet un crime et une trahison.&nbsp;\u00bb<\/p>\n\n\n\n<p>Une autre m\u00e8re endeuill\u00e9e a d\u00e9clar\u00e9 :&nbsp;\u00bb Le fait de voter (dans cette \u00e9lection) trahit les g\u00e9n\u00e9rations futures et ne pourra jamais \u00eatre compens\u00e9.&nbsp;\u00bb&nbsp;<\/p>\n\n\n\n<p>Une autre encore a mis en garde : \u00ab&nbsp;Ne votez pas pour ce r\u00e9gime&nbsp;! Voter pour ce r\u00e9gime, c&#8217;est voter contre l&#8217;avenir de vos enfants. Je souhaite que plus aucun parent ne connaisse la perte de ses enfants&nbsp;!&nbsp;\u00bb<\/p>\n\n\n\n<figure class=\"wp-block-image size-large is-resized\"><img decoding=\"async\" src=\"data:image\/gif;base64,R0lGODlhAQABAIAAAAAAAP\/\/\/yH5BAEAAAAALAAAAAABAAEAAAIBRAA7\" data-src=\"https:\/\/wncri.org\/fr\/wp-content\/uploads\/2021\/06\/Mme-Badrieh-Hamidavi.jpg\" alt=\"Mme Badrieh Hamidavi\" class=\"wp-image-13386 lazyload\" width=\"765\" height=\"383\"\/><noscript><img decoding=\"async\" src=\"https:\/\/wncri.org\/fr\/wp-content\/uploads\/2021\/06\/Mme-Badrieh-Hamidavi.jpg\" alt=\"Mme Badrieh Hamidavi\" class=\"wp-image-13386 lazyload\" width=\"765\" height=\"383\" srcset=\"https:\/\/wncri.org\/fr\/wp-content\/uploads\/2021\/06\/Mme-Badrieh-Hamidavi.jpg 750w, https:\/\/wncri.org\/fr\/wp-content\/uploads\/2021\/06\/Mme-Badrieh-Hamidavi-300x150.jpg 300w, https:\/\/wncri.org\/fr\/wp-content\/uploads\/2021\/06\/Mme-Badrieh-Hamidavi-360x180.jpg 360w\" sizes=\"(max-width: 765px) 100vw, 765px\" \/><\/noscript><\/figure>\n\n\n\n<p>Par ailleurs le 16 mai 2021, les services de renseignement d&#8217;Ahwaz ont arr\u00eat\u00e9 <a href=\"https:\/\/wncri.org\/fr\/2021\/05\/18\/arrestation-de-la-mere-dun-jeune-homme-tue-dans-le-soulevement\/\" target=\"_blank\" rel=\"noreferrer noopener\">Mme Badrieh Hamidavi<\/a>, la m\u00e8re du jeune Ali Tamimi, tu\u00e9 par les forces de s\u00e9curit\u00e9 en novembre 2019. Mme Hamidavi avait accueilli et salu\u00e9 les jeunes qui s&#8217;\u00e9taient rassembl\u00e9s devant son domicile pour rendre hommage \u00e0 la m\u00e9moire de son fils. Les services de renseignement ont arr\u00eat\u00e9 de 10 \u00e0 15 jeunes lors de descentes dans ces c\u00e9r\u00e9monies.<\/p>\n\n\n\n<h3 class=\"wp-block-heading\"><strong>Les m\u00e8res de victimes du massacre de 1988<\/strong><\/h3>\n\n\n\n<p>Des proches et des m\u00e8res de victimes du massacre de 1988 se sont <a href=\"https:\/\/youtu.be\/fKsu8v60N3c\" target=\"_blank\" rel=\"noreferrer noopener\">rassembl\u00e9es au cimeti\u00e8re de Khavaran<\/a> le 13 mai 2021 pour exprimer leur condamnation de la destruction par le r\u00e9gime des fosses communes o\u00f9 sont enterr\u00e9s leurs proches.<\/p>\n\n\n\n<figure class=\"wp-block-image size-large is-resized\"><img decoding=\"async\" src=\"data:image\/gif;base64,R0lGODlhAQABAIAAAAAAAP\/\/\/yH5BAEAAAAALAAAAAABAAEAAAIBRAA7\" data-src=\"https:\/\/wncri.org\/fr\/wp-content\/uploads\/2021\/06\/Les-meres-de-victimes-du-massacre-de-1988.jpg\" alt=\"Les m\u00e8res de victimes du massacre de 1988\" class=\"wp-image-13383 lazyload\" width=\"768\" height=\"384\"\/><noscript><img decoding=\"async\" src=\"https:\/\/wncri.org\/fr\/wp-content\/uploads\/2021\/06\/Les-meres-de-victimes-du-massacre-de-1988.jpg\" alt=\"Les m\u00e8res de victimes du massacre de 1988\" class=\"wp-image-13383 lazyload\" width=\"768\" height=\"384\" srcset=\"https:\/\/wncri.org\/fr\/wp-content\/uploads\/2021\/06\/Les-meres-de-victimes-du-massacre-de-1988.jpg 750w, https:\/\/wncri.org\/fr\/wp-content\/uploads\/2021\/06\/Les-meres-de-victimes-du-massacre-de-1988-300x150.jpg 300w, https:\/\/wncri.org\/fr\/wp-content\/uploads\/2021\/06\/Les-meres-de-victimes-du-massacre-de-1988-360x180.jpg 360w\" sizes=\"(max-width: 768px) 100vw, 768px\" \/><\/noscript><\/figure>\n\n\n\n<p>Ces familles tenaient des pancartes et scandaient des slogans, notamment contre Ebrahim Ra\u00efssi, le chef du pouvoir judiciaire, qui est candidat \u00e0 la mascarade \u00e9lectorale pr\u00e9sidentielle. Ra\u00efssi \u00e9tait membre du comit\u00e9 de la mort \u00e0 T\u00e9h\u00e9ran et a jou\u00e9 un r\u00f4le central lors du <a href=\"https:\/\/wncri.org\/fr\/2020\/07\/27\/le-massacre-de-1988-le-plus-grand-crime-contre-lhumanite-reste-impuni\/\" target=\"_blank\" rel=\"noreferrer noopener\">massacre de 30 000 prisonniers politiques<\/a> en 1988. Les \u00c9tats-Unis ont inscrit Ra\u00efssi sur une liste noire pour ses violations flagrantes des droits humains en Iran.<\/p>\n\n\n\n<p>Ces proches et <a href=\"https:\/\/wncri.org\/fr\/2021\/04\/27\/des-meres-en-quete-de-justice-protestent-contre-la-destruction\/\" target=\"_blank\" rel=\"noreferrer noopener\">m\u00e8res<\/a> des victimes du massacre de 1988 brandissaient des pancartes sur lesquelles on pouvait lire : &#8220;Khavaran, un document durable de crime contre l&#8217;humanit\u00e9 en Iran, le massacre de 1988&#8221; et &#8220;jusqu&#8217;\u00e0 ce que les criminels soient poursuivis et r\u00e9pondent de leurs actes, nous ne pardonnerons ni n&#8217;oublierons&#8221;.<\/p>\n\n\n\n<h3 class=\"wp-block-heading\"><strong>Conditions p\u00e9nibles des d\u00e9tenues et des quartiers pour femmes<\/strong><\/h3>\n\n\n\n<p>Les sections suivantes examinent les conditions de vie de certaines prisonni\u00e8res politiques, les arrestations arbitraires de baha\u00efes dans diff\u00e9rentes villes et la situation dans les quartiers des femmes des prisons de Tabriz, Sepidar et Qarchak.<\/p>\n\n\n\n<h3 class=\"wp-block-heading\"><strong>La prisonni\u00e8re politique Maryam Akbari Monfared<\/strong><\/h3>\n\n\n\n<p>La prisonni\u00e8re politique Maryam Akbari Monfared reste soumise \u00e0 une <a href=\"https:\/\/wncri.org\/fr\/2021\/05\/20\/maryam-akbari-monfared-sous-pression-maximale-70-jours-apres\/\" target=\"_blank\" rel=\"noreferrer noopener\">pression maximale<\/a> par le minist\u00e8re du Renseignement, pr\u00e8s de trois mois apr\u00e8s son bannissement \u00e0 la prison centrale de Semnan.<\/p>\n\n\n\n<figure class=\"wp-block-image size-large is-resized\"><img decoding=\"async\" src=\"data:image\/gif;base64,R0lGODlhAQABAIAAAAAAAP\/\/\/yH5BAEAAAAALAAAAAABAAEAAAIBRAA7\" data-src=\"https:\/\/wncri.org\/fr\/wp-content\/uploads\/2021\/06\/La-prisonniere-politique-Maryam-Akbari-Monfared.jpg\" alt=\"La prisonni\u00e8re politique Maryam Akbari Monfared\" class=\"wp-image-13380 lazyload\" width=\"789\" height=\"395\"\/><noscript><img decoding=\"async\" src=\"https:\/\/wncri.org\/fr\/wp-content\/uploads\/2021\/06\/La-prisonniere-politique-Maryam-Akbari-Monfared.jpg\" alt=\"La prisonni\u00e8re politique Maryam Akbari Monfared\" class=\"wp-image-13380 lazyload\" width=\"789\" height=\"395\" srcset=\"https:\/\/wncri.org\/fr\/wp-content\/uploads\/2021\/06\/La-prisonniere-politique-Maryam-Akbari-Monfared.jpg 750w, https:\/\/wncri.org\/fr\/wp-content\/uploads\/2021\/06\/La-prisonniere-politique-Maryam-Akbari-Monfared-300x150.jpg 300w, https:\/\/wncri.org\/fr\/wp-content\/uploads\/2021\/06\/La-prisonniere-politique-Maryam-Akbari-Monfared-360x180.jpg 360w\" sizes=\"(max-width: 789px) 100vw, 789px\" \/><\/noscript><\/figure>\n\n\n\n<p>Son cas est suivi directement par le minist\u00e8re du Renseignement. Personne, pas m\u00eame le procureur adjoint qui supervise les questions relatives aux prisonniers politiques, n&#8217;est autoris\u00e9 \u00e0 interf\u00e9rer dans le cas de Maryam Akbari. Le minist\u00e8re du Renseignement ne permet d&#8217;acc\u00e9der \u00e0 aucune de ses demandes.<\/p>\n\n\n\n<p>Elle est priv\u00e9e des droits les plus fondamentaux des prisonniers, notamment de l&#8217;acc\u00e8s aux journaux, aux soins m\u00e9dicaux et aux autorisations de sorties de prison.<\/p>\n\n\n\n<p>Maryam Akbari Monfared a \u00e9t\u00e9 violemment bannie de la prison d&#8217;Evine vers la prison centrale de Semnan le 9 mars 2021.<\/p>\n\n\n\n<p>Maryam Akbari Monfared a trois filles et purge sa 12e ann\u00e9e de prison sans un seul jour de sortie. Arr\u00eat\u00e9e le 31 d\u00e9cembre 2009, elle a \u00e9t\u00e9 condamn\u00e9e \u00e0 15 ans de prison sous l&#8217;accusation de Moharebeh (guerre contre Dieu) pour &#8220;appartenance \u00e0 l&#8217;organisation des Moudjahidine du peuple d&#8217;Iran&#8221; (OMPI), une accusation que Mme Akbari n&#8217;a jamais accept\u00e9e. &nbsp;Elle souffre d&#8217;un dysfonctionnement de la thyro\u00efde et de rhumatismes articulaires.<\/p>\n\n\n\n<h3 class=\"wp-block-heading\"><strong>La prisonni\u00e8re politique Zeinab Jalalian<\/strong><\/h3>\n\n\n\n<p>La prisonni\u00e8re politique kurde Zeinab Jalalian purge sa 14e ann\u00e9e d&#8217;emprisonnement sous le coup d&#8217;une condamnation \u00e0 perp\u00e9tuit\u00e9. Elle est actuellement d\u00e9tenue, malgr\u00e9 des conditions de sant\u00e9 critiques, \u00e0 la prison centrale de Yazd. Elle a contract\u00e9 <a href=\"https:\/\/wncri.org\/fr\/2021\/05\/15\/zeinab-jalalian-dans-un-etat-de-sante-catastrophique-apres-avoir\/\" target=\"_blank\" rel=\"noreferrer noopener\">le Covid-19<\/a> alors qu&#8217;elle \u00e9tait \u00e0 la prison de Qarchak. Son \u00e9tat asthmatique a compliqu\u00e9 son cas, avec un souffle court et de mauvaises toux.<\/p>\n\n\n\n<figure class=\"wp-block-image size-large is-resized\"><img decoding=\"async\" src=\"data:image\/gif;base64,R0lGODlhAQABAIAAAAAAAP\/\/\/yH5BAEAAAAALAAAAAABAAEAAAIBRAA7\" data-src=\"https:\/\/wncri.org\/fr\/wp-content\/uploads\/2021\/06\/La-prisonniere-politique-Zeinab-Jalalian.jpg\" alt=\"La prisonni\u00e8re politique Zeinab Jalalian\" class=\"wp-image-13381 lazyload\" width=\"779\" height=\"390\"\/><noscript><img decoding=\"async\" src=\"https:\/\/wncri.org\/fr\/wp-content\/uploads\/2021\/06\/La-prisonniere-politique-Zeinab-Jalalian.jpg\" alt=\"La prisonni\u00e8re politique Zeinab Jalalian\" class=\"wp-image-13381 lazyload\" width=\"779\" height=\"390\" srcset=\"https:\/\/wncri.org\/fr\/wp-content\/uploads\/2021\/06\/La-prisonniere-politique-Zeinab-Jalalian.jpg 750w, https:\/\/wncri.org\/fr\/wp-content\/uploads\/2021\/06\/La-prisonniere-politique-Zeinab-Jalalian-300x150.jpg 300w, https:\/\/wncri.org\/fr\/wp-content\/uploads\/2021\/06\/La-prisonniere-politique-Zeinab-Jalalian-360x180.jpg 360w\" sizes=\"(max-width: 779px) 100vw, 779px\" \/><\/noscript><\/figure>\n\n\n\n<p>Le minist\u00e8re du Renseignement n&#8217;autorise pas son traitement dans un h\u00f4pital public et l&#8217;a priv\u00e9e des services m\u00e9dicaux les plus essentiels.<\/p>\n\n\n\n<p>Les m\u00e9decins du dispensaire de la prison centrale de Yazd ont ouvertement dit \u00e0 Zeinab Jalalian qu&#8217;ils n&#8217;avaient pas les ressources suffisantes pour la soigner et qu&#8217;elle devait \u00eatre emmen\u00e9e dans un h\u00f4pital civil d\u00e8s que possible.<\/p>\n\n\n\n<p>Sur ordre du minist\u00e8re du Renseignement, ses appels t\u00e9l\u00e9phoniques occasionnels \u00e0 son domicile sont brefs et elle n&#8217;est autoris\u00e9e \u00e0 parler qu&#8217;en farsi.<\/p>\n\n\n\n<p>Pour la quatri\u00e8me fois en six mois, le minist\u00e8re du Renseignement a transf\u00e9r\u00e9 ill\u00e9galement Zeinab Jalalian \u00e0 la prison de Yazd le 9 novembre 2020, afin d&#8217;accro\u00eetre la pression sur elle.<\/p>\n\n\n\n<p>La prisonni\u00e8re politique r\u00e9sistante Zeinab Jalalian, 38 ans, a \u00e9t\u00e9 vicieusement tortur\u00e9e apr\u00e8s avoir \u00e9t\u00e9 arr\u00eat\u00e9e en 2007 pour faire de faux aveux. Les interrogateurs lui ont frapp\u00e9 la t\u00eate contre le mur et ont tent\u00e9 de la violer. \u00c0 la suite de ces tortures, elle souffre d&#8217;une vision floue et risque de devenir aveugle. Elle souffre \u00e9galement de diverses autres maladies.<\/p>\n\n\n\n<h3 class=\"wp-block-heading\"><strong>La prisonni\u00e8re politique Atena Daemi<\/strong><\/h3>\n\n\n\n<p>M. Hossein Daemi, le p\u00e8re de la prisonni\u00e8re politique Atena Daemi, a post\u00e9 un tweet le 21 mai 2021, contenant <a href=\"https:\/\/wncri.org\/fr\/2021\/05\/22\/la-liberation-inconditionnelle-est-le-droit-des-prisonnieres\/\" target=\"_blank\" rel=\"noreferrer noopener\">le message de sa fille<\/a> depuis la prison. Dans son message depuis la prison de Lakan \u00e0 Racht, Mme Daemi d\u00e9fie l&#8217;offre du r\u00e9gime de r\u00e9clamer une amnistie. Elle d\u00e9clare : Je crois que la lib\u00e9ration inconditionnelle est le droit des prisonniers politiques et des prisonniers de conscience. Je leur rappelle que c&#8217;est vous qui devez implorer le peuple de vous pardonner et de vous accorder une amnistie.&#8221;<\/p>\n\n\n\n<figure class=\"wp-block-image size-large is-resized\"><img decoding=\"async\" src=\"data:image\/gif;base64,R0lGODlhAQABAIAAAAAAAP\/\/\/yH5BAEAAAAALAAAAAABAAEAAAIBRAA7\" data-src=\"https:\/\/wncri.org\/fr\/wp-content\/uploads\/2021\/06\/La-prisonniere-politique-Atena-Daemi.jpg\" alt=\"La prisonni\u00e8re politique Atena Daemi\" class=\"wp-image-13379 lazyload\" width=\"771\" height=\"386\"\/><noscript><img decoding=\"async\" src=\"https:\/\/wncri.org\/fr\/wp-content\/uploads\/2021\/06\/La-prisonniere-politique-Atena-Daemi.jpg\" alt=\"La prisonni\u00e8re politique Atena Daemi\" class=\"wp-image-13379 lazyload\" width=\"771\" height=\"386\" srcset=\"https:\/\/wncri.org\/fr\/wp-content\/uploads\/2021\/06\/La-prisonniere-politique-Atena-Daemi.jpg 750w, https:\/\/wncri.org\/fr\/wp-content\/uploads\/2021\/06\/La-prisonniere-politique-Atena-Daemi-300x150.jpg 300w, https:\/\/wncri.org\/fr\/wp-content\/uploads\/2021\/06\/La-prisonniere-politique-Atena-Daemi-360x180.jpg 360w\" sizes=\"(max-width: 771px) 100vw, 771px\" \/><\/noscript><\/figure>\n\n\n\n<p>Atena Daemi, 32 ans, <a href=\"https:\/\/wncri.org\/fr\/2020\/07\/07\/force-et-resilience-message-datena-daemi-depuis-sa-prison-en-iran\/\" target=\"_blank\" rel=\"noreferrer noopener\">aurait d\u00fb \u00eatre lib\u00e9r\u00e9e<\/a> le 4 juillet 2020, apr\u00e8s avoir purg\u00e9 sa peine de 5 ans de prison. Mais le pouvoir judiciaire l&#8217;a de nouveau condamn\u00e9e \u00e0 un total de 5 ans de d\u00e9tention et 74 coups de fouet en raison d&#8217;accusations forg\u00e9es de toutes pi\u00e8ces contre elle par le minist\u00e8re du Renseignement et le Corps des gardiens de la r\u00e9volution (pasdarans).<\/p>\n\n\n\n<p>Les autorit\u00e9s de la prison d&#8217;Evine \u00e0 T\u00e9h\u00e9ran ont brusquement et envoy\u00e9 de force Atena Daemi en exil \u00e0 la prison de Lakan \u00e0 Racht dans la nuit du 16 mars 2021, \u00e0 la veille du Nouvel An persan.<\/p>\n\n\n\n<h3 class=\"wp-block-heading\"><strong>La prisonni\u00e8re politique Somayyeh Qoraishi<\/strong><\/h3>\n\n\n\n<p>Les autorit\u00e9s de la prison centrale d\u2019Oroumieh ont refus\u00e9 un traitement urgent \u00e0 la prisonni\u00e8re politique Somayeh Qoraishi. Selon des rapports de la prison centrale d\u2019Oroumieh, <a href=\"https:\/\/wncri.org\/fr\/2021\/03\/25\/prisonniere-politique-sommayeh-qoraishi\/\" target=\"_blank\" rel=\"noreferrer noopener\">Somayeh Qoraishi<\/a> a souffert d&#8217;un mauvais \u00e9tat cardiaque le 9 mai 2021. Ses compagnes de cellule ont essay\u00e9 de l&#8217;emmener au dispensaire de la prison car elle avait besoin d&#8217;un traitement urgent, mais une gardienne les a emp\u00each\u00e9es de se rendre au dispensaire.<\/p>\n\n\n\n<p>Les autorit\u00e9s p\u00e9nitentiaires ont rejet\u00e9 les demandes r\u00e9p\u00e9t\u00e9es de cong\u00e9 m\u00e9dical de Mme Qoraishi depuis janvier 2021 afin de recevoir un traitement pour son probl\u00e8me cardiaque.<\/p>\n\n\n\n<p>En f\u00e9vrier 2020, elle a \u00e9t\u00e9 condamn\u00e9e \u00e0 un total de 5 ans de prison pour &#8220;agissement contre la s\u00e9curit\u00e9 nationale&#8221; et &#8220;propagande contre l&#8217;\u00c9tat&#8221; par le biais d&#8217;une coop\u00e9ration avec l&#8217;organisation d&#8217;opposition des Moudjahidine du peuple d&#8217;Iran (OMPI\/MEK).<\/p>\n\n\n\n<p>Mme Qoraishi r\u00e9side \u00e0 Oroumieh, capitale de la province d&#8217;Azerba\u00efdjan occidental. Elle a \u00e9t\u00e9 arr\u00eat\u00e9e en d\u00e9cembre 2019, interrog\u00e9e pendant 17 jours dans le centre de d\u00e9tention des services de renseignement de cette ville, puis transf\u00e9r\u00e9e \u00e0 la prison centrale d\u2019Oroumieh.<\/p>\n\n\n\n<h3 class=\"wp-block-heading\"><strong>Gr\u00e8ves de la faim<\/strong><\/h3>\n\n\n\n<p>Au moins cinq prisonni\u00e8res politiques ont entam\u00e9 une gr\u00e8ve de la faim en mai. <a href=\"https:\/\/wncri.org\/fr\/2021\/05\/09\/saba-kord-afshari-fait-une-greve-de-la-faim-pour-faire-liberer-sa-mere\/\">Saba Ko<\/a><a href=\"https:\/\/wncri.org\/fr\/2021\/05\/09\/saba-kord-afshari-fait-une-greve-de-la-faim-pour-faire-liberer-sa-mere\/\" target=\"_blank\" rel=\"noreferrer noopener\">r<\/a><a href=\"https:\/\/wncri.org\/fr\/2021\/05\/09\/saba-kord-afshari-fait-une-greve-de-la-faim-pour-faire-liberer-sa-mere\/\">d Afshari<\/a>, Raheleh Ahmadi, Guiti Pour-Fazel, Mojgan Kavousi et Sakineh Parvaneh ont protest\u00e9 contre les pressions continues exerc\u00e9es sur les d\u00e9tenues et les violations de leurs droits en prison.<\/p>\n\n\n\n<figure class=\"wp-block-image size-large is-resized\"><img decoding=\"async\" src=\"data:image\/gif;base64,R0lGODlhAQABAIAAAAAAAP\/\/\/yH5BAEAAAAALAAAAAABAAEAAAIBRAA7\" data-src=\"https:\/\/wncri.org\/fr\/wp-content\/uploads\/2021\/06\/Greves-de-la-faim.jpg\" alt=\"Gr\u00e8ves de la faim\" class=\"wp-image-13377 lazyload\" width=\"768\" height=\"205\"\/><noscript><img decoding=\"async\" src=\"https:\/\/wncri.org\/fr\/wp-content\/uploads\/2021\/06\/Greves-de-la-faim.jpg\" alt=\"Gr\u00e8ves de la faim\" class=\"wp-image-13377 lazyload\" width=\"768\" height=\"205\" srcset=\"https:\/\/wncri.org\/fr\/wp-content\/uploads\/2021\/06\/Greves-de-la-faim.jpg 750w, https:\/\/wncri.org\/fr\/wp-content\/uploads\/2021\/06\/Greves-de-la-faim-300x80.jpg 300w\" sizes=\"(max-width: 768px) 100vw, 768px\" \/><\/noscript><\/figure>\n\n\n\n<p>La prisonni\u00e8re politique Saba Kord Afshari a entam\u00e9 une gr\u00e8ve de la faim du 8 au 17 mai, refusant nourriture et m\u00e9dicaments \u00e0 la prison de Qarchak. Elle r\u00e9clamait aux autorit\u00e9s de rel\u00e2cher la pression sur les familles des prisonniers politiques et de lib\u00e9rer sp\u00e9cifiquement sa m\u00e8re de la prison d&#8217;Evine. Saba Kord Afshari a entam\u00e9 une gr\u00e8ve de la faim, bien qu&#8217;elle souffre d&#8217;un ulc\u00e8re \u00e0 l&#8217;estomac qui saigne et qu&#8217;elle ait d\u00e9j\u00e0 contract\u00e9 le Covid-19 en prison. Elle a mis fin \u00e0 sa gr\u00e8ve de la faim au bout de dix jours en raison de graves probl\u00e8mes de sant\u00e9, mais a promis de donner suite \u00e0 ses demandes.<\/p>\n\n\n\n<p>Dans une lettre ouverte qu&#8217;elle a envoy\u00e9e \u00e0 sa sortie de prison le 11 mai, Saba a r\u00e9v\u00e9l\u00e9 certains crimes du r\u00e9gime contre elle-m\u00eame et d&#8217;autres prisonni\u00e8res politiques.<\/p>\n\n\n\n<p>Mme Kord Afshari, 22 ans, est <a href=\"https:\/\/wncri.org\/fr\/2020\/11\/10\/24-ans-de-prison\/\" target=\"_blank\" rel=\"noreferrer noopener\">condamn\u00e9e \u00e0 24 ans de d\u00e9tention<\/a> pour avoir protest\u00e9 contre le port du voile obligatoire. Elle a \u00e9t\u00e9 incarc\u00e9r\u00e9e \u00e0 la prison de Qarchak le 9 d\u00e9cembre 2020.<\/p>\n\n\n\n<p>Le 17 mai 2021, les prisonni\u00e8res politiques <a href=\"https:\/\/wncri.org\/fr\/2021\/05\/21\/greve-de-la-faim-des-meres-a-evine-en-solidarite-avec-saba-kord-afshari\/\" target=\"_blank\" rel=\"noreferrer noopener\">Guiti Pour-Fazel et Raheleh Ahmadi<\/a>, la m\u00e8re de Saba, ont entam\u00e9 une gr\u00e8ve de la faim \u00e0 la prison d&#8217;Evine malgr\u00e9 de graves probl\u00e8mes de sant\u00e9, en solidarit\u00e9 avec Saba.<\/p>\n\n\n\n<p>Dans un bref appel t\u00e9l\u00e9phonique \u00e0 sa petite-fille, Mme Pour-Fazel a expliqu\u00e9 : &#8220;Je suis comme la grand-m\u00e8re de Saba. Je ne peux pas voir la vie d&#8217;une jeune femme se perdre. Sa m\u00e8re ne se sent pas bien du tout. Il y a beaucoup de discrimination parmi les prisonni\u00e8res. Je ne peux pas rester silencieuse. Je dois faire quelque chose.&#8221;<\/p>\n\n\n\n<p>Guiti Pour-Fazel, 79 ans et avocate, a \u00e9t\u00e9 emprisonn\u00e9e pour avoir sign\u00e9, \u00e0 l&#8217;\u00e9t\u00e9 2019, une lettre adress\u00e9e au guide supr\u00eame des mollahs, Ali Khamenei, lui demandant de partir du pouvoir.<\/p>\n\n\n\n<p>Raheleh Ahmadi, la m\u00e8re de Saba, avait auparavant \u00e9crit une lettre ouverte \u00e0 Saba, exprimant ses regrets de ne pas pouvoir la rejoindre dans sa gr\u00e8ve de la faim en raison de son \u00e9tat de sant\u00e9 catastrophique.<\/p>\n\n\n\n<p>Mme Ahmadi doit prendre des m\u00e9dicaments en raison de son probl\u00e8me de disque lombaire. N\u00e9anmoins, elle a entam\u00e9 une gr\u00e8ve de la faim en solidarit\u00e9 avec sa fille de 22 ans.<\/p>\n\n\n\n<p>Raheleh Ahmadi est condamn\u00e9e \u00e0 31 mois de prison et incarc\u00e9r\u00e9e depuis le 15 f\u00e9vrier 2020<a href=\"https:\/\/wncri.org\/fr\/2019\/07\/11\/raheleh-ahmadi-arretee-quarante-jours-apres-sa-fille-en-iran\/\" target=\"_blank\" rel=\"noreferrer noopener\">. Son arrestation visait \u00e0 faire pression<\/a> sur sa fille afin qu&#8217;elle fasse des aveux forc\u00e9s.<\/p>\n\n\n\n<p>La prisonni\u00e8re politique kurde <strong>Sakineh Parvaneh<\/strong> a entam\u00e9 une gr\u00e8ve de la faim le 21 mai 2021, \u00e0 Vakilabad, la prison centrale de Machad. Cette protestation s&#8217;explique notamment par son bannissement ill\u00e9gal \u00e0 ce centre de d\u00e9tention. Mme Parvaneh a fait plusieurs fois la gr\u00e8ve de la faim et souffre d&#8217;hypotension et de complications gastro-intestinales. Les services de renseignement ont rejet\u00e9 l&#8217;avis m\u00e9dical des m\u00e9decins qui demandaient qu&#8217;elle soit imm\u00e9diatement transf\u00e9r\u00e9e dans un h\u00f4pital civil.<\/p>\n\n\n\n<p>L&#8217;\u00e9crivaine et chercheuse kurde Mojgan Kavousi a entam\u00e9 une gr\u00e8ve de la faim de 10 jours le 16 mai 2021 \u00e0 la prison d&#8217;Evine. Elle s&#8217;est mise en gr\u00e8ve pour protester contre le traitement discriminatoire des autorit\u00e9s concernant les autorisations de sortie de prison pendant l&#8217;\u00e9pid\u00e9mie de coronavirus. Elle souffre de plusieurs maladies, notamment de probl\u00e8mes digestifs, de diab\u00e8te et d&#8217;arythmie cardiaque.<\/p>\n\n\n\n<h3 class=\"wp-block-heading\"><strong>R\u00e9pression de la communaut\u00e9 baha\u00efe, arrestations g\u00e9n\u00e9ralis\u00e9es de femmes.<\/strong><\/h3>\n\n\n\n<p>Le r\u00e9gime des mollahs a intensifi\u00e9 sa pression sur la communaut\u00e9 baha\u00efe en mai, arr\u00eatant de nombreuses personnes de cette confession et pronon\u00e7ant de lourdes peines.<\/p>\n\n\n\n<p>Le tribunal r\u00e9volutionnaire de T\u00e9h\u00e9ran a condamn\u00e9 <a href=\"https:\/\/wncri.org\/fr\/2021\/05\/13\/une-bahaie-condamnee-a-8-ans-de-prison-pour-lautonomisation\/\" target=\"_blank\" rel=\"noreferrer noopener\">Atesa Ahmada\u00ef Rafsanjani<\/a> \u00e0 huit ans d&#8217;emprisonnement pour avoir form\u00e9 un groupe visant \u00e0 autonomiser les femmes.<\/p>\n\n\n\n<figure class=\"wp-block-image size-large is-resized\"><img decoding=\"async\" src=\"data:image\/gif;base64,R0lGODlhAQABAIAAAAAAAP\/\/\/yH5BAEAAAAALAAAAAABAAEAAAIBRAA7\" data-src=\"https:\/\/wncri.org\/fr\/wp-content\/uploads\/2021\/06\/Atesa-Ahmadai-Rafsanjani.jpg\" alt=\"Atesa Ahmada\u00ef Rafsanjani\" class=\"wp-image-13376 lazyload\" width=\"778\" height=\"389\"\/><noscript><img decoding=\"async\" src=\"https:\/\/wncri.org\/fr\/wp-content\/uploads\/2021\/06\/Atesa-Ahmadai-Rafsanjani.jpg\" alt=\"Atesa Ahmada\u00ef Rafsanjani\" class=\"wp-image-13376 lazyload\" width=\"778\" height=\"389\" srcset=\"https:\/\/wncri.org\/fr\/wp-content\/uploads\/2021\/06\/Atesa-Ahmadai-Rafsanjani.jpg 750w, https:\/\/wncri.org\/fr\/wp-content\/uploads\/2021\/06\/Atesa-Ahmadai-Rafsanjani-300x150.jpg 300w, https:\/\/wncri.org\/fr\/wp-content\/uploads\/2021\/06\/Atesa-Ahmadai-Rafsanjani-360x180.jpg 360w\" sizes=\"(max-width: 778px) 100vw, 778px\" \/><\/noscript><\/figure>\n\n\n\n<p>Les forces de s\u00e9curit\u00e9 ont arr\u00eat\u00e9 Sholeh Ashouri le 5 mai et l&#8217;ont emmen\u00e9e dans un lieu non divulgu\u00e9. Les agents ont fait irruption dans la maison de Mme Ashouri \u00e0 Hendijan, une ville de la province du Khouzistan, alors que son mari \u00e9tait absent. Son arrestation a eu lieu \u00e0 la suite de <a href=\"https:\/\/wncri.org\/fr\/2021\/04\/28\/neuf-femmes-bahaies-arretees-lors-de-violentes-descentes-a-leur-domicile\/\" target=\"_blank\" rel=\"noreferrer noopener\">l&#8217;arrestation de baha\u00efs \u00e0 Baharestan<\/a>, dans la province d&#8217;Ispahan, les 25 et 30 avril 2021.<\/p>\n\n\n\n<figure class=\"wp-block-image size-large is-resized\"><img decoding=\"async\" src=\"data:image\/gif;base64,R0lGODlhAQABAIAAAAAAAP\/\/\/yH5BAEAAAAALAAAAAABAAEAAAIBRAA7\" data-src=\"https:\/\/wncri.org\/fr\/wp-content\/uploads\/2021\/06\/Repression-de-la-communaute-bahaie-arrestations-generalisees-de-femmes..jpg\" alt=\"R\u00e9pression de la communaut\u00e9 baha\u00efe, arrestations g\u00e9n\u00e9ralis\u00e9es de femmes.\" class=\"wp-image-13392 lazyload\" width=\"774\" height=\"387\"\/><noscript><img decoding=\"async\" src=\"https:\/\/wncri.org\/fr\/wp-content\/uploads\/2021\/06\/Repression-de-la-communaute-bahaie-arrestations-generalisees-de-femmes..jpg\" alt=\"R\u00e9pression de la communaut\u00e9 baha\u00efe, arrestations g\u00e9n\u00e9ralis\u00e9es de femmes.\" class=\"wp-image-13392 lazyload\" width=\"774\" height=\"387\" srcset=\"https:\/\/wncri.org\/fr\/wp-content\/uploads\/2021\/06\/Repression-de-la-communaute-bahaie-arrestations-generalisees-de-femmes..jpg 750w, https:\/\/wncri.org\/fr\/wp-content\/uploads\/2021\/06\/Repression-de-la-communaute-bahaie-arrestations-generalisees-de-femmes.-300x150.jpg 300w, https:\/\/wncri.org\/fr\/wp-content\/uploads\/2021\/06\/Repression-de-la-communaute-bahaie-arrestations-generalisees-de-femmes.-360x180.jpg 360w\" sizes=\"(max-width: 774px) 100vw, 774px\" \/><\/noscript><\/figure>\n\n\n\n<p>Mmes Shourangiz Hamin, Roya Azadkhosh, Maryam Khorsandi, Sara Shakib, Firouzeh Rastinejad, Sanaz Rasteh, Azita Rezvani, Mojgan Pour-Shafi, Nasrin Khademi et Noushine Hemmati figurent parmi les personnes arr\u00eat\u00e9es arbitrairement \u00e0 Baharestan. Des agents de renseignement ont fait une descente aux domiciles d&#8217;au moins 29 familles en raison de leur foi, brutalisant les habitants et proc\u00e9dant \u00e0 des arrestations violentes.<\/p>\n\n\n\n<p>Mme Maryam Khorsandi suivait une chimioth\u00e9rapie, mais les forces de s\u00e9curit\u00e9 ne lui ont pas permis d&#8217;emporter ses m\u00e9dicaments.<\/p>\n\n\n\n<p>Mme Azita Rezvani a contract\u00e9 le Covid-19 et \u00e9tait sous traitement \u00e0 son domicile.<\/p>\n\n\n\n<p>Le tribunal r\u00e9volutionnaire de Borazjan, dans la province de Bouchehr, a \u00e9galement condamn\u00e9 cinq femmes baha\u00efes \u00e0 de longues peines de d\u00e9tention.<\/p>\n\n\n\n<figure class=\"wp-block-image size-large is-resized\"><img decoding=\"async\" src=\"data:image\/gif;base64,R0lGODlhAQABAIAAAAAAAP\/\/\/yH5BAEAAAAALAAAAAABAAEAAAIBRAA7\" data-src=\"https:\/\/wncri.org\/fr\/wp-content\/uploads\/2021\/06\/Mmes-Maryam-Bashir-Faranak-Sheikhi-Hayedeh-Ram-Minou-Bashir-et-Dorna-Ismaili-qui-resident-a-Chiraz-et-Borazjan-ont-ete-condamnees-a-12-ans-et-six-mois-de-prison-chacune.jpg\" alt=\"Mmes Maryam Bashir, Faranak Sheikhi, Hayedeh Ram, Minou Bashir et Dorna Isma'ili, qui r\u00e9sident \u00e0 Chiraz et Borazjan, ont \u00e9t\u00e9 condamn\u00e9es \u00e0 12 ans et six mois de prison chacune\" class=\"wp-image-13387 lazyload\" width=\"774\" height=\"206\"\/><noscript><img decoding=\"async\" src=\"https:\/\/wncri.org\/fr\/wp-content\/uploads\/2021\/06\/Mmes-Maryam-Bashir-Faranak-Sheikhi-Hayedeh-Ram-Minou-Bashir-et-Dorna-Ismaili-qui-resident-a-Chiraz-et-Borazjan-ont-ete-condamnees-a-12-ans-et-six-mois-de-prison-chacune.jpg\" alt=\"Mmes Maryam Bashir, Faranak Sheikhi, Hayedeh Ram, Minou Bashir et Dorna Isma'ili, qui r\u00e9sident \u00e0 Chiraz et Borazjan, ont \u00e9t\u00e9 condamn\u00e9es \u00e0 12 ans et six mois de prison chacune\" class=\"wp-image-13387 lazyload\" width=\"774\" height=\"206\" srcset=\"https:\/\/wncri.org\/fr\/wp-content\/uploads\/2021\/06\/Mmes-Maryam-Bashir-Faranak-Sheikhi-Hayedeh-Ram-Minou-Bashir-et-Dorna-Ismaili-qui-resident-a-Chiraz-et-Borazjan-ont-ete-condamnees-a-12-ans-et-six-mois-de-prison-chacune.jpg 750w, https:\/\/wncri.org\/fr\/wp-content\/uploads\/2021\/06\/Mmes-Maryam-Bashir-Faranak-Sheikhi-Hayedeh-Ram-Minou-Bashir-et-Dorna-Ismaili-qui-resident-a-Chiraz-et-Borazjan-ont-ete-condamnees-a-12-ans-et-six-mois-de-prison-chacune-300x80.jpg 300w\" sizes=\"(max-width: 774px) 100vw, 774px\" \/><\/noscript><\/figure>\n\n\n\n<p>Mmes Maryam Bashir, Faranak Sheikhi, Hayedeh Ram, Minou Bashir et Dorna Isma&#8217;ili, qui r\u00e9sident \u00e0 Chiraz et Borazjan, ont \u00e9t\u00e9 condamn\u00e9es \u00e0 12 ans et six mois de prison chacune.<\/p>\n\n\n\n<h3 class=\"wp-block-heading\"><strong>Conditions de vie dans les prisons de femmes \u00e0 Tabriz, Ahwaz et Varamine<\/strong><\/h3>\n\n\n\n<h3 class=\"wp-block-heading\"><strong>Le nouveau quartier des femmes de la prison centrale de Tabriz.<\/strong><\/h3>\n\n\n\n<p>Le 3 avril 2021, les autorit\u00e9s de la prison centrale de Tabriz ont d\u00e9plac\u00e9 le quartier des femmes dans un nouveau lieu. Le nouveau quartier a deux \u00e9tages. L&#8217;\u00e9tage sup\u00e9rieur est un petit hall divis\u00e9 en quatre salles relativement grandes et une petite cour. Chaque salle abrite entre 57 et 68 d\u00e9tenues.<\/p>\n\n\n\n<figure class=\"wp-block-image size-large is-resized\"><img decoding=\"async\" src=\"data:image\/gif;base64,R0lGODlhAQABAIAAAAAAAP\/\/\/yH5BAEAAAAALAAAAAABAAEAAAIBRAA7\" data-src=\"https:\/\/wncri.org\/fr\/wp-content\/uploads\/2021\/06\/Le-nouveau-quartier-des-femmes-de-la-prison-centrale-de-Tabriz..jpg\" alt=\"Le nouveau quartier des femmes de la prison centrale de Tabriz.\" class=\"wp-image-13382 lazyload\" width=\"766\" height=\"383\"\/><noscript><img decoding=\"async\" src=\"https:\/\/wncri.org\/fr\/wp-content\/uploads\/2021\/06\/Le-nouveau-quartier-des-femmes-de-la-prison-centrale-de-Tabriz..jpg\" alt=\"Le nouveau quartier des femmes de la prison centrale de Tabriz.\" class=\"wp-image-13382 lazyload\" width=\"766\" height=\"383\" srcset=\"https:\/\/wncri.org\/fr\/wp-content\/uploads\/2021\/06\/Le-nouveau-quartier-des-femmes-de-la-prison-centrale-de-Tabriz..jpg 750w, https:\/\/wncri.org\/fr\/wp-content\/uploads\/2021\/06\/Le-nouveau-quartier-des-femmes-de-la-prison-centrale-de-Tabriz.-300x150.jpg 300w, https:\/\/wncri.org\/fr\/wp-content\/uploads\/2021\/06\/Le-nouveau-quartier-des-femmes-de-la-prison-centrale-de-Tabriz.-360x180.jpg 360w\" sizes=\"(max-width: 766px) 100vw, 766px\" \/><\/noscript><\/figure>\n\n\n\n<p>L&#8217;espace limit\u00e9 du quartier et le manque de ressources et d&#8217;installations suffisantes provoquent de fr\u00e9quentes bagarres entre les d\u00e9tenues. Quatre-vingt pour cent des disputes portent sur l&#8217;utilisation du t\u00e9l\u00e9phone.<\/p>\n\n\n\n<p>Chaque pi\u00e8ce est \u00e9quip\u00e9e de deux cam\u00e9ras en circuit ferm\u00e9 plac\u00e9es dans deux coins en haut du mur, pr\u00e8s du plafond, afin de surveiller en permanence les d\u00e9tenues.<\/p>\n\n\n\n<p>Chaque chambre a une petite fen\u00eatre situ\u00e9e en haut, juste en dessous du plafond, et les d\u00e9tenues ne peuvent pas l&#8217;ouvrir. Elles ne peuvent donc pas faire entrer de l&#8217;air frais dans la salle. Comme les gardiens de prison ferment la porte du couloir, l\u2019air est lourd et sale.<\/p>\n\n\n\n<p>Chaque nuit, ils entassent les prisonni\u00e8res dans leurs salles pour le comptage. Ils ferment les portes et laissent les lumi\u00e8res allum\u00e9es. Ainsi, les d\u00e9tenues ne peuvent pas se reposer jusqu&#8217;au matin car elles ne peuvent pas respirer.&nbsp;<\/p>\n\n\n\n<p>Une petite pi\u00e8ce \u00e0 l&#8217;\u00e9tage inf\u00e9rieur est le dispensaire du quartier des femmes. Elle n&#8217;est ouverte qu&#8217;\u00e0 heures fixes et distribue des tranquillisants, des s\u00e9datifs, des m\u00e9dicaments et des sirops contre la toux et des somnif\u00e8res. Ainsi, si une d\u00e9tenue ressent des douleurs \u00e0 d&#8217;autres moments, elle doit attendre l\u2019ouverture du dispensaire.<\/p>\n\n\n\n<p>De nombreuses d\u00e9tenues ont d\u00e9pos\u00e9 des demandes pour aller chez le m\u00e9decin \u00e0 leurs frais, mais leurs requ\u00eates sont rest\u00e9es lettres mortes aupr\u00e8s des autorit\u00e9s p\u00e9nitentiaires.<\/p>\n\n\n\n<h3 class=\"wp-block-heading\"><strong>La prison de Qarchak<\/strong><\/h3>\n\n\n\n<p>Les autorit\u00e9s de la prison de Qarchak <a href=\"https:\/\/wncri.org\/fr\/2021\/05\/03\/traitement-inhumain-des-prisonnieres-dans-les-prisons-iraniennes\/\" target=\"_blank\" rel=\"noreferrer noopener\">affament les femmes<\/a>. Affamer les prisonniers \u00e9quivaut \u00e0 de la torture.<\/p>\n\n\n\n<figure class=\"wp-block-image size-large is-resized\"><img decoding=\"async\" src=\"data:image\/gif;base64,R0lGODlhAQABAIAAAAAAAP\/\/\/yH5BAEAAAAALAAAAAABAAEAAAIBRAA7\" data-src=\"https:\/\/wncri.org\/fr\/wp-content\/uploads\/2021\/06\/La-prison-de-Qarchak.jpg\" alt=\"La prison de Qarchak\" class=\"wp-image-13378 lazyload\" width=\"766\" height=\"383\"\/><noscript><img decoding=\"async\" src=\"https:\/\/wncri.org\/fr\/wp-content\/uploads\/2021\/06\/La-prison-de-Qarchak.jpg\" alt=\"La prison de Qarchak\" class=\"wp-image-13378 lazyload\" width=\"766\" height=\"383\" srcset=\"https:\/\/wncri.org\/fr\/wp-content\/uploads\/2021\/06\/La-prison-de-Qarchak.jpg 750w, https:\/\/wncri.org\/fr\/wp-content\/uploads\/2021\/06\/La-prison-de-Qarchak-300x150.jpg 300w, https:\/\/wncri.org\/fr\/wp-content\/uploads\/2021\/06\/La-prison-de-Qarchak-360x180.jpg 360w\" sizes=\"(max-width: 766px) 100vw, 766px\" \/><\/noscript><\/figure>\n\n\n\n<p>La prison de Qarchak d\u00e9tient quelque 2 000 d\u00e9tenues. Les repas sont de faible quantit\u00e9 et la qualit\u00e9 est effroyable, \u00e0 tel point que la nourriture est immangeable.<\/p>\n\n\n\n<p>Les prisonni\u00e8res politiques de Qarchak ne sont pas autoris\u00e9es \u00e0 parler aux autres d\u00e9tenues. Une gardienne les accompagne dans tous leurs d\u00e9placements vers d&#8217;autres quartiers, la biblioth\u00e8que ou lorsqu&#8217;elles vont prendre l&#8217;air. La nouvelle directrice de Qarchak, <a href=\"https:\/\/wncri.org\/fr\/2020\/12\/21\/la-nouvelle-directrice-de-la-prison-de-qarchak\/\" target=\"_blank\" rel=\"noreferrer noopener\">Soghra Khodadadi<\/a>, a demand\u00e9 \u00e0 ses agents de &#8220;rendre les conditions<\/p>\n\n\n\n<p>difficiles pour les prisonni\u00e8res politiques de sorte qu\u2019elles se sentent en isolement&#8221;.&nbsp;<\/p>\n\n\n\n<h3 class=\"wp-block-heading\"><strong>Prison de Sepidar \u00e0 Ahwaz<\/strong><\/h3>\n\n\n\n<p>Le quartier des femmes de la prison de Sepidar \u00e0 Ahwaz conna\u00eet une nouvelle vague <a href=\"https:\/\/wncri.org\/fr\/2021\/05\/25\/covid-19-dans-le-quartier-des-femmes-de-la-prison-de-sepidar-a-ahwaz\/\" target=\"_blank\" rel=\"noreferrer noopener\">d&#8217;\u00e9pid\u00e9mies de coronavirus<\/a>. Au lieu de s&#8217;occuper des malades et de les transf\u00e9rer dans les h\u00f4pitaux municipaux, les autorit\u00e9s de la prison de Sepidar ont <a href=\"https:\/\/wncri.org\/fr\/2020\/09\/10\/situation-tragique-des-femmes-a-la-prison-sepidar-dahwaz\/\" target=\"_blank\" rel=\"noreferrer noopener\">interdit aux d\u00e9tenues<\/a> de passer des appels t\u00e9l\u00e9phoniques \u00e0 leurs familles.<\/p>\n\n\n\n<figure class=\"wp-block-image size-large is-resized\"><img decoding=\"async\" src=\"data:image\/gif;base64,R0lGODlhAQABAIAAAAAAAP\/\/\/yH5BAEAAAAALAAAAAABAAEAAAIBRAA7\" data-src=\"https:\/\/wncri.org\/fr\/wp-content\/uploads\/2021\/06\/Prison-de-Sepidar-a-Ahwaz.jpg\" alt=\"Prison de Sepidar \u00e0 Ahwaz\" class=\"wp-image-13389 lazyload\" width=\"771\" height=\"386\"\/><noscript><img decoding=\"async\" src=\"https:\/\/wncri.org\/fr\/wp-content\/uploads\/2021\/06\/Prison-de-Sepidar-a-Ahwaz.jpg\" alt=\"Prison de Sepidar \u00e0 Ahwaz\" class=\"wp-image-13389 lazyload\" width=\"771\" height=\"386\" srcset=\"https:\/\/wncri.org\/fr\/wp-content\/uploads\/2021\/06\/Prison-de-Sepidar-a-Ahwaz.jpg 750w, https:\/\/wncri.org\/fr\/wp-content\/uploads\/2021\/06\/Prison-de-Sepidar-a-Ahwaz-300x150.jpg 300w, https:\/\/wncri.org\/fr\/wp-content\/uploads\/2021\/06\/Prison-de-Sepidar-a-Ahwaz-360x180.jpg 360w\" sizes=\"(max-width: 771px) 100vw, 771px\" \/><\/noscript><\/figure>\n\n\n\n<p>Malgr\u00e9 la nouvelle vague d&#8217;\u00e9pid\u00e9mie, les prisonni\u00e8res ne sont pas test\u00e9es. Elles sont d\u00e9tenues dans un espace limit\u00e9, sans hygi\u00e8ne suffisante. L&#8217;endroit utilis\u00e9 pour l\u2019isolement des prisonni\u00e8res infect\u00e9es est s\u00e9par\u00e9 de la salle principale par des barreaux, et elles vont au m\u00eame endroit pour prendre l&#8217;air.<\/p>\n\n\n\n<p>Dans ces circonstances, les autorit\u00e9s p\u00e9nitentiaires s&#8217;abstiennent toujours d&#8217;accorder des autorisations de sortie aux prisonni\u00e8res. L&#8217;ann\u00e9e derni\u00e8re, \u00e0 la m\u00eame \u00e9poque, une cinquantaine de d\u00e9tenues ont contract\u00e9 le virus.<\/p>\n\n\n\n<p>Les d\u00e9tenues du quartier des femmes de la prison Sepidar d&#8217;Ahvaz ne sont pas s\u00e9par\u00e9es en fonction de la cat\u00e9gorie de crimes, ce qui rend les <a href=\"https:\/\/wncri.org\/fr\/2020\/08\/24\/les-prisonnieres-politiques-harcelees-et-torturees-a-la-prison-sepidar\/\" target=\"_blank\" rel=\"noreferrer noopener\">conditions encore plus complexes<\/a> et intol\u00e9rables pour les prisonni\u00e8res politiques.&nbsp;<\/p>\n","protected":false},"excerpt":{"rendered":"<p>Nouveau pic des manifestations des femmes iraniennes avec pour mot d&#8217;ordre de boycott \u00e9lectoral CNRI Femmes &#8211; Tout au long du mois de mai, les rues des grandes villes d&#8217;Iran ont \u00e9t\u00e9 le th\u00e9\u00e2tre de manifestations de femmes iraniennes scandant NON \u00e0 la prochaine farce \u00e9lectorale pr\u00e9sidentielle du r\u00e9gime. Le r\u00e9gime cl\u00e9rical a intensifi\u00e9 la [&hellip;]<\/p>\n","protected":false},"author":4,"featured_media":13390,"comment_status":"closed","ping_status":"closed","sticky":false,"template":"","format":"standard","meta":{"jnews-multi-image_gallery":[],"jnews_single_post":{"subtitle":"","format":"standard","video":"","gallery":"","source_name":"","source_url":"","via_name":"","via_url":"","override":[{"single_blog_custom":"","sidebar":"","second_sidebar":"","share_position":"","share_float_style":"","post_date_format":"","post_date_format_custom":"","post_reading_time_wpm":"","zoom_button_out_step":"1","zoom_button_in_step":"1","number_popup_post":"1"}],"image_override":[{"single_post_thumbnail_size":"","single_post_gallery_size":""}],"trending_post_position":"","trending_post_label":"","sponsored_post_label":"","sponsored_post_name":"","sponsored_post_url":"","sponsored_post_logo":"","sponsored_post_desc":""},"jnews_primary_category":{"id":""},"jnews_social_meta":[],"jnews_override_counter":{"view_counter_number":"0","share_counter_number":"0","like_counter_number":"0","dislike_counter_number":"0"},"footnotes":""},"categories":[7],"tags":[369,370,376],"class_list":["post-13374","post","type-post","status-publish","format-standard","has-post-thumbnail","hentry","category-les-regles","tag-manifestations","tag-prisonnieres","tag-violence-contre-les-femmes"],"_links":{"self":[{"href":"https:\/\/wncri.org\/fr\/wp-json\/wp\/v2\/posts\/13374","targetHints":{"allow":["GET"]}}],"collection":[{"href":"https:\/\/wncri.org\/fr\/wp-json\/wp\/v2\/posts"}],"about":[{"href":"https:\/\/wncri.org\/fr\/wp-json\/wp\/v2\/types\/post"}],"author":[{"embeddable":true,"href":"https:\/\/wncri.org\/fr\/wp-json\/wp\/v2\/users\/4"}],"replies":[{"embeddable":true,"href":"https:\/\/wncri.org\/fr\/wp-json\/wp\/v2\/comments?post=13374"}],"version-history":[{"count":0,"href":"https:\/\/wncri.org\/fr\/wp-json\/wp\/v2\/posts\/13374\/revisions"}],"wp:featuredmedia":[{"embeddable":true,"href":"https:\/\/wncri.org\/fr\/wp-json\/wp\/v2\/media\/13390"}],"wp:attachment":[{"href":"https:\/\/wncri.org\/fr\/wp-json\/wp\/v2\/media?parent=13374"}],"wp:term":[{"taxonomy":"category","embeddable":true,"href":"https:\/\/wncri.org\/fr\/wp-json\/wp\/v2\/categories?post=13374"},{"taxonomy":"post_tag","embeddable":true,"href":"https:\/\/wncri.org\/fr\/wp-json\/wp\/v2\/tags?post=13374"}],"curies":[{"name":"wp","href":"https:\/\/api.w.org\/{rel}","templated":true}]}}