{"id":13354,"date":"2021-05-28T11:55:00","date_gmt":"2021-05-28T09:55:00","guid":{"rendered":"https:\/\/wncri.org\/fr\/?p=13354"},"modified":"2021-06-02T15:07:36","modified_gmt":"2021-06-02T13:07:36","slug":"le-journaliste-ecologiste-elaheh-mousavi-convoquee-pour-avoir-denonce","status":"publish","type":"post","link":"https:\/\/wncri.org\/fr\/2021\/05\/28\/le-journaliste-ecologiste-elaheh-mousavi-convoquee-pour-avoir-denonce\/","title":{"rendered":"La journaliste \u00e9cologiste Elaheh Mousavi convoqu\u00e9e pour avoir d\u00e9nonc\u00e9 la corruption"},"content":{"rendered":"\n<p>CNRI Femmes &#8211; La journaliste \u00e9cologiste Elaheh Mousavi a \u00e9t\u00e9 de nouveau convoqu\u00e9e pour avoir r\u00e9v\u00e9l\u00e9 un cas de surexploitation des for\u00eats et de d\u00e9forestation dans la province de Mazandaran. Elle a \u00e9t\u00e9 convoqu\u00e9e par le 13e service des interrogatoires du procureur public et r\u00e9volutionnaire de Sari, capitale de Mazandaran, dans le nord de l&#8217;Iran.<\/p>\n\n\n\n<p>Mme Mousavi fait l\u2019objet d\u2019une plainte d\u2019une famille qui \u00e9tait cens\u00e9e recevoir des parties d&#8217;une r\u00e9gion du comt\u00e9 de Nour, en Mazandaran, dans le cadre d&#8217;un soi-disant &#8220;plan de sortie du b\u00e9tail de la for\u00eat&#8221;.<\/p>\n\n\n\n<p>La journaliste \u00e9cologiste Elaheh Mousavi a \u00e9t\u00e9 convoqu\u00e9e \u00e0 plusieurs reprises devant les tribunaux pour avoir d\u00e9nonc\u00e9 des cas de surexploitation des for\u00eats et de pollution de l&#8217;environnement.<\/p>\n\n\n\n<p>Dans un tweet adress\u00e9 au chef du pouvoir judiciaire, Ebrahim Ra\u00efssi, qui est \u00e9galement le candidat d\u00e9sign\u00e9 par le guide supr\u00eame pour la prochaine mascarade \u00e9lectorale pr\u00e9sidentielle en Iran, Elaheh Mousavi a \u00e9crit : &#8220;M. Ra\u00efssi, ceux qui d\u00e9noncent et luttent contre la corruption \u00e9taient cens\u00e9s \u00eatre honor\u00e9s, pas poursuivis !&#8221;.<\/p>\n\n\n\n<p>Elaheh Mousavi est une journaliste sp\u00e9cialis\u00e9e dans la d\u00e9fense de l&#8217;environnement dans les provinces du nord. Elle a \u00e9t\u00e9 poursuivie \u00e0 plusieurs reprises pour ses reportages r\u00e9v\u00e9lant la &#8220;<a href=\"https:\/\/wncri.org\/fr\/2020\/07\/15\/les-femmes-combattent-les-feux-de-foret-a-mains-nues-dans-2000-points-en-iran\/\" target=\"_blank\" rel=\"noreferrer noopener\">d\u00e9forestation<\/a>&#8221; et l&#8217;abattage aveugle des arbres dans les provinces du nord par les institutions militaires et gouvernementales.<\/p>\n\n\n\n<p>En juin 2019, dans un m\u00e9mo intitul\u00e9 &#8221; Le co\u00fbt de la r\u00e9v\u00e9lation &#8220;, elle \u00e9crit : &#8221; Un monsieur qui connaissait l&#8217;un de nos parents \u00e9loign\u00e9s a envoy\u00e9 un message selon lequel il \u00e9tait porteur d\u2019un message d&#8217;un ancien fonctionnaire du bureau du procureur de Gorgan pour moi&#8230;. Quand il a dit ce message sans vergogne et sans la moindre g\u00eane, j&#8217;ai \u00e9t\u00e9 embarrass\u00e9e devant les enfants, ma m\u00e8re et mon mari. Mon c\u0153ur s&#8217;est serr\u00e9 et j&#8217;ai senti combien lance des alertes co\u00fbte dans ce pays. J&#8217;avais d\u00e9j\u00e0 entendu parler de nombreux projets de diffamations pour de nombreuses personnes, mais je ne pouvais pas croire qu&#8217;un jour cela me frapperait. Il a dit que Hadj Agha untel a dit : \u00ab&nbsp;Si vous n&#8217;arr\u00eatez pas d&#8217;\u00e9crire sur le Mus\u00e9e de la D\u00e9fense Sacr\u00e9e, nous allons monter un dossier moral contre vous ! C&#8217;est un jeu d&#8217;enfant pour nous&#8230;&nbsp;\u00bb Il a bien soulign\u00e9 la derni\u00e8re phrase.<\/p>\n","protected":false},"excerpt":{"rendered":"<p>CNRI Femmes &#8211; La journaliste \u00e9cologiste Elaheh Mousavi a \u00e9t\u00e9 de nouveau convoqu\u00e9e pour avoir r\u00e9v\u00e9l\u00e9 un cas de surexploitation des for\u00eats et de d\u00e9forestation dans la province de Mazandaran. Elle a \u00e9t\u00e9 convoqu\u00e9e par le 13e service des interrogatoires du procureur public et r\u00e9volutionnaire de Sari, capitale de Mazandaran, dans le nord de l&#8217;Iran. [&hellip;]<\/p>\n","protected":false},"author":4,"featured_media":13357,"comment_status":"closed","ping_status":"closed","sticky":false,"template":"","format":"standard","meta":{"jnews-multi-image_gallery":[],"jnews_single_post":{"subtitle":"","format":"standard","video":"","gallery":"","source_name":"","source_url":"","via_name":"","via_url":"","override":[{"single_blog_custom":"","sidebar":"","second_sidebar":"","share_position":"","share_float_style":"","post_date_format":"","post_date_format_custom":"","post_reading_time_wpm":"","zoom_button_out_step":"1","zoom_button_in_step":"1","number_popup_post":"1"}],"image_override":[{"single_post_thumbnail_size":"","single_post_gallery_size":""}],"trending_post_position":"","trending_post_label":"","sponsored_post_label":"","sponsored_post_name":"","sponsored_post_url":"","sponsored_post_logo":"","sponsored_post_desc":""},"jnews_primary_category":{"id":""},"jnews_social_meta":[],"jnews_override_counter":{"view_counter_number":"0","share_counter_number":"0","like_counter_number":"0","dislike_counter_number":"0"},"footnotes":""},"categories":[3],"tags":[369,370],"class_list":["post-13354","post","type-post","status-publish","format-standard","has-post-thumbnail","hentry","category-infos-des-femmes","tag-manifestations","tag-prisonnieres"],"_links":{"self":[{"href":"https:\/\/wncri.org\/fr\/wp-json\/wp\/v2\/posts\/13354","targetHints":{"allow":["GET"]}}],"collection":[{"href":"https:\/\/wncri.org\/fr\/wp-json\/wp\/v2\/posts"}],"about":[{"href":"https:\/\/wncri.org\/fr\/wp-json\/wp\/v2\/types\/post"}],"author":[{"embeddable":true,"href":"https:\/\/wncri.org\/fr\/wp-json\/wp\/v2\/users\/4"}],"replies":[{"embeddable":true,"href":"https:\/\/wncri.org\/fr\/wp-json\/wp\/v2\/comments?post=13354"}],"version-history":[{"count":0,"href":"https:\/\/wncri.org\/fr\/wp-json\/wp\/v2\/posts\/13354\/revisions"}],"wp:featuredmedia":[{"embeddable":true,"href":"https:\/\/wncri.org\/fr\/wp-json\/wp\/v2\/media\/13357"}],"wp:attachment":[{"href":"https:\/\/wncri.org\/fr\/wp-json\/wp\/v2\/media?parent=13354"}],"wp:term":[{"taxonomy":"category","embeddable":true,"href":"https:\/\/wncri.org\/fr\/wp-json\/wp\/v2\/categories?post=13354"},{"taxonomy":"post_tag","embeddable":true,"href":"https:\/\/wncri.org\/fr\/wp-json\/wp\/v2\/tags?post=13354"}],"curies":[{"name":"wp","href":"https:\/\/api.w.org\/{rel}","templated":true}]}}