{"id":13350,"date":"2021-05-27T11:49:00","date_gmt":"2021-05-27T09:49:00","guid":{"rendered":"https:\/\/wncri.org\/fr\/?p=13350"},"modified":"2021-05-29T11:54:26","modified_gmt":"2021-05-29T09:54:26","slug":"la-journaliste-faezeh-momeni-tabassee-par-un-agent-de-securite-dans","status":"publish","type":"post","link":"https:\/\/wncri.org\/fr\/2021\/05\/27\/la-journaliste-faezeh-momeni-tabassee-par-un-agent-de-securite-dans\/","title":{"rendered":"La journaliste Faezeh Momeni tabass\u00e9e par un agent de s\u00e9curit\u00e9 dans un centre de vaccination."},"content":{"rendered":"\n<h2 class=\"wp-block-heading\">La F\u00e9d\u00e9ration internationale des journalistes appelle \u00e0 la fin de la r\u00e9pression des militants des m\u00e9dias en Iran<\/h2>\n\n\n\n<p>CNRI Femmes &#8211; La journaliste Faezeh Momeni a \u00e9t\u00e9 battue par un agent de s\u00e9curit\u00e9 au centre de vaccination du complexe Sa\u2019i, le lundi 17 mai 2021, en Iran.<\/p>\n\n\n\n<p>Le centre fonctionne sous la supervision de la facult\u00e9 de m\u00e9decine Behechti.<\/p>\n\n\n\n<p>L&#8217;agent de s\u00e9curit\u00e9 a brutalis\u00e9 la journaliste, lui cassant un doigt parce qu\u2019elle refusait de supprimer les interviews qu&#8217;elle avait r\u00e9alis\u00e9es avec le personnel du centre de vaccination \u00e0 T\u00e9h\u00e9ran. La journaliste a d\u00fb \u00eatre op\u00e9r\u00e9e apr\u00e8s l&#8217;agression.<\/p>\n\n\n\n<p>Lors d&#8217;une interview t\u00e9l\u00e9vis\u00e9e, elle a racont\u00e9 l&#8217;incident et d\u00e9clar\u00e9 qu&#8217;elle s&#8217;\u00e9tait rendue au centre de vaccination pour faire un reportage sur le processus de travail.<\/p>\n\n\n\n<p>&#8220;J&#8217;ai sorti ma carte de presse, je l&#8217;ai montr\u00e9e aux habitants et j&#8217;ai dit que j&#8217;\u00e9tais journaliste et que je voulais faire un reportage sur [leurs] probl\u00e8mes&#8221;, a-t-elle d\u00e9clar\u00e9. &#8220;Ils ont \u00e9t\u00e9 tr\u00e8s accueillants. On m&#8217;a orient\u00e9e vers l&#8217;inspecteur du minist\u00e8re de la Sant\u00e9 et on m&#8217;a dit : &#8220;Vous pouvez lui poser vos questions&#8221;. L&#8217;inspecteur du minist\u00e8re de la Sant\u00e9 parlait avec des restrictions.&#8221;<\/p>\n\n\n\n<p>Faezeh Momeni s&#8217;est souvenue du passage \u00e0 tabac par l&#8217;agent de s\u00e9curit\u00e9 : &#8220;J&#8217;y suis rest\u00e9e une heure et demie. Au moment de partir, l&#8217;agent m&#8217;a d&#8217;abord demand\u00e9 de remettre mon t\u00e9l\u00e9phone portable et d&#8217;effacer toutes les interviews. Il a dit : &#8216;Vous \u00eates venu ici ill\u00e9galement&#8217;. J&#8217;ai r\u00e9pondu : &#8220;Je ne suis pas venu ill\u00e9galement. J&#8217;ai une licence, j&#8217;ai une carte de presse, c&#8217;est un lieu public, et les personnes que j&#8217;ai interview\u00e9es ont donn\u00e9 leur accord.'&#8221;<\/p>\n\n\n\n<p>Elle a ajout\u00e9 : &#8220;L&#8217;agent m&#8217;a attrap\u00e9e alors que je sortais. Au m\u00eame moment, il a attrap\u00e9 le sac que j\u2019avais \u00e0 l\u2019\u00e9paule droite et m&#8217;a tir\u00e9 par le bras pour m&#8217;emmener. Quand j&#8217;ai retir\u00e9 ma main de la sienne, j&#8217;ai vu que mon doigt \u00e9tait pli\u00e9 et repli\u00e9&#8230; j\u2019avais la main cass\u00e9e.&#8221;<\/p>\n\n\n\n<p>&#8220;Je lui ai dit que j&#8217;avais une main cass\u00e9e. Il a dit, &#8216;non, vous devez enlever les entretiens, je ne vous laisserai pas sortir'&#8221;. (Site Shahrara News &#8211; 19 mai 2021).<\/p>\n\n\n\n<div class=\"wp-block-image\"><figure class=\"aligncenter size-large is-resized\"><img decoding=\"async\" src=\"data:image\/gif;base64,R0lGODlhAQABAIAAAAAAAP\/\/\/yH5BAEAAAAALAAAAAABAAEAAAIBRAA7\" data-src=\"https:\/\/wncri.org\/fr\/wp-content\/uploads\/2021\/05\/Reactions-au-passage-a-tabac-de-la-journaliste-au-centre-de-vaccination.jpg\" alt=\"R\u00e9actions au passage \u00e0 tabac de la journaliste au centre de vaccination\" class=\"wp-image-13352 lazyload\" width=\"801\" height=\"401\"\/><noscript><img decoding=\"async\" src=\"https:\/\/wncri.org\/fr\/wp-content\/uploads\/2021\/05\/Reactions-au-passage-a-tabac-de-la-journaliste-au-centre-de-vaccination.jpg\" alt=\"R\u00e9actions au passage \u00e0 tabac de la journaliste au centre de vaccination\" class=\"wp-image-13352 lazyload\" width=\"801\" height=\"401\" srcset=\"https:\/\/wncri.org\/fr\/wp-content\/uploads\/2021\/05\/Reactions-au-passage-a-tabac-de-la-journaliste-au-centre-de-vaccination.jpg 750w, https:\/\/wncri.org\/fr\/wp-content\/uploads\/2021\/05\/Reactions-au-passage-a-tabac-de-la-journaliste-au-centre-de-vaccination-300x150.jpg 300w, https:\/\/wncri.org\/fr\/wp-content\/uploads\/2021\/05\/Reactions-au-passage-a-tabac-de-la-journaliste-au-centre-de-vaccination-360x180.jpg 360w\" sizes=\"(max-width: 801px) 100vw, 801px\" \/><\/noscript><\/figure><\/div>\n\n\n\n<h3 class=\"wp-block-heading\"><strong>R\u00e9actions au passage \u00e0 tabac de la journaliste au centre de vaccination<\/strong><\/h3>\n\n\n\n<p>&#8220;Une main cass\u00e9e et immobilis\u00e9e est le r\u00e9sultat des efforts <a href=\"https:\/\/wncri.org\/fr\/2020\/04\/23\/une-journaliste-licenciee-liran-en-bas-du-classement-de-la-liberte-de-la-presse-de-rsf\/\" target=\"_blank\" rel=\"noreferrer noopener\">d&#8217;une journaliste<\/a> qui est all\u00e9 \u00e9crire et nous dire ce qui se passe dans un centre de vaccination&#8221;, a \u00e9crit le site officiel Rouydad24, le 19 mai 2021.<\/p>\n\n\n\n<p>L&#8217;incident a \u00e9galement provoqu\u00e9 une r\u00e9action et une protestation de la part de la F\u00e9d\u00e9ration internationale des journalistes.<\/p>\n\n\n\n<p>Anthony Bellanger, secr\u00e9taire g\u00e9n\u00e9ral de la <a href=\"https:\/\/www.ifj.org\/fr\/qui\/a-propos-de-la-fij.html\" target=\"_blank\" rel=\"noopener\">F\u00e9d\u00e9ration internationale des journalistes<\/a> (FIJ), a publi\u00e9 une d\u00e9claration demandant le jugement de l&#8217;auteur du passage \u00e0 tabac de la journaliste Faezeh Momeni. &#8220;Le gouvernement iranien doit imm\u00e9diatement mettre fin \u00e0 sa r\u00e9pression des m\u00e9dias et cesser de poursuivre publiquement des journalistes qui ne font que leur travail&#8221;, a-t-il d\u00e9clar\u00e9.<\/p>\n\n\n\n<p>Auparavant, Christophe Deloire, Secr\u00e9taire g\u00e9n\u00e9ral de Reporters sans fronti\u00e8res (RSF), avait d\u00e9clar\u00e9 \u00e0 propos de la libert\u00e9 de la presse en Iran le 9 octobre 2020 : L&#8217;Iran a ex\u00e9cut\u00e9 des milliers d&#8217;hommes et de femmes depuis 1979, dont une vingtaine de journalistes, tous <a href=\"https:\/\/wncri.org\/fr\/2020\/08\/31\/une-journaliste-arretee-pour-un-reportage-sur-la-destruction-dun-village-en-iran\/\" target=\"_blank\" rel=\"noreferrer noopener\">condamn\u00e9s par des tribunaux in\u00e9quitables<\/a>. La condamnation \u00e0 mort de prisonniers d&#8217;opinion, y compris de journalistes, est la mani\u00e8re la plus extr\u00eame de r\u00e9primer la libert\u00e9 d&#8217;expression. Il est temps que la R\u00e9publique islamique abandonne enfin ces ch\u00e2timents cruels d&#8217;une autre \u00e9poque. \u00a0<\/p>\n","protected":false},"excerpt":{"rendered":"<p>La F\u00e9d\u00e9ration internationale des journalistes appelle \u00e0 la fin de la r\u00e9pression des militants des m\u00e9dias en Iran CNRI Femmes &#8211; La journaliste Faezeh Momeni a \u00e9t\u00e9 battue par un agent de s\u00e9curit\u00e9 au centre de vaccination du complexe Sa\u2019i, le lundi 17 mai 2021, en Iran. Le centre fonctionne sous la supervision de la [&hellip;]<\/p>\n","protected":false},"author":4,"featured_media":13351,"comment_status":"closed","ping_status":"closed","sticky":false,"template":"","format":"standard","meta":{"jnews-multi-image_gallery":[],"jnews_single_post":{"subtitle":"","format":"standard","video":"","gallery":"","source_name":"","source_url":"","via_name":"","via_url":"","override":[{"single_blog_custom":"","sidebar":"","second_sidebar":"","share_position":"","share_float_style":"","post_date_format":"","post_date_format_custom":"","post_reading_time_wpm":"","zoom_button_out_step":"1","zoom_button_in_step":"1","number_popup_post":"1"}],"image_override":[{"single_post_thumbnail_size":"","single_post_gallery_size":""}],"trending_post_position":"","trending_post_label":"","sponsored_post_label":"","sponsored_post_name":"","sponsored_post_url":"","sponsored_post_logo":"","sponsored_post_desc":""},"jnews_primary_category":{"id":""},"jnews_social_meta":[],"jnews_override_counter":{"view_counter_number":"0","share_counter_number":"0","like_counter_number":"0","dislike_counter_number":"0"},"footnotes":""},"categories":[8],"tags":[369],"class_list":["post-13350","post","type-post","status-publish","format-standard","has-post-thumbnail","hentry","category-articles","tag-manifestations"],"_links":{"self":[{"href":"https:\/\/wncri.org\/fr\/wp-json\/wp\/v2\/posts\/13350","targetHints":{"allow":["GET"]}}],"collection":[{"href":"https:\/\/wncri.org\/fr\/wp-json\/wp\/v2\/posts"}],"about":[{"href":"https:\/\/wncri.org\/fr\/wp-json\/wp\/v2\/types\/post"}],"author":[{"embeddable":true,"href":"https:\/\/wncri.org\/fr\/wp-json\/wp\/v2\/users\/4"}],"replies":[{"embeddable":true,"href":"https:\/\/wncri.org\/fr\/wp-json\/wp\/v2\/comments?post=13350"}],"version-history":[{"count":0,"href":"https:\/\/wncri.org\/fr\/wp-json\/wp\/v2\/posts\/13350\/revisions"}],"wp:featuredmedia":[{"embeddable":true,"href":"https:\/\/wncri.org\/fr\/wp-json\/wp\/v2\/media\/13351"}],"wp:attachment":[{"href":"https:\/\/wncri.org\/fr\/wp-json\/wp\/v2\/media?parent=13350"}],"wp:term":[{"taxonomy":"category","embeddable":true,"href":"https:\/\/wncri.org\/fr\/wp-json\/wp\/v2\/categories?post=13350"},{"taxonomy":"post_tag","embeddable":true,"href":"https:\/\/wncri.org\/fr\/wp-json\/wp\/v2\/tags?post=13350"}],"curies":[{"name":"wp","href":"https:\/\/api.w.org\/{rel}","templated":true}]}}