{"id":13343,"date":"2021-05-26T13:25:00","date_gmt":"2021-05-26T11:25:00","guid":{"rendered":"https:\/\/wncri.org\/fr\/?p=13343"},"modified":"2021-05-27T13:31:35","modified_gmt":"2021-05-27T11:31:35","slug":"la-greve-de-la-faim-de-la-prisonniere-politique-kurde-sakineh-parvaneh","status":"publish","type":"post","link":"https:\/\/wncri.org\/fr\/2021\/05\/26\/la-greve-de-la-faim-de-la-prisonniere-politique-kurde-sakineh-parvaneh\/","title":{"rendered":"La gr\u00e8ve de la faim de la prisonni\u00e8re politique kurde Sakineh Parvaneh"},"content":{"rendered":"\n<h2 class=\"wp-block-heading\">Une autre prisonni\u00e8re politique kurde, Mojgan Kavousi, a men\u00e9 une gr\u00e8ve de la faim de dix jours.<\/h2>\n\n\n\n<p>CNRI Femmes &#8211; Sakineh Parvaneh, prisonni\u00e8re politique kurde, a entam\u00e9 une gr\u00e8ve de la faim depuis le 22 mai 2021, afin de protester contre le fait qu&#8217;on lui refuse un traitement m\u00e9dical \u00e0 la prison de Vakilabad \u00e0 Machad. Elle m\u00e8ne \u00e9galement sa gr\u00e8ve pour protester contre <a href=\"https:\/\/wncri.org\/fr\/2020\/12\/16\/prisonniere-politique-sakineh-parvaneh\/\" target=\"_blank\" rel=\"noreferrer noopener\">le maintien de son bannissement<\/a> dans cette \u00e9tablissement p\u00e9nitencier.<\/p>\n\n\n\n<p>Selon des sources inform\u00e9es de l&#8217;int\u00e9rieur de la prison, Mme Sakineh Parvaneh a \u00e9t\u00e9 transf\u00e9r\u00e9e au dispensaire de Vakilabad il y a quelques jours en raison de son hypotension et de probl\u00e8mes digestifs. Cependant, les services de renseignement de la prison ont refus\u00e9 de la transf\u00e9rer \u00e0 l&#8217;h\u00f4pital malgr\u00e9 l&#8217;avis des m\u00e9decins.<\/p>\n\n\n\n<p>Cette prisonni\u00e8re politique kurde a cess\u00e9 de s\u2019alimenter \u00e0 plusieurs reprises pendant son incarc\u00e9ration. La premi\u00e8re gr\u00e8ve de la faim de Sakineh Parvaneh <a href=\"https:\/\/wncri.org\/fr\/2020\/05\/28\/la-greve-de-la-faim-de-sakineh-parvaneh-un-plaidoyer-pour-les-droits-fondamentaux\/\" target=\"_blank\" rel=\"noreferrer noopener\">a eu lieu le 25 mai 2020<\/a>, pour protester contre sa condamnation \u00e0 5 ans de d\u00e9tention \u00e0 la prison de Qarchak. Elle a entam\u00e9 une autre gr\u00e8ve de la faim le 18 juin 2020. Elle <a href=\"https:\/\/wncri.org\/fr\/2020\/06\/21\/une-prisonniere-politique-kurde-tabassee-a-la-prison-de-qarchak\/\" target=\"_blank\" rel=\"noreferrer noopener\">a \u00e9t\u00e9 tabass\u00e9e \u00e0 plusieurs reprises<\/a> pendant sa peine de prison. Elle a mis fin \u00e0 sa gr\u00e8ve de la faim apr\u00e8s avoir \u00e9t\u00e9 transf\u00e9r\u00e9e de la prison de Qarchak, \u00e0 Varamin, au quartier de quarantaine de la prison d&#8217;Evine (\u00e0 T\u00e9h\u00e9ran) le 4 juillet 2020, alors que son corps \u00e9tait encore tum\u00e9fi\u00e9 et meurtri. Le 27 octobre 2020, elle a \u00e9t\u00e9 transf\u00e9r\u00e9e du quartier des femmes d&#8217;Evine \u00e0 la prison de Qouchan. Trois jours plus tard, elle a entam\u00e9 une nouvelle gr\u00e8ve de la faim de 20 jours ; le huiti\u00e8me jour, elle s\u2019est cousu les l\u00e8vres en signe de protestation contre la probabilit\u00e9 d&#8217;\u00eatre bannie vers la prison d&#8217;Ispahan. Cependant, malgr\u00e9 son \u00e9tat, elle a \u00e9t\u00e9 brutalis\u00e9e et battue par les gardiens. Le 9 novembre 2020, les responsables de la prison de Qouchan ont ordonn\u00e9 qu&#8217;elle soit plac\u00e9e \u00e0 l&#8217;isolement. Sakineh Parvaneh a \u00e9t\u00e9 transf\u00e9r\u00e9e de la prison de Quchan au au parquet de la r\u00e9volution de Machad dans la nuit du 13 d\u00e9cembre 2020 ; le matin du 14 d\u00e9cembre, elle a \u00e9t\u00e9 plac\u00e9e en isolement \u00e0 la prison centrale de Machad (Vakilabad).<\/p>\n\n\n\n<div class=\"wp-block-image\"><figure class=\"aligncenter size-large\"><img decoding=\"async\" src=\"data:image\/gif;base64,R0lGODlhAQABAIAAAAAAAP\/\/\/yH5BAEAAAAALAAAAAABAAEAAAIBRAA7\" data-src=\"https:\/\/wncri.org\/fr\/wp-content\/uploads\/2021\/05\/Lecrivaine-et-chercheuse-kurde-Mojgan-Kavousi.jpg\" alt=\"L'\u00e9crivaine et chercheuse kurde Mojgan Kavousi\" class=\"wp-image-13345 lazyload\"\/><noscript><img decoding=\"async\" width=\"750\" height=\"375\" src=\"https:\/\/wncri.org\/fr\/wp-content\/uploads\/2021\/05\/Lecrivaine-et-chercheuse-kurde-Mojgan-Kavousi.jpg\" alt=\"L'\u00e9crivaine et chercheuse kurde Mojgan Kavousi\" class=\"wp-image-13345 lazyload\" srcset=\"https:\/\/wncri.org\/fr\/wp-content\/uploads\/2021\/05\/Lecrivaine-et-chercheuse-kurde-Mojgan-Kavousi.jpg 750w, https:\/\/wncri.org\/fr\/wp-content\/uploads\/2021\/05\/Lecrivaine-et-chercheuse-kurde-Mojgan-Kavousi-300x150.jpg 300w, https:\/\/wncri.org\/fr\/wp-content\/uploads\/2021\/05\/Lecrivaine-et-chercheuse-kurde-Mojgan-Kavousi-360x180.jpg 360w\" sizes=\"(max-width: 750px) 100vw, 750px\" \/><\/noscript><\/figure><\/div>\n\n\n\n<h3 class=\"wp-block-heading\"><strong>L&#8217;\u00e9crivaine et chercheuse kurde Mojgan Kavousi<\/strong><\/h3>\n\n\n\n<p>L&#8217;\u00e9crivain et chercheuse kurde Mojgan Kavousi avait entam\u00e9 une gr\u00e8ve de la faim depuis 10 jours (depuis le 16 mai 2021) \u00e0 la prison d&#8217;Evine. Elle s&#8217;est mise en gr\u00e8ve pour protester contre la violation par les autorit\u00e9s des lois et r\u00e8glements relatifs \u00e0 l&#8217;emprisonnement, l&#8217;ex\u00e9cution des peines et le traitement discriminatoire concernant les autorisations de sortie pendant l&#8217;\u00e9pid\u00e9mie de coronavirus. Au neuvi\u00e8me jour de sa gr\u00e8ve, elle avait perdu beaucoup de poids et sa tension art\u00e9rielle avait baiss\u00e9. Elle a mis fin \u00e0 sa gr\u00e8ve de la faim le 25 mai 2021.<\/p>\n\n\n\n<p>Au cours de l&#8217;ann\u00e9e \u00e9coul\u00e9e, Mojgan Kavousi n&#8217;a pas eu droit \u00e0 un seul jour de sortie de prison. Sa famille doit parcourir une grande distance, depuis une autre ville, pour la voir. La famille Kavousi est priv\u00e9e de visites en personne et n\u2019a de parloir qu&#8217;\u00e0 travers une vitre.<\/p>\n\n\n\n<p>Le 19 mai 2020, elle a \u00e9t\u00e9 arr\u00eat\u00e9e et emmen\u00e9e <a href=\"https:\/\/wncri.org\/fr\/2020\/05\/19\/des-militantes-civiles-condamnees-et-emprisonnees-malgre-la-montee-du-covid-19\/\" target=\"_blank\" rel=\"noreferrer noopener\">\u00e0 la prison de Nochahr<\/a> pour commencer \u00e0 purger sa peine. Elle a ensuite \u00e9t\u00e9 transf\u00e9r\u00e9e \u00e0 T\u00e9h\u00e9ran et \u00e0 la prison d&#8217;Evine le 22 juin. Jusqu&#8217;\u00e0 pr\u00e9sent, elle s&#8217;est vu refuser toute permission de sortie.<\/p>\n\n\n\n<p>Elle souffre de plusieurs maladies, notamment de probl\u00e8mes digestifs, de diab\u00e8te et d&#8217;arythmies cardiaques. Auparavant, <a href=\"https:\/\/wncri.org\/fr\/2020\/09\/03\/deux-femmes-kurdes-entament-une-greve-de-la-faim-a-la-prison-devine-en-iran\/\" target=\"_blank\" rel=\"noreferrer noopener\">le 1er septembre 2020<\/a>, elle avait entam\u00e9 une autre gr\u00e8ve de la faim. Elle est actuellement dans un \u00e9tat critique en raison de l&#8217;aggravation de sa maladie cardiaque apr\u00e8s 10 jours de gr\u00e8ve de la faim.<\/p>\n\n\n\n<p>Mojgan Kavousi, \u00e9crivaine et activiste culturelle, a \u00e9t\u00e9 arr\u00eat\u00e9 pendant le soul\u00e8vement national en novembre 2019 pour ses posts Instagram. Sa peine a \u00e9t\u00e9 port\u00e9e \u00e0 6 ans et 4 mois par la cour d&#8217;appel.<\/p>\n","protected":false},"excerpt":{"rendered":"<p>Une autre prisonni\u00e8re politique kurde, Mojgan Kavousi, a men\u00e9 une gr\u00e8ve de la faim de dix jours. CNRI Femmes &#8211; Sakineh Parvaneh, prisonni\u00e8re politique kurde, a entam\u00e9 une gr\u00e8ve de la faim depuis le 22 mai 2021, afin de protester contre le fait qu&#8217;on lui refuse un traitement m\u00e9dical \u00e0 la prison de Vakilabad \u00e0 [&hellip;]<\/p>\n","protected":false},"author":4,"featured_media":13344,"comment_status":"closed","ping_status":"closed","sticky":false,"template":"","format":"standard","meta":{"jnews-multi-image_gallery":[],"jnews_single_post":{"subtitle":"","format":"standard","video":"","gallery":"","source_name":"","source_url":"","via_name":"","via_url":"","override":[{"single_blog_custom":"","sidebar":"","second_sidebar":"","share_position":"","share_float_style":"","post_date_format":"","post_date_format_custom":"","post_reading_time_wpm":"","zoom_button_out_step":"1","zoom_button_in_step":"1","number_popup_post":"1"}],"image_override":[{"single_post_thumbnail_size":"","single_post_gallery_size":""}],"trending_post_position":"","trending_post_label":"","sponsored_post_label":"","sponsored_post_name":"","sponsored_post_url":"","sponsored_post_logo":"","sponsored_post_desc":""},"jnews_primary_category":{"id":""},"jnews_social_meta":[],"jnews_override_counter":{"view_counter_number":"0","share_counter_number":"0","like_counter_number":"0","dislike_counter_number":"0"},"footnotes":""},"categories":[3],"tags":[370,376],"class_list":["post-13343","post","type-post","status-publish","format-standard","has-post-thumbnail","hentry","category-infos-des-femmes","tag-prisonnieres","tag-violence-contre-les-femmes"],"_links":{"self":[{"href":"https:\/\/wncri.org\/fr\/wp-json\/wp\/v2\/posts\/13343","targetHints":{"allow":["GET"]}}],"collection":[{"href":"https:\/\/wncri.org\/fr\/wp-json\/wp\/v2\/posts"}],"about":[{"href":"https:\/\/wncri.org\/fr\/wp-json\/wp\/v2\/types\/post"}],"author":[{"embeddable":true,"href":"https:\/\/wncri.org\/fr\/wp-json\/wp\/v2\/users\/4"}],"replies":[{"embeddable":true,"href":"https:\/\/wncri.org\/fr\/wp-json\/wp\/v2\/comments?post=13343"}],"version-history":[{"count":0,"href":"https:\/\/wncri.org\/fr\/wp-json\/wp\/v2\/posts\/13343\/revisions"}],"wp:featuredmedia":[{"embeddable":true,"href":"https:\/\/wncri.org\/fr\/wp-json\/wp\/v2\/media\/13344"}],"wp:attachment":[{"href":"https:\/\/wncri.org\/fr\/wp-json\/wp\/v2\/media?parent=13343"}],"wp:term":[{"taxonomy":"category","embeddable":true,"href":"https:\/\/wncri.org\/fr\/wp-json\/wp\/v2\/categories?post=13343"},{"taxonomy":"post_tag","embeddable":true,"href":"https:\/\/wncri.org\/fr\/wp-json\/wp\/v2\/tags?post=13343"}],"curies":[{"name":"wp","href":"https:\/\/api.w.org\/{rel}","templated":true}]}}