{"id":13332,"date":"2021-05-25T13:11:00","date_gmt":"2021-05-25T11:11:00","guid":{"rendered":"https:\/\/wncri.org\/fr\/?p=13332"},"modified":"2021-05-26T13:15:21","modified_gmt":"2021-05-26T11:15:21","slug":"covid-19-dans-le-quartier-des-femmes-de-la-prison-de-sepidar-a-ahwaz","status":"publish","type":"post","link":"https:\/\/wncri.org\/fr\/2021\/05\/25\/covid-19-dans-le-quartier-des-femmes-de-la-prison-de-sepidar-a-ahwaz\/","title":{"rendered":"Nouvelle vague de Covid-19 dans le quartier des femmes de la prison de Sepidar \u00e0 Ahwaz"},"content":{"rendered":"\n<p>CNRI Femmes &#8211; Le quartier des femmes de la prison de Sepidar \u00e0 Ahwaz conna\u00eet une nouvelle vague de coronavirus, indiquent des informations fiables en provenance d&#8217;Iran. Ahwaz est la capitale de la province du Khouzistan, riche en p\u00e9trole, situ\u00e9e au sud-ouest du pays, mais dont la population connait une grande pauvret\u00e9.<\/p>\n\n\n\n<p>Au lieu de s&#8217;occuper des malades et de les transf\u00e9rer dans les h\u00f4pitaux municipaux, les autorit\u00e9s de la prison de Sepidar <a href=\"https:\/\/wncri.org\/fr\/2020\/09\/10\/situation-tragique-des-femmes-a-la-prison-sepidar-dahwaz\/\" target=\"_blank\" rel=\"noreferrer noopener\">ont interdit aux d\u00e9tenues<\/a> de passer des appels t\u00e9l\u00e9phoniques \u00e0 leur famille.<\/p>\n\n\n\n<p>Malgr\u00e9 la nouvelle vague d&#8217;\u00e9pid\u00e9mies, les prisonni\u00e8res ne subissent aucun test. Elles sont d\u00e9tenues dans un espace limit\u00e9, sans produits hygi\u00e9niques suffisants. L&#8217;endroit utilis\u00e9 pour l\u2019isolement des prisonni\u00e8res infect\u00e9es est s\u00e9par\u00e9 par des barreaux de la salle principale, et elles vont au m\u00eame endroit pour prendre l&#8217;air.<\/p>\n\n\n\n<p>Dans ces circonstances, les autorit\u00e9s p\u00e9nitentiaires s&#8217;abstiennent toujours d&#8217;accorder des autorisations de sortie aux prisonni\u00e8res.<\/p>\n\n\n\n<p>L&#8217;ann\u00e9e derni\u00e8re, \u00e0 la m\u00eame \u00e9poque, une cinquantaine de d\u00e9tenues ont contract\u00e9 le virus.<\/p>\n\n\n\n<p>Parmi elles, la prisonni\u00e8re politique <a href=\"https:\/\/wncri.org\/fr\/2020\/05\/05\/la-prisonniere-politique-nejat-anvar-hamidi-positive-au-covid19-a-la-prison-de-sepidar\/\" target=\"_blank\" rel=\"noreferrer noopener\">Nejat Anvar Hamidi<\/a>, 62 ans, incarc\u00e9r\u00e9e \u00e0 la prison Sepidar d&#8217;Ahwaz depuis mars 2019 pour purger une peine de 15 ans. Elle souffre d&#8217;un dysfonctionnement de la thyro\u00efde, d&#8217;hypertension art\u00e9rielle et de lipides sanguins. La vue de Mme Anvar Hamidi est \u00e9galement menac\u00e9e. Elle est d\u00e9tenue parmi des prisonni\u00e8res ordinaires, en violation du principe de s\u00e9paration des d\u00e9lits.<\/p>\n\n\n\n<p>Pour la troisi\u00e8me fois cette ann\u00e9e, le minist\u00e8re des Renseignements s&#8217;abstient d&#8217;accorder une permission \u00e0 cette prisonni\u00e8re politique.<\/p>\n\n\n\n<p>La prisonni\u00e8re politique Nejat Anvar Hamidi Karoun avait d\u00e9j\u00e0 \u00e9t\u00e9 arr\u00eat\u00e9e et d\u00e9tenue pendant deux ans et quatre mois dans les ann\u00e9es 1980 pour avoir soutenu l&#8217;Organisation des Moudjahidines du peuple d&#8217;Iran (OMPI\/MEK).<\/p>\n\n\n\n<p>Elle a \u00e9t\u00e9 arr\u00eat\u00e9e avec son mari et sa fille, pour la deuxi\u00e8me fois en 2017, pour avoir soutenu l\u2019opposition d\u00e9mocratique, l\u2019organisation des Moudjahidine du peuple d\u2019Iran (OMPI\/MEK).<\/p>\n\n\n\n<p>Les <a href=\"https:\/\/wncri.org\/fr\/2020\/08\/24\/les-prisonnieres-politiques-harcelees-et-torturees-a-la-prison-sepidar\/\" target=\"_blank\" rel=\"noreferrer noopener\">d\u00e9tenues politiques sont harcel\u00e9es<\/a> et fr\u00e9quemment insult\u00e9es, brutalis\u00e9es et tortur\u00e9es par les autorit\u00e9s p\u00e9nitentiaires.<\/p>\n\n\n\n<p>Les prisonni\u00e8res du quartier des femmes de la prison de Sepidar \u00e0 Ahwaz ne sont pas s\u00e9par\u00e9es selon les d\u00e9lits et les peines, ce qui rend les conditions encore plus complexes et intol\u00e9rables pour les d\u00e9tenues politiques.&nbsp;<\/p>\n\n\n\n<p>Pratiquement toutes les prisonni\u00e8res politiques de la prison de Sepidar ont \u00e9t\u00e9 tortur\u00e9es lors des interrogatoires. Certaines d&#8217;entre elles \u00e9taient enceintes pendant leur interrogatoire.<\/p>\n","protected":false},"excerpt":{"rendered":"<p>CNRI Femmes &#8211; Le quartier des femmes de la prison de Sepidar \u00e0 Ahwaz conna\u00eet une nouvelle vague de coronavirus, indiquent des informations fiables en provenance d&#8217;Iran. Ahwaz est la capitale de la province du Khouzistan, riche en p\u00e9trole, situ\u00e9e au sud-ouest du pays, mais dont la population connait une grande pauvret\u00e9. Au lieu de [&hellip;]<\/p>\n","protected":false},"author":4,"featured_media":13333,"comment_status":"closed","ping_status":"closed","sticky":false,"template":"","format":"standard","meta":{"jnews-multi-image_gallery":[],"jnews_single_post":{"subtitle":"","format":"standard","video":"","gallery":"","source_name":"","source_url":"","via_name":"","via_url":"","override":[{"single_blog_custom":"","sidebar":"","second_sidebar":"","share_position":"","share_float_style":"","post_date_format":"","post_date_format_custom":"","post_reading_time_wpm":"","zoom_button_out_step":"1","zoom_button_in_step":"1","number_popup_post":"1"}],"image_override":[{"single_post_thumbnail_size":"","single_post_gallery_size":""}],"trending_post_position":"","trending_post_label":"","sponsored_post_label":"","sponsored_post_name":"","sponsored_post_url":"","sponsored_post_logo":"","sponsored_post_desc":""},"jnews_primary_category":{"id":""},"jnews_social_meta":[],"jnews_override_counter":{"view_counter_number":"0","share_counter_number":"0","like_counter_number":"0","dislike_counter_number":"0"},"footnotes":""},"categories":[3],"tags":[370],"class_list":["post-13332","post","type-post","status-publish","format-standard","has-post-thumbnail","hentry","category-infos-des-femmes","tag-prisonnieres"],"_links":{"self":[{"href":"https:\/\/wncri.org\/fr\/wp-json\/wp\/v2\/posts\/13332","targetHints":{"allow":["GET"]}}],"collection":[{"href":"https:\/\/wncri.org\/fr\/wp-json\/wp\/v2\/posts"}],"about":[{"href":"https:\/\/wncri.org\/fr\/wp-json\/wp\/v2\/types\/post"}],"author":[{"embeddable":true,"href":"https:\/\/wncri.org\/fr\/wp-json\/wp\/v2\/users\/4"}],"replies":[{"embeddable":true,"href":"https:\/\/wncri.org\/fr\/wp-json\/wp\/v2\/comments?post=13332"}],"version-history":[{"count":0,"href":"https:\/\/wncri.org\/fr\/wp-json\/wp\/v2\/posts\/13332\/revisions"}],"wp:featuredmedia":[{"embeddable":true,"href":"https:\/\/wncri.org\/fr\/wp-json\/wp\/v2\/media\/13333"}],"wp:attachment":[{"href":"https:\/\/wncri.org\/fr\/wp-json\/wp\/v2\/media?parent=13332"}],"wp:term":[{"taxonomy":"category","embeddable":true,"href":"https:\/\/wncri.org\/fr\/wp-json\/wp\/v2\/categories?post=13332"},{"taxonomy":"post_tag","embeddable":true,"href":"https:\/\/wncri.org\/fr\/wp-json\/wp\/v2\/tags?post=13332"}],"curies":[{"name":"wp","href":"https:\/\/api.w.org\/{rel}","templated":true}]}}