{"id":13329,"date":"2021-05-24T13:07:00","date_gmt":"2021-05-24T11:07:00","guid":{"rendered":"https:\/\/wncri.org\/fr\/?p=13329"},"modified":"2021-05-26T13:10:56","modified_gmt":"2021-05-26T11:10:56","slug":"une-femme-pendue-a-la-prison-de-yazd-la-117e-femme-executee","status":"publish","type":"post","link":"https:\/\/wncri.org\/fr\/2021\/05\/24\/une-femme-pendue-a-la-prison-de-yazd-la-117e-femme-executee\/","title":{"rendered":"Une femme pendue \u00e0 la prison de Yazd &#8211; La 117e femme ex\u00e9cut\u00e9e sous Rohani"},"content":{"rendered":"\n<p>CNRI Femmes &#8211; Une femme a \u00e9t\u00e9 pendue dans la matin\u00e9e du 23 mai 2021 \u00e0 la prison centrale de Yazd. Il s&#8217;agit de la 117e femme ex\u00e9cut\u00e9e sous le mandat d&#8217;Hassan Rohani \u00e0 la pr\u00e9sidence des mollahs. Au moins 15 femmes ont \u00e9t\u00e9 ex\u00e9cut\u00e9es par an en Iran au cours des huit derni\u00e8res ann\u00e9es.<\/p>\n\n\n\n<p>La femme pendue \u00e0 la prison centrale de Yazd a \u00e9t\u00e9 identifi\u00e9e comme \u00e9tant Kobra Fatemi, 41 ans. Elle \u00e9tait incarc\u00e9r\u00e9e depuis 2015 pour le meurtre de son mari. La famille de la victime avait accept\u00e9 de recevoir le prix du sang et de lui \u00e9viter l&#8217;ex\u00e9cution. Mais l&#8217;oncle de la victime, membre du Corps des gardiens de la r\u00e9volution (pasdarans), ne l&#8217;a pas accept\u00e9 et a demand\u00e9 que le verdict de mort soit ex\u00e9cut\u00e9.<\/p>\n\n\n\n<p>La commission des Femmes du CNRI a maintes fois soulign\u00e9 que de nombreuses femmes ex\u00e9cut\u00e9es par le r\u00e9gime des mollahs sont elles-m\u00eames victimes de <a href=\"https:\/\/wncri.org\/fr\/2020\/12\/04\/iran-record-mondial-de-la-violence-domestique-contre-les-femmes\/\" target=\"_blank\" rel=\"noreferrer noopener\">violences domestiques<\/a> et ont agi en \u00e9tat de l\u00e9gitime d\u00e9fense.<\/p>\n\n\n\n<p>Cependant, le pouvoir judiciaire iranien ne fait pas de diff\u00e9rence entre les homicides, volontaires ou involontaires, et les punit de la peine de mort, quelles que soient la motivation et la raison.<\/p>\n\n\n\n<p>L&#8217;Iran d\u00e9tient le record mondial des ex\u00e9cutions par habitant. C&#8217;est \u00e9galement le principal <a href=\"https:\/\/wncri.org\/fr\/2020\/01\/20\/93-femmes-executees-en-iran-sous-rohani\/\" target=\"_blank\" rel=\"noreferrer noopener\">bourreau de femmes au monde<\/a>. Les ex\u00e9cutions sont manifestement injustes.<\/p>\n\n\n\n<p>Plus de <a href=\"https:\/\/www.maryam-rajavi.com\/fr\/maryam-radjavi-journee-mondiale-contre-peine-mort-executions-rohani-iran-regime\/\" target=\"_blank\" rel=\"noreferrer noopener\">4 300 personnes ont \u00e9t\u00e9 ex\u00e9cut\u00e9es en Iran<\/a> pendant le mandat de Rohani. \u00c0 ce jour, 117 femmes figurent parmi elles.<\/p>\n\n\n\n<p>Le nombre r\u00e9el d&#8217;ex\u00e9cutions, et notamment d&#8217;ex\u00e9cutions de femmes, est beaucoup plus \u00e9lev\u00e9. Le r\u00e9gime cl\u00e9rical proc\u00e8de \u00e0 la plupart des ex\u00e9cutions en secret et \u00e0 l&#8217;abri du regard du public. Aucun t\u00e9moin n&#8217;est pr\u00e9sent au moment de l&#8217;ex\u00e9cution, \u00e0 l&#8217;exception de ceux qui la pratiquent.<\/p>\n\n\n\n<p>Le r\u00e9gime iranien utilise ouvertement la peine de mort comme une forme de ch\u00e2timent. Dans de nombreux cas et de mani\u00e8re discriminatoire, cette peine est appliqu\u00e9e contre les minorit\u00e9s religieuses et ethniques, les dissidents politiques et les femmes.<\/p>\n","protected":false},"excerpt":{"rendered":"<p>CNRI Femmes &#8211; Une femme a \u00e9t\u00e9 pendue dans la matin\u00e9e du 23 mai 2021 \u00e0 la prison centrale de Yazd. Il s&#8217;agit de la 117e femme ex\u00e9cut\u00e9e sous le mandat d&#8217;Hassan Rohani \u00e0 la pr\u00e9sidence des mollahs. Au moins 15 femmes ont \u00e9t\u00e9 ex\u00e9cut\u00e9es par an en Iran au cours des huit derni\u00e8res ann\u00e9es. [&hellip;]<\/p>\n","protected":false},"author":4,"featured_media":13330,"comment_status":"closed","ping_status":"closed","sticky":false,"template":"","format":"standard","meta":{"jnews-multi-image_gallery":[],"jnews_single_post":{"subtitle":"","format":"standard","video":"","gallery":"","source_name":"","source_url":"","via_name":"","via_url":"","override":[{"single_blog_custom":"","sidebar":"","second_sidebar":"","share_position":"","share_float_style":"","post_date_format":"","post_date_format_custom":"","post_reading_time_wpm":"","zoom_button_out_step":"1","zoom_button_in_step":"1","number_popup_post":"1"}],"image_override":[{"single_post_thumbnail_size":"","single_post_gallery_size":""}],"trending_post_position":"","trending_post_label":"","sponsored_post_label":"","sponsored_post_name":"","sponsored_post_url":"","sponsored_post_logo":"","sponsored_post_desc":""},"jnews_primary_category":{"id":""},"jnews_social_meta":[],"jnews_override_counter":{"view_counter_number":"0","share_counter_number":"0","like_counter_number":"0","dislike_counter_number":"0"},"footnotes":""},"categories":[3],"tags":[367,376],"class_list":["post-13329","post","type-post","status-publish","format-standard","has-post-thumbnail","hentry","category-infos-des-femmes","tag-execution","tag-violence-contre-les-femmes"],"_links":{"self":[{"href":"https:\/\/wncri.org\/fr\/wp-json\/wp\/v2\/posts\/13329","targetHints":{"allow":["GET"]}}],"collection":[{"href":"https:\/\/wncri.org\/fr\/wp-json\/wp\/v2\/posts"}],"about":[{"href":"https:\/\/wncri.org\/fr\/wp-json\/wp\/v2\/types\/post"}],"author":[{"embeddable":true,"href":"https:\/\/wncri.org\/fr\/wp-json\/wp\/v2\/users\/4"}],"replies":[{"embeddable":true,"href":"https:\/\/wncri.org\/fr\/wp-json\/wp\/v2\/comments?post=13329"}],"version-history":[{"count":0,"href":"https:\/\/wncri.org\/fr\/wp-json\/wp\/v2\/posts\/13329\/revisions"}],"wp:featuredmedia":[{"embeddable":true,"href":"https:\/\/wncri.org\/fr\/wp-json\/wp\/v2\/media\/13330"}],"wp:attachment":[{"href":"https:\/\/wncri.org\/fr\/wp-json\/wp\/v2\/media?parent=13329"}],"wp:term":[{"taxonomy":"category","embeddable":true,"href":"https:\/\/wncri.org\/fr\/wp-json\/wp\/v2\/categories?post=13329"},{"taxonomy":"post_tag","embeddable":true,"href":"https:\/\/wncri.org\/fr\/wp-json\/wp\/v2\/tags?post=13329"}],"curies":[{"name":"wp","href":"https:\/\/api.w.org\/{rel}","templated":true}]}}