{"id":13314,"date":"2021-05-22T07:41:00","date_gmt":"2021-05-22T05:41:00","guid":{"rendered":"https:\/\/wncri.org\/fr\/?p=13314"},"modified":"2021-05-24T07:47:06","modified_gmt":"2021-05-24T05:47:06","slug":"la-liberation-inconditionnelle-est-le-droit-des-prisonnieres","status":"publish","type":"post","link":"https:\/\/wncri.org\/fr\/2021\/05\/22\/la-liberation-inconditionnelle-est-le-droit-des-prisonnieres\/","title":{"rendered":"La lib\u00e9ration inconditionnelle est le droit des prisonni\u00e8res et des prisonniers politiques"},"content":{"rendered":"\n<p>Atena Daemi : Non seulement je ne demanderai pas d&#8217;amnistie, mais je leur rappellerai que ce sont eux qui doivent implorer le peuple une amnistie.<\/p>\n\n\n\n<p>CNRI Femmes \u2013 La prisonni\u00e8re politique Atena Daemi a envoy\u00e9 un message depuis <a href=\"https:\/\/wncri.org\/fr\/2021\/03\/17\/atena-daemi-bannie-brusquement-a-la-prison-de-lakan-a-racht\/\" target=\"_blank\" rel=\"noreferrer noopener\">la prison de Lakan, \u00e0 Racht<\/a> (nord de l\u2019Iran), rejetant l&#8217;offre du r\u00e9gime de lui accorder une amnistie. D\u00e9fiant le r\u00e9gime, elle a d\u00e9clar\u00e9 : Pour moi, la lib\u00e9ration inconditionnelle est le droit des prisonniers politiques et des prisonniers de conscience.<\/p>\n\n\n\n<p>M. Hossein Daemi, le p\u00e8re d\u2019Atena Daemi, a post\u00e9 un tweet le 21 mai 2021, contenant le message de sa fille depuis la prison. Voici le message d&#8217;Atena Daemi :<\/p>\n\n\n\n<p>\u00ab\u00a0J\u2019ai pass\u00e9 six des meilleures ann\u00e9es de ma vie derri\u00e8re les barreaux avec beaucoup de souffrances et de torture parce que je me suis oppos\u00e9e \u00e0 des criminels qui poussent les gens vers la pauvret\u00e9, les prisons et la mort depuis 42 ans. Avec la plus grande bassesse, ils me disent d&#8217;\u00e9crire une demande d&#8217;amnistie pour l&#8217;examiner et me lib\u00e9rer s&#8217;ils l&#8217;acceptent. Mais pour moi, la lib\u00e9ration inconditionnelle est le droit des prisonniers politiques et des prisonniers de conscience. Non seulement je ne demanderai pas la cl\u00e9mence des oppresseurs pour avoir pens\u00e9 librement, pour avoir aim\u00e9 la libert\u00e9 et pour avoir insist\u00e9 sur les droits de chacun, mais je poursuivrai mon chemin plus d\u00e9termin\u00e9e que jamais. Je leur rappelle que c&#8217;est eux qui doivent implorer le peuple de les pardonner et de leur accorder une amnistie.\u00a0\u00bb<\/p>\n\n\n\n<p>Atena Daemi, 32 ans, aurait d\u00fb \u00eatre lib\u00e9r\u00e9e le 4 juillet 2020, apr\u00e8s avoir purg\u00e9 <a href=\"https:\/\/wncri.org\/fr\/2020\/07\/07\/force-et-resilience-message-datena-daemi-depuis-sa-prison-en-iran\/\" target=\"_blank\" rel=\"noreferrer noopener\">sa peine de cinq ans<\/a> de prison. Mais le pouvoir judiciaire de la dictature religieuse l&#8217;a <a href=\"https:\/\/wncri.org\/fr\/2021\/02\/25\/lappel-datena-daemi\/\" target=\"_blank\" rel=\"noreferrer noopener\">de nouveau condamn\u00e9e<\/a> \u00e0 un total de 5 ans d&#8217;emprisonnement et 74 coups de fouet en raison d&#8217;accusations forg\u00e9es de toutes pi\u00e8ces port\u00e9es contre elle par le minist\u00e8re du Renseignement et le corps des gardiens de la r\u00e9volution (pasdarans).<\/p>\n\n\n\n<p>Les autorit\u00e9s de la prison d&#8217;Evine de T\u00e9h\u00e9ran ont envoy\u00e9 brusquement et de force Atena Daemi en exil \u00e0 la prison de Lakan de Racht dans la nuit du 16 mars 2021, \u00e0 la veille du Nouvel An persan.<\/p>\n\n\n\n<p>Militante des droits de l&#8217;enfant, Atena Daemi a \u00e9t\u00e9 arr\u00eat\u00e9e une premi\u00e8re fois le 21 octobre 2014 et d\u00e9tenue pendant 16 mois pour avoir particip\u00e9 \u00e0 un rassemblement devant le bureau de l&#8217;ONU \u00e0 T\u00e9h\u00e9ran, protestant contre l\u2019ex\u00e9cution de la jeune Reyhaneh Jabbari et \u00e0 d&#8217;autres activit\u00e9s pacifiques.<\/p>\n\n\n\n<p>Le 26 novembre 2016, elle a \u00e9t\u00e9 arr\u00eat\u00e9e \u00e0 nouveau et emmen\u00e9e \u00e0 la prison d&#8217;Evine pour purger sa peine. Pendant cette p\u00e9riode, elle a entam\u00e9 une gr\u00e8ve de la faim de 54 jours en mars 2017, qui s&#8217;est termin\u00e9e avec succ\u00e8s lorsque les peines de prison qui frappait deux de ses s\u0153urs ont \u00e9t\u00e9 annul\u00e9es.<\/p>\n","protected":false},"excerpt":{"rendered":"<p>Atena Daemi : Non seulement je ne demanderai pas d&#8217;amnistie, mais je leur rappellerai que ce sont eux qui doivent implorer le peuple une amnistie. CNRI Femmes \u2013 La prisonni\u00e8re politique Atena Daemi a envoy\u00e9 un message depuis la prison de Lakan, \u00e0 Racht (nord de l\u2019Iran), rejetant l&#8217;offre du r\u00e9gime de lui accorder une [&hellip;]<\/p>\n","protected":false},"author":4,"featured_media":13315,"comment_status":"closed","ping_status":"closed","sticky":false,"template":"","format":"standard","meta":{"jnews-multi-image_gallery":[],"jnews_single_post":{"subtitle":"","format":"standard","video":"","gallery":"","source_name":"","source_url":"","via_name":"","via_url":"","override":[{"single_blog_custom":"","sidebar":"","second_sidebar":"","share_position":"","share_float_style":"","post_date_format":"","post_date_format_custom":"","post_reading_time_wpm":"","zoom_button_out_step":"1","zoom_button_in_step":"1","number_popup_post":"1"}],"image_override":[{"single_post_thumbnail_size":"","single_post_gallery_size":""}],"trending_post_position":"","trending_post_label":"","sponsored_post_label":"","sponsored_post_name":"","sponsored_post_url":"","sponsored_post_logo":"","sponsored_post_desc":""},"jnews_primary_category":{"id":""},"jnews_social_meta":[],"jnews_override_counter":{"view_counter_number":"0","share_counter_number":"0","like_counter_number":"0","dislike_counter_number":"0"},"footnotes":""},"categories":[3],"tags":[370],"class_list":["post-13314","post","type-post","status-publish","format-standard","has-post-thumbnail","hentry","category-infos-des-femmes","tag-prisonnieres"],"_links":{"self":[{"href":"https:\/\/wncri.org\/fr\/wp-json\/wp\/v2\/posts\/13314","targetHints":{"allow":["GET"]}}],"collection":[{"href":"https:\/\/wncri.org\/fr\/wp-json\/wp\/v2\/posts"}],"about":[{"href":"https:\/\/wncri.org\/fr\/wp-json\/wp\/v2\/types\/post"}],"author":[{"embeddable":true,"href":"https:\/\/wncri.org\/fr\/wp-json\/wp\/v2\/users\/4"}],"replies":[{"embeddable":true,"href":"https:\/\/wncri.org\/fr\/wp-json\/wp\/v2\/comments?post=13314"}],"version-history":[{"count":0,"href":"https:\/\/wncri.org\/fr\/wp-json\/wp\/v2\/posts\/13314\/revisions"}],"wp:featuredmedia":[{"embeddable":true,"href":"https:\/\/wncri.org\/fr\/wp-json\/wp\/v2\/media\/13315"}],"wp:attachment":[{"href":"https:\/\/wncri.org\/fr\/wp-json\/wp\/v2\/media?parent=13314"}],"wp:term":[{"taxonomy":"category","embeddable":true,"href":"https:\/\/wncri.org\/fr\/wp-json\/wp\/v2\/categories?post=13314"},{"taxonomy":"post_tag","embeddable":true,"href":"https:\/\/wncri.org\/fr\/wp-json\/wp\/v2\/tags?post=13314"}],"curies":[{"name":"wp","href":"https:\/\/api.w.org\/{rel}","templated":true}]}}