{"id":13296,"date":"2021-05-19T19:26:00","date_gmt":"2021-05-19T17:26:00","guid":{"rendered":"https:\/\/wncri.org\/fr\/?p=13296"},"modified":"2021-05-21T19:42:33","modified_gmt":"2021-05-21T17:42:33","slug":"saba-kord-afshari-a-refuse-nourriture-et-medicaments-pour-faire-liberer","status":"publish","type":"post","link":"https:\/\/wncri.org\/fr\/2021\/05\/19\/saba-kord-afshari-a-refuse-nourriture-et-medicaments-pour-faire-liberer\/","title":{"rendered":"Saba Kord Afshari a refus\u00e9 nourriture et m\u00e9dicaments pour faire lib\u00e9rer sa m\u00e8re"},"content":{"rendered":"\n<h2 class=\"wp-block-heading\"><em>Dix jours de gr\u00e8ve de la faim, malgr\u00e9 des saignements d&#8217;estomac, pour lever la pression des familles de prisonniers politiques<\/em><\/h2>\n\n\n\n<p>CNRI Femmes &#8211; La prisonni\u00e8re politique Saba Kord Afshari, actuellement incarc\u00e9r\u00e9e \u00e0 la prison de Qarchak, a entam\u00e9 <a href=\"https:\/\/wncri.org\/fr\/2021\/05\/09\/saba-kord-afshari-fait-une-greve-de-la-faim-pour-faire-liberer-sa-mere\/\" target=\"_blank\" rel=\"noreferrer noopener\">une gr\u00e8ve de la faim<\/a> le 8 mai 2021 et a refus\u00e9 de prendre de la nourriture et des m\u00e9dicaments.<\/p>\n\n\n\n<p>Elle demandait au r\u00e9gime cl\u00e9rical de lever la pression qu&#8217;il impose aux familles des prisonniers politiques. Plus pr\u00e9cis\u00e9ment, Saba Kord Afshari a refus\u00e9 de prendre de la nourriture et des m\u00e9dicaments pour obtenir la lib\u00e9ration de sa m\u00e8re.&nbsp;<\/p>\n\n\n\n<p>Mme Raheleh Asl Ahmadi, la m\u00e8re de Saba Kord Afshari, est actuellement d\u00e9tenue \u00e0 la prison d&#8217;Evine alors qu&#8217;elle doit recevoir des soins et un traitement m\u00e9dical. Elle a subi un choc nerveux lorsque Saba a \u00e9t\u00e9 <a href=\"https:\/\/wncri.org\/fr\/2021\/01\/28\/saba-kord-afshari-trainee-sur-le-sol-par-les-cheveux-dans-un-transfert-de-prison\/\" target=\"_blank\" rel=\"noreferrer noopener\">violemment enlev\u00e9e<\/a> de la prison d&#8217;Evine et envoy\u00e9e en exil \u00e0 la prison de Qarchak. \u00c0 la suite de ce choc nerveux, elle a subi des dommages \u00e0 la colonne vert\u00e9brale et a perdu le contr\u00f4le de sa jambe gauche.<\/p>\n\n\n\n<p>Saba Kord Afshari souffre d&#8217;un ulc\u00e8re et de saignements \u00e0 l&#8217;estomac, ainsi que d&#8217;autres probl\u00e8mes gastro-intestinaux. Elle a n\u00e9anmoins entam\u00e9 une gr\u00e8ve de la faim pour faire entendre sa voix. Bien qu&#8217;elle ait mis fin \u00e0 sa gr\u00e8ve de la faim le 17 mai en raison de graves probl\u00e8mes de sant\u00e9, elle a promis de continuer \u00e0 faire valoir ses revendications.<\/p>\n\n\n\n<p>Les paragraphes suivants contiennent des parties de ses lettres du 11 mai, trois jours apr\u00e8s le d\u00e9but de sa gr\u00e8ve de la faim, et du 17 mai, apr\u00e8s qu&#8217;elle ait mis fin \u00e0 sa gr\u00e8ve de la faim. Dans ces lettres, elle explique son histoire d&#8217;arrestation et d&#8217;emprisonnement et promet de poursuivre sa lutte pour la libert\u00e9.<\/p>\n\n\n\n<div class=\"wp-block-image\"><figure class=\"aligncenter size-large\"><img decoding=\"async\" src=\"data:image\/gif;base64,R0lGODlhAQABAIAAAAAAAP\/\/\/yH5BAEAAAAALAAAAAABAAEAAAIBRAA7\" data-src=\"https:\/\/wncri.org\/fr\/wp-content\/uploads\/2021\/05\/2-Saba-Kord-Afshari-refused-food-to-gain-her-mothers-freedom-min.jpg\" alt=\"Saba et sa m\u00e8re avant l'emprisonnement et apr\u00e8s, lors d'une br\u00e8ve permission de sortie de prison.\" class=\"wp-image-13297 lazyload\"\/><noscript><img decoding=\"async\" width=\"750\" height=\"375\" src=\"https:\/\/wncri.org\/fr\/wp-content\/uploads\/2021\/05\/2-Saba-Kord-Afshari-refused-food-to-gain-her-mothers-freedom-min.jpg\" alt=\"Saba et sa m\u00e8re avant l'emprisonnement et apr\u00e8s, lors d'une br\u00e8ve permission de sortie de prison.\" class=\"wp-image-13297 lazyload\" srcset=\"https:\/\/wncri.org\/fr\/wp-content\/uploads\/2021\/05\/2-Saba-Kord-Afshari-refused-food-to-gain-her-mothers-freedom-min.jpg 750w, https:\/\/wncri.org\/fr\/wp-content\/uploads\/2021\/05\/2-Saba-Kord-Afshari-refused-food-to-gain-her-mothers-freedom-min-300x150.jpg 300w, https:\/\/wncri.org\/fr\/wp-content\/uploads\/2021\/05\/2-Saba-Kord-Afshari-refused-food-to-gain-her-mothers-freedom-min-360x180.jpg 360w\" sizes=\"(max-width: 750px) 100vw, 750px\" \/><\/noscript><figcaption>Saba et sa m\u00e8re avant l&#8217;emprisonnement et apr\u00e8s, lors d&#8217;une br\u00e8ve permission de sortie de prison.<\/figcaption><\/figure><\/div>\n\n\n\n<h3 class=\"wp-block-heading\"><strong>Saba Kord Afshari se voit refuser de la nourriture et des m\u00e9dicaments<\/strong><\/h3>\n\n\n\n<p>\u00ab&nbsp;Le 2 ao\u00fbt 2018, pour protester contre la r\u00e9cession \u00e9conomique, l&#8217;inflation et l&#8217;injustice et la pression sans cesse croissantes sur les gens, j&#8217;ai particip\u00e9, aux c\u00f4t\u00e9s de nombreuses autres personnes, \u00e0 un rassemblement pacifique pour protester contre la hausse des prix. Comme le r\u00e9gime de la R\u00e9publique islamique n&#8217;a pas utilis\u00e9 d&#8217;autre m\u00e9thode que la r\u00e9pression pure et simple au cours des 42 derni\u00e8res ann\u00e9es et ne tol\u00e8re aucune protestation, ils ont r\u00e9agi par la violence. Ils ont arr\u00eat\u00e9 tous les manifestants dans la rue, moi y compris, pour avoir r\u00e9clam\u00e9 leurs droits usurp\u00e9s.<\/p>\n\n\n\n<p>J&#8217;ai pass\u00e9 trois mois dans les limbes juridiques du centre de torture de Qarchak. Puis j&#8217;ai \u00e9t\u00e9 condamn\u00e9e \u00e0 un an d&#8217;emprisonnement par le juge Mohammad Moghiseh et transf\u00e9r\u00e9e \u00e0 la prison d&#8217;Evine.<\/p>\n\n\n\n<p>\u00c0 Evine, j&#8217;ai rencontr\u00e9 des prisonni\u00e8res qui n&#8217;ont jamais gard\u00e9 le silence face \u00e0 l&#8217;oppression et \u00e0 l&#8217;injustice, des prisonni\u00e8res qui criaient courageusement et librement leurs revendications.<\/p>\n\n\n\n<p>Apr\u00e8s ma lib\u00e9ration, j&#8217;ai transmis les voix de nombreux prisonniers politiques de conscience.<\/p>\n\n\n\n<p><em>J&#8217;ai cri\u00e9, non !<\/em><\/p>\n\n\n\n<p><em>J&#8217;ai refus\u00e9 de m&#8217;enfoncer.<\/em><\/p>\n\n\n\n<p><em>Je n&#8217;\u00e9tais qu&#8217;une voix,<\/em><\/p>\n\n\n\n<p><em>une forme parmi d&#8217;autres,<\/em><\/p>\n\n\n\n<p><em>mais j&#8217;ai trouv\u00e9 un sens.<\/em><\/p>\n\n\n\n<p>(Vers d&#8217;un po\u00e8me du c\u00e9l\u00e8bre po\u00e8te iranien, feu Ahmad Shamlou)<\/p>\n\n\n\n<p>Depuis que j&#8217;ai parl\u00e9 des conditions d\u00e9plorables des salles de torture iraniennes, dont Qarchak ; depuis que j&#8217;ai protest\u00e9 contre les actes brutaux d&#8217;ex\u00e9cution et d&#8217;amputation : &nbsp;puisque j&#8217;ai essay\u00e9 de montrer que les femmes ne sont pas des esclaves de l&#8217;\u00e9poque m\u00e9di\u00e9vale, qu&#8217;elles ont les m\u00eames droits que les hommes et que l&#8217;\u00e8re du patriarcat est r\u00e9volue ; &nbsp;parce que je voulais que mon pays et son peuple jouissent du droit \u00e0 la libert\u00e9 d&#8217;expression, de la libert\u00e9 d&#8217;opinion, de la libert\u00e9 du voile et du droit de vivre au XXIe si\u00e8cle ;<\/p>\n\n\n\n<p>Les forces de s\u00e9curit\u00e9 m&#8217;ont <a href=\"https:\/\/wncri.org\/fr\/2019\/06\/03\/saba-kord-afshari-a-nouveau-arretee-atena-daemi-incriminee\/\" target=\"_blank\" rel=\"noreferrer noopener\">\u00e0 nouveau arr\u00eat\u00e9e<\/a> le 1er juin 2019.\u00a0 Cette fois-ci, j&#8217;ai \u00e9t\u00e9 <a href=\"https:\/\/wncri.org\/fr\/2020\/11\/10\/24-ans-de-prison\/\" target=\"_blank\" rel=\"noreferrer noopener\">condamn\u00e9e \u00e0 24 ans<\/a> par le juge Iman Afshari avec une \u00e9tiquette de corruption et de prostitution.<\/p>\n\n\n\n<p>Ma m\u00e8re, Raheleh Ahmadi, comme beaucoup d&#8217;autres m\u00e8res qui cherchent \u00e0 obtenir justice, a bris\u00e9 son silence et a cri\u00e9 pour protester contre l&#8217;injustice dont sa fille de 21 ans avait \u00e9t\u00e9 victime.&nbsp; Elle a protest\u00e9 non seulement pour Saba, mais aussi pour toutes les femmes et tous les hommes qui se battaient pour la libert\u00e9.&nbsp; Cependant, la r\u00e9ponse \u00e0 cette protestation et \u00e0 sa qu\u00eate de justice a \u00e9t\u00e9 l\u2019emprisonnement pour elle aussi.<\/p>\n\n\n\n<p>Nous ne faisions que r\u00e9clamer nos droits et nos libert\u00e9s. Les droits et libert\u00e9s dont nous avons \u00e9t\u00e9 priv\u00e9s pendant des ann\u00e9es. Mais le r\u00e9gime a montr\u00e9 \u00e0 maintes reprises que la r\u00e9ponse \u00e0 de telles demandes est tr\u00e8s co\u00fbteuse.&nbsp;\u00bb<\/p>\n\n\n\n<div class=\"wp-block-image\"><figure class=\"aligncenter size-large is-resized\"><img decoding=\"async\" src=\"data:image\/gif;base64,R0lGODlhAQABAIAAAAAAAP\/\/\/yH5BAEAAAAALAAAAAABAAEAAAIBRAA7\" data-src=\"https:\/\/wncri.org\/fr\/wp-content\/uploads\/2021\/05\/4-Saba-Kord-Afshari-refused-food-to-gain-her-mothers-freedom-min.jpg\" alt=\"Raheleh Ahmadi accueille Saba de retour chez elle pour un bref cong\u00e9 de prison d'une semaine.\" class=\"wp-image-13299 lazyload\" width=\"836\" height=\"418\"\/><noscript><img decoding=\"async\" src=\"https:\/\/wncri.org\/fr\/wp-content\/uploads\/2021\/05\/4-Saba-Kord-Afshari-refused-food-to-gain-her-mothers-freedom-min.jpg\" alt=\"Raheleh Ahmadi accueille Saba de retour chez elle pour un bref cong\u00e9 de prison d'une semaine.\" class=\"wp-image-13299 lazyload\" width=\"836\" height=\"418\" srcset=\"https:\/\/wncri.org\/fr\/wp-content\/uploads\/2021\/05\/4-Saba-Kord-Afshari-refused-food-to-gain-her-mothers-freedom-min.jpg 750w, https:\/\/wncri.org\/fr\/wp-content\/uploads\/2021\/05\/4-Saba-Kord-Afshari-refused-food-to-gain-her-mothers-freedom-min-300x150.jpg 300w, https:\/\/wncri.org\/fr\/wp-content\/uploads\/2021\/05\/4-Saba-Kord-Afshari-refused-food-to-gain-her-mothers-freedom-min-360x180.jpg 360w\" sizes=\"(max-width: 836px) 100vw, 836px\" \/><\/noscript><figcaption>Raheleh Ahmadi accueille Saba de retour chez elle pour un bref cong\u00e9 de prison d&#8217;une semaine.<\/figcaption><\/figure><\/div>\n\n\n\n<h3 class=\"wp-block-heading\"><strong>L&#8217;\u00e9loignement \u00e0 Qarchak provoque la maladie de la m\u00e8re<\/strong><\/h3>\n\n\n\n<p>Le 8 d\u00e9cembre 2020, ils m&#8217;ont transf\u00e9r\u00e9e \u00e0 la prison de Qarchak sous des pr\u00e9textes bidons.&nbsp; Ils ont incarc\u00e9r\u00e9 une m\u00e8re et sa fille en prison, puis les ont s\u00e9par\u00e9es. Combien de m\u00e8res et de filles, de p\u00e8res et de fils, de familles ont \u00e9t\u00e9 d\u00e9chir\u00e9es et vivent en exil en Iran ?&nbsp;<\/p>\n\n\n\n<p>En raison d&#8217;actes inhumains, de violations des droits de l&#8217;homme et de la s\u00e9paration de ma m\u00e8re et moi, ma m\u00e8re a subi un choc nerveux qui a gravement endommag\u00e9 sa colonne vert\u00e9brale et l\u2019a laiss\u00e9e avec la jambe gauche paralys\u00e9e.<\/p>\n\n\n\n<p>Comme si ces pressions n&#8217;\u00e9taient pas suffisantes, ils ont d\u00e9cid\u00e9 de mettre en place des conditions encore plus dures.\u00a0 Nous ne pouvions plus nous rendre visite. Bien que la situation de ma m\u00e8re <a href=\"https:\/\/wncri.org\/fr\/2021\/01\/16\/la-prisonniere-politique-raheleh-ahmadi\/\" target=\"_blank\" rel=\"noreferrer noopener\">soit dangereuse<\/a>, les autorit\u00e9s p\u00e9nitentiaires ne donnent pas suite \u00e0 ses visites \u00e0 l&#8217;h\u00f4pital. Elles ne lui accordent m\u00eame pas de cong\u00e9 conditionnel, alors que c&#8217;est le droit de toute d\u00e9tenue. (Au lieu de cela,) elles nous envoient leurs mercenaires sous divers pr\u00e9textes pour nous menacer.\u00a0<\/p>\n\n\n\n<p>De quoi une jeune fille de 23 ans devrait-elle avoir peur alors que sa vie et sa jeunesse ont d\u00e9j\u00e0 \u00e9t\u00e9 ruin\u00e9es !<\/p>\n\n\n\n<p>J&#8217;ai bien senti et v\u00e9cu votre oppression. Y a-t-il quelque chose de plus dont je devrais \u00eatre t\u00e9moin ? !<\/p>\n\n\n\n<p>Je pense \u00e0 ce que tous les autres prisonni\u00e8res et moi avons v\u00e9cu ;<\/p>\n\n\n\n<p>je r\u00e9fl\u00e9chis, et j\u2019avance plus d\u00e9termin\u00e9e que jamais&#8230;.<\/p>\n\n\n\n<p>Je fais une gr\u00e8ve de la faim depuis le 8 mai 2021, refusant nourriture et m\u00e9dicaments pour protester contre tous les meurtres, tortures, d\u00e9chirements et menaces inflig\u00e9s non seulement aux prisonni\u00e8res politiques mais aussi \u00e0 leurs familles.<\/p>\n\n\n\n<p>J&#8217;exige la fin des pressions impos\u00e9es aux familles des prisonni\u00e8res politiques, et je demande la lib\u00e9ration de ma m\u00e8re, Raheleh Asl Ahmadi.<\/p>\n\n\n\n<p>Sign\u00e9 : Saba Kordafshari, 11 mai 2021, Prison de Qarchak de Varamin<\/p>\n\n\n\n<div class=\"wp-block-image\"><figure class=\"aligncenter size-large is-resized\"><img decoding=\"async\" src=\"data:image\/gif;base64,R0lGODlhAQABAIAAAAAAAP\/\/\/yH5BAEAAAAALAAAAAABAAEAAAIBRAA7\" data-src=\"https:\/\/wncri.org\/fr\/wp-content\/uploads\/2021\/05\/3-Saba-Kord-Afshari-refused-food-to-gain-her-mothers-freedom-min.jpg\" alt=\"Saba et sa m\u00e8re sur une plage avant d'\u00eatre emprisonn\u00e9e.\" class=\"wp-image-13298 lazyload\" width=\"719\" height=\"855\"\/><noscript><img decoding=\"async\" src=\"https:\/\/wncri.org\/fr\/wp-content\/uploads\/2021\/05\/3-Saba-Kord-Afshari-refused-food-to-gain-her-mothers-freedom-min.jpg\" alt=\"Saba et sa m\u00e8re sur une plage avant d'\u00eatre emprisonn\u00e9e.\" class=\"wp-image-13298 lazyload\" width=\"719\" height=\"855\" srcset=\"https:\/\/wncri.org\/fr\/wp-content\/uploads\/2021\/05\/3-Saba-Kord-Afshari-refused-food-to-gain-her-mothers-freedom-min.jpg 673w, https:\/\/wncri.org\/fr\/wp-content\/uploads\/2021\/05\/3-Saba-Kord-Afshari-refused-food-to-gain-her-mothers-freedom-min-252x300.jpg 252w\" sizes=\"(max-width: 719px) 100vw, 719px\" \/><\/noscript><figcaption>Saba et sa m\u00e8re sur une plage avant d&#8217;\u00eatre emprisonn\u00e9e.<\/figcaption><\/figure><\/div>\n\n\n\n<h3 class=\"wp-block-heading\"><strong>La gr\u00e8ve de la faim, seul moyen de lutte pour les prisonni\u00e8res politiques<\/strong><\/h3>\n\n\n\n<p>Dans certaines parties d&#8217;une lettre dans laquelle elle annon\u00e7ait la fin de sa gr\u00e8ve de la faim, Saba Kord Afshari a \u00e9crit :<\/p>\n\n\n\n<p>Pendant des ann\u00e9es, ils (les dictateurs) ont r\u00e9pondu \u00e0 chaque protestation et gr\u00e8ve par des balles et des coups\u2026.<\/p>\n\n\n\n<p>Mais ils n&#8217;ont pas \u00e9t\u00e9 capables et ne seront jamais capables d&#8217;injecter le contenu de leurs petits cerveaux rouill\u00e9s dans nos esprits. Ils ne peuvent pas dicter aux autres ce qu\u2019eux-m\u00eames ne croient pas. Par cons\u00e9quent, lorsque nous levons nos poings en signe de protestation, ils r\u00e9pondent par des coups de fusils et de carabines ; lorsque nous \u00e9crivons pour exprimer nos opinions et nos objectifs, ils ne peuvent le tol\u00e9rer et brisent nos stylos.<\/p>\n\n\n\n<p>Il en va de m\u00eame dans les prisons. Ils utilisent diverses m\u00e9thodes pour faire taire les prisonni\u00e8res qui n&#8217;ont aucun moyen de lutte \u00e0 part la gr\u00e8ve de la faim et le sit-in. Ils utilisent la violence en r\u00e9ponse \u00e0 toute demande.<\/p>\n\n\n\n<p>Vous avez d\u00e9truit nos corps et nos stylos, mais comment allez-vous faire face \u00e0 ce qui couve dans nos esprits, et que nous n\u2019avons pas peur d\u2019exprimer. La lutte pour la libert\u00e9 ne s&#8217;arr\u00eate pas aux pressions et aux menaces, mais elle trouvera son chemin \u00e0 travers les temp\u00eates jusqu&#8217;\u00e0 son but.<\/p>\n\n\n\n<p>Malheureusement, je n&#8217;ai pas une bonne sant\u00e9 physique. Sachant pertinemment que la vie des gens ne vaut rien pour la R\u00e9publique islamique, je n&#8217;ai d&#8217;autre choix que de mettre fin \u00e0 ma gr\u00e8ve de la faim. Mais je continuerai \u00e0 faire valoir mes revendications. L&#8217;oppression n&#8217;a jamais dur\u00e9, et elle ne durera pas.<\/p>\n\n\n\n<p>Sign\u00e9 : Saba Kord Afshari, 17 mai 2021, Prison de Qarchak<\/p>\n","protected":false},"excerpt":{"rendered":"<p>Dix jours de gr\u00e8ve de la faim, malgr\u00e9 des saignements d&#8217;estomac, pour lever la pression des familles de prisonniers politiques CNRI Femmes &#8211; La prisonni\u00e8re politique Saba Kord Afshari, actuellement incarc\u00e9r\u00e9e \u00e0 la prison de Qarchak, a entam\u00e9 une gr\u00e8ve de la faim le 8 mai 2021 et a refus\u00e9 de prendre de la nourriture [&hellip;]<\/p>\n","protected":false},"author":4,"featured_media":13300,"comment_status":"closed","ping_status":"closed","sticky":false,"template":"","format":"standard","meta":{"jnews-multi-image_gallery":[],"jnews_single_post":{"subtitle":"","format":"standard","video":"","gallery":"","source_name":"","source_url":"","via_name":"","via_url":"","override":[{"single_blog_custom":"","sidebar":"","second_sidebar":"","share_position":"","share_float_style":"","post_date_format":"","post_date_format_custom":"","post_reading_time_wpm":"","zoom_button_out_step":"1","zoom_button_in_step":"1","number_popup_post":"1"}],"image_override":[{"single_post_thumbnail_size":"","single_post_gallery_size":""}],"trending_post_position":"","trending_post_label":"","sponsored_post_label":"","sponsored_post_name":"","sponsored_post_url":"","sponsored_post_logo":"","sponsored_post_desc":""},"jnews_primary_category":{"id":""},"jnews_social_meta":[],"jnews_override_counter":{"view_counter_number":"0","share_counter_number":"0","like_counter_number":"0","dislike_counter_number":"0"},"footnotes":""},"categories":[8],"tags":[370],"class_list":["post-13296","post","type-post","status-publish","format-standard","has-post-thumbnail","hentry","category-articles","tag-prisonnieres"],"_links":{"self":[{"href":"https:\/\/wncri.org\/fr\/wp-json\/wp\/v2\/posts\/13296","targetHints":{"allow":["GET"]}}],"collection":[{"href":"https:\/\/wncri.org\/fr\/wp-json\/wp\/v2\/posts"}],"about":[{"href":"https:\/\/wncri.org\/fr\/wp-json\/wp\/v2\/types\/post"}],"author":[{"embeddable":true,"href":"https:\/\/wncri.org\/fr\/wp-json\/wp\/v2\/users\/4"}],"replies":[{"embeddable":true,"href":"https:\/\/wncri.org\/fr\/wp-json\/wp\/v2\/comments?post=13296"}],"version-history":[{"count":0,"href":"https:\/\/wncri.org\/fr\/wp-json\/wp\/v2\/posts\/13296\/revisions"}],"wp:featuredmedia":[{"embeddable":true,"href":"https:\/\/wncri.org\/fr\/wp-json\/wp\/v2\/media\/13300"}],"wp:attachment":[{"href":"https:\/\/wncri.org\/fr\/wp-json\/wp\/v2\/media?parent=13296"}],"wp:term":[{"taxonomy":"category","embeddable":true,"href":"https:\/\/wncri.org\/fr\/wp-json\/wp\/v2\/categories?post=13296"},{"taxonomy":"post_tag","embeddable":true,"href":"https:\/\/wncri.org\/fr\/wp-json\/wp\/v2\/tags?post=13296"}],"curies":[{"name":"wp","href":"https:\/\/api.w.org\/{rel}","templated":true}]}}