{"id":13256,"date":"2021-05-12T22:06:00","date_gmt":"2021-05-12T20:06:00","guid":{"rendered":"https:\/\/wncri.org\/fr\/?p=13256"},"modified":"2021-05-12T22:47:50","modified_gmt":"2021-05-12T20:47:50","slug":"conditions-des-infirmieres-en-iran-80-sont-privees-de-vaccin-et-risquent","status":"publish","type":"post","link":"https:\/\/wncri.org\/fr\/2021\/05\/12\/conditions-des-infirmieres-en-iran-80-sont-privees-de-vaccin-et-risquent\/","title":{"rendered":"Conditions des infirmi\u00e8res en Iran : 80 % sont priv\u00e9es de vaccin et risquent de mourir"},"content":{"rendered":"\n<p>CNRI Femmes <strong>&#8211; <\/strong>&nbsp;Chaque ann\u00e9e, le 12 mai, le monde entier c\u00e9l\u00e8bre la Journ\u00e9e mondiale des infirmi\u00e8res et infirmiers afin d&#8217;appr\u00e9cier le travail de ce groupe de professionnels de la sant\u00e9 qui travaillent dur, font preuve de compassion, de gentillesse et de d\u00e9vouement. Depuis l&#8217;apparition du coronavirus, les infirmi\u00e8res du monde entier sont expos\u00e9es \u00e0 des conditions d\u00e9sastreuses.<\/p>\n\n\n\n<p>N\u00e9anmoins, les infirmi\u00e8res du monde entier ont pu poursuivre leur travail minutieux et \u00e0 haut risque de soins aux patients <a href=\"https:\/\/wncri.org\/fr\/2020\/04\/07\/hommage-au-travail-des-infirmieres-en-iran-pour-la-journee-mondiale-de-la-sante\/\" target=\"_blank\" rel=\"noreferrer noopener\">atteints du COVID-19<\/a> ; les risques ont \u00e9t\u00e9 l\u00e9g\u00e8rement r\u00e9duits avec l&#8217;introduction des vaccins.<\/p>\n\n\n\n<p>Cependant, le r\u00e9gime iranien a maintenu les infirmi\u00e8res dans des conditions de sant\u00e9 physique et mentale critiques en les exploitant doublement, notamment par le biais de <a href=\"https:\/\/wncri.org\/fr\/2020\/05\/25\/contrats-de-89-jours-exploitation-des-infirmieres-pendant-la-pandemie-en-iran\/\" target=\"_blank\" rel=\"noreferrer noopener\">contrats de 89 jours<\/a>.<\/p>\n\n\n\n<p>Ce bref article traite des conditions abyssales des infirmi\u00e8res en Iran.<\/p>\n\n\n\n<h3 class=\"wp-block-heading\"><strong>Salaires et avantages sociaux non pay\u00e9s ; les infirmi\u00e8res \u00e9migrent d&#8217;Iran en grand nombre<\/strong><\/h3>\n\n\n\n<p>En raison des politiques inhumaines du r\u00e9gime, le nombre d&#8217;infirmi\u00e8res \u00e9migrant d&#8217;Iran a augment\u00e9 par rapport aux ann\u00e9es pr\u00e9c\u00e9dentes.<\/p>\n\n\n\n<p>Le 5 mai 2021, le journal Jahan-e-Sanat a cit\u00e9 les propos de Mohammad Sharifi Moghaddam, secr\u00e9taire g\u00e9n\u00e9ral de la Maison des infirmi\u00e8res : &#8220;Avec l&#8217;apparition du coronavirus et les souffrances endur\u00e9es par les infirmi\u00e8res en raison de la situation, entre 100 et 150 infirmi\u00e8res quittent le pays chaque mois. Dans les pays europ\u00e9ens, les infirmi\u00e8res, surtout pendant la pand\u00e9mie de Coronavirus, re\u00e7oivent des <a href=\"https:\/\/wncri.org\/fr\/2021\/01\/06\/infirmieres-et-le-personnel-soignant\/\" target=\"_blank\" rel=\"noreferrer noopener\">salaires \u00e9lev\u00e9s<\/a> et de bons avantages. &#8220;<\/p>\n\n\n\n<p>Le Dr Armin Zareian, pr\u00e9sident du conseil d&#8217;administration de l&#8217;Organisation des infirmi\u00e8res, a annonc\u00e9 le 11 avril 2021 que 500 infirmi\u00e8res par mois \u00e9migraient vers les pays d&#8217;Am\u00e9rique du Nord et d&#8217;Europe (Agence Daneshjoo, 11 avril 2021).<\/p>\n\n\n\n<figure class=\"wp-block-image size-large is-resized\"><img decoding=\"async\" src=\"data:image\/gif;base64,R0lGODlhAQABAIAAAAAAAP\/\/\/yH5BAEAAAAALAAAAAABAAEAAAIBRAA7\" data-src=\"https:\/\/wncri.org\/fr\/wp-content\/uploads\/2021\/05\/\u0628\u0631\u0627\u06cc-\u062f\u0627\u062e\u0644-\u0645\u0642\u0627\u0644\u0647.jpg\" alt=\"80 % sont priv\u00e9es de vaccin et risquent de mourir\" class=\"wp-image-13260 lazyload\" width=\"857\" height=\"429\"\/><noscript><img decoding=\"async\" src=\"https:\/\/wncri.org\/fr\/wp-content\/uploads\/2021\/05\/\u0628\u0631\u0627\u06cc-\u062f\u0627\u062e\u0644-\u0645\u0642\u0627\u0644\u0647.jpg\" alt=\"80 % sont priv\u00e9es de vaccin et risquent de mourir\" class=\"wp-image-13260 lazyload\" width=\"857\" height=\"429\" srcset=\"https:\/\/wncri.org\/fr\/wp-content\/uploads\/2021\/05\/\u0628\u0631\u0627\u06cc-\u062f\u0627\u062e\u0644-\u0645\u0642\u0627\u0644\u0647.jpg 750w, https:\/\/wncri.org\/fr\/wp-content\/uploads\/2021\/05\/\u0628\u0631\u0627\u06cc-\u062f\u0627\u062e\u0644-\u0645\u0642\u0627\u0644\u0647-300x150.jpg 300w, https:\/\/wncri.org\/fr\/wp-content\/uploads\/2021\/05\/\u0628\u0631\u0627\u06cc-\u062f\u0627\u062e\u0644-\u0645\u0642\u0627\u0644\u0647-360x180.jpg 360w\" sizes=\"(max-width: 857px) 100vw, 857px\" \/><\/noscript><\/figure>\n\n\n\n<h3 class=\"wp-block-heading\"><strong>Statut vaccinal des infirmi\u00e8res<\/strong><\/h3>\n\n\n\n<p>En date du 7 mai 2021, les statistiques mondiales indiquent que seulement 1,47 % de la population iranienne a \u00e9t\u00e9 vaccin\u00e9e sous le r\u00e9gime des mollahs. Selon ces statistiques, seul l&#8217;Afghanistan &#8211; avec environ six dixi\u00e8mes de pour cent &#8211; se classe plus bas que le r\u00e9gime iranien.<\/p>\n\n\n\n<p>Dans les pays du Moyen-Orient, en moyenne, quelque 25 % de la population de la r\u00e9gion ont \u00e9t\u00e9 vaccin\u00e9s. Si le r\u00e9gime iranien continue \u00e0 vacciner sa population au rythme actuel, le programme de vaccination se poursuivra pendant des ann\u00e9es. Un responsable gouvernemental a reconnu que 80 % des infirmi\u00e8res employ\u00e9es dans les h\u00f4pitaux publics n&#8217;ont pas encore \u00e9t\u00e9 vaccin\u00e9es (Agence ILNA &#8211; 8 avril 2021).<\/p>\n\n\n\n<h3 class=\"wp-block-heading\"><strong>Conditions \u00e9pouvantables des infirmi\u00e8res en Iran ; pas de nouvelles embauches<\/strong><\/h3>\n\n\n\n<p>Mohammad Mirzabeigi, chef de l&#8217;Organisation iranienne des infirmi\u00e8res, a parl\u00e9 de la grave p\u00e9nurie d&#8217;infirmi\u00e8res \u00e0 un moment o\u00f9 toutes les villes d&#8217;Iran se trouvent dans la zone rouge, ajoutant que les infirmi\u00e8res se trouvent dans une situation tr\u00e8s difficile. D&#8217;une part, leur charge de travail s&#8217;est consid\u00e9rablement accrue ; d&#8217;autre part, &#8220;100 000 infirmi\u00e8res ont \u00e9t\u00e9 infect\u00e9es par le COVID-19&#8221;, et au moins 130 infirmi\u00e8res en sont mortes. Le responsable a qualifi\u00e9 la p\u00e9nurie <a href=\"https:\/\/wncri.org\/fr\/2021\/04\/13\/80-000-infirmieres-iraniennes\/\" target=\"_blank\" rel=\"noreferrer noopener\">d&#8217;infirmi\u00e8res<\/a> de &#8220;grave et chronique&#8221; (Salamatnews.com, 11 mai 2021 ; agence ISNA, 5 janvier 2021).<\/p>\n\n\n\n<figure class=\"wp-block-image size-large is-resized\"><img decoding=\"async\" src=\"data:image\/gif;base64,R0lGODlhAQABAIAAAAAAAP\/\/\/yH5BAEAAAAALAAAAAABAAEAAAIBRAA7\" data-src=\"https:\/\/wncri.org\/fr\/wp-content\/uploads\/2021\/05\/\u0639\u06a9\u0633-\u067e\u0631\u0633\u062a\u0627\u0631\u0627\u0646-\u062f\u0631-\u0631\u0648\u0632-\u062c\u0647\u0627\u0646\u06cc-\u067e\u0631\u0633\u062a\u0627\u0631.jpg\" alt=\"Salaires et avantages sociaux non pay\u00e9s ; les infirmi\u00e8res \u00e9migrent d'Iran en grand nombre\" class=\"wp-image-13259 lazyload\" width=\"864\" height=\"432\"\/><noscript><img decoding=\"async\" src=\"https:\/\/wncri.org\/fr\/wp-content\/uploads\/2021\/05\/\u0639\u06a9\u0633-\u067e\u0631\u0633\u062a\u0627\u0631\u0627\u0646-\u062f\u0631-\u0631\u0648\u0632-\u062c\u0647\u0627\u0646\u06cc-\u067e\u0631\u0633\u062a\u0627\u0631.jpg\" alt=\"Salaires et avantages sociaux non pay\u00e9s ; les infirmi\u00e8res \u00e9migrent d'Iran en grand nombre\" class=\"wp-image-13259 lazyload\" width=\"864\" height=\"432\" srcset=\"https:\/\/wncri.org\/fr\/wp-content\/uploads\/2021\/05\/\u0639\u06a9\u0633-\u067e\u0631\u0633\u062a\u0627\u0631\u0627\u0646-\u062f\u0631-\u0631\u0648\u0632-\u062c\u0647\u0627\u0646\u06cc-\u067e\u0631\u0633\u062a\u0627\u0631.jpg 750w, https:\/\/wncri.org\/fr\/wp-content\/uploads\/2021\/05\/\u0639\u06a9\u0633-\u067e\u0631\u0633\u062a\u0627\u0631\u0627\u0646-\u062f\u0631-\u0631\u0648\u0632-\u062c\u0647\u0627\u0646\u06cc-\u067e\u0631\u0633\u062a\u0627\u0631-300x150.jpg 300w, https:\/\/wncri.org\/fr\/wp-content\/uploads\/2021\/05\/\u0639\u06a9\u0633-\u067e\u0631\u0633\u062a\u0627\u0631\u0627\u0646-\u062f\u0631-\u0631\u0648\u0632-\u062c\u0647\u0627\u0646\u06cc-\u067e\u0631\u0633\u062a\u0627\u0631-360x180.jpg 360w\" sizes=\"(max-width: 864px) 100vw, 864px\" \/><\/noscript><\/figure>\n\n\n\n<p>Malgr\u00e9 les conditions abyssales des infirmi\u00e8res en Iran, le r\u00e9gime des mollahs n&#8217;a pris aucune mesure pour employer de nouvelles infirmi\u00e8res. Pendant ce temps, dans les pays dont les indicateurs sont pires que ceux de l&#8217;Iran, il y a plus de trois infirmi\u00e8res par lit d\u2019h\u00f4pital ou par millier de personnes. Mirzabeigi a admis qu&#8217;aucune nouvelle infirmi\u00e8re n&#8217;a \u00e9t\u00e9 embauch\u00e9e dans les h\u00f4pitaux au cours des trois ou quatre derni\u00e8res ann\u00e9es.<\/p>\n\n\n\n<p>Selon ses statistiques, au cours des 3 derni\u00e8res ann\u00e9es (2018 \u00e0 2021), environ 16 000 personnes du secteur infirmier ont \u00e9t\u00e9 mises \u00e0 la retraite sans \u00eatre remplac\u00e9es. Cela signifie que le ratio infirmier\/lit et population ne cesse de diminuer alors que les heures suppl\u00e9mentaires des infirmi\u00e8res augmentent de mani\u00e8re exponentielle. En fait, dans la situation actuelle, une infirmi\u00e8re doit porter la charge d&#8217;au moins quatre autres coll\u00e8gues.<\/p>\n\n\n\n<p>Mirzabeigi a soulign\u00e9 que le r\u00e9gime devait employer au moins 40 000 infirmi\u00e8res, &#8220;s\u00e9rieusement et de toute urgence&#8221; pour revenir aux circonstances d&#8217;il y a quelques ann\u00e9es, lorsque le ratio d&#8217;infirmi\u00e8res par lit ou par millier de personnes \u00e9tait de 0,9 ou 1.<\/p>\n\n\n\n<figure class=\"wp-block-image size-large is-resized\"><img decoding=\"async\" src=\"data:image\/gif;base64,R0lGODlhAQABAIAAAAAAAP\/\/\/yH5BAEAAAAALAAAAAABAAEAAAIBRAA7\" data-src=\"https:\/\/wncri.org\/fr\/wp-content\/uploads\/2021\/05\/\u062e\u0633\u062a\u06af\u06cc-\u0648-\u0641\u0631\u0633\u0648\u062f\u06af\u06cc-\u067e\u0631\u0633\u062a\u0627\u0631\u0627\u0646-\u0627\u06cc\u0631\u0627\u0646\u06cc.jpg\" alt=\"Statut vaccinal des infirmi\u00e8res\" class=\"wp-image-13257 lazyload\" width=\"889\" height=\"445\"\/><noscript><img decoding=\"async\" src=\"https:\/\/wncri.org\/fr\/wp-content\/uploads\/2021\/05\/\u062e\u0633\u062a\u06af\u06cc-\u0648-\u0641\u0631\u0633\u0648\u062f\u06af\u06cc-\u067e\u0631\u0633\u062a\u0627\u0631\u0627\u0646-\u0627\u06cc\u0631\u0627\u0646\u06cc.jpg\" alt=\"Statut vaccinal des infirmi\u00e8res\" class=\"wp-image-13257 lazyload\" width=\"889\" height=\"445\" srcset=\"https:\/\/wncri.org\/fr\/wp-content\/uploads\/2021\/05\/\u062e\u0633\u062a\u06af\u06cc-\u0648-\u0641\u0631\u0633\u0648\u062f\u06af\u06cc-\u067e\u0631\u0633\u062a\u0627\u0631\u0627\u0646-\u0627\u06cc\u0631\u0627\u0646\u06cc.jpg 750w, https:\/\/wncri.org\/fr\/wp-content\/uploads\/2021\/05\/\u062e\u0633\u062a\u06af\u06cc-\u0648-\u0641\u0631\u0633\u0648\u062f\u06af\u06cc-\u067e\u0631\u0633\u062a\u0627\u0631\u0627\u0646-\u0627\u06cc\u0631\u0627\u0646\u06cc-300x150.jpg 300w, https:\/\/wncri.org\/fr\/wp-content\/uploads\/2021\/05\/\u062e\u0633\u062a\u06af\u06cc-\u0648-\u0641\u0631\u0633\u0648\u062f\u06af\u06cc-\u067e\u0631\u0633\u062a\u0627\u0631\u0627\u0646-\u0627\u06cc\u0631\u0627\u0646\u06cc-360x180.jpg 360w\" sizes=\"(max-width: 889px) 100vw, 889px\" \/><\/noscript><\/figure>\n\n\n\n<p>Les politiques du r\u00e9gime ont fait de l&#8217;Iran l&#8217;un des &#8220;pays arri\u00e9r\u00e9s en termes de p\u00e9nurie de personnel infirmier&#8221;. Cela a entra\u00een\u00e9 pour eux une surcharge de travail et une fatigue physique excessive qui, dans de nombreux cas, &#8220;provoque la mort et la d\u00e9pression des infirmi\u00e8res&#8221; (Mohammad Mirzabeigi, chef de l&#8217;Organisation iranienne des infirmi\u00e8res &#8211; Salamatnews.com &#8211; 5 mai 2021).<\/p>\n\n\n\n<p>Selon Mohammad Sharifi Moghaddam, secr\u00e9taire g\u00e9n\u00e9ral de la Maison des infirmi\u00e8res, rien qu&#8217;en 2016, plus de 10 infirmi\u00e8res sont mortes subitement \u00e0 cause de ce qui pourrait \u00eatre une mort due au surmenage (Salamatnews.com &#8211; 5 mai 2021).<\/p>\n\n\n\n<p>Le m\u00e9tier d&#8217;infirmi\u00e8re est un m\u00e9tier \u00e0 haut risque et dangereux. Les infirmi\u00e8res sont expos\u00e9es \u00e0 des facteurs de stress tels que des conditions mentales et physiques anormales pendant leur travail, l&#8217;infection par des agents pathog\u00e8nes et des virus tels que le coronavirus, l&#8217;h\u00e9patite et le sida, et l&#8217;exposition \u00e0 des radiations et \u00e0 des substances canc\u00e9rig\u00e8nes. Leur travail est compl\u00e8tement diff\u00e9rent de celui d&#8217;un employ\u00e9 assis \u00e0 un bureau. Cependant, les infirmi\u00e8res n&#8217;ont pas la possibilit\u00e9 de prendre leur retraite apr\u00e8s 20 ans de service. Sous le r\u00e9gime des mollahs, les infirmi\u00e8res ont droit \u00e0 la retraite apr\u00e8s 25 ans avec un salaire mensuel de 25 jours de travail au lieu de 30 jours. La loi sur les retraites et le fait que les infirmi\u00e8res n&#8217;ont pas \u00e9t\u00e9 pay\u00e9es pour leurs heures suppl\u00e9mentaires pendant la pand\u00e9mie, ni pour leurs salaires et avantages habituels, sont parmi les principales raisons des protestations r\u00e9p\u00e9t\u00e9es de ce groupe de travailleurs.<\/p>\n","protected":false},"excerpt":{"rendered":"<p>CNRI Femmes &#8211; &nbsp;Chaque ann\u00e9e, le 12 mai, le monde entier c\u00e9l\u00e8bre la Journ\u00e9e mondiale des infirmi\u00e8res et infirmiers afin d&#8217;appr\u00e9cier le travail de ce groupe de professionnels de la sant\u00e9 qui travaillent dur, font preuve de compassion, de gentillesse et de d\u00e9vouement. Depuis l&#8217;apparition du coronavirus, les infirmi\u00e8res du monde entier sont expos\u00e9es \u00e0 [&hellip;]<\/p>\n","protected":false},"author":4,"featured_media":13258,"comment_status":"closed","ping_status":"closed","sticky":false,"template":"","format":"standard","meta":{"jnews-multi-image_gallery":[],"jnews_single_post":{"subtitle":"","format":"standard","video":"","gallery":"","source_name":"","source_url":"","via_name":"","via_url":"","override":[{"single_blog_custom":"","sidebar":"","second_sidebar":"","share_position":"","share_float_style":"","post_date_format":"","post_date_format_custom":"","post_reading_time_wpm":"","zoom_button_out_step":"1","zoom_button_in_step":"1","number_popup_post":"1"}],"image_override":[{"single_post_thumbnail_size":"","single_post_gallery_size":""}],"trending_post_position":"","trending_post_label":"","sponsored_post_label":"","sponsored_post_name":"","sponsored_post_url":"","sponsored_post_logo":"","sponsored_post_desc":""},"jnews_primary_category":{"id":""},"jnews_social_meta":[],"jnews_override_counter":{"view_counter_number":"0","share_counter_number":"0","like_counter_number":"0","dislike_counter_number":"0"},"footnotes":""},"categories":[8],"tags":[374,369],"class_list":["post-13256","post","type-post","status-publish","format-standard","has-post-thumbnail","hentry","category-articles","tag-coronavirus","tag-manifestations"],"_links":{"self":[{"href":"https:\/\/wncri.org\/fr\/wp-json\/wp\/v2\/posts\/13256","targetHints":{"allow":["GET"]}}],"collection":[{"href":"https:\/\/wncri.org\/fr\/wp-json\/wp\/v2\/posts"}],"about":[{"href":"https:\/\/wncri.org\/fr\/wp-json\/wp\/v2\/types\/post"}],"author":[{"embeddable":true,"href":"https:\/\/wncri.org\/fr\/wp-json\/wp\/v2\/users\/4"}],"replies":[{"embeddable":true,"href":"https:\/\/wncri.org\/fr\/wp-json\/wp\/v2\/comments?post=13256"}],"version-history":[{"count":0,"href":"https:\/\/wncri.org\/fr\/wp-json\/wp\/v2\/posts\/13256\/revisions"}],"wp:featuredmedia":[{"embeddable":true,"href":"https:\/\/wncri.org\/fr\/wp-json\/wp\/v2\/media\/13258"}],"wp:attachment":[{"href":"https:\/\/wncri.org\/fr\/wp-json\/wp\/v2\/media?parent=13256"}],"wp:term":[{"taxonomy":"category","embeddable":true,"href":"https:\/\/wncri.org\/fr\/wp-json\/wp\/v2\/categories?post=13256"},{"taxonomy":"post_tag","embeddable":true,"href":"https:\/\/wncri.org\/fr\/wp-json\/wp\/v2\/tags?post=13256"}],"curies":[{"name":"wp","href":"https:\/\/api.w.org\/{rel}","templated":true}]}}