{"id":13238,"date":"2021-05-09T22:18:00","date_gmt":"2021-05-09T20:18:00","guid":{"rendered":"https:\/\/wncri.org\/fr\/?p=13238"},"modified":"2021-05-10T22:33:00","modified_gmt":"2021-05-10T20:33:00","slug":"des-femmes-dans-les-manifestations-des-pensionnes-de-la-securite-sociale","status":"publish","type":"post","link":"https:\/\/wncri.org\/fr\/2021\/05\/09\/des-femmes-dans-les-manifestations-des-pensionnes-de-la-securite-sociale\/","title":{"rendered":"Des femmes dans les manifestations des pensionn\u00e9s de la s\u00e9curit\u00e9 sociale, des enseignants et des lyc\u00e9ens"},"content":{"rendered":"\n<p>CNRI Femmes &#8211; Les femmes ont particip\u00e9 activement \u00e0 d&#8217;autres manifestations organis\u00e9es par la population iranienne m\u00e9contente, notamment par les retrait\u00e9s et les pensionn\u00e9s de la s\u00e9curit\u00e9 , les lyc\u00e9ens et les jeunes enseignants au ch\u00f4mage.\u00a0<\/p>\n\n\n\n<h3 class=\"wp-block-heading\"><strong>Pensionn\u00e9s de la s\u00e9curit\u00e9 sociale<\/strong><\/h3>\n\n\n\n<p>Les pensionn\u00e9s et retrait\u00e9s de la s\u00e9curit\u00e9 sociale ont tenu leur manifestation hebdomadaire \u00e0 T\u00e9h\u00e9ran et dans 12 autres villes le dimanche 9 mai 2021.<\/p>\n\n\n\n<p>Ils ont organis\u00e9 leurs manifestations malgr\u00e9 les menaces et les intimidations du r\u00e9gime cl\u00e9rical.<\/p>\n\n\n\n<p>Les conditions de vie des pensionn\u00e9s et retrait\u00e9s de la S\u00e9curit\u00e9 sociale sont intol\u00e9rables car leurs pensions sont bien en dessous du seuil de pauvret\u00e9.<\/p>\n\n\n\n<p>\u00c0 T\u00e9h\u00e9ran, les forces de r\u00e9pression et les agents en civil du r\u00e9gime se sont d\u00e9ploy\u00e9s devant l&#8217;Organisation de la s\u00e9curit\u00e9 sociale pour emp\u00eacher la formation de la manifestation.<\/p>\n\n\n\n<p>Les villes de Boroujerd, Karadj, Tabriz, Machad, Racht, Khorramabad, Sanandaj, Ispahan, Kermanchah, Chiraz, Shoush, et Marand ont vu les protestations des retrait\u00e9s et des pensionn\u00e9s devant les d\u00e9partements de la s\u00e9curit\u00e9 sociale.<\/p>\n\n\n\n<p>Les manifestants ont scand\u00e9 : &#8220;On n\u2019obtiendra nos droits qu\u2019en descendant dans la rue&#8221; ; &#8220;nos pensions sont en rials, et nos d\u00e9penses sont en dollars&#8221; ; &#8220;s\u00e9curit\u00e9 sociale ! quel mauvais nom&#8221; ; &#8220;Retrait\u00e9s, soulevez-vous contre l&#8217;oppression&#8221; ; &#8220;avec le coronavirus et la discrimination, personne ne pense \u00e0 nous&#8221; ; &#8220;On ne votera plus, on a entendu trop de mensonges&#8221; ; &#8220;A bas Rohani&#8221; ; &#8220;Lib\u00e9rez tous les travailleurs emprisonn\u00e9s&#8221;, etc.<\/p>\n\n\n\n<figure class=\"wp-block-image size-large is-resized\"><img decoding=\"async\" src=\"data:image\/gif;base64,R0lGODlhAQABAIAAAAAAAP\/\/\/yH5BAEAAAAALAAAAAABAAEAAAIBRAA7\" data-src=\"https:\/\/wncri.org\/fr\/wp-content\/uploads\/2021\/05\/Social-Security-pensioners-and-retirees-in-Karaj-May-9-2021-min.jpg\" alt=\"Pensionn\u00e9s de la s\u00e9curit\u00e9 sociale\" class=\"wp-image-13241 lazyload\" width=\"872\" height=\"436\"\/><noscript><img decoding=\"async\" src=\"https:\/\/wncri.org\/fr\/wp-content\/uploads\/2021\/05\/Social-Security-pensioners-and-retirees-in-Karaj-May-9-2021-min.jpg\" alt=\"Pensionn\u00e9s de la s\u00e9curit\u00e9 sociale\" class=\"wp-image-13241 lazyload\" width=\"872\" height=\"436\" srcset=\"https:\/\/wncri.org\/fr\/wp-content\/uploads\/2021\/05\/Social-Security-pensioners-and-retirees-in-Karaj-May-9-2021-min.jpg 750w, https:\/\/wncri.org\/fr\/wp-content\/uploads\/2021\/05\/Social-Security-pensioners-and-retirees-in-Karaj-May-9-2021-min-300x150.jpg 300w, https:\/\/wncri.org\/fr\/wp-content\/uploads\/2021\/05\/Social-Security-pensioners-and-retirees-in-Karaj-May-9-2021-min-360x180.jpg 360w\" sizes=\"(max-width: 872px) 100vw, 872px\" \/><\/noscript><\/figure>\n\n\n\n<h3 class=\"wp-block-heading\"><strong>Les \u00e9tudiants iraniens<\/strong><\/h3>\n\n\n\n<p>Les <a href=\"https:\/\/wncri.org\/fr\/2021\/05\/05\/des-milliers-detudiants-iraniens-protestent-contre-les-examens\/\" target=\"_blank\" rel=\"noreferrer noopener\">\u00e9tudiants iraniens<\/a> ont \u00e9galement poursuivi leurs protestations le dimanche 9 mai 2021 dans les villes de Bandar Abbas, Tabriz, Kerman, Machad, Qom et Karaj devant leur d\u00e9partement local de l&#8217;\u00e9ducation. Ils protestent contre les examens en personne demand\u00e9s par le minist\u00e8re de l&#8217;\u00c9ducation malgr\u00e9 la pand\u00e9mie.<\/p>\n\n\n\n<p>Les forces de s\u00e9curit\u00e9 de l&#8217;\u00c9tat et des agents en civil ont tent\u00e9 d&#8217;emp\u00eacher la formation de ces protestations. Ils ont confisqu\u00e9 les t\u00e9l\u00e9phones portables de tous ceux qui ont pris des films et des photos. \u00c0 Machad, plusieurs \u00e9tudiants ont \u00e9t\u00e9 arr\u00eat\u00e9s.<\/p>\n\n\n\n<h3 class=\"wp-block-heading\"><strong>Jeunes enseignants<\/strong><\/h3>\n\n\n\n<p>D&#8217;autre part, de jeunes enseignants de diff\u00e9rentes villes ont converg\u00e9 vers T\u00e9h\u00e9ran et ont organis\u00e9 une manifestation devant le parlement des mollahs. Ils protestent contre le fait que le minist\u00e8re de l&#8217;\u00e9ducation ne les emploie pas. La plupart de ces enseignants sont des jeunes femmes.<\/p>\n\n\n\n<figure class=\"wp-block-image size-large is-resized\"><img decoding=\"async\" src=\"data:image\/gif;base64,R0lGODlhAQABAIAAAAAAAP\/\/\/yH5BAEAAAAALAAAAAABAAEAAAIBRAA7\" data-src=\"https:\/\/wncri.org\/fr\/wp-content\/uploads\/2021\/05\/Young-teachers-protest-in-Tehran-1-min.jpg\" alt=\"Les \u00e9tudiants iraniens\" class=\"wp-image-13242 lazyload\" width=\"877\" height=\"439\"\/><noscript><img decoding=\"async\" src=\"https:\/\/wncri.org\/fr\/wp-content\/uploads\/2021\/05\/Young-teachers-protest-in-Tehran-1-min.jpg\" alt=\"Les \u00e9tudiants iraniens\" class=\"wp-image-13242 lazyload\" width=\"877\" height=\"439\" srcset=\"https:\/\/wncri.org\/fr\/wp-content\/uploads\/2021\/05\/Young-teachers-protest-in-Tehran-1-min.jpg 750w, https:\/\/wncri.org\/fr\/wp-content\/uploads\/2021\/05\/Young-teachers-protest-in-Tehran-1-min-300x150.jpg 300w, https:\/\/wncri.org\/fr\/wp-content\/uploads\/2021\/05\/Young-teachers-protest-in-Tehran-1-min-360x180.jpg 360w\" sizes=\"(max-width: 877px) 100vw, 877px\" \/><\/noscript><\/figure>\n\n\n\n<figure class=\"wp-block-image size-large is-resized\"><img decoding=\"async\" src=\"data:image\/gif;base64,R0lGODlhAQABAIAAAAAAAP\/\/\/yH5BAEAAAAALAAAAAABAAEAAAIBRAA7\" data-src=\"https:\/\/wncri.org\/fr\/wp-content\/uploads\/2021\/05\/Young-teachers-protest-in-Tehran2-min.jpg\" alt=\"Jeunes enseignants\" class=\"wp-image-13243 lazyload\" width=\"878\" height=\"439\"\/><noscript><img decoding=\"async\" src=\"https:\/\/wncri.org\/fr\/wp-content\/uploads\/2021\/05\/Young-teachers-protest-in-Tehran2-min.jpg\" alt=\"Jeunes enseignants\" class=\"wp-image-13243 lazyload\" width=\"878\" height=\"439\" srcset=\"https:\/\/wncri.org\/fr\/wp-content\/uploads\/2021\/05\/Young-teachers-protest-in-Tehran2-min.jpg 750w, https:\/\/wncri.org\/fr\/wp-content\/uploads\/2021\/05\/Young-teachers-protest-in-Tehran2-min-300x150.jpg 300w, https:\/\/wncri.org\/fr\/wp-content\/uploads\/2021\/05\/Young-teachers-protest-in-Tehran2-min-360x180.jpg 360w\" sizes=\"(max-width: 878px) 100vw, 878px\" \/><\/noscript><\/figure>\n","protected":false},"excerpt":{"rendered":"<p>CNRI Femmes &#8211; Les femmes ont particip\u00e9 activement \u00e0 d&#8217;autres manifestations organis\u00e9es par la population iranienne m\u00e9contente, notamment par les retrait\u00e9s et les pensionn\u00e9s de la s\u00e9curit\u00e9 , les lyc\u00e9ens et les jeunes enseignants au ch\u00f4mage.\u00a0 Pensionn\u00e9s de la s\u00e9curit\u00e9 sociale Les pensionn\u00e9s et retrait\u00e9s de la s\u00e9curit\u00e9 sociale ont tenu leur manifestation hebdomadaire \u00e0 [&hellip;]<\/p>\n","protected":false},"author":4,"featured_media":13244,"comment_status":"closed","ping_status":"closed","sticky":false,"template":"","format":"standard","meta":{"jnews-multi-image_gallery":[],"jnews_single_post":{"subtitle":"","format":"standard","video":"","gallery":"","source_name":"","source_url":"","via_name":"","via_url":"","override":[{"single_blog_custom":"","sidebar":"","second_sidebar":"","share_position":"","share_float_style":"","post_date_format":"","post_date_format_custom":"","post_reading_time_wpm":"","zoom_button_out_step":"1","zoom_button_in_step":"1","number_popup_post":"1"}],"image_override":[{"single_post_thumbnail_size":"","single_post_gallery_size":""}],"trending_post_position":"","trending_post_label":"","sponsored_post_label":"","sponsored_post_name":"","sponsored_post_url":"","sponsored_post_logo":"","sponsored_post_desc":""},"jnews_primary_category":{"id":""},"jnews_social_meta":[],"jnews_override_counter":{"view_counter_number":"0","share_counter_number":"0","like_counter_number":"0","dislike_counter_number":"0"},"footnotes":""},"categories":[3],"tags":[369],"class_list":["post-13238","post","type-post","status-publish","format-standard","has-post-thumbnail","hentry","category-infos-des-femmes","tag-manifestations"],"_links":{"self":[{"href":"https:\/\/wncri.org\/fr\/wp-json\/wp\/v2\/posts\/13238","targetHints":{"allow":["GET"]}}],"collection":[{"href":"https:\/\/wncri.org\/fr\/wp-json\/wp\/v2\/posts"}],"about":[{"href":"https:\/\/wncri.org\/fr\/wp-json\/wp\/v2\/types\/post"}],"author":[{"embeddable":true,"href":"https:\/\/wncri.org\/fr\/wp-json\/wp\/v2\/users\/4"}],"replies":[{"embeddable":true,"href":"https:\/\/wncri.org\/fr\/wp-json\/wp\/v2\/comments?post=13238"}],"version-history":[{"count":0,"href":"https:\/\/wncri.org\/fr\/wp-json\/wp\/v2\/posts\/13238\/revisions"}],"wp:featuredmedia":[{"embeddable":true,"href":"https:\/\/wncri.org\/fr\/wp-json\/wp\/v2\/media\/13244"}],"wp:attachment":[{"href":"https:\/\/wncri.org\/fr\/wp-json\/wp\/v2\/media?parent=13238"}],"wp:term":[{"taxonomy":"category","embeddable":true,"href":"https:\/\/wncri.org\/fr\/wp-json\/wp\/v2\/categories?post=13238"},{"taxonomy":"post_tag","embeddable":true,"href":"https:\/\/wncri.org\/fr\/wp-json\/wp\/v2\/tags?post=13238"}],"curies":[{"name":"wp","href":"https:\/\/api.w.org\/{rel}","templated":true}]}}