{"id":13198,"date":"2021-05-01T13:11:00","date_gmt":"2021-05-01T11:11:00","guid":{"rendered":"https:\/\/wncri.org\/fr\/?p=13198"},"modified":"2021-05-02T13:25:29","modified_gmt":"2021-05-02T11:25:29","slug":"les-travailleurs-ont-defile-dans-20-villes-en-iran-contre-le","status":"publish","type":"post","link":"https:\/\/wncri.org\/fr\/2021\/05\/01\/les-travailleurs-ont-defile-dans-20-villes-en-iran-contre-le\/","title":{"rendered":"Les travailleurs ont d\u00e9fil\u00e9 dans 20 villes en Iran contre le &#8220;gouvernement de pilleurs&#8221;."},"content":{"rendered":"\n<h2 class=\"wp-block-heading\"><em>Assal Mohammadi figure parmi la trentaine de manifestants arr\u00eat\u00e9s \u00e0 T\u00e9h\u00e9ran<\/em><\/h2>\n\n\n\n<p>Les travailleurs ont d\u00e9fil\u00e9 dans 20 villes en Iran contre le &#8220;gouvernement de pilleurs&#8221;.<\/p>\n\n\n\n<p>CNRI Femmes &#8211; Les <a href=\"https:\/\/www.maryam-rajavi.com\/fr\/loccasion-1er-mai-journee-internationale-travailleurs-liberte-legalite\/\" target=\"_blank\" rel=\"noreferrer noopener\">travailleurs<\/a> iraniens ont marqu\u00e9 la Journ\u00e9e <a href=\"https:\/\/wncri.org\/fr\/2021\/04\/30\/les-travailleuses-en-iran-luttent-contre-le-covid-19\/\" target=\"_blank\" rel=\"noreferrer noopener\">internationale du Travail<\/a> par des d\u00e9fil\u00e9s et des rassemblements de protestation \u00e0 T\u00e9h\u00e9ran et dans 19 autres villes. Une trentaine de manifestants, dont des femmes, ont \u00e9t\u00e9 arr\u00eat\u00e9s devant le minist\u00e8re du Travail \u00e0 T\u00e9h\u00e9ran.<\/p>\n\n\n\n<p>Les travailleurs iraniens scandaient :<\/p>\n\n\n\n<p>A bas les oppresseurs, vive les travailleurs !<\/p>\n\n\n\n<p>Lib\u00e9rez tous les prisonniers politiques&nbsp;!<\/p>\n\n\n\n<p>Travailleurs, enseignants, \u00e9tudiants, unissez-vous !<\/p>\n\n\n\n<p>Parlement, gouvernement, arr\u00eatez de tromper le peuple&nbsp;!<\/p>\n\n\n\n<p>Notre gouvernement est une honte&nbsp;!<\/p>\n\n\n\n<p>On ne votera plus, on a entendu trop de mensonges !<\/p>\n\n\n\n<p>Le travailleur pr\u00e9f\u00e8re la mort \u00e0 l\u2019humiliation.<\/p>\n\n\n\n<p>Trop d&#8217;injustice<\/p>\n\n\n\n<p>Travailleurs, agriculteurs, criez et exigez vos droits.<\/p>\n\n\n\n<p>Les travailleurs sont opprim\u00e9s et priv\u00e9s de leurs droits.<\/p>\n\n\n\n<p>Les travailleurs sont conscients et d\u00e9testent les dictateurs<\/p>\n\n\n\n<p>Lib\u00e9rez les travailleurs emprisonn\u00e9s&nbsp;!<\/p>\n\n\n\n<p>L&#8217;ennemi des travailleurs est le gouvernement des pilleurs.<\/p>\n\n\n\n<p>Ce n\u2019est que dans la rue qu\u2019on obtiendra nos droits.<\/p>\n\n\n\n<p>Notre douleur est votre douleur, rejoignez-nous<\/p>\n\n\n\n<p>Notre ennemi est ici m\u00eame, ils mentent quand ils disent que c\u2019est l\u2019Am\u00e9rique.<\/p>\n\n\n\n<p>On en l\u00e2chera rien tant qu\u2019on n\u2019aura pas obtenu nos droits.<\/p>\n\n\n\n<p>Seuil de pauvret\u00e9 = 10 millions ; nos salaires = 2 millions<\/p>\n\n\n\n<p>Malgr\u00e9 les mesures de r\u00e9pression, les travailleurs iraniens ont organis\u00e9 des manifestations \u00e0 T\u00e9h\u00e9ran, Karadj, Machad, Tabriz, Kermanchah, Boroujerd, Arak, Bojnourd, Khorramabad, Ilam, Ahwaz, Racht, Sari, Ispahan, Qazvin, Maragheh, Shoush, Shahinshahr, Nichapour, Sanandaj et Qom.<\/p>\n\n\n\n<p>Des retrait\u00e9s, des enseignants et des \u00e9tudiants ont accompagn\u00e9 les travailleurs iraniens dans ces protestations.<\/p>\n\n\n\n<p>Les manifestations \u00e0 T\u00e9h\u00e9ran ont eu lieu en face du minist\u00e8re du Travail. La militante des droits des travailleurs, Assal Mohammadi, figurait parmi les personnes arr\u00eat\u00e9es.<\/p>\n\n\n\n<p>Le r\u00e9gime cl\u00e9rical a d\u00e9p\u00each\u00e9 ses forces r\u00e9pressives, des agents du minist\u00e8re du Renseignement et des agents en civil sur les lieux des manifestations pour emp\u00eacher leur formation ou leur poursuite.<\/p>\n\n\n\n<p>Les travailleurs ont affront\u00e9 les forces de s\u00e9curit\u00e9 dans certains endroits. Des dizaines de travailleurs ont \u00e9t\u00e9 arr\u00eat\u00e9s \u00e0 T\u00e9h\u00e9ran et \u00e0 Karadj.<\/p>\n","protected":false},"excerpt":{"rendered":"<p>Assal Mohammadi figure parmi la trentaine de manifestants arr\u00eat\u00e9s \u00e0 T\u00e9h\u00e9ran Les travailleurs ont d\u00e9fil\u00e9 dans 20 villes en Iran contre le &#8220;gouvernement de pilleurs&#8221;. CNRI Femmes &#8211; Les travailleurs iraniens ont marqu\u00e9 la Journ\u00e9e internationale du Travail par des d\u00e9fil\u00e9s et des rassemblements de protestation \u00e0 T\u00e9h\u00e9ran et dans 19 autres villes. Une trentaine [&hellip;]<\/p>\n","protected":false},"author":4,"featured_media":13199,"comment_status":"closed","ping_status":"closed","sticky":false,"template":"","format":"standard","meta":{"jnews-multi-image_gallery":[],"jnews_single_post":{"subtitle":"","format":"standard","video":"","gallery":"","source_name":"","source_url":"","via_name":"","via_url":"","override":[{"single_blog_custom":"","sidebar":"","second_sidebar":"","share_position":"","share_float_style":"","post_date_format":"","post_date_format_custom":"","post_reading_time_wpm":"","zoom_button_out_step":"1","zoom_button_in_step":"1","number_popup_post":"1"}],"image_override":[{"single_post_thumbnail_size":"","single_post_gallery_size":""}],"trending_post_position":"","trending_post_label":"","sponsored_post_label":"","sponsored_post_name":"","sponsored_post_url":"","sponsored_post_logo":"","sponsored_post_desc":""},"jnews_primary_category":{"id":""},"jnews_social_meta":[],"jnews_override_counter":{"view_counter_number":"0","share_counter_number":"0","like_counter_number":"0","dislike_counter_number":"0"},"footnotes":""},"categories":[3],"tags":[369],"class_list":["post-13198","post","type-post","status-publish","format-standard","has-post-thumbnail","hentry","category-infos-des-femmes","tag-manifestations"],"_links":{"self":[{"href":"https:\/\/wncri.org\/fr\/wp-json\/wp\/v2\/posts\/13198","targetHints":{"allow":["GET"]}}],"collection":[{"href":"https:\/\/wncri.org\/fr\/wp-json\/wp\/v2\/posts"}],"about":[{"href":"https:\/\/wncri.org\/fr\/wp-json\/wp\/v2\/types\/post"}],"author":[{"embeddable":true,"href":"https:\/\/wncri.org\/fr\/wp-json\/wp\/v2\/users\/4"}],"replies":[{"embeddable":true,"href":"https:\/\/wncri.org\/fr\/wp-json\/wp\/v2\/comments?post=13198"}],"version-history":[{"count":0,"href":"https:\/\/wncri.org\/fr\/wp-json\/wp\/v2\/posts\/13198\/revisions"}],"wp:featuredmedia":[{"embeddable":true,"href":"https:\/\/wncri.org\/fr\/wp-json\/wp\/v2\/media\/13199"}],"wp:attachment":[{"href":"https:\/\/wncri.org\/fr\/wp-json\/wp\/v2\/media?parent=13198"}],"wp:term":[{"taxonomy":"category","embeddable":true,"href":"https:\/\/wncri.org\/fr\/wp-json\/wp\/v2\/categories?post=13198"},{"taxonomy":"post_tag","embeddable":true,"href":"https:\/\/wncri.org\/fr\/wp-json\/wp\/v2\/tags?post=13198"}],"curies":[{"name":"wp","href":"https:\/\/api.w.org\/{rel}","templated":true}]}}