{"id":13162,"date":"2021-04-24T17:01:00","date_gmt":"2021-04-24T15:01:00","guid":{"rendered":"https:\/\/wncri.org\/fr\/?p=13162"},"modified":"2021-04-26T17:13:48","modified_gmt":"2021-04-26T15:13:48","slug":"politiques-en-iran","status":"publish","type":"post","link":"https:\/\/wncri.org\/fr\/2021\/04\/24\/politiques-en-iran\/","title":{"rendered":"Mise \u00e0 jour sur les conditions de d\u00e9tention des prisonni\u00e8res politiques en Iran"},"content":{"rendered":"\n<p>Mise \u00e0 jour sur les conditions de d\u00e9tention des prisonni\u00e8res politiques en Iran<\/p>\n\n\n\n<p>CNRI Femmes &#8211; Voici une mise \u00e0 jour sur les conditions des prisonni\u00e8res politiques Maryam Akbari Monfared, Atena Daemi et Somayyeh Kargar.<\/p>\n\n\n\n<p>Deux mois apr\u00e8s le transfert violent de <a href=\"https:\/\/wncri.org\/fr\/2021\/03\/10\/prisonniere-politique-maryam-akbari\/\" target=\"_blank\" rel=\"noreferrer noopener\">Maryam Akbari Monfared<\/a> \u00e0 la prison de Semnan, elle subit toujours de s\u00e9v\u00e8res restrictions.<\/p>\n\n\n\n<p>Mme Akbari Monfared est la seule prisonni\u00e8re politique dans le quartier des femmes de la prison de Semnan. Sa d\u00e9tention dans cette prison viole le principe de s\u00e9paration des crimes.<\/p>\n\n\n\n<p>Les autorit\u00e9s de la prison de Zanjan ne lui permettent pas de contacter sa famille par elle-m\u00eame. Un agent doit l&#8217;accompagner lors de son appel, qu&#8217;elle doit effectuer depuis le bureau de l&#8217;agent de s\u00e9curit\u00e9 de cette prison. Elle n&#8217;a pas non plus acc\u00e8s aux journaux ni \u00e0 aucun mat\u00e9riel de lecture.<\/p>\n\n\n\n<p>Cette m\u00e8re de trois filles est en prison depuis 11 ans, sans un seul jour de permission de sortie.<\/p>\n\n\n\n<p>Le r\u00e9gime cl\u00e9rical a ex\u00e9cut\u00e9 la s\u0153ur et le fr\u00e8re de Maryam Akbari pendant du massacre des prisonniers politiques en 1988. Ils ont ex\u00e9cut\u00e9 deux de ses fr\u00e8res lors d&#8217;ex\u00e9cutions massives au d\u00e9but des ann\u00e9es 1980.<\/p>\n\n\n\n<p>Pendant ce temps, Atena Daemi reste dans le quartier des femmes de la prison de Lakan \u00e0 Racht, o\u00f9 les conditions sanitaires sont horribles pendant la pand\u00e9mie. Ses parents, qui lui ont r\u00e9cemment rendu visite, ont exprim\u00e9 leur inqui\u00e9tude sur son \u00e9tat de sant\u00e9.<\/p>\n\n\n\n<p><a href=\"https:\/\/wncri.org\/fr\/2021\/04\/09\/atena-daemi-transferee\/\" target=\"_blank\" rel=\"noreferrer noopener\">Atena Daemi<\/a> souffre d\u00e9j\u00e0 de diverses maladies, dont l&#8217;engourdissement de ses membres, une infection r\u00e9nale, un d\u00e9s\u00e9quilibre hormonal, et on la soup\u00e7onne d&#8217;avoir une scl\u00e9rose en plaques et un cancer.<\/p>\n\n\n\n<p>Les autorit\u00e9s judiciaires ont fix\u00e9 une caution de 500 millions de tomans pour la lib\u00e9ration temporaire de Sommayeh Kargar, d\u00e9tenue \u00e0 la prison de Qarchak. Cependant, sa famille n&#8217;a pas les moyens de payer cette caution et elle reste toujours dans la prison de Qarchak.<\/p>\n\n\n\n<p><a href=\"https:\/\/wncri.org\/fr\/2021\/02\/13\/somayeh-kargar\/\" target=\"_blank\" rel=\"noreferrer noopener\">Somayyeh Kargar<\/a>, \u00e9tudiante dipl\u00f4m\u00e9e en philosophie de l&#8217;universit\u00e9 de Tabriz, a \u00e9t\u00e9 d\u00e9tenue dans le quartier 209 de la prison d&#8217;Evine pendant plus de deux mois. Cette d\u00e9tenue kurde souffre d&#8217;une maladie oculaire rare, et sa vue s&#8217;est s\u00e9rieusement affaiblie. Les autorit\u00e9s p\u00e9nitentiaires l&#8217;ont priv\u00e9e de l&#8217;acc\u00e8s \u00e0 ses m\u00e9dicaments et \u00e0 son traitement m\u00e9dical.<\/p>\n","protected":false},"excerpt":{"rendered":"<p>Mise \u00e0 jour sur les conditions de d\u00e9tention des prisonni\u00e8res politiques en Iran CNRI Femmes &#8211; Voici une mise \u00e0 jour sur les conditions des prisonni\u00e8res politiques Maryam Akbari Monfared, Atena Daemi et Somayyeh Kargar. Deux mois apr\u00e8s le transfert violent de Maryam Akbari Monfared \u00e0 la prison de Semnan, elle subit toujours de s\u00e9v\u00e8res [&hellip;]<\/p>\n","protected":false},"author":4,"featured_media":13163,"comment_status":"closed","ping_status":"closed","sticky":false,"template":"","format":"standard","meta":{"jnews-multi-image_gallery":[],"jnews_single_post":{"subtitle":"","format":"standard","video":"","gallery":"","source_name":"","source_url":"","via_name":"","via_url":"","override":[{"single_blog_custom":"","sidebar":"","second_sidebar":"","share_position":"","share_float_style":"","post_date_format":"","post_date_format_custom":"","post_reading_time_wpm":"","zoom_button_out_step":"1","zoom_button_in_step":"1","number_popup_post":"1"}],"image_override":[{"single_post_thumbnail_size":"","single_post_gallery_size":""}],"trending_post_position":"","trending_post_label":"","sponsored_post_label":"","sponsored_post_name":"","sponsored_post_url":"","sponsored_post_logo":"","sponsored_post_desc":""},"jnews_primary_category":{"id":""},"jnews_social_meta":[],"jnews_override_counter":{"view_counter_number":"0","share_counter_number":"0","like_counter_number":"0","dislike_counter_number":"0"},"footnotes":""},"categories":[3],"tags":[370],"class_list":["post-13162","post","type-post","status-publish","format-standard","has-post-thumbnail","hentry","category-infos-des-femmes","tag-prisonnieres"],"_links":{"self":[{"href":"https:\/\/wncri.org\/fr\/wp-json\/wp\/v2\/posts\/13162","targetHints":{"allow":["GET"]}}],"collection":[{"href":"https:\/\/wncri.org\/fr\/wp-json\/wp\/v2\/posts"}],"about":[{"href":"https:\/\/wncri.org\/fr\/wp-json\/wp\/v2\/types\/post"}],"author":[{"embeddable":true,"href":"https:\/\/wncri.org\/fr\/wp-json\/wp\/v2\/users\/4"}],"replies":[{"embeddable":true,"href":"https:\/\/wncri.org\/fr\/wp-json\/wp\/v2\/comments?post=13162"}],"version-history":[{"count":0,"href":"https:\/\/wncri.org\/fr\/wp-json\/wp\/v2\/posts\/13162\/revisions"}],"wp:featuredmedia":[{"embeddable":true,"href":"https:\/\/wncri.org\/fr\/wp-json\/wp\/v2\/media\/13163"}],"wp:attachment":[{"href":"https:\/\/wncri.org\/fr\/wp-json\/wp\/v2\/media?parent=13162"}],"wp:term":[{"taxonomy":"category","embeddable":true,"href":"https:\/\/wncri.org\/fr\/wp-json\/wp\/v2\/categories?post=13162"},{"taxonomy":"post_tag","embeddable":true,"href":"https:\/\/wncri.org\/fr\/wp-json\/wp\/v2\/tags?post=13162"}],"curies":[{"name":"wp","href":"https:\/\/api.w.org\/{rel}","templated":true}]}}